{"id":23948,"date":"2017-04-03T08:54:40","date_gmt":"2017-04-03T07:54:40","guid":{"rendered":"http:\/\/www.akehedman.se\/wordpress\/?p=23948"},"modified":"2017-04-03T08:54:40","modified_gmt":"2017-04-03T07:54:40","slug":"ankenstein-gjorde-honom-till-kandis-ny-teknik","status":"publish","type":"post","link":"https:\/\/www.akehedman.se\/wordpress\/?p=23948","title":{"rendered":"Ankenstein gjorde honom till k\u00e4ndis | Ny Teknik"},"content":{"rendered":"<blockquote><p><a href=\"http:\/\/www.nyteknik.se\/teknikhistoria\/ankenstein-gjorde-honom-till-kandis-6837589?source=carma&amp;utm_custom%5Bcm%5D=315344646,31788&amp;utm_campaign=mail4\"><img data-recalc-dims=\"1\" decoding=\"async\" class=\"alignnone size-full\" src=\"https:\/\/i0.wp.com\/www.akehedman.se\/wordpress\/wp-content\/uploads\/2017\/04\/teknikhistoria-mekanisk-anka-vaucanson-700-394-ny-teknik.jpg?w=580\" alt=\"\" \/><\/a>TEKNIKHISTORIA. Jaques de Vaucanson dr\u00f6mde om att bygga levande maskiner. Hans bajsande anka gjorde honom ber\u00f6md \u2013 trots att den byggde p\u00e5 fusk.<\/p><\/blockquote>\n<p>Source: <em><a href=\"http:\/\/www.nyteknik.se\/teknikhistoria\/ankenstein-gjorde-honom-till-kandis-6837589\">Ankenstein gjorde honom till k\u00e4ndis | Ny Teknik<\/a><\/em><\/p>\n","protected":false},"excerpt":{"rendered":"<p>TEKNIKHISTORIA. Jaques de Vaucanson dr\u00f6mde om att bygga levande maskiner. Hans bajsande anka gjorde honom ber\u00f6md \u2013 trots att den byggde p\u00e5 fusk. Source: Ankenstein gjorde honom till k\u00e4ndis | Ny Teknik<\/p>\n","protected":false},"author":24,"featured_media":0,"comment_status":"open","ping_status":"open","sticky":false,"template":"","format":"standard","meta":{"_crdt_document":"","jetpack_post_was_ever_published":false,"_jetpack_newsletter_access":"","_jetpack_dont_email_post_to_subs":false,"_jetpack_newsletter_tier_id":0,"_jetpack_memberships_contains_paywalled_content":false,"_jetpack_memberships_contains_paid_content":false,"footnotes":"","jetpack_publicize_message":"","jetpack_publicize_feature_enabled":true,"jetpack_social_post_already_shared":true,"jetpack_social_options":{"image_generator_settings":{"template":"highway","default_image_id":0,"font":"","enabled":false},"version":2}},"categories":[2],"tags":[],"class_list":["post-23948","post","type-post","status-publish","format-standard","hentry","category-swedish"],"jetpack_publicize_connections":[],"jetpack_featured_media_url":"","jetpack_sharing_enabled":true,"jetpack_likes_enabled":true,"jetpack-related-posts":[{"id":42601,"url":"https:\/\/www.akehedman.se\/wordpress\/?p=42601","url_meta":{"origin":23948,"position":0},"title":"R\u00f6d och r\u00f6tt","author":"\u00c5ke Hedman","date":"2022-08-24","format":false,"excerpt":"Den r\u00f6da faran tar mig (och K) till Ljusdal. Men sen bara mig vidare till Hudiksvall. Ja och bara mig tillbaks till Ljusdal. Jag k\u00f6per en del \"n\u00f6dv\u00e4ndigt\" p\u00e5 Jula och Byggmax. En kaffe och en bulle p\u00e5 Biltema. Lite frukt och lite godis p\u00e5 ICA. F\u00f6rs\u00f6ker (f\u00f6rtids)r\u00f6sta. Men parkera\u2026","rel":"","context":"In &quot;Swedish&quot;","block_context":{"text":"Swedish","link":"https:\/\/www.akehedman.se\/wordpress\/?cat=2"},"img":{"alt_text":"","src":"https:\/\/i0.wp.com\/www.akehedman.se\/wordpress\/wp-content\/uploads\/2022\/08\/IMG_20220824_220640-scaled.jpg?resize=350%2C200&ssl=1","width":350,"height":200,"srcset":"https:\/\/i0.wp.com\/www.akehedman.se\/wordpress\/wp-content\/uploads\/2022\/08\/IMG_20220824_220640-scaled.jpg?resize=350%2C200&ssl=1 1x, https:\/\/i0.wp.com\/www.akehedman.se\/wordpress\/wp-content\/uploads\/2022\/08\/IMG_20220824_220640-scaled.jpg?resize=525%2C300&ssl=1 1.5x, https:\/\/i0.wp.com\/www.akehedman.se\/wordpress\/wp-content\/uploads\/2022\/08\/IMG_20220824_220640-scaled.jpg?resize=700%2C400&ssl=1 2x, https:\/\/i0.wp.com\/www.akehedman.se\/wordpress\/wp-content\/uploads\/2022\/08\/IMG_20220824_220640-scaled.jpg?resize=1050%2C600&ssl=1 3x, https:\/\/i0.wp.com\/www.akehedman.se\/wordpress\/wp-content\/uploads\/2022\/08\/IMG_20220824_220640-scaled.jpg?resize=1400%2C800&ssl=1 4x"},"classes":[]},{"id":14827,"url":"https:\/\/www.akehedman.se\/wordpress\/?p=14827","url_meta":{"origin":23948,"position":1},"title":"Tom Cruise det \u00e4r grejer det!","author":"\u00c5ke Hedman","date":"2014-09-10","format":false,"excerpt":"Elsa var tr\u00f6tt p\u00e5 sin gubbe. Hon ville ha en ny intelligent och snygg en. Ja det var s\u00e5 hon t\u00e4nkte. En s\u00e5dan d\u00e4r som s\u00e5g ut som Tom Cruise ville hon ha. Ja en som hennes kvinnliga v\u00e4nner blev avundsjuk p\u00e5 f\u00f6r att han bara var hennes och som\u2026","rel":"","context":"In &quot;Betraktelser &amp; Ber\u00e4ttelse&quot;","block_context":{"text":"Betraktelser &amp; Ber\u00e4ttelse","link":"https:\/\/www.akehedman.se\/wordpress\/?cat=24"},"img":{"alt_text":"MTE5NDg0MDU0OTM2NTg1NzQz","src":"https:\/\/i0.wp.com\/www.eurosource.se\/akhe\/wordpress\/wp-content\/uploads\/2014\/09\/MTE5NDg0MDU0OTM2NTg1NzQz.jpg?resize=350%2C200","width":350,"height":200},"classes":[]},{"id":317,"url":"https:\/\/www.akehedman.se\/wordpress\/?p=317","url_meta":{"origin":23948,"position":2},"title":"Engla","author":"\u00c5ke Hedman","date":"2008-04-08","format":false,"excerpt":"Ja antar att det \u00c3\u00a4r fler \u00c3\u00a4n jag som f\u00c3\u00b6ljer s\u00c3\u00b6kandet efter Engla. Oerh\u00c3\u00b6rt vad detta tar tag i en. Antagligen bara f\u00c3\u00b6r att det \u00c3\u00a4r l\u00c3\u00a4tt att identidiera sig med f\u00c3\u00b6r\u00c3\u00a4ldrar och anh\u00c3\u00b6riga. Dessutom v\u00c3\u00a4cker det en dj\u00c3\u00a4vul inuti mig. Jag skulle med l\u00c3\u00a4tthet kunna avliva n\u00c3\u00a5gon som gjorde\u2026","rel":"","context":"In &quot;Swedish&quot;","block_context":{"text":"Swedish","link":"https:\/\/www.akehedman.se\/wordpress\/?cat=2"},"img":{"alt_text":"","src":"","width":0,"height":0},"classes":[]},{"id":11344,"url":"https:\/\/www.akehedman.se\/wordpress\/?p=11344","url_meta":{"origin":23948,"position":3},"title":"Mandela och Hitler","author":"\u00c5ke Hedman","date":"2013-12-07","format":false,"excerpt":"Nelson Mandela. Godheten sj\u00e4lv - f\u00f6r det \u00e5r s\u00e5 jag ser honom - har somnat in. Jag antar det \u00e4r s\u00e5 alla ser honom. Utom kanske hans n\u00e4rmaste som sett alla sidor hos honom. Det finns ingen som \u00e4r helt igenom god p\u00e5 samma s\u00e4tt som det inte finns n\u00e5gon\u2026","rel":"","context":"In &quot;Betraktelser &amp; Ber\u00e4ttelse&quot;","block_context":{"text":"Betraktelser &amp; Ber\u00e4ttelse","link":"https:\/\/www.akehedman.se\/wordpress\/?cat=24"},"img":{"alt_text":"download","src":"https:\/\/i0.wp.com\/www.eurosource.se\/akhe\/wordpress\/wp-content\/uploads\/2013\/12\/download.jpg?resize=350%2C200","width":350,"height":200},"classes":[]},{"id":12155,"url":"https:\/\/www.akehedman.se\/wordpress\/?p=12155","url_meta":{"origin":23948,"position":4},"title":"Kanelbullar med mj\u00f6lk och en liten gnutta h\u00e4mnd","author":"\u00c5ke Hedman","date":"2014-02-21","format":false,"excerpt":"Jag stack kniven i en man en g\u00e5ng. D\u00f6dade honom effektivt, jag visste var jag skulle sticka. Det var egentligen ganska enkelt eftersom jag \u00e4r sjuksk\u00f6terska, eller trotts det om man nu vill se det s\u00e5. Han hade v\u00e5ldtaget min dotter. Jag h\u00e4mnades. Inget m\u00e4rkv\u00e4rdigt alls allts\u00e5. N\u00e5got som alla\u2026","rel":"","context":"In &quot;Betraktelser &amp; Ber\u00e4ttelse&quot;","block_context":{"text":"Betraktelser &amp; Ber\u00e4ttelse","link":"https:\/\/www.akehedman.se\/wordpress\/?cat=24"},"img":{"alt_text":"1888698_10201749404998127_1210410203_n","src":"https:\/\/i0.wp.com\/www.akehedman.se\/wordpress\/wp-content\/uploads\/2014\/02\/1888698_10201749404998127_1210410203_n.jpg?resize=350%2C200","width":350,"height":200,"srcset":"https:\/\/i0.wp.com\/www.akehedman.se\/wordpress\/wp-content\/uploads\/2014\/02\/1888698_10201749404998127_1210410203_n.jpg?resize=350%2C200 1x, https:\/\/i0.wp.com\/www.akehedman.se\/wordpress\/wp-content\/uploads\/2014\/02\/1888698_10201749404998127_1210410203_n.jpg?resize=525%2C300 1.5x"},"classes":[]},{"id":179,"url":"https:\/\/www.akehedman.se\/wordpress\/?p=179","url_meta":{"origin":23948,"position":5},"title":"Vincent van Gogh","author":"\u00c5ke Hedman","date":"2007-11-30","format":false,"excerpt":"Fick denna fil av en Holl\u00c3\u00a4nsk kompis tidigare idag.\u00c2 Den mannen kunde verkligen m\u00c3\u00a5la. Finns f\u00c3\u00b6rresten en j\u00c3\u00a4kligt bra biografi om honom som m\u00c3\u00a5ste l\u00c3\u00a4sas. Annars \u00c3\u00a4r mitt f\u00c3\u00b6rsta intryck av honom r\u00c3\u00a4tt .g\u00c3\u00a4spande f\u00c3\u00b6r att utrycka det milt. Karin och jag kom fram till Amsterdam som en av dom\u2026","rel":"","context":"In &quot;Swedish&quot;","block_context":{"text":"Swedish","link":"https:\/\/www.akehedman.se\/wordpress\/?cat=2"},"img":{"alt_text":"","src":"","width":0,"height":0},"classes":[]}],"jetpack_shortlink":"https:\/\/wp.me\/p68PL2-6eg","_links":{"self":[{"href":"https:\/\/www.akehedman.se\/wordpress\/index.php?rest_route=\/wp\/v2\/posts\/23948","targetHints":{"allow":["GET"]}}],"collection":[{"href":"https:\/\/www.akehedman.se\/wordpress\/index.php?rest_route=\/wp\/v2\/posts"}],"about":[{"href":"https:\/\/www.akehedman.se\/wordpress\/index.php?rest_route=\/wp\/v2\/types\/post"}],"author":[{"embeddable":true,"href":"https:\/\/www.akehedman.se\/wordpress\/index.php?rest_route=\/wp\/v2\/users\/24"}],"replies":[{"embeddable":true,"href":"https:\/\/www.akehedman.se\/wordpress\/index.php?rest_route=%2Fwp%2Fv2%2Fcomments&post=23948"}],"version-history":[{"count":1,"href":"https:\/\/www.akehedman.se\/wordpress\/index.php?rest_route=\/wp\/v2\/posts\/23948\/revisions"}],"predecessor-version":[{"id":23950,"href":"https:\/\/www.akehedman.se\/wordpress\/index.php?rest_route=\/wp\/v2\/posts\/23948\/revisions\/23950"}],"wp:attachment":[{"href":"https:\/\/www.akehedman.se\/wordpress\/index.php?rest_route=%2Fwp%2Fv2%2Fmedia&parent=23948"}],"wp:term":[{"taxonomy":"category","embeddable":true,"href":"https:\/\/www.akehedman.se\/wordpress\/index.php?rest_route=%2Fwp%2Fv2%2Fcategories&post=23948"},{"taxonomy":"post_tag","embeddable":true,"href":"https:\/\/www.akehedman.se\/wordpress\/index.php?rest_route=%2Fwp%2Fv2%2Ftags&post=23948"}],"curies":[{"name":"wp","href":"https:\/\/api.w.org\/{rel}","templated":true}]}}