{"id":23888,"date":"2017-03-28T09:53:55","date_gmt":"2017-03-28T08:53:55","guid":{"rendered":"http:\/\/www.akehedman.se\/wordpress\/?p=23888"},"modified":"2017-03-28T09:53:55","modified_gmt":"2017-03-28T08:53:55","slug":"forst-och-bortkommen","status":"publish","type":"post","link":"https:\/\/www.akehedman.se\/wordpress\/?p=23888","title":{"rendered":"F\u00f6rst och bortkommen"},"content":{"rendered":"<p><img data-recalc-dims=\"1\" loading=\"lazy\" decoding=\"async\" class=\"alignnone size-large wp-image-23889\" src=\"https:\/\/i0.wp.com\/www.akehedman.se\/wordpress\/wp-content\/uploads\/2017\/03\/20170328_100920-1024x576.png?resize=580%2C327\" alt=\"\" width=\"580\" height=\"327\" srcset=\"https:\/\/i0.wp.com\/www.akehedman.se\/wordpress\/wp-content\/uploads\/2017\/03\/20170328_100920.png?resize=1024%2C576&amp;ssl=1 1024w, https:\/\/i0.wp.com\/www.akehedman.se\/wordpress\/wp-content\/uploads\/2017\/03\/20170328_100920.png?resize=300%2C169&amp;ssl=1 300w, https:\/\/i0.wp.com\/www.akehedman.se\/wordpress\/wp-content\/uploads\/2017\/03\/20170328_100920.png?resize=768%2C432&amp;ssl=1 768w, https:\/\/i0.wp.com\/www.akehedman.se\/wordpress\/wp-content\/uploads\/2017\/03\/20170328_100920.png?resize=500%2C281&amp;ssl=1 500w, https:\/\/i0.wp.com\/www.akehedman.se\/wordpress\/wp-content\/uploads\/2017\/03\/20170328_100920.png?w=1280&amp;ssl=1 1280w, https:\/\/i0.wp.com\/www.akehedman.se\/wordpress\/wp-content\/uploads\/2017\/03\/20170328_100920.png?w=1160&amp;ssl=1 1160w\" sizes=\"auto, (max-width: 580px) 100vw, 580px\" \/><\/p>\n<p>Jag brukar inte vara k\u00e4nslig f\u00f6r de h\u00e4r omst\u00e4llningarna av klockan vid vintertid och sommartid men i morse vaknar jag pigg vid sex, klockan \u00e4r satt p\u00e5 sju, men somna om det g\u00e5r det inte. Men skit samma. Man l\u00e5ter dagen komma. Eftersom man nu fick \u00e4nnu en. Glad \u00f6ver det \u00e4r jag och tar tag i det som skall bli en tisdag i ett liv.<\/p>\n<p>V\u00e5ren har liksom en vilodag idag. Det kan den beh\u00f6va. Den har mycket att ta tag i fortfarande. Den \u00e4r f\u00f6ljaktligen v\u00e4lf\u00f6rtj\u00e4nt av den h\u00e4r vilan.<\/p>\n<p>Varje &#8220;skall&#8221; jag skriver blir &#8220;skal&#8221;. Jag g\u00e5r alltid tillbaks och \u00e4ndrar. Undrar vad det beror p\u00e5. Begr\u00e4nsningar i tangentbord eller n\u00e5got motoriskt fel i mina h\u00e4nder. &#8220;Gammeln&#8221;? Vem vet!<\/p>\n<p>En kvinna \u00e4r f\u00f6rsvunnen. En kropp hittas. Kvinnans katter springer runt p\u00e5 byn f\u00f6rvildade och vill in hos andra. &#8220;Hon har varit borta i flera m\u00e5nader&#8221; s\u00e4ger en granne. Man anm\u00e4ler kvinnan f\u00f6r vanv\u00e5rd av katter flera g\u00e5nger i byn d\u00e4r hon bor. Det tar sin tid innan n\u00e5gon anm\u00e4ler kvinnan som f\u00f6rsvunnen till polisen. Bryr vi oss om varandra i samh\u00e4llet idag? Ja min fr\u00e5ga s\u00e5klart. Har vi tid med s\u00e5dana trivialiteter? Ocool gubbe undrar.<\/p>\n<p>Idag t\u00e4nker jag flytta ut i det stora l\u00e5tsaskontoret. Just det ett v\u00e5rtecken i sig. Den st\u00f6rre lokalen lyfter sinnet. Jag har vant mig vid hundrakvadratskontor och tv\u00e5hundra till som jag kan v\u00e4xa i. Allt bara p\u00e5 l\u00e5tsas s\u00e5klart. Men det m\u00e5ste st\u00e4das efter att ha st\u00e5tt tomt under en vinter f\u00f6rst. Sen borde man v\u00e4l byta lite lysr\u00f6r medan man kan. Innan bord och grejer \u00e4r i v\u00e4gen igen. Just det \u00e4r en balansakt. Stegen p\u00e5 tre meter \u00e4r f\u00f6r kort. Den skulle beh\u00f6vt vara en bit till.\u00a0 S\u00e5\u00a0 l\u00f6sningen \u00e4r att man st\u00e5r d\u00e4r uppe och balanserar med sitt liv som insats n\u00e4r man f\u00f6rs\u00f6ker f\u00e5 i de d\u00e4r lysr\u00f6ren i sina fattningar. N\u00e4sta vinter blir jag kvar d\u00e4r om jag nu \u00e4r kvar h\u00e4r.<\/p>\n<p>Koltrasten sitter h\u00e4r ute. Ser ensam ut. Ser bortkommen ut. Lite som jag alltid k\u00e4nner mig p\u00e5 olika tillst\u00e4llningar. Koltrasten, Pavarotti,\u00a0 \u00e4r den enda sommarf\u00e5geln h\u00e4r p\u00e5 berget. Men bland f\u00e5glar \u00e4r det en f\u00f6rdel att vara f\u00f6rst. De flesta m\u00e4nniskor som \u00e4r f\u00f6rst med n\u00e5got\u00a0 l\u00e4r sig snabbt att just det inte g\u00e4ller f\u00f6r m\u00e4nniskor och att de v\u00e4gar de trampar upp f\u00f6r andra, d\u00e4r s\u00e4ger de andra, att d\u00e4r, d\u00e4r har de alltid g\u00e5tt.<\/p>\n<p>Det d\u00e4r bl\u00e5 sk\u00e5pet, ett Ericsson AXE sk\u00e5p,\u00a0 t\u00e4nkte jag ha lite servrar i n\u00e4r fibern kommer. Men just nu g\u00e4ller v\u00e4l OM den kommer. &#8220;Det kommer nog b\u00e4ttre teknik \u00e4n fiber om h\u00f6rnet&#8221; s\u00e4ger de svagsinta h\u00e4r i byn. Jo, och tror p\u00e5 allvar att resten av v\u00e4rlden har fel men att dom har r\u00e4tt. Man suckar. Och misstr\u00f6star.<\/p>\n<p>Vinden har i alla fall mojnat idag. Tr\u00e4den r\u00f6r sig visserligen men det \u00e4r inte alls med samma swung som det var ig\u00e5r. Tjugo m\/s i vindbyarna d\u00e5. Nu n\u00e5gra meter per sekund. Torkvindar. Vinden \u00e4r den avgjort st\u00f6rsta faktorn f\u00f6r att sm\u00e4lta is och sn\u00f6. Fukt skall torkas upp och f\u00f6rflyttas och kylan som g\u00e4rna ligger stilla och lurar skal inte f\u00e5 en lugn stund i sitt stillaliggande. S\u00e5 heja vinden s\u00e4ger vi som l\u00e4ngtar efter sommar. Heja, heja, heja. De svagsinta f\u00f6rst\u00e5r inte det d\u00e4r heller. De tror det bara \u00e4r solstr\u00e5lar som sm\u00e4lter.<\/p>\n<p>Men man m\u00e5ste v\u00e4l f\u00e5 vara svagsint ocks\u00e5. Som hen med Edsbyn och Jesus och som hen med fiberf\u00f6rnekelsen. Fast nog borde de ha f\u00f6rmyndare b\u00e5da sorterna. F\u00f6r sin egen inskr\u00e4nkthets skull. Det \u00e4r liksom synd om.<\/p>\n<p>Men nu s\u00e5&#8230;<\/p>\n","protected":false},"excerpt":{"rendered":"<p>Jag brukar inte vara k\u00e4nslig f\u00f6r de h\u00e4r omst\u00e4llningarna av klockan vid vintertid och sommartid men i morse vaknar jag pigg vid sex, klockan \u00e4r satt p\u00e5 sju, men somna om det g\u00e5r det inte. Men skit samma. Man l\u00e5ter dagen komma. Eftersom man nu fick \u00e4nnu en. Glad \u00f6ver det \u00e4r jag och tar [&hellip;]<\/p>\n","protected":false},"author":24,"featured_media":0,"comment_status":"open","ping_status":"open","sticky":false,"template":"","format":"standard","meta":{"_crdt_document":"","jetpack_post_was_ever_published":false,"_jetpack_newsletter_access":"","_jetpack_dont_email_post_to_subs":false,"_jetpack_newsletter_tier_id":0,"_jetpack_memberships_contains_paywalled_content":false,"_jetpack_memberships_contains_paid_content":false,"footnotes":"","jetpack_publicize_message":"","jetpack_publicize_feature_enabled":true,"jetpack_social_post_already_shared":true,"jetpack_social_options":{"image_generator_settings":{"template":"highway","default_image_id":0,"font":"","enabled":false},"version":2}},"categories":[24],"tags":[],"class_list":["post-23888","post","type-post","status-publish","format-standard","hentry","category-betraktelser"],"jetpack_publicize_connections":[],"jetpack_featured_media_url":"","jetpack_sharing_enabled":true,"jetpack_likes_enabled":true,"jetpack-related-posts":[{"id":31329,"url":"https:\/\/www.akehedman.se\/wordpress\/?p=31329","url_meta":{"origin":23888,"position":0},"title":"Oprogrammerat","author":"\u00c5ke Hedman","date":"2019-01-13","format":false,"excerpt":"Den \u00e4r kanske femhundra meter l\u00e5ng den d\u00e4r korridoren. Ja egentligen \u00e4r det tv\u00e5. F\u00f6r i mitten finns huvuding\u00e5ngen med kafeteria och information. Men g\u00e5r man mellan de tv\u00e5 \u00e4ndpunkterna i korridorerna fram och tillbaks upplever man den som en enda. I ena \u00e4nden sitter Sjukhusfysikerna och bredvid dom de\u2026","rel":"","context":"In &quot;Betraktelser &amp; Ber\u00e4ttelse&quot;","block_context":{"text":"Betraktelser &amp; Ber\u00e4ttelse","link":"https:\/\/www.akehedman.se\/wordpress\/?cat=24"},"img":{"alt_text":"","src":"","width":0,"height":0},"classes":[]},{"id":37291,"url":"https:\/\/www.akehedman.se\/wordpress\/?p=37291","url_meta":{"origin":23888,"position":1},"title":"Kanske en julsaga","author":"\u00c5ke Hedman","date":"2020-12-23","format":false,"excerpt":"Jag \u00e4r en vandrare, en som planl\u00f6st vandrar omkring i London sent p\u00e5 kv\u00e4llen och k\u00e4nner mig l\u00f6jligt nog som den ensammaste m\u00e4nniskan i v\u00e4rlden Det \u00e4r julafton. Det \u00e4r ocks\u00e5 s\u00e5klart d\u00e4rf\u00f6r jag k\u00e4nner av ensamheten. En viktig kv\u00e4ll i Sverige d\u00e4r alla umg\u00e5s med de sina, men knappast\u2026","rel":"","context":"In &quot;Noveller&quot;","block_context":{"text":"Noveller","link":"https:\/\/www.akehedman.se\/wordpress\/?cat=57"},"img":{"alt_text":"","src":"","width":0,"height":0},"classes":[]},{"id":24132,"url":"https:\/\/www.akehedman.se\/wordpress\/?p=24132","url_meta":{"origin":23888,"position":2},"title":"P\u00e5skdagssl\u00f6heten","author":"\u00c5ke Hedman","date":"2017-04-16","format":false,"excerpt":"Han st\u00e5r d\u00e4r vid postl\u00e5dan, han och en kvinna jag inte k\u00e4nner igen. Han \u00e4r glad. Har en keps p\u00e5 huvudet. Vinkar glatt. Kvinnan, som jag f\u00f6rst tror \u00e4r hans fru, \u00e4r inte det. Hon \u00e4r en annan. Ok\u00e4nd f\u00f6r mig. Dom st\u00e5r d\u00e4r kanske tio meter bort och jag\u2026","rel":"","context":"In &quot;Betraktelser &amp; Ber\u00e4ttelse&quot;","block_context":{"text":"Betraktelser &amp; Ber\u00e4ttelse","link":"https:\/\/www.akehedman.se\/wordpress\/?cat=24"},"img":{"alt_text":"","src":"https:\/\/i0.wp.com\/www.akehedman.se\/wordpress\/wp-content\/uploads\/2017\/04\/rod-ros-betydelse-blomterspraket.jpg?resize=350%2C200","width":350,"height":200,"srcset":"https:\/\/i0.wp.com\/www.akehedman.se\/wordpress\/wp-content\/uploads\/2017\/04\/rod-ros-betydelse-blomterspraket.jpg?resize=350%2C200 1x, https:\/\/i0.wp.com\/www.akehedman.se\/wordpress\/wp-content\/uploads\/2017\/04\/rod-ros-betydelse-blomterspraket.jpg?resize=525%2C300 1.5x, https:\/\/i0.wp.com\/www.akehedman.se\/wordpress\/wp-content\/uploads\/2017\/04\/rod-ros-betydelse-blomterspraket.jpg?resize=700%2C400 2x"},"classes":[]},{"id":17218,"url":"https:\/\/www.akehedman.se\/wordpress\/?p=17218","url_meta":{"origin":23888,"position":3},"title":"Stockholm","author":"\u00c5ke Hedman","date":"2015-03-29","format":false,"excerpt":"En stor rovf\u00e5gel st\u00f6rtar ner mot bilen och skriker \"v\u00e4nd om, v\u00e4nd om medans ni kan, staden \u00e4r inte f\u00f6r er, den \u00e4ter upp s\u00e5dan som er, ni h\u00f6r inte dit\". Men jag parerar och h\u00e5ller kursen. V\u00e4sterut. Siktet inst\u00e4llt\u00a0 p\u00e5 Finland och Ryssland och Uppsala, d\u00e4r vi l\u00e4mpar av\u2026","rel":"","context":"In &quot;Betraktelser &amp; Ber\u00e4ttelse&quot;","block_context":{"text":"Betraktelser &amp; Ber\u00e4ttelse","link":"https:\/\/www.akehedman.se\/wordpress\/?cat=24"},"img":{"alt_text":"003","src":"https:\/\/i0.wp.com\/www.eurosource.se\/akhe\/wordpress\/wp-content\/uploads\/2015\/03\/0032-768x1024.jpg?resize=350%2C200","width":350,"height":200,"srcset":"https:\/\/i0.wp.com\/www.eurosource.se\/akhe\/wordpress\/wp-content\/uploads\/2015\/03\/0032-768x1024.jpg?resize=350%2C200 1x, https:\/\/i0.wp.com\/www.eurosource.se\/akhe\/wordpress\/wp-content\/uploads\/2015\/03\/0032-768x1024.jpg?resize=525%2C300 1.5x"},"classes":[]},{"id":14958,"url":"https:\/\/www.akehedman.se\/wordpress\/?p=14958","url_meta":{"origin":23888,"position":4},"title":"Fj\u00e4ril vingad","author":"\u00c5ke Hedman","date":"2014-09-23","format":false,"excerpt":"Jag \u00e4gnar dan \u00e5t att skriva manual eller egentligen flytta en manual fr\u00e5n ett format till ett annat. Det tar tid. Det \u00e4r mycket text och tabeller och listor som skall g\u00e5s igenom och nu n\u00e4r dan snart \u00e4r slut och klockan d\u00e5 n\u00e4rmar sig tolv igen s\u00e5 \u00e4r man\u2026","rel":"","context":"In &quot;Betraktelser &amp; Ber\u00e4ttelse&quot;","block_context":{"text":"Betraktelser &amp; Ber\u00e4ttelse","link":"https:\/\/www.akehedman.se\/wordpress\/?cat=24"},"img":{"alt_text":"aglais_urticae_001","src":"https:\/\/i0.wp.com\/www.eurosource.se\/akhe\/wordpress\/wp-content\/uploads\/2014\/09\/aglais_urticae_001.jpg?resize=350%2C200","width":350,"height":200},"classes":[]},{"id":30918,"url":"https:\/\/www.akehedman.se\/wordpress\/?p=30918","url_meta":{"origin":23888,"position":5},"title":"Kallvatten","author":"\u00c5ke Hedman","date":"2018-12-04","format":false,"excerpt":"Jag vaknar klockan fem, pigg som ett traktord\u00e4ck. Ingen m\u00e4nniska vid sina sinnes fulla bruk g\u00e5r upp vid den tiden s\u00e5 det g\u00e4ller att somna om. Av erfarenhet vet jag att det \u00e4r sv\u00e5rt. Men han\/hon\/det\/gud \u00e4r med mig i morgonen arla stund. Lillkatten kryper n\u00e4mligen under t\u00e4cket och l\u00e4gger\u2026","rel":"","context":"In &quot;Betraktelser &amp; Ber\u00e4ttelse&quot;","block_context":{"text":"Betraktelser &amp; Ber\u00e4ttelse","link":"https:\/\/www.akehedman.se\/wordpress\/?cat=24"},"img":{"alt_text":"","src":"https:\/\/i0.wp.com\/www.akehedman.se\/wordpress\/wp-content\/uploads\/2018\/12\/IMG_20181204_085512249-1024x767.png?resize=350%2C200","width":350,"height":200,"srcset":"https:\/\/i0.wp.com\/www.akehedman.se\/wordpress\/wp-content\/uploads\/2018\/12\/IMG_20181204_085512249-1024x767.png?resize=350%2C200 1x, https:\/\/i0.wp.com\/www.akehedman.se\/wordpress\/wp-content\/uploads\/2018\/12\/IMG_20181204_085512249-1024x767.png?resize=525%2C300 1.5x"},"classes":[]}],"jetpack_shortlink":"https:\/\/wp.me\/p68PL2-6di","_links":{"self":[{"href":"https:\/\/www.akehedman.se\/wordpress\/index.php?rest_route=\/wp\/v2\/posts\/23888","targetHints":{"allow":["GET"]}}],"collection":[{"href":"https:\/\/www.akehedman.se\/wordpress\/index.php?rest_route=\/wp\/v2\/posts"}],"about":[{"href":"https:\/\/www.akehedman.se\/wordpress\/index.php?rest_route=\/wp\/v2\/types\/post"}],"author":[{"embeddable":true,"href":"https:\/\/www.akehedman.se\/wordpress\/index.php?rest_route=\/wp\/v2\/users\/24"}],"replies":[{"embeddable":true,"href":"https:\/\/www.akehedman.se\/wordpress\/index.php?rest_route=%2Fwp%2Fv2%2Fcomments&post=23888"}],"version-history":[{"count":1,"href":"https:\/\/www.akehedman.se\/wordpress\/index.php?rest_route=\/wp\/v2\/posts\/23888\/revisions"}],"predecessor-version":[{"id":23890,"href":"https:\/\/www.akehedman.se\/wordpress\/index.php?rest_route=\/wp\/v2\/posts\/23888\/revisions\/23890"}],"wp:attachment":[{"href":"https:\/\/www.akehedman.se\/wordpress\/index.php?rest_route=%2Fwp%2Fv2%2Fmedia&parent=23888"}],"wp:term":[{"taxonomy":"category","embeddable":true,"href":"https:\/\/www.akehedman.se\/wordpress\/index.php?rest_route=%2Fwp%2Fv2%2Fcategories&post=23888"},{"taxonomy":"post_tag","embeddable":true,"href":"https:\/\/www.akehedman.se\/wordpress\/index.php?rest_route=%2Fwp%2Fv2%2Ftags&post=23888"}],"curies":[{"name":"wp","href":"https:\/\/api.w.org\/{rel}","templated":true}]}}