{"id":23881,"date":"2017-03-27T22:16:53","date_gmt":"2017-03-27T21:16:53","guid":{"rendered":"http:\/\/www.akehedman.se\/wordpress\/?p=23881"},"modified":"2017-03-27T22:16:53","modified_gmt":"2017-03-27T21:16:53","slug":"gavor","status":"publish","type":"post","link":"https:\/\/www.akehedman.se\/wordpress\/?p=23881","title":{"rendered":"G\u00e5vor"},"content":{"rendered":"<p><img data-recalc-dims=\"1\" loading=\"lazy\" decoding=\"async\" class=\"alignnone size-large wp-image-23883\" src=\"https:\/\/i0.wp.com\/www.akehedman.se\/wordpress\/wp-content\/uploads\/2017\/03\/20160807_161850-1024x576.jpg?resize=580%2C327\" alt=\"\" width=\"580\" height=\"327\" srcset=\"https:\/\/i0.wp.com\/www.akehedman.se\/wordpress\/wp-content\/uploads\/2017\/03\/20160807_161850.jpg?resize=1024%2C576&amp;ssl=1 1024w, https:\/\/i0.wp.com\/www.akehedman.se\/wordpress\/wp-content\/uploads\/2017\/03\/20160807_161850.jpg?resize=300%2C169&amp;ssl=1 300w, https:\/\/i0.wp.com\/www.akehedman.se\/wordpress\/wp-content\/uploads\/2017\/03\/20160807_161850.jpg?resize=768%2C432&amp;ssl=1 768w, https:\/\/i0.wp.com\/www.akehedman.se\/wordpress\/wp-content\/uploads\/2017\/03\/20160807_161850.jpg?resize=500%2C281&amp;ssl=1 500w, https:\/\/i0.wp.com\/www.akehedman.se\/wordpress\/wp-content\/uploads\/2017\/03\/20160807_161850.jpg?w=1160&amp;ssl=1 1160w, https:\/\/i0.wp.com\/www.akehedman.se\/wordpress\/wp-content\/uploads\/2017\/03\/20160807_161850.jpg?w=1740&amp;ssl=1 1740w\" sizes=\"auto, (max-width: 580px) 100vw, 580px\" \/><\/p>\n<p>Klockan \u00e4r elva. Jag t\u00e4nker ge mig f\u00f6r dan. Tidigt i min v\u00e4rd. Oftast i alla fall. Beror lite p\u00e5 boken som ligger d\u00e4r vid s\u00e4ngen. Ibland drar den i mig. M\u00e5ste l\u00e4sas. D\u00e5 ger man sig tidigare.\u00a0 Med nuvarande bok \u00e4r det inte s\u00e5. Jag blir mest tr\u00f6tt av den. Men l\u00e4ser p\u00e5. S\u00e5 den \u00e4r den inte som drar. Men \u00f6gonen rinner, \u00e4r grusiga, allts\u00e5 \u00e4r jag tr\u00f6tt. F\u00f6r tr\u00f6tt f\u00f6r att ens l\u00e5tsasjobba.<\/p>\n<p>Det h\u00e4r blev en s\u00e5dan d\u00e4r dag i livet n\u00e4r inte mycket h\u00e4nde. Besiktning, handling, betalning av r\u00e4kningar. Inga storverk precis. Men p\u00e5 det hela taget \u00e4r det v\u00e4l av just s\u00e5dana dagar som ett liv best\u00e5r av. Ja till och med liv som levs av s\u00e5dana som Mick Jagger och andra storheter. Klarar man inte av de vanliga dagarna s\u00e5 klarar man inte av livet.<\/p>\n<p>Jag ser \u00e5tskilliga m\u00e4nniskor g\u00e5 med blicken f\u00e4st i telefonen idag. I \u00f6ronen h\u00f6rsn\u00e4ckor. Om man str\u00e4cker ut och interpolerar beh\u00f6vs v\u00e4rlden alls f\u00f6r de h\u00e4r m\u00e4nniskorna. En sk\u00e4rm, ett tangentbord, n\u00e4ringsl\u00f6sning och sedan \u00e4r allt perfekt. V\u00e4nnerna beh\u00f6ver inte ens vara riktiga m\u00e4nniskor. De kan vara botar som ger lagom m\u00e5nga likes s\u00e5 att tillvaron k\u00e4nns f\u00f6rtr\u00e4fflig. Nej, f\u00f6r guds skull inte f\u00f6r m\u00e5nga s\u00e5 att storhetsvansinne skapas. Bara lagom m\u00e5nga s\u00e5 att l\u00e4ngtan efter &#8220;mer&#8221; finns kvar.<\/p>\n<p>Jag blir lite r\u00e4dd faktiskt. R\u00e4dd f\u00f6r sociala medier \u00f6ver huvud taget.\u00a0 De h\u00e5ller oss socialt kvar p\u00e5 grundskoleniv\u00e5, de g\u00f6mmer en riktiga v\u00e4rlden och de \u00e4r beroendeframkallande med sin &#8220;uppmuntran&#8221;. Nope, det g\u00e5r bort. Eller minimeras i alla fall. I min v\u00e4rld. Den tr\u00e5nga Hedmanska.<\/p>\n<p>Men jod\u00e5. Koltrasten d\u00f6k upp. Jag s\u00e5g Kanadag\u00e4ss ocks\u00e5. S\u00e5 det \u00e4r v\u00e4l h\u00e4rligt. Hade jag l\u00e5st blicken i min telefons sk\u00e4rm hade jag definitivt inte sett n\u00e5gon av dem. Men kanske finns de d\u00e4r med s\u00e5klart. &#8220;Photoshoppade&#8221; s\u00e5 att de har b\u00e4ttre f\u00e4rger och skarpare kontraster \u00e4n de har i verkligheten. Som h\u00f6stens alla norrsken. Men s\u00e5klart. Jag \u00e4r en gammal gubbe numera. Vad vet jag?\u00a0 Man skall inte l\u00e4gga sig i det d\u00e4r man inte f\u00f6rst\u00e5r.<\/p>\n<p>Men det jag f\u00f6rst\u00e5r och kan konstatera \u00e4r att det \u00e4r s\u00e4llsamt gott att leva i denna tid. Ja inte i Sydsydan och i Syrien s\u00e5klart. Ja och jag skulle velat hj\u00e4lpa om kan kunde. Men hur kan en ocool gubbe g\u00f6ra det n\u00e4r inte ens en s\u00e5dan som Mick Jagger verkar kunna det? Trots v\u00e4rldens skit kan jag \u00e4nd\u00e5 inte l\u00e5ta bli att vara n\u00f6jd \u00f6ver en s\u00e5dan h\u00e4r vanlig dag i livet. En som bara g\u00e5tt till historien. Nu skall jag sova p\u00e5 saken. Sen f\u00e5r vi se. Har man tur f\u00e5r man \u00e4nnu en dag imorgon. Varenda en en g\u00e5va.<\/p>\n","protected":false},"excerpt":{"rendered":"<p>Klockan \u00e4r elva. Jag t\u00e4nker ge mig f\u00f6r dan. Tidigt i min v\u00e4rd. Oftast i alla fall. Beror lite p\u00e5 boken som ligger d\u00e4r vid s\u00e4ngen. Ibland drar den i mig. M\u00e5ste l\u00e4sas. D\u00e5 ger man sig tidigare.\u00a0 Med nuvarande bok \u00e4r det inte s\u00e5. Jag blir mest tr\u00f6tt av den. Men l\u00e4ser p\u00e5. S\u00e5 [&hellip;]<\/p>\n","protected":false},"author":24,"featured_media":0,"comment_status":"open","ping_status":"open","sticky":false,"template":"","format":"standard","meta":{"_crdt_document":"","jetpack_post_was_ever_published":false,"_jetpack_newsletter_access":"","_jetpack_dont_email_post_to_subs":false,"_jetpack_newsletter_tier_id":0,"_jetpack_memberships_contains_paywalled_content":false,"_jetpack_memberships_contains_paid_content":false,"footnotes":"","jetpack_publicize_message":"","jetpack_publicize_feature_enabled":true,"jetpack_social_post_already_shared":true,"jetpack_social_options":{"image_generator_settings":{"template":"highway","default_image_id":0,"font":"","enabled":false},"version":2}},"categories":[24],"tags":[],"class_list":["post-23881","post","type-post","status-publish","format-standard","hentry","category-betraktelser"],"jetpack_publicize_connections":[],"jetpack_featured_media_url":"","jetpack_sharing_enabled":true,"jetpack_likes_enabled":true,"jetpack-related-posts":[{"id":32502,"url":"https:\/\/www.akehedman.se\/wordpress\/?p=32502","url_meta":{"origin":23881,"position":0},"title":"Skogen","author":"\u00c5ke Hedman","date":"2019-07-09","format":false,"excerpt":"Vi \u00e5ker ut i skogen. Det finns lite bensin kvar. Ut. UT!!! ropar kroppen och bilen svarar. Brummar iv\u00e4g. Ut fr\u00e5n samh\u00e4llet. Upp p\u00e5 berget. Favoritberget. F\u00f6rf\u00e4ders berg. H\u00e4r finns faktiskt en koppling bak\u00e5t. Farfarsfarfar och l\u00e4ngre. Hit kom de fr\u00e5n Roteberg i Edsbyn. Nybyggare. Nytt liv. P\u00e5 ett berg.\u2026","rel":"","context":"In &quot;Betraktelser &amp; Ber\u00e4ttelse&quot;","block_context":{"text":"Betraktelser &amp; Ber\u00e4ttelse","link":"https:\/\/www.akehedman.se\/wordpress\/?cat=24"},"img":{"alt_text":"","src":"https:\/\/i0.wp.com\/www.akehedman.se\/wordpress\/wp-content\/uploads\/2019\/07\/IMG_20190709_151124285_HDR.jpg?resize=350%2C200&ssl=1","width":350,"height":200,"srcset":"https:\/\/i0.wp.com\/www.akehedman.se\/wordpress\/wp-content\/uploads\/2019\/07\/IMG_20190709_151124285_HDR.jpg?resize=350%2C200&ssl=1 1x, https:\/\/i0.wp.com\/www.akehedman.se\/wordpress\/wp-content\/uploads\/2019\/07\/IMG_20190709_151124285_HDR.jpg?resize=525%2C300&ssl=1 1.5x, https:\/\/i0.wp.com\/www.akehedman.se\/wordpress\/wp-content\/uploads\/2019\/07\/IMG_20190709_151124285_HDR.jpg?resize=700%2C400&ssl=1 2x, https:\/\/i0.wp.com\/www.akehedman.se\/wordpress\/wp-content\/uploads\/2019\/07\/IMG_20190709_151124285_HDR.jpg?resize=1050%2C600&ssl=1 3x, https:\/\/i0.wp.com\/www.akehedman.se\/wordpress\/wp-content\/uploads\/2019\/07\/IMG_20190709_151124285_HDR.jpg?resize=1400%2C800&ssl=1 4x"},"classes":[]},{"id":27846,"url":"https:\/\/www.akehedman.se\/wordpress\/?p=27846","url_meta":{"origin":23881,"position":1},"title":"V\u00e4ntar","author":"\u00c5ke Hedman","date":"2018-04-08","format":false,"excerpt":"Sitter h\u00e4r och v\u00e4ntar p\u00e5 att de sista sn\u00f6n skall fara av taket. P\u00e5 norrsidan allts\u00e5. S\u00f6dersidans sn\u00f6m\u00e4ngder har redan brakat av. Kaboooom. Rakt p\u00e5 plommontr\u00e4det. S\u00e5klart. Var skulle sn\u00f6n annars hamna? Liksom. Fast framsidan (norrsidan) kvar allts\u00e5. Den ligger envist kvar d\u00e4r trotts regn idag, Ja och jag vet\u2026","rel":"","context":"In &quot;Betraktelser &amp; Ber\u00e4ttelse&quot;","block_context":{"text":"Betraktelser &amp; Ber\u00e4ttelse","link":"https:\/\/www.akehedman.se\/wordpress\/?cat=24"},"img":{"alt_text":"","src":"https:\/\/i0.wp.com\/www.akehedman.se\/wordpress\/wp-content\/uploads\/2018\/04\/IMG_20180405_152632935-1024x576.jpg?resize=350%2C200","width":350,"height":200,"srcset":"https:\/\/i0.wp.com\/www.akehedman.se\/wordpress\/wp-content\/uploads\/2018\/04\/IMG_20180405_152632935-1024x576.jpg?resize=350%2C200 1x, https:\/\/i0.wp.com\/www.akehedman.se\/wordpress\/wp-content\/uploads\/2018\/04\/IMG_20180405_152632935-1024x576.jpg?resize=525%2C300 1.5x"},"classes":[]},{"id":17230,"url":"https:\/\/www.akehedman.se\/wordpress\/?p=17230","url_meta":{"origin":23881,"position":2},"title":"Havet igen","author":"\u00c5ke Hedman","date":"2015-03-30","format":false,"excerpt":"De som lider av jetlag \u00e4r sannolikt de som lider av att g\u00e5 upp en timme tidigare idag ocks\u00e5. Jag \u00e4r inte en av dem. Har jag sovit mina fem eller n\u00e5gra till kommer jag upp. Och ja jag kan somna tre p\u00e5 eftermiddagen om jag l\u00e4gger mig. Jag \u00e4r\u2026","rel":"","context":"In &quot;Betraktelser &amp; Ber\u00e4ttelse&quot;","block_context":{"text":"Betraktelser &amp; Ber\u00e4ttelse","link":"https:\/\/www.akehedman.se\/wordpress\/?cat=24"},"img":{"alt_text":"hav6296","src":"https:\/\/i0.wp.com\/www.eurosource.se\/akhe\/wordpress\/wp-content\/uploads\/2013\/07\/hav6296.jpg?resize=350%2C200","width":350,"height":200},"classes":[]},{"id":1646,"url":"https:\/\/www.akehedman.se\/wordpress\/?p=1646","url_meta":{"origin":23881,"position":3},"title":"2012-09-01","author":"\u00c5ke Hedman","date":"2012-09-19","format":false,"excerpt":"F\u00f6rlossningen tar tid. Karin f\u00e5r ryggm\u00e4rgsbed\u00f6vning. Det g\u00f6r s\u00e5 ont att hon skriker som ett djur.\u00a0 Tr\u00f6tt. Varit vaken i snart 48-timmar. S\u00e5 kommer dom sista krystv\u00e4rkarna och barnet kommer ut. En sk\u00f6terska tar honom med sig och rusar ut. Karin s\u00e4ger \u00e5t mig att f\u00f6lja med. Han ligger d\u00e4r\u2026","rel":"","context":"In &quot;Betraktelser &amp; Ber\u00e4ttelse&quot;","block_context":{"text":"Betraktelser &amp; Ber\u00e4ttelse","link":"https:\/\/www.akehedman.se\/wordpress\/?cat=24"},"img":{"alt_text":"","src":"","width":0,"height":0},"classes":[]},{"id":19959,"url":"https:\/\/www.akehedman.se\/wordpress\/?p=19959","url_meta":{"origin":23881,"position":4},"title":"Senast l\u00e4sta bok","author":"\u00c5ke Hedman","date":"2016-03-19","format":false,"excerpt":"Sista brevet fr\u00e5n din \u00e4lskade av Jojjo Moyes Bitvis \u00e4r den h\u00e4r boken som att \u00e4ta marr\u00e4ngt\u00e5rta. Man g\u00e5r ig\u00e5ng p\u00e5 det d\u00e4r s\u00f6ta. Tar sked efter sked tills det b\u00f6rjar bli f\u00f6r mycket och eftersom man forts\u00e4tter att \u00e4ta \u00e4nd\u00e5 - man skall \u00e4ta upp det man tagit f\u00f6r\u2026","rel":"","context":"In &quot;B\u00f6cker&quot;","block_context":{"text":"B\u00f6cker","link":"https:\/\/www.akehedman.se\/wordpress\/?cat=13"},"img":{"alt_text":"9789187343360_200_sista-brevet-fran-din-alskade_pocket","src":"https:\/\/i0.wp.com\/www.akehedman.se\/wordpress\/wp-content\/uploads\/2016\/03\/9789187343360_200_sista-brevet-fran-din-alskade_pocket.jpeg?resize=350%2C200","width":350,"height":200},"classes":[]},{"id":14502,"url":"https:\/\/www.akehedman.se\/wordpress\/?p=14502","url_meta":{"origin":23881,"position":5},"title":"Ingen minns l\u00e4ngre Lim-Johans belackare.","author":"\u00c5ke Hedman","date":"2014-08-26","format":false,"excerpt":"N\u00e4r klockan ringer vid sju, eller det \u00e4r ju s\u00e5 j\u00e4kla exakt nu f\u00f6r tiden s\u00e5 det \u00e4r inte \"vid\" utan verkligen klockan sju den ringer, s\u00e5 h\u00f6r jag den som om den var s\u00e5 fj\u00e4rran som om jag var en drunknande som motvilligt dras, halas in, till livet igen.\u2026","rel":"","context":"In &quot;Betraktelser &amp; Ber\u00e4ttelse&quot;","block_context":{"text":"Betraktelser &amp; Ber\u00e4ttelse","link":"https:\/\/www.akehedman.se\/wordpress\/?cat=24"},"img":{"alt_text":"Lim-Johan-med-Bergakungen-utanf\u00f6r-stugan","src":"https:\/\/i0.wp.com\/www.eurosource.se\/akhe\/wordpress\/wp-content\/uploads\/2014\/08\/Lim-Johan-med-Bergakungen-utanf%C3%B6r-stugan.jpg?resize=350%2C200","width":350,"height":200,"srcset":"https:\/\/i0.wp.com\/www.eurosource.se\/akhe\/wordpress\/wp-content\/uploads\/2014\/08\/Lim-Johan-med-Bergakungen-utanf%C3%B6r-stugan.jpg?resize=350%2C200 1x, https:\/\/i0.wp.com\/www.eurosource.se\/akhe\/wordpress\/wp-content\/uploads\/2014\/08\/Lim-Johan-med-Bergakungen-utanf%C3%B6r-stugan.jpg?resize=525%2C300 1.5x"},"classes":[]}],"jetpack_shortlink":"https:\/\/wp.me\/s68PL2-gavor","_links":{"self":[{"href":"https:\/\/www.akehedman.se\/wordpress\/index.php?rest_route=\/wp\/v2\/posts\/23881","targetHints":{"allow":["GET"]}}],"collection":[{"href":"https:\/\/www.akehedman.se\/wordpress\/index.php?rest_route=\/wp\/v2\/posts"}],"about":[{"href":"https:\/\/www.akehedman.se\/wordpress\/index.php?rest_route=\/wp\/v2\/types\/post"}],"author":[{"embeddable":true,"href":"https:\/\/www.akehedman.se\/wordpress\/index.php?rest_route=\/wp\/v2\/users\/24"}],"replies":[{"embeddable":true,"href":"https:\/\/www.akehedman.se\/wordpress\/index.php?rest_route=%2Fwp%2Fv2%2Fcomments&post=23881"}],"version-history":[{"count":1,"href":"https:\/\/www.akehedman.se\/wordpress\/index.php?rest_route=\/wp\/v2\/posts\/23881\/revisions"}],"predecessor-version":[{"id":23884,"href":"https:\/\/www.akehedman.se\/wordpress\/index.php?rest_route=\/wp\/v2\/posts\/23881\/revisions\/23884"}],"wp:attachment":[{"href":"https:\/\/www.akehedman.se\/wordpress\/index.php?rest_route=%2Fwp%2Fv2%2Fmedia&parent=23881"}],"wp:term":[{"taxonomy":"category","embeddable":true,"href":"https:\/\/www.akehedman.se\/wordpress\/index.php?rest_route=%2Fwp%2Fv2%2Fcategories&post=23881"},{"taxonomy":"post_tag","embeddable":true,"href":"https:\/\/www.akehedman.se\/wordpress\/index.php?rest_route=%2Fwp%2Fv2%2Ftags&post=23881"}],"curies":[{"name":"wp","href":"https:\/\/api.w.org\/{rel}","templated":true}]}}