{"id":23839,"date":"2017-03-24T11:34:12","date_gmt":"2017-03-24T10:34:12","guid":{"rendered":"http:\/\/www.akehedman.se\/wordpress\/?p=23839"},"modified":"2017-03-24T11:35:25","modified_gmt":"2017-03-24T10:35:25","slug":"pessimism","status":"publish","type":"post","link":"https:\/\/www.akehedman.se\/wordpress\/?p=23839","title":{"rendered":"Pessimism?"},"content":{"rendered":"<p><img data-recalc-dims=\"1\" loading=\"lazy\" decoding=\"async\" class=\"alignnone size-full wp-image-23841\" src=\"https:\/\/i0.wp.com\/www.akehedman.se\/wordpress\/wp-content\/uploads\/2017\/03\/robot-312566_960_720.png?resize=580%2C685\" alt=\"\" width=\"580\" height=\"685\" \/><\/p>\n<p>Jag tror nog man kan vara ganska pessimistisk i sin syn p\u00e5 robotutveckling. Allts\u00e5 n\u00e4r det g\u00e4ller arbetstillf\u00e4llen som f\u00f6rsvinner. Allts\u00e5 att man d\u00e4rf\u00f6r m\u00e5ste \u00e4ndra p\u00e5 beskattningsmodellerna och sluta beskatta arbete. Anledningen \u00e4r att det vi st\u00e5r inf\u00f6r \u00e4r inte ett vanligt teknikspr\u00e5ng (som mekaniseringen av jordbruket som n\u00e4mns i kr\u00f6nikan) utan n\u00e5got mycket st\u00f6rre. Investering i AI och robotteknik betalar sig (p\u00e5 alla s\u00e4tt) helt enkelt v\u00e4ldigt fort f\u00f6r f\u00f6retagen d\u00e4rf\u00f6r kommer den ocks\u00e5 att drivas in p\u00e5 alla omr\u00e5den d\u00e4r det \u00f6ver huvud taget g\u00e5r. Det \u00e4r dags att t\u00e4nka medborgarl\u00f6n tror jag.<\/p>\n<p><a href=\"http:\/\/computersweden.idg.se\/2.2683\/1.678861\/robotar-miljoner-arbetslosa?utm_source=feedburner&amp;utm_medium=feed&amp;utm_campaign=Feed%3A+ComputerSweden20SenasteNyheter+%28CS%3A+Computer+Sweden+20+senaste+nyheter%29\">http:\/\/computersweden.idg.se\/2.2683\/1.678861\/robotar-miljoner-arbetslosa?utm_source=feedburner&amp;utm_medium=feed&amp;utm_campaign=Feed%3A+ComputerSweden20SenasteNyheter+%28CS%3A+Computer+Sweden+20+senaste+nyheter%29<\/a><\/p>\n","protected":false},"excerpt":{"rendered":"<p>Jag tror nog man kan vara ganska pessimistisk i sin syn p\u00e5 robotutveckling. Allts\u00e5 n\u00e4r det g\u00e4ller arbetstillf\u00e4llen som f\u00f6rsvinner. Allts\u00e5 att man d\u00e4rf\u00f6r m\u00e5ste \u00e4ndra p\u00e5 beskattningsmodellerna och sluta beskatta arbete. Anledningen \u00e4r att det vi st\u00e5r inf\u00f6r \u00e4r inte ett vanligt teknikspr\u00e5ng (som mekaniseringen av jordbruket som n\u00e4mns i kr\u00f6nikan) utan n\u00e5got mycket [&hellip;]<\/p>\n","protected":false},"author":24,"featured_media":0,"comment_status":"open","ping_status":"open","sticky":false,"template":"","format":"standard","meta":{"_crdt_document":"","jetpack_post_was_ever_published":false,"_jetpack_newsletter_access":"","_jetpack_dont_email_post_to_subs":true,"_jetpack_newsletter_tier_id":0,"_jetpack_memberships_contains_paywalled_content":false,"_jetpack_memberships_contains_paid_content":false,"footnotes":"","jetpack_publicize_message":"","jetpack_publicize_feature_enabled":true,"jetpack_social_post_already_shared":true,"jetpack_social_options":{"image_generator_settings":{"template":"highway","default_image_id":0,"font":"","enabled":false},"version":2}},"categories":[24],"tags":[],"class_list":["post-23839","post","type-post","status-publish","format-standard","hentry","category-betraktelser"],"jetpack_publicize_connections":[],"jetpack_featured_media_url":"","jetpack_sharing_enabled":true,"jetpack_likes_enabled":true,"jetpack-related-posts":[{"id":17469,"url":"https:\/\/www.akehedman.se\/wordpress\/?p=17469","url_meta":{"origin":23839,"position":0},"title":"Att f\u00f6r\u00e4ndra v\u00e4rlden!?","author":"\u00c5ke Hedman","date":"2015-04-11","format":false,"excerpt":"Sol v\u00e4rme underbart v\u00e4der. Var tror ni jag sitter?\u00a0 Ja ni som f\u00f6ljer bloggen vet s\u00e5klart. Kontoret det eviga kontoret. Ja, K och jag har i och f\u00f6r sig klarat av en timmes promenad men annars \u00e4r det jobb som g\u00e4ller denna helg. Som f\u00f6retagare m\u00e5ste man ha en f\u00f6rst\u00e5ende\u2026","rel":"","context":"In &quot;Betraktelser &amp; Ber\u00e4ttelse&quot;","block_context":{"text":"Betraktelser &amp; Ber\u00e4ttelse","link":"https:\/\/www.akehedman.se\/wordpress\/?cat=24"},"img":{"alt_text":"Jorden2","src":"https:\/\/i0.wp.com\/www.eurosource.se\/akhe\/wordpress\/wp-content\/uploads\/2013\/05\/Jorden2.jpg?resize=350%2C200","width":350,"height":200,"srcset":"https:\/\/i0.wp.com\/www.eurosource.se\/akhe\/wordpress\/wp-content\/uploads\/2013\/05\/Jorden2.jpg?resize=350%2C200 1x, https:\/\/i0.wp.com\/www.eurosource.se\/akhe\/wordpress\/wp-content\/uploads\/2013\/05\/Jorden2.jpg?resize=525%2C300 1.5x, https:\/\/i0.wp.com\/www.eurosource.se\/akhe\/wordpress\/wp-content\/uploads\/2013\/05\/Jorden2.jpg?resize=700%2C400 2x"},"classes":[]},{"id":20781,"url":"https:\/\/www.akehedman.se\/wordpress\/?p=20781","url_meta":{"origin":23839,"position":1},"title":"Ohhhhh&#8230;ja&#8230;. och suck! p\u00e5 utandning.","author":"\u00c5ke Hedman","date":"2016-06-22","format":false,"excerpt":"I London regnar det. Inte h\u00e4r. Men p\u00e5 midsommarafton skall det visst g\u00f6ra det. Den som lever f\u00e5r se. Som det heter. Vad spelar det f\u00f6r roll? Egentligen. Jordgubbst\u00e5rta g\u00e5r det att \u00e4ta \u00e4nd\u00e5. \u00a0 Jag drar ner persienner det f\u00f6rsta jag g\u00f6r n\u00e4r jag kommer ner p\u00e5 kontoret, det\u2026","rel":"","context":"In &quot;Betraktelser &amp; Ber\u00e4ttelse&quot;","block_context":{"text":"Betraktelser &amp; Ber\u00e4ttelse","link":"https:\/\/www.akehedman.se\/wordpress\/?cat=24"},"img":{"alt_text":"gammal_schafer_webb","src":"https:\/\/i0.wp.com\/www.akehedman.se\/wordpress\/wp-content\/uploads\/2016\/06\/gammal_schafer_webb.jpg?resize=350%2C200","width":350,"height":200,"srcset":"https:\/\/i0.wp.com\/www.akehedman.se\/wordpress\/wp-content\/uploads\/2016\/06\/gammal_schafer_webb.jpg?resize=350%2C200 1x, https:\/\/i0.wp.com\/www.akehedman.se\/wordpress\/wp-content\/uploads\/2016\/06\/gammal_schafer_webb.jpg?resize=525%2C300 1.5x, https:\/\/i0.wp.com\/www.akehedman.se\/wordpress\/wp-content\/uploads\/2016\/06\/gammal_schafer_webb.jpg?resize=700%2C400 2x"},"classes":[]},{"id":19264,"url":"https:\/\/www.akehedman.se\/wordpress\/?p=19264","url_meta":{"origin":23839,"position":2},"title":"Bondkakor","author":"\u00c5ke Hedman","date":"2015-12-16","format":false,"excerpt":"Har man nu b\u00f6nder miljarder sl\u00e4ktled tillbaks i sin sl\u00e4kt s\u00e5 gillar man s\u00e5klart bondkakor. I fjol gillade jag de julnybakta bondkakorna s\u00e5 mycket att de tog slut innan jul och K fick baka en ny omg\u00e5ng. Fr\u00e5gan \u00e4r om det inte lutar \u00e5t samma h\u00e5ll i \u00e5r.\u00a0 Hmmmmm.... Karakt\u00e4r\u2026","rel":"","context":"In &quot;Betraktelser &amp; Ber\u00e4ttelse&quot;","block_context":{"text":"Betraktelser &amp; Ber\u00e4ttelse","link":"https:\/\/www.akehedman.se\/wordpress\/?cat=24"},"img":{"alt_text":"bondkakor","src":"https:\/\/i0.wp.com\/www.akehedman.se\/wordpress\/wp-content\/uploads\/2015\/12\/bondkakor.jpg?resize=350%2C200","width":350,"height":200},"classes":[]},{"id":32222,"url":"https:\/\/www.akehedman.se\/wordpress\/?p=32222","url_meta":{"origin":23839,"position":3},"title":"Visst","author":"\u00c5ke Hedman","date":"2019-05-20","format":false,"excerpt":"Sommartemperaturer d\u00e4r ute. Gr\u00f6nt s\u00e5 att man f\u00e5r overflow i \u00f6gonen. Blommor planterade i amplar och upph\u00e4ngda. En l\u00e5ng k\u00f6 av annat som v\u00e4ntar p\u00e5 att f\u00e5 komma ut men som \u00e4n s\u00e5 l\u00e4nge bara f\u00e5r g\u00f6ra kortare bes\u00f6k d\u00e4r ute i intensivt ljus. H\u00e4rliga men br\u00e5da tider. Det \u00e4r\u2026","rel":"","context":"In &quot;Betraktelser &amp; Ber\u00e4ttelse&quot;","block_context":{"text":"Betraktelser &amp; Ber\u00e4ttelse","link":"https:\/\/www.akehedman.se\/wordpress\/?cat=24"},"img":{"alt_text":"","src":"https:\/\/i0.wp.com\/www.akehedman.se\/wordpress\/wp-content\/uploads\/2019\/05\/IMG_20190514_150215832.jpg?resize=350%2C200&ssl=1","width":350,"height":200,"srcset":"https:\/\/i0.wp.com\/www.akehedman.se\/wordpress\/wp-content\/uploads\/2019\/05\/IMG_20190514_150215832.jpg?resize=350%2C200&ssl=1 1x, https:\/\/i0.wp.com\/www.akehedman.se\/wordpress\/wp-content\/uploads\/2019\/05\/IMG_20190514_150215832.jpg?resize=525%2C300&ssl=1 1.5x, https:\/\/i0.wp.com\/www.akehedman.se\/wordpress\/wp-content\/uploads\/2019\/05\/IMG_20190514_150215832.jpg?resize=700%2C400&ssl=1 2x, https:\/\/i0.wp.com\/www.akehedman.se\/wordpress\/wp-content\/uploads\/2019\/05\/IMG_20190514_150215832.jpg?resize=1050%2C600&ssl=1 3x, https:\/\/i0.wp.com\/www.akehedman.se\/wordpress\/wp-content\/uploads\/2019\/05\/IMG_20190514_150215832.jpg?resize=1400%2C800&ssl=1 4x"},"classes":[]},{"id":8553,"url":"https:\/\/www.akehedman.se\/wordpress\/?p=8553","url_meta":{"origin":23839,"position":4},"title":"+6 grader Celsius","author":"\u00c5ke Hedman","date":"2013-08-15","format":false,"excerpt":"Kall tidningsh\u00e4mtning. Citrontr\u00e4det skriker \u00e5t mig att \"nu j\u00e4vlar var det allt n\u00e4ra\" men jag \u00e4r f\u00f6r tr\u00f6tt f\u00f6r att lyssna f\u00f6r noga p\u00e5 frusna citrontr\u00e4d som inte riktigt kan t\u00e4nkas sig att st\u00e5 ute n\u00e4r temperaturen kryper ner mot noll. Men min termometer s\u00e4ger sex grader n\u00e4r jag kommer\u2026","rel":"","context":"In &quot;Betraktelser &amp; Ber\u00e4ttelse&quot;","block_context":{"text":"Betraktelser &amp; Ber\u00e4ttelse","link":"https:\/\/www.akehedman.se\/wordpress\/?cat=24"},"img":{"alt_text":"images (1)","src":"https:\/\/i0.wp.com\/www.eurosource.se\/akhe\/wordpress\/wp-content\/uploads\/2013\/08\/images-1.jpg?resize=350%2C200","width":350,"height":200},"classes":[]},{"id":18727,"url":"https:\/\/www.akehedman.se\/wordpress\/?p=18727","url_meta":{"origin":23839,"position":5},"title":"Appl\u00e5der","author":"\u00c5ke Hedman","date":"2015-10-04","format":false,"excerpt":"En gammal elev gillar min musik, min r\u00f6st, min energi. Han skriver det i alla fall. Jag, l\u00e5ngt nere i jobb, blir glad. Det \u00e4r inte m\u00e5nga som s\u00e4ger goda saker om den. Ja och jag f\u00f6rtj\u00e4nar det inte heller antagligen. Det \u00e4r v\u00e4l kanske bara dynga. S\u00e5 n\u00e4r det\u2026","rel":"","context":"In &quot;Betraktelser &amp; Ber\u00e4ttelse&quot;","block_context":{"text":"Betraktelser &amp; Ber\u00e4ttelse","link":"https:\/\/www.akehedman.se\/wordpress\/?cat=24"},"img":{"alt_text":"Albufeira","src":"https:\/\/i0.wp.com\/www.akehedman.se\/wordpress\/wp-content\/uploads\/2015\/09\/Albufeira-1024x685.jpg?resize=350%2C200","width":350,"height":200,"srcset":"https:\/\/i0.wp.com\/www.akehedman.se\/wordpress\/wp-content\/uploads\/2015\/09\/Albufeira-1024x685.jpg?resize=350%2C200 1x, https:\/\/i0.wp.com\/www.akehedman.se\/wordpress\/wp-content\/uploads\/2015\/09\/Albufeira-1024x685.jpg?resize=525%2C300 1.5x"},"classes":[]}],"jetpack_shortlink":"https:\/\/wp.me\/p68PL2-6cv","_links":{"self":[{"href":"https:\/\/www.akehedman.se\/wordpress\/index.php?rest_route=\/wp\/v2\/posts\/23839","targetHints":{"allow":["GET"]}}],"collection":[{"href":"https:\/\/www.akehedman.se\/wordpress\/index.php?rest_route=\/wp\/v2\/posts"}],"about":[{"href":"https:\/\/www.akehedman.se\/wordpress\/index.php?rest_route=\/wp\/v2\/types\/post"}],"author":[{"embeddable":true,"href":"https:\/\/www.akehedman.se\/wordpress\/index.php?rest_route=\/wp\/v2\/users\/24"}],"replies":[{"embeddable":true,"href":"https:\/\/www.akehedman.se\/wordpress\/index.php?rest_route=%2Fwp%2Fv2%2Fcomments&post=23839"}],"version-history":[{"count":2,"href":"https:\/\/www.akehedman.se\/wordpress\/index.php?rest_route=\/wp\/v2\/posts\/23839\/revisions"}],"predecessor-version":[{"id":23842,"href":"https:\/\/www.akehedman.se\/wordpress\/index.php?rest_route=\/wp\/v2\/posts\/23839\/revisions\/23842"}],"wp:attachment":[{"href":"https:\/\/www.akehedman.se\/wordpress\/index.php?rest_route=%2Fwp%2Fv2%2Fmedia&parent=23839"}],"wp:term":[{"taxonomy":"category","embeddable":true,"href":"https:\/\/www.akehedman.se\/wordpress\/index.php?rest_route=%2Fwp%2Fv2%2Fcategories&post=23839"},{"taxonomy":"post_tag","embeddable":true,"href":"https:\/\/www.akehedman.se\/wordpress\/index.php?rest_route=%2Fwp%2Fv2%2Ftags&post=23839"}],"curies":[{"name":"wp","href":"https:\/\/api.w.org\/{rel}","templated":true}]}}