{"id":23374,"date":"2017-02-16T09:09:30","date_gmt":"2017-02-16T08:09:30","guid":{"rendered":"http:\/\/www.akehedman.se\/wordpress\/?p=23374"},"modified":"2017-02-16T15:50:00","modified_gmt":"2017-02-16T14:50:00","slug":"att-forandra-varlden-4","status":"publish","type":"post","link":"https:\/\/www.akehedman.se\/wordpress\/?p=23374","title":{"rendered":"Att f\u00f6r\u00e4ndra v\u00e4rlden"},"content":{"rendered":"<p><img data-recalc-dims=\"1\" loading=\"lazy\" decoding=\"async\" class=\"alignnone size-full wp-image-23375\" src=\"https:\/\/i0.wp.com\/www.akehedman.se\/wordpress\/wp-content\/uploads\/2017\/02\/3336570-steve-jobs-quote-crazy.jpg?resize=580%2C368\" alt=\"\" width=\"580\" height=\"368\" \/><\/p>\n<p>Jod\u00e5, jag fick en dag till. Man inser det n\u00e4r man sl\u00e5r upp \u00f6gonen d\u00e4r i s\u00e4ngen. Tack uttalar man viskande. En torsdag till i livet. Torsdag \u00e4r de nya fredagarna h\u00e4r i huset. S\u00e5 k\u00e4nns det. Eller i alla fall en till fredag i veckan. Kan man ha f\u00f6r m\u00e5nga av dem? Egentligen. Ja s\u00e4kert. Trist om det \u00e4r fredag hela veckan. Kanske. Eller inte.<\/p>\n<p>Men det f\u00e5r vara som det vill med det d\u00e4r. Jag knappar p\u00e5. Eller l\u00e4gger sten p\u00e5 sten p\u00e5 sten. Dagarna g\u00e5r. Jag \u00e4r glad varje dag jag f\u00e5r vakna p\u00e5 morgonen, \u00f6ppna \u00f6gonen, och ha en ny dag framf\u00f6r mig. En ny dag inneb\u00e4r mer tid att f\u00f6r\u00e4ndra v\u00e4rlden p\u00e5.<\/p>\n<blockquote><p>Det \u00e4r bara galningar som f\u00f6r\u00e4ndrar v\u00e4rlden<\/p><\/blockquote>\n<p>s\u00e4ger Jobs i sitt ber\u00f6mda Stanford tal. S\u00e5 jag har chansen. \u00c5tminstone vad det g\u00e4ller det kriteriet. Men han hade s\u00e5klart fel i m\u00e5ngt och mycket den gode Jobs ocks\u00e5. Han var som alla andra han med. Men om man inte tror p\u00e5 det man g\u00f6r \u00e4r det d\u00e5 n\u00e5gon ide att h\u00e5lla p\u00e5 \u00f6ver huvud taget?<\/p>\n<p>Men de flesta &#8220;lyckas&#8221; s\u00e5klart aldrig i andras \u00f6gon. Det g\u00e4ller att best\u00e4mma det d\u00e4r sj\u00e4lv. Har jag lyckats i det jag g\u00f6r. Ja och tittar man efter riktigt noga s\u00e5 lyckas man varje dag. Fast det \u00e4r s\u00e5klart oftast sm\u00e5 saker man lyckas med. I alla fall sedda fr\u00e5n en utanf\u00f6rst\u00e5ende betraktares position. Men visst kan man v\u00e4l till\u00e5ta sig att bli glad \u00f6ver de d\u00e4r framstegen. Sen f\u00f6r\u00e4ndrar man s\u00e5klart v\u00e4rlden. Vi \u00e4r alla del i det. Som sm\u00e5 kuggar i ett j\u00e4ttemaskineri. \u00c4r du os\u00e4ker p\u00e5 din betydelse som en kugge bland m\u00e5nga andra i det d\u00e4r maskineriet fundera lite \u00f6ver vad som skulle h\u00e4nda om din kugge f\u00f6rsvann.\u00a0 Nej visst den stora maskinen stannar kanske inte. De flesta av oss \u00e4r i alla fall kuggar som inte f\u00e5r hela alltihop att braka ihop. Det finns f\u00f6r mycket redundans inbyggd f\u00f6r det. Men det \u00e4r en j\u00e4kla massa i den d\u00e4r maskinen som avstannar n\u00e4r &#8220;din kugge&#8221; slutar att fungera. Man \u00e4r mer betydelsefull \u00e4n vad man normalt tror. Men man \u00e4r en v\u00e4rldsf\u00f6rb\u00e4ttrare.\u00a0 Japp, antingen man vill det eller inte. Det \u00e4r lika bra att inse det, ja jobba efter den devisen.<\/p>\n<p>Jag v\u00e4ntar p\u00e5 sotarmurre och dricker kaffe. Ja egentligen g\u00f6r jag v\u00e4l inte n\u00e5gon av de d\u00e4r sakerna med n\u00e5gon s\u00e4rskild inlevelse. De \u00e4r bara en del av livet. Men Hulk skall st\u00e4ngas av. Skruvar skall flyttas s\u00e5 att sotare kommer \u00e5t. Kaffemugg skall f\u00f6ras till mun upprepade g\u00e5nger. Det skall sv\u00e4ljas. Ja som synes har jag att st\u00e5 i. Borde v\u00e4l t\u00f6mma tv\u00e4ttmaskin och h\u00e4nga tv\u00e4tt ocks\u00e5. Prestera.<\/p>\n<p>Aprop\u00e5 Steve Jobs s\u00e5 kan man tro att man blir n\u00e5got f\u00f6r att man k\u00f6per en &#8220;If\u00e5n&#8221;. Ja en del tror att man blir en b\u00e4ttre m\u00e4nniska d\u00e5. En \u00f6verm\u00e4nniska liksom. Touched by God. Ja f\u00f6rr var det v\u00e4l m\u00e5nga som trodde detsamma n\u00e4r man k\u00f6pte en Saab. N\u00e5gon borde tala om f\u00f6r de h\u00e4r m\u00e4nniskorna att det bara \u00e4r en skroth\u00f6g de k\u00f6per. Inte m\u00e4rkv\u00e4rdigare \u00e4n alla andra skroth\u00f6gar. Allt \u00e4r skroth\u00f6gar. Dyrka, be och tro p\u00e5 gudar, det f\u00e5r man g\u00f6ra i kyrkan.<\/p>\n<p>Fast man f\u00e5r g\u00f6ra som man vill s\u00e5klart. Alla m\u00e5ste v\u00e4l ha en ledst\u00e5ng att h\u00e5lla fast vid. Men &#8220;X \u00e4r b\u00e4tter \u00e4n Y&#8221; diskussionerna har p\u00e5g\u00e5tt s\u00e5 j\u00e4vla l\u00e4nge nu utan att vi kommit en millimeter n\u00e4rmare ett slutgiltigt svar, s\u00e5 alla med n\u00e5gon slags f\u00f6rm\u00e5ga att t\u00e4nka sj\u00e4lvst\u00e4ndigt borde ha insett det orimliga och on\u00f6diga i att forts\u00e4tta de d\u00e4r evighetsdiskussionerna. Men till och med Compuserver och KOM systemet (QZ) fylldes av Macintosh kontra PC diskussioner n\u00e4r det begav sig. Det b\u00f6rjade liksom med den d\u00e4r fr\u00e5gan. G\u00e4sp.<\/p>\n<p>IoT tr\u00f6ttar fortfarande ut oss. Vertikaler och uppskrivna &#8220;ingenting&#8221;. Men intressant \u00e4r att vi befinner oss utvecklingsm\u00e4ssigt precis p\u00e5 samma position som f\u00f6r IBM PC (om man j\u00e4mf\u00f6r datorutvecklingen) eller Internet (om man j\u00e4mf\u00f6r ihopkopplade datorer). I b\u00e5da fallen blev det som l\u00f6ste upp knuten en \u00f6ppen l\u00f6sning. S\u00e5 kommer det att bli nu ocks\u00e5.<\/p>\n<ul>\n<li>IoT enheter m\u00e5ste kunna prata med varandra p\u00e5 ett enhetligt s\u00e4tt. Japp sm\u00e5 j\u00e4vla enheter liksom stora bumlingar.<\/li>\n<li>IoT enheter m\u00e5ste kunna informera v\u00e4rlden att de finns d\u00e4r p\u00e5 ett enhetligt s\u00e4tt.<\/li>\n<li>IoT enheter m\u00e5ste g\u00e5 att konfigurera p\u00e5 ett enhetligt s\u00e4tt.<\/li>\n<li>IoT + s\u00e4kerhet.\u00a0 Ett m\u00e5ste.<\/li>\n<li>IoT inneb\u00e4r m\u00e5ngfald n\u00e4r det g\u00e4ller transport. Nope det \u00e4r inte bara tr\u00e5dl\u00f6sa sensorer som pratar IP upp till en molntj\u00e4nst. F\u00e5 det ur dumhuvudet NU!<\/li>\n<li>ja och en massa annat.<\/li>\n<\/ul>\n<p>Tala nu inte om f\u00f6r n\u00e5gon att VSCP l\u00f6ser allt det d\u00e4r. Att det gjorde det f\u00f6r en herran massa \u00e5r sedan. Jag gillar att s\u00e4ga &#8220;vad var det jag sa&#8221; n\u00e4mligen. Fast det \u00e4r aldrig n\u00e5gon som h\u00f6r mig s\u00e4ga det iof. Jo v\u00e4ggarna. \u00c5 andra sidan har ju alla g\u00e5tt p\u00e5 en ny v\u00e4g s\u00e5 fort n\u00e5gon har g\u00e5tt efter den. S\u00e4ger de i alla fall. F\u00f6rst kommer pionj\u00e4rerna, sen kommer experterna. Massor av dem. Som zebraflockar v\u00e4ller de fram.<\/p>\n<p>Jag \u00e4r f\u00f6r gammal f\u00f6r det d\u00e4r. S\u00e5klart. Andra f\u00e5r ta de d\u00e4r striderna. Det har aldrig varit sv\u00e5rt att se att det g\u00e5r att tj\u00e4na pengar p\u00e5 de teknikskiften man genomlevt. Men bara de som har pengar tj\u00e4nar pengar. S\u00e5 f\u00f6r de flesta \u00e4r det d\u00e4r bara en sak man noterar ocks\u00e5. Att inbilla sig att vi (fortfarande) har ett klassl\u00f6st samh\u00e4lle \u00e4r att stoppa huvudet f\u00f6r djupt ned i sanden.<\/p>\n<p>VARF\u00d6R skriver jag all denna skit!?<\/p>\n<p>Det undrar jag&#8230;<\/p>\n","protected":false},"excerpt":{"rendered":"<p>Jod\u00e5, jag fick en dag till. Man inser det n\u00e4r man sl\u00e5r upp \u00f6gonen d\u00e4r i s\u00e4ngen. Tack uttalar man viskande. En torsdag till i livet. Torsdag \u00e4r de nya fredagarna h\u00e4r i huset. S\u00e5 k\u00e4nns det. Eller i alla fall en till fredag i veckan. Kan man ha f\u00f6r m\u00e5nga av dem? Egentligen. Ja [&hellip;]<\/p>\n","protected":false},"author":24,"featured_media":0,"comment_status":"open","ping_status":"open","sticky":false,"template":"","format":"standard","meta":{"_crdt_document":"","jetpack_post_was_ever_published":false,"_jetpack_newsletter_access":"","_jetpack_dont_email_post_to_subs":true,"_jetpack_newsletter_tier_id":0,"_jetpack_memberships_contains_paywalled_content":false,"_jetpack_memberships_contains_paid_content":false,"footnotes":"","jetpack_publicize_message":"","jetpack_publicize_feature_enabled":true,"jetpack_social_post_already_shared":true,"jetpack_social_options":{"image_generator_settings":{"template":"highway","default_image_id":0,"font":"","enabled":false},"version":2}},"categories":[24],"tags":[],"class_list":["post-23374","post","type-post","status-publish","format-standard","hentry","category-betraktelser"],"jetpack_publicize_connections":[],"jetpack_featured_media_url":"","jetpack_sharing_enabled":true,"jetpack_likes_enabled":true,"jetpack-related-posts":[{"id":18396,"url":"https:\/\/www.akehedman.se\/wordpress\/?p=18396","url_meta":{"origin":23374,"position":0},"title":"Att f\u00f6r\u00e4ndra v\u00e4rlden","author":"\u00c5ke Hedman","date":"2015-08-11","format":false,"excerpt":"Faxander p\u00e5 Sandvik f\u00e5r sparken. Det \u00e4r allts\u00e5 en bra dag. En st\u00f6rre f\u00f6rst\u00f6rare har Svensk industri aldrig sk\u00e5dat. Tyv\u00e4rr han han plocka ur sj\u00e4len ur Sandvik. De har en tuff resa f\u00f6r att \u00e5terta den, om det ens g\u00e5r. Flaggorna i topp idag allts\u00e5. Vi har blivit av med\u2026","rel":"","context":"In &quot;Betraktelser &amp; Ber\u00e4ttelse&quot;","block_context":{"text":"Betraktelser &amp; Ber\u00e4ttelse","link":"https:\/\/www.akehedman.se\/wordpress\/?cat=24"},"img":{"alt_text":"IMG_1169","src":"https:\/\/i0.wp.com\/www.akehedman.se\/wordpress\/wp-content\/uploads\/2015\/08\/IMG_1169-1024x768.jpg?resize=350%2C200","width":350,"height":200,"srcset":"https:\/\/i0.wp.com\/www.akehedman.se\/wordpress\/wp-content\/uploads\/2015\/08\/IMG_1169-1024x768.jpg?resize=350%2C200 1x, https:\/\/i0.wp.com\/www.akehedman.se\/wordpress\/wp-content\/uploads\/2015\/08\/IMG_1169-1024x768.jpg?resize=525%2C300 1.5x"},"classes":[]},{"id":27082,"url":"https:\/\/www.akehedman.se\/wordpress\/?p=27082","url_meta":{"origin":23374,"position":1},"title":"Ingen sten p\u00e5 sten idag","author":"\u00c5ke Hedman","date":"2018-02-09","format":false,"excerpt":"Fredag. Sitter med Arduino. Fast NodeMCU. ESP8266. En HowTo. Inget konstigt. Byter man ut Arduino IDE'n mot Visual Studio Code s\u00e5 \u00e4r det riktigt trevligt. Det \u00e4r demos. Det g\u00e5r att f\u00e5 saker att fungera. Alltid roligt det ju. Man fungerar ju s\u00e5. Liksom. Torsdag och fredag lekdagar. Numera. Sedan\u2026","rel":"","context":"In &quot;Betraktelser &amp; Ber\u00e4ttelse&quot;","block_context":{"text":"Betraktelser &amp; Ber\u00e4ttelse","link":"https:\/\/www.akehedman.se\/wordpress\/?cat=24"},"img":{"alt_text":"","src":"https:\/\/i0.wp.com\/www.akehedman.se\/wordpress\/wp-content\/uploads\/2018\/02\/IMG_20180208_091702877-1024x576.jpg?resize=350%2C200","width":350,"height":200,"srcset":"https:\/\/i0.wp.com\/www.akehedman.se\/wordpress\/wp-content\/uploads\/2018\/02\/IMG_20180208_091702877-1024x576.jpg?resize=350%2C200 1x, https:\/\/i0.wp.com\/www.akehedman.se\/wordpress\/wp-content\/uploads\/2018\/02\/IMG_20180208_091702877-1024x576.jpg?resize=525%2C300 1.5x"},"classes":[]},{"id":17428,"url":"https:\/\/www.akehedman.se\/wordpress\/?p=17428","url_meta":{"origin":23374,"position":2},"title":"Ibland ber jag om n\u00e5d med kn\u00e4ppta h\u00e4nder","author":"\u00c5ke Hedman","date":"2015-04-10","format":false,"excerpt":"Sn\u00f6slungan st\u00e5r d\u00e4r i garaget som ett r\u00f6tt monument \u00f6ver vintern som nu definitivt \u00e4r slut. Jovisst fan kan det komma mer sn\u00f6. F\u00f6rsta \u00e5ret vi bodde h\u00e4r sn\u00f6ade det till och med p\u00e5 midsommarafton och \u00e5tskilliga \u00e5r har majbrasorna f\u00e5tt skottas fram.\u00a0 Men \u00e4ven om den kommer den d\u00e4r\u2026","rel":"","context":"In &quot;Betraktelser &amp; Ber\u00e4ttelse&quot;","block_context":{"text":"Betraktelser &amp; Ber\u00e4ttelse","link":"https:\/\/www.akehedman.se\/wordpress\/?cat=24"},"img":{"alt_text":"kn\u00e4ppta-h\u00e4nder","src":"https:\/\/i0.wp.com\/www.eurosource.se\/akhe\/wordpress\/wp-content\/uploads\/2015\/04\/kn%C3%A4ppta-h%C3%A4nder-1024x668.jpg?resize=350%2C200","width":350,"height":200,"srcset":"https:\/\/i0.wp.com\/www.eurosource.se\/akhe\/wordpress\/wp-content\/uploads\/2015\/04\/kn%C3%A4ppta-h%C3%A4nder-1024x668.jpg?resize=350%2C200 1x, https:\/\/i0.wp.com\/www.eurosource.se\/akhe\/wordpress\/wp-content\/uploads\/2015\/04\/kn%C3%A4ppta-h%C3%A4nder-1024x668.jpg?resize=525%2C300 1.5x"},"classes":[]},{"id":37916,"url":"https:\/\/www.akehedman.se\/wordpress\/?p=37916","url_meta":{"origin":23374,"position":3},"title":"Mitt i veckan &#8211; mitt i Sverige","author":"\u00c5ke Hedman","date":"2021-02-17","format":false,"excerpt":"Onsdagar \u00e4r v\u00e4l skapliga dagar det med. Inte lika bra s\u00e5klart som m\u00e5ndagar, de med en hel vecka l\u00e5tsasvecka liggande d\u00e4r or\u00f6rd framf\u00f6r sig. Men onsdagar har \u00e4nd\u00e5 tillr\u00e4ckligt m\u00e5nga dagar kvar f\u00f6r att... ja just det f\u00f6r\u00e4ndra v\u00e4rlden. Det d\u00e4r \"f\u00f6r\u00e4ndra v\u00e4rlden\" retar s\u00e4kert mer \u00e4n en. Vem tror\u2026","rel":"","context":"In &quot;Betraktelser &amp; Ber\u00e4ttelse&quot;","block_context":{"text":"Betraktelser &amp; Ber\u00e4ttelse","link":"https:\/\/www.akehedman.se\/wordpress\/?cat=24"},"img":{"alt_text":"","src":"https:\/\/i0.wp.com\/www.akehedman.se\/wordpress\/wp-content\/uploads\/2021\/02\/IMG_20210217_082255-scaled.jpg?resize=350%2C200&ssl=1","width":350,"height":200,"srcset":"https:\/\/i0.wp.com\/www.akehedman.se\/wordpress\/wp-content\/uploads\/2021\/02\/IMG_20210217_082255-scaled.jpg?resize=350%2C200&ssl=1 1x, https:\/\/i0.wp.com\/www.akehedman.se\/wordpress\/wp-content\/uploads\/2021\/02\/IMG_20210217_082255-scaled.jpg?resize=525%2C300&ssl=1 1.5x, https:\/\/i0.wp.com\/www.akehedman.se\/wordpress\/wp-content\/uploads\/2021\/02\/IMG_20210217_082255-scaled.jpg?resize=700%2C400&ssl=1 2x, https:\/\/i0.wp.com\/www.akehedman.se\/wordpress\/wp-content\/uploads\/2021\/02\/IMG_20210217_082255-scaled.jpg?resize=1050%2C600&ssl=1 3x, https:\/\/i0.wp.com\/www.akehedman.se\/wordpress\/wp-content\/uploads\/2021\/02\/IMG_20210217_082255-scaled.jpg?resize=1400%2C800&ssl=1 4x"},"classes":[]},{"id":26858,"url":"https:\/\/www.akehedman.se\/wordpress\/?p=26858","url_meta":{"origin":23374,"position":4},"title":"&#8220;Jag skall bara&#8230;&#8221;","author":"\u00c5ke Hedman","date":"2018-01-26","format":false,"excerpt":"\"Jag skall bara...\" det \u00e4r precis d\u00e4r jag \u00e4r nu. Innan 13.0.0 skeppas. Ja det \u00e4r nu ingen stor sak, men ganska mycket knappande. Ett \u00e5r. femton, sexton timmar per dag, sex dar i veckan, n\u00e5ja s\u00e4g tolv per dag f\u00f6r att kompensera f\u00f6r ledigheter, fredagskv\u00e4llar och s\u00e5nt. Allts\u00e5 52*6*12\u2026","rel":"","context":"In &quot;Betraktelser &amp; Ber\u00e4ttelse&quot;","block_context":{"text":"Betraktelser &amp; Ber\u00e4ttelse","link":"https:\/\/www.akehedman.se\/wordpress\/?cat=24"},"img":{"alt_text":"","src":"https:\/\/i0.wp.com\/www.akehedman.se\/wordpress\/wp-content\/uploads\/2018\/01\/IMG_20180126_112915022_HDR.png?resize=350%2C200","width":350,"height":200,"srcset":"https:\/\/i0.wp.com\/www.akehedman.se\/wordpress\/wp-content\/uploads\/2018\/01\/IMG_20180126_112915022_HDR.png?resize=350%2C200 1x, https:\/\/i0.wp.com\/www.akehedman.se\/wordpress\/wp-content\/uploads\/2018\/01\/IMG_20180126_112915022_HDR.png?resize=525%2C300 1.5x"},"classes":[]},{"id":27093,"url":"https:\/\/www.akehedman.se\/wordpress\/?p=27093","url_meta":{"origin":23374,"position":5},"title":"M\u00e5ndagsblues med v\u00e4nnerna","author":"\u00c5ke Hedman","date":"2018-02-12","format":false,"excerpt":"Det \u00e4r m\u00e5ndag hos mig. Gissar att det \u00e4r det hos er andra ocks\u00e5. Men helt s\u00e4ker kan jag inte vara eftersom jag antagligen inte kommer att prata med n\u00e5gon idag heller. Ja med mig sj\u00e4lv s\u00e5klart och kanske med han\/hon\/det\/gud. I b\u00e5da fallen \u00e4r det d\u00e4r r\u00e4tt meningsl\u00f6sa konversationer.\u2026","rel":"","context":"In &quot;Betraktelser &amp; Ber\u00e4ttelse&quot;","block_context":{"text":"Betraktelser &amp; Ber\u00e4ttelse","link":"https:\/\/www.akehedman.se\/wordpress\/?cat=24"},"img":{"alt_text":"","src":"https:\/\/i0.wp.com\/www.akehedman.se\/wordpress\/wp-content\/uploads\/2018\/02\/IMG_20180209_141319149-576x1024.jpg?resize=350%2C200","width":350,"height":200,"srcset":"https:\/\/i0.wp.com\/www.akehedman.se\/wordpress\/wp-content\/uploads\/2018\/02\/IMG_20180209_141319149-576x1024.jpg?resize=350%2C200 1x, https:\/\/i0.wp.com\/www.akehedman.se\/wordpress\/wp-content\/uploads\/2018\/02\/IMG_20180209_141319149-576x1024.jpg?resize=525%2C300 1.5x"},"classes":[]}],"jetpack_shortlink":"https:\/\/wp.me\/p68PL2-650","_links":{"self":[{"href":"https:\/\/www.akehedman.se\/wordpress\/index.php?rest_route=\/wp\/v2\/posts\/23374","targetHints":{"allow":["GET"]}}],"collection":[{"href":"https:\/\/www.akehedman.se\/wordpress\/index.php?rest_route=\/wp\/v2\/posts"}],"about":[{"href":"https:\/\/www.akehedman.se\/wordpress\/index.php?rest_route=\/wp\/v2\/types\/post"}],"author":[{"embeddable":true,"href":"https:\/\/www.akehedman.se\/wordpress\/index.php?rest_route=\/wp\/v2\/users\/24"}],"replies":[{"embeddable":true,"href":"https:\/\/www.akehedman.se\/wordpress\/index.php?rest_route=%2Fwp%2Fv2%2Fcomments&post=23374"}],"version-history":[{"count":2,"href":"https:\/\/www.akehedman.se\/wordpress\/index.php?rest_route=\/wp\/v2\/posts\/23374\/revisions"}],"predecessor-version":[{"id":23379,"href":"https:\/\/www.akehedman.se\/wordpress\/index.php?rest_route=\/wp\/v2\/posts\/23374\/revisions\/23379"}],"wp:attachment":[{"href":"https:\/\/www.akehedman.se\/wordpress\/index.php?rest_route=%2Fwp%2Fv2%2Fmedia&parent=23374"}],"wp:term":[{"taxonomy":"category","embeddable":true,"href":"https:\/\/www.akehedman.se\/wordpress\/index.php?rest_route=%2Fwp%2Fv2%2Fcategories&post=23374"},{"taxonomy":"post_tag","embeddable":true,"href":"https:\/\/www.akehedman.se\/wordpress\/index.php?rest_route=%2Fwp%2Fv2%2Ftags&post=23374"}],"curies":[{"name":"wp","href":"https:\/\/api.w.org\/{rel}","templated":true}]}}