{"id":23224,"date":"2017-02-06T10:11:27","date_gmt":"2017-02-06T09:11:27","guid":{"rendered":"http:\/\/www.akehedman.se\/wordpress\/?p=23224"},"modified":"2017-02-06T20:55:06","modified_gmt":"2017-02-06T19:55:06","slug":"tystnaden","status":"publish","type":"post","link":"https:\/\/www.akehedman.se\/wordpress\/?p=23224","title":{"rendered":"Tystnaden"},"content":{"rendered":"<p><img data-recalc-dims=\"1\" loading=\"lazy\" decoding=\"async\" class=\"alignnone size-full wp-image-23225\" src=\"https:\/\/i0.wp.com\/www.akehedman.se\/wordpress\/wp-content\/uploads\/2017\/02\/151216_Guide-till-tystnaden-Sthlm.jpg?resize=580%2C387\" alt=\"\" width=\"580\" height=\"387\" srcset=\"https:\/\/i0.wp.com\/www.akehedman.se\/wordpress\/wp-content\/uploads\/2017\/02\/151216_Guide-till-tystnaden-Sthlm.jpg?w=600&amp;ssl=1 600w, https:\/\/i0.wp.com\/www.akehedman.se\/wordpress\/wp-content\/uploads\/2017\/02\/151216_Guide-till-tystnaden-Sthlm.jpg?resize=300%2C200&amp;ssl=1 300w, https:\/\/i0.wp.com\/www.akehedman.se\/wordpress\/wp-content\/uploads\/2017\/02\/151216_Guide-till-tystnaden-Sthlm.jpg?resize=450%2C300&amp;ssl=1 450w\" sizes=\"auto, (max-width: 580px) 100vw, 580px\" \/><\/p>\n<p>Trumvirvlar fr\u00e5n tv\u00e5 hackspettar i en annars tyst skog. De har f\u00f6rm\u00e5ga att hitta de d\u00e4r tr\u00e4den med resonans. Det dundrar till r\u00e4tt bra. En n\u00e4ra, en annan lite l\u00e4ngre bort. N\u00e5gonstans en hona som skall imponeras p\u00e5 ocks\u00e5 gissar jag. V\u00e5rtrummande. K\u00e5ttrummande. Tidigt i \u00e5r. Brukar de inte trummas i mars? Till kattjamadet.<\/p>\n<p>Annars \u00e4r det tystnaden d\u00e4r i skogen som f\u00e5ngar mig mest. Visst jag h\u00f6r en korp l\u00e5ngt, l\u00e5ngt borta, och ibland d\u00e5 hackspettarnas &#8220;show off&#8221;. Men annars, inte ett ljud utom min andh\u00e4mtning. Ja och det \u00e4r fantastiskt. Jag st\u00e5r d\u00e4r en bra stund och lyssnar p\u00e5 ingenting. Fylls av tomhet.<\/p>\n<p>Jag skulle vilja bo i det d\u00e4r j\u00e4mt. Bo p\u00e5 en plats d\u00e4r ett ljud som inte h\u00f6r till f\u00e5r en att reagera. Jag vet ju att ocks\u00e5 natthimlen \u00e4r en annan p\u00e5 en s\u00e5dan plats. Tydligare i sin o\u00e4ndlighet. En det inte g\u00e5r att v\u00e4rja sig mot i dess storslagenhet. Att hela k\u00e4nslan \u00e4r en helt annan. Man h\u00f6r till. St\u00e5r inte \u00f6ver eller p\u00e5 sidan av en natur som f\u00f6dde en.<\/p>\n<p>Jag vet dock inte hur det skall g\u00e5 till.<\/p>\n<p>Mussp\u00e5r, ekorrsp\u00e5r, skator, en hund (eller \u00e4r det en varg) har g\u00e5tt h\u00e4r precis f\u00f6r mig. D\u00e4r har en hare skuttat fram. L\u00e4ngre fram har r\u00e4ven g\u00e5tt. N\u00e5gra kr\u00e5kor jagar iv\u00e4g en rovf\u00e5gel. Det st\u00f6r tystnaden en stund. Men rovf\u00e5geln vet att den inte kan vinna, s\u00e5 den flyr. Precis som den kommer att g\u00f6ra senare under s\u00e4songen n\u00e4r bj\u00f6rktrastarna ilsket jagar iv\u00e4g den. Samarbetar man blir man starkare. K\u00e4nns det igen?<\/p>\n<p>Det knarrar under mina skor f\u00f6r sn\u00f6n \u00e4r s\u00e5d\u00e4r lagom kall. Men bara fem grader. Kallare v\u00e4der p\u00e5 ing\u00e5ende. Det vet sn\u00f6n. Knarrar till sig redan nu d\u00e4r under f\u00f6tterna f\u00f6r att vara riktigt k\u00f6ldgnisslande knarrig under f\u00f6tterna n\u00e4r temperaturen g\u00e5r under minus tio. Hur f\u00f6rklarar man det d\u00e4r ljudet f\u00f6r n\u00e5gon som aldrig upplevt sn\u00f6? Hur f\u00f6rklarar man skillnaden i ljud av sn\u00f6 vid olika temperaturer.<\/p>\n<p>Jo jag skulle nog sakna sn\u00f6 \u00e4nd\u00e5. Problemet \u00e4r att jag inte skulle sakna vintern. Ol\u00f6sligt s\u00e5klart.<\/p>\n<p>Jag g\u00e5r en timme i det d\u00e4r. Njuter. Tr\u00f6ttar ut mig. Blir bl\u00f6t om f\u00f6tterna s\u00e5klart eftersom mina skor \u00e4r trasiga. Men vem bryr sig om det? En petitess i allt det h\u00e4r. En sm\u00e5sak. En vindpust. Jag kan g\u00e5 med lindade f\u00f6tter om det kr\u00e4vs.<\/p>\n<p>Hemma igen m\u00f6ter jag hunden som d\u00f6dade en av v\u00e5ra katter f\u00f6r n\u00e5got \u00e5r sedan. L\u00f6s igen s\u00e5klart. Jag f\u00e5r \u00f6ka p\u00e5 stegen. Katterna hemma oroliga. Verkar som den varit inne. Men jag r\u00e4knar in allesammans. St\u00e4nger igen luckan. Ingen kan komma in. Ingen kan ta sig ut.\u00a0 Jag har sagt att jag skall d\u00f6da den d\u00e4r hunden n\u00e4sta g\u00e5ng den kommer upp hit. Men i affekt. Precis efter att en katt som var en familjemedlem hade blivit d\u00f6dad. Men en dag kanske jag g\u00f6r det. Tar yxan och hugger huvudet av fanskapet. Mer vegetarian av etiska sj\u00e4l \u00e4n s\u00e5 \u00e4r jag nu \u00e4nd\u00e5 inte.<\/p>\n<p>Men efter promenad kan min vecka b\u00f6rja p\u00e5 riktigt. Timmarna ig\u00e5r r\u00e4knas inte. Om nu n\u00e5got i mitt liv r\u00e4knas l\u00e4ngre eller om ens jag sj\u00e4lv r\u00e4knas. Jo jag vet. En del kanske tycker det d\u00e4r l\u00e5ter bittert. Men d\u00e5 kanske man skall vara ledsen f\u00f6r det d\u00e4r. Ha en vilja att finnas. Det tror jag inte att jag har det l\u00e4ngre. Tycker det \u00e4r ganska sk\u00f6nt att ofinnas. Funderar p\u00e5 hemligt telefonnummer ocks\u00e5. P\u00e5 allvar. De som ringer \u00e4r \u00e4nd\u00e5 bara s\u00e4ljare och lurendrejare. N\u00e4stan. Tr\u00f6tt p\u00e5 de d\u00e4r tidstjuvarna. Sen d\u00e5 den d\u00e4r lilla stugan mitt ute i skogen. Friheten. Ja sen kan ni andra kl\u00e4ttra p\u00e5 era pyramider och vara b\u00e4st och st\u00f6rt och vackrast i vilken utstr\u00e4ckning ni vill utan att det st\u00f6r mig ett endaste dugg. Ja om sanningen skall fram s\u00e5 g\u00f6r det v\u00e4l inte det idag heller. Den d\u00e4r tystnaden avsl\u00f6jar allt det d\u00e4r. Det blir s\u00e5 solklart vad som \u00e4r viktigt.<\/p>\n","protected":false},"excerpt":{"rendered":"<p>Trumvirvlar fr\u00e5n tv\u00e5 hackspettar i en annars tyst skog. De har f\u00f6rm\u00e5ga att hitta de d\u00e4r tr\u00e4den med resonans. Det dundrar till r\u00e4tt bra. En n\u00e4ra, en annan lite l\u00e4ngre bort. N\u00e5gonstans en hona som skall imponeras p\u00e5 ocks\u00e5 gissar jag. V\u00e5rtrummande. K\u00e5ttrummande. Tidigt i \u00e5r. Brukar de inte trummas i mars? Till kattjamadet. Annars [&hellip;]<\/p>\n","protected":false},"author":24,"featured_media":0,"comment_status":"open","ping_status":"open","sticky":false,"template":"","format":"standard","meta":{"_crdt_document":"","jetpack_post_was_ever_published":false,"_jetpack_newsletter_access":"","_jetpack_dont_email_post_to_subs":true,"_jetpack_newsletter_tier_id":0,"_jetpack_memberships_contains_paywalled_content":false,"_jetpack_memberships_contains_paid_content":false,"footnotes":"","jetpack_publicize_message":"","jetpack_publicize_feature_enabled":true,"jetpack_social_post_already_shared":true,"jetpack_social_options":{"image_generator_settings":{"template":"highway","default_image_id":0,"font":"","enabled":false},"version":2}},"categories":[24],"tags":[],"class_list":["post-23224","post","type-post","status-publish","format-standard","hentry","category-betraktelser"],"jetpack_publicize_connections":[],"jetpack_featured_media_url":"","jetpack_sharing_enabled":true,"jetpack_likes_enabled":true,"jetpack-related-posts":[{"id":14407,"url":"https:\/\/www.akehedman.se\/wordpress\/?p=14407","url_meta":{"origin":23224,"position":0},"title":"Det \u00e4r tystnaden.","author":"\u00c5ke Hedman","date":"2014-08-16","format":false,"excerpt":"Det \u00e4r tystnaden, jag gl\u00f6mmer det ibland. Men idag st\u00e5r det fullst\u00e4ndigt klart f\u00f6r mig varf\u00f6r jag bor h\u00e4r mitt ute i ingenstans, granne med helvetet, Dalarna och J\u00e4mtland. Ja, vi har nyss bes\u00f6kt lill-helvetet utan att hitta n\u00e5gra b\u00e4r, tagit en kaffe p\u00e5 lingonberget och sk\u00e5dat dalg\u00e5ngen som till\u2026","rel":"","context":"In &quot;Betraktelser &amp; Ber\u00e4ttelse&quot;","block_context":{"text":"Betraktelser &amp; Ber\u00e4ttelse","link":"https:\/\/www.akehedman.se\/wordpress\/?cat=24"},"img":{"alt_text":"IMG_20140816_153827","src":"https:\/\/i0.wp.com\/www.eurosource.se\/akhe\/wordpress\/wp-content\/uploads\/2014\/08\/IMG_20140816_153827-1024x768.jpg?resize=350%2C200","width":350,"height":200,"srcset":"https:\/\/i0.wp.com\/www.eurosource.se\/akhe\/wordpress\/wp-content\/uploads\/2014\/08\/IMG_20140816_153827-1024x768.jpg?resize=350%2C200 1x, https:\/\/i0.wp.com\/www.eurosource.se\/akhe\/wordpress\/wp-content\/uploads\/2014\/08\/IMG_20140816_153827-1024x768.jpg?resize=525%2C300 1.5x"},"classes":[]},{"id":26569,"url":"https:\/\/www.akehedman.se\/wordpress\/?p=26569","url_meta":{"origin":23224,"position":1},"title":"Det \u00e4r tystnaden","author":"\u00c5ke Hedman","date":"2018-01-08","format":false,"excerpt":"Det \u00e4r tystnaden, alltid tystnaden som tar tag i mig och ruskar om mig och s\u00e4ger att \"Jodu, det h\u00e4r \u00e4r p\u00e5 riktigt\". Jag st\u00e5r d\u00e4r efter v\u00e4gen, jag promenerar, inga bilar, inga m\u00e4nniskor - inte ens p\u00e5 l\u00e5ngt h\u00e5ll - vindstilla, bara tr\u00e4d sn\u00f6 och jag och en himmel\u2026","rel":"","context":"In &quot;Betraktelser &amp; Ber\u00e4ttelse&quot;","block_context":{"text":"Betraktelser &amp; Ber\u00e4ttelse","link":"https:\/\/www.akehedman.se\/wordpress\/?cat=24"},"img":{"alt_text":"","src":"https:\/\/i0.wp.com\/www.akehedman.se\/wordpress\/wp-content\/uploads\/2017\/03\/20170306_084750-1024x576.png?resize=350%2C200","width":350,"height":200,"srcset":"https:\/\/i0.wp.com\/www.akehedman.se\/wordpress\/wp-content\/uploads\/2017\/03\/20170306_084750-1024x576.png?resize=350%2C200 1x, https:\/\/i0.wp.com\/www.akehedman.se\/wordpress\/wp-content\/uploads\/2017\/03\/20170306_084750-1024x576.png?resize=525%2C300 1.5x"},"classes":[]},{"id":18708,"url":"https:\/\/www.akehedman.se\/wordpress\/?p=18708","url_meta":{"origin":23224,"position":2},"title":"Jongl\u00f6r och fl\u00e5sandets uppf\u00f6rsbackar","author":"\u00c5ke Hedman","date":"2015-09-30","format":false,"excerpt":"Ibland \u00e4r det s\u00e5 tyst h\u00e4r p\u00e5 kontoret. Ja s\u00e5d\u00e4r lappsjuketyst. Inte ett ljud. Jo datorerna l\u00e5ter. Alla dessa fl\u00e4ktars brusande som man egentligen inte h\u00f6r men som st\u00e4ndigt finns d\u00e4r. Men annars helt tyst. Inte ens det gamla gula huset h\u00e4r p\u00e5 kullen kn\u00e4pper som det brukar. Vanligtvis vill\u2026","rel":"","context":"In &quot;Betraktelser &amp; Ber\u00e4ttelse&quot;","block_context":{"text":"Betraktelser &amp; Ber\u00e4ttelse","link":"https:\/\/www.akehedman.se\/wordpress\/?cat=24"},"img":{"alt_text":"juggler-juggling-axes-and-knives1","src":"https:\/\/i0.wp.com\/www.akehedman.se\/wordpress\/wp-content\/uploads\/2015\/09\/juggler-juggling-axes-and-knives1.jpg?resize=350%2C200","width":350,"height":200},"classes":[]},{"id":22744,"url":"https:\/\/www.akehedman.se\/wordpress\/?p=22744","url_meta":{"origin":23224,"position":3},"title":"Fetvadd","author":"\u00c5ke Hedman","date":"2017-01-04","format":false,"excerpt":"Det dimper ner. Sn\u00f6. Tv\u00e5 decimeter tysklandsv\u00e4rdshusdunt\u00e4ckesl\u00e4tt pudersn\u00f6. Kanske mer. Och det sn\u00f6ar p\u00e5. Vindar tilltar. Det blir en rolig dag. I alla fall p\u00e5 det viset. Men beh\u00f6ver jag inte ge mig ut p\u00e5 v\u00e4garna s\u00e5 g\u00f6r det s\u00e5klart inte n\u00e5got f\u00f6r min del. Det tar en halvtimme att\u2026","rel":"","context":"In &quot;Betraktelser &amp; Ber\u00e4ttelse&quot;","block_context":{"text":"Betraktelser &amp; Ber\u00e4ttelse","link":"https:\/\/www.akehedman.se\/wordpress\/?cat=24"},"img":{"alt_text":"","src":"https:\/\/i0.wp.com\/www.akehedman.se\/wordpress\/wp-content\/uploads\/2017\/01\/20170104_080858-e1483515298433-576x1024.png?resize=350%2C200","width":350,"height":200,"srcset":"https:\/\/i0.wp.com\/www.akehedman.se\/wordpress\/wp-content\/uploads\/2017\/01\/20170104_080858-e1483515298433-576x1024.png?resize=350%2C200 1x, https:\/\/i0.wp.com\/www.akehedman.se\/wordpress\/wp-content\/uploads\/2017\/01\/20170104_080858-e1483515298433-576x1024.png?resize=525%2C300 1.5x"},"classes":[]},{"id":45275,"url":"https:\/\/www.akehedman.se\/wordpress\/?p=45275","url_meta":{"origin":23224,"position":4},"title":"Tystnaden","author":"\u00c5ke Hedman","date":"2023-06-12","format":false,"excerpt":"Det \u00e4r n\u00e4stan natt h\u00e4r p\u00e5 kullen. Jag sitter i samma stol som jag satt i i morse. Inget te nu dock. Men g\u00f6r v\u00e4l samma saker. Ungef\u00e4r. Det d\u00e4r med natt f\u00f6rsten. Blir det n\u00e5gon \u00f6ver huvud taget nu n\u00e4r \u00e5rets sommar v\u00e4xer upp och skall bli stor. H\u00e4r\u2026","rel":"","context":"In &quot;Swedish&quot;","block_context":{"text":"Swedish","link":"https:\/\/www.akehedman.se\/wordpress\/?cat=2"},"img":{"alt_text":"trees surrounded by fogs","src":"https:\/\/i0.wp.com\/www.akehedman.se\/wordpress\/wp-content\/uploads\/2023\/06\/pexels-photo-262140.jpeg?resize=350%2C200&ssl=1","width":350,"height":200,"srcset":"https:\/\/i0.wp.com\/www.akehedman.se\/wordpress\/wp-content\/uploads\/2023\/06\/pexels-photo-262140.jpeg?resize=350%2C200&ssl=1 1x, https:\/\/i0.wp.com\/www.akehedman.se\/wordpress\/wp-content\/uploads\/2023\/06\/pexels-photo-262140.jpeg?resize=525%2C300&ssl=1 1.5x, https:\/\/i0.wp.com\/www.akehedman.se\/wordpress\/wp-content\/uploads\/2023\/06\/pexels-photo-262140.jpeg?resize=700%2C400&ssl=1 2x, https:\/\/i0.wp.com\/www.akehedman.se\/wordpress\/wp-content\/uploads\/2023\/06\/pexels-photo-262140.jpeg?resize=1050%2C600&ssl=1 3x, https:\/\/i0.wp.com\/www.akehedman.se\/wordpress\/wp-content\/uploads\/2023\/06\/pexels-photo-262140.jpeg?resize=1400%2C800&ssl=1 4x"},"classes":[]},{"id":17578,"url":"https:\/\/www.akehedman.se\/wordpress\/?p=17578","url_meta":{"origin":23224,"position":5},"title":"N\u00f6rf och n\u00f6ff","author":"\u00c5ke Hedman","date":"2015-04-16","format":false,"excerpt":"Det bl\u00e5ser. Men den l\u00f6sa pl\u00e5ten sitter kvar. Vinkar i vinden. En riktig k\u00e4mpe. Ja jag borde g\u00e5 upp och befria den som bel\u00f6ning f\u00f6r god kamp. Men \u00e4r f\u00f6r feg. F\u00f6r h\u00f6gt. Man kan d\u00f6. Vill leva. Jag sitter och v\u00e4ntar p\u00e5 att kaffet skall bli klart. Det puttrar,\u2026","rel":"","context":"In &quot;Betraktelser &amp; Ber\u00e4ttelse&quot;","block_context":{"text":"Betraktelser &amp; Ber\u00e4ttelse","link":"https:\/\/www.akehedman.se\/wordpress\/?cat=24"},"img":{"alt_text":"Glad-gris","src":"https:\/\/i0.wp.com\/www.akehedman.se\/wordpress\/wp-content\/uploads\/2015\/04\/Glad-gris-1024x683.jpg?resize=350%2C200","width":350,"height":200,"srcset":"https:\/\/i0.wp.com\/www.akehedman.se\/wordpress\/wp-content\/uploads\/2015\/04\/Glad-gris-1024x683.jpg?resize=350%2C200 1x, https:\/\/i0.wp.com\/www.akehedman.se\/wordpress\/wp-content\/uploads\/2015\/04\/Glad-gris-1024x683.jpg?resize=525%2C300 1.5x"},"classes":[]}],"jetpack_shortlink":"https:\/\/wp.me\/p68PL2-62A","_links":{"self":[{"href":"https:\/\/www.akehedman.se\/wordpress\/index.php?rest_route=\/wp\/v2\/posts\/23224","targetHints":{"allow":["GET"]}}],"collection":[{"href":"https:\/\/www.akehedman.se\/wordpress\/index.php?rest_route=\/wp\/v2\/posts"}],"about":[{"href":"https:\/\/www.akehedman.se\/wordpress\/index.php?rest_route=\/wp\/v2\/types\/post"}],"author":[{"embeddable":true,"href":"https:\/\/www.akehedman.se\/wordpress\/index.php?rest_route=\/wp\/v2\/users\/24"}],"replies":[{"embeddable":true,"href":"https:\/\/www.akehedman.se\/wordpress\/index.php?rest_route=%2Fwp%2Fv2%2Fcomments&post=23224"}],"version-history":[{"count":2,"href":"https:\/\/www.akehedman.se\/wordpress\/index.php?rest_route=\/wp\/v2\/posts\/23224\/revisions"}],"predecessor-version":[{"id":23236,"href":"https:\/\/www.akehedman.se\/wordpress\/index.php?rest_route=\/wp\/v2\/posts\/23224\/revisions\/23236"}],"wp:attachment":[{"href":"https:\/\/www.akehedman.se\/wordpress\/index.php?rest_route=%2Fwp%2Fv2%2Fmedia&parent=23224"}],"wp:term":[{"taxonomy":"category","embeddable":true,"href":"https:\/\/www.akehedman.se\/wordpress\/index.php?rest_route=%2Fwp%2Fv2%2Fcategories&post=23224"},{"taxonomy":"post_tag","embeddable":true,"href":"https:\/\/www.akehedman.se\/wordpress\/index.php?rest_route=%2Fwp%2Fv2%2Ftags&post=23224"}],"curies":[{"name":"wp","href":"https:\/\/api.w.org\/{rel}","templated":true}]}}