{"id":23191,"date":"2017-02-02T13:33:27","date_gmt":"2017-02-02T12:33:27","guid":{"rendered":"http:\/\/www.akehedman.se\/wordpress\/?p=23191"},"modified":"2017-02-02T13:33:27","modified_gmt":"2017-02-02T12:33:27","slug":"fikru-marus-situation-togs-upp-i-davosmotet-visa-hur-allvarligt-vi-ser-pa-situationen","status":"publish","type":"post","link":"https:\/\/www.akehedman.se\/wordpress\/?p=23191","title":{"rendered":"Fikru Marus situation togs upp i Davosm\u00f6tet: &#8220;Visa hur allvarligt vi ser p\u00e5 situationen&#8221;"},"content":{"rendered":"<p>Source: <em><a href=\"http:\/\/www.helahalsingland.se\/gavleborg\/hudiksvall\/fikru-marus-situation-togs-upp-i-davosmotet-visa-hur-allvarligt-vi-ser-pa-situationen\">Fikru Marus situation togs upp i Davosm\u00f6tet: &#8220;Visa hur allvarligt vi ser p\u00e5 situationen&#8221;<\/a><\/em><\/p>\n","protected":false},"excerpt":{"rendered":"<p>Source: Fikru Marus situation togs upp i Davosm\u00f6tet: &#8220;Visa hur allvarligt vi ser p\u00e5 situationen&#8221;<\/p>\n","protected":false},"author":24,"featured_media":0,"comment_status":"open","ping_status":"open","sticky":false,"template":"","format":"standard","meta":{"_crdt_document":"","jetpack_post_was_ever_published":false,"_jetpack_newsletter_access":"","_jetpack_dont_email_post_to_subs":false,"_jetpack_newsletter_tier_id":0,"_jetpack_memberships_contains_paywalled_content":false,"_jetpack_memberships_contains_paid_content":false,"footnotes":"","jetpack_publicize_message":"","jetpack_publicize_feature_enabled":true,"jetpack_social_post_already_shared":true,"jetpack_social_options":{"image_generator_settings":{"template":"highway","default_image_id":0,"font":"","enabled":false},"version":2}},"categories":[2],"tags":[],"class_list":["post-23191","post","type-post","status-publish","format-standard","hentry","category-swedish"],"jetpack_publicize_connections":[],"jetpack_featured_media_url":"","jetpack_sharing_enabled":true,"jetpack_likes_enabled":true,"jetpack-related-posts":[{"id":21828,"url":"https:\/\/www.akehedman.se\/wordpress\/?p=21828","url_meta":{"origin":23191,"position":0},"title":"F\u00f6rhandlar om Fikru Maru p\u00e5 h\u00f6gsta niv\u00e5 | SVT Nyheter","author":"\u00c5ke Hedman","date":"2016-10-13","format":false,"excerpt":"\u00c4ntligen! Idag kommenterar statsminister Stefan L\u00f6fv\u00e9n situationen f\u00f6r svenska l\u00e4karen Fikru Maru, som \u00e4r f\u00e4ngslad i Etiopien. Source: F\u00f6rhandlar om Fikru Maru p\u00e5 h\u00f6gsta niv\u00e5 | SVT Nyheter","rel":"","context":"In &quot;Swedish&quot;","block_context":{"text":"Swedish","link":"https:\/\/www.akehedman.se\/wordpress\/?cat=2"},"img":{"alt_text":"","src":"","width":0,"height":0},"classes":[]},{"id":27530,"url":"https:\/\/www.akehedman.se\/wordpress\/?p=27530","url_meta":{"origin":23191,"position":1},"title":"Domen mot Fikru Maru skjuts upp &#8211; P4 G\u00e4vleborg | Sveriges Radio","author":"\u00c5ke Hedman","date":"2018-03-12","format":false,"excerpt":"Allts\u00e5, det d\u00e4r landet!!! Domen\u00a0mot hj\u00e4rtl\u00e4karen Fikru Maru, fr\u00e5n Hudiksvall, som har suttit h\u00e4ktad i Etiopien i fyra \u00e5r och tio m\u00e5nader, \u00e4r skjuten p\u00e5 framtiden, erfar Ekot. Source: Domen mot Fikru Maru skjuts upp - P4 G\u00e4vleborg | Sveriges Radio","rel":"","context":"In &quot;Swedish&quot;","block_context":{"text":"Swedish","link":"https:\/\/www.akehedman.se\/wordpress\/?cat=2"},"img":{"alt_text":"","src":"","width":0,"height":0},"classes":[]},{"id":20381,"url":"https:\/\/www.akehedman.se\/wordpress\/?p=20381","url_meta":{"origin":23191,"position":2},"title":"Fikru Maru","author":"\u00c5ke Hedman","date":"2016-05-12","format":false,"excerpt":"Svart. L\u00e4kare. Fr\u00e5n Hudiksvall.\u00a0 http:\/\/www.helahalsingland.se\/tre-ar-utan-dom-for-fikru-maru-det-jag-varit-mest-radd-for-har-intraffat Hur hade det varit om Fikru Maru varit vit, l\u00e4kare, fr\u00e5n Stockholm? Annorlunda. Javisst. S\u00e4kert. Annorlunda fr\u00e4mst d\u00e4rf\u00f6r att han varit vit.\u00a0 Idag. 2016. Man sk\u00e4ms. Man f\u00f6rv\u00e5nas. Man KR\u00c4KS! Hur m\u00e5nga operationer hade han hunnit med p\u00e5 de h\u00e4r \u00e5ren. Hj\u00e4rtspecialisten. R\u00e4ddade liv. Otroligt\u2026","rel":"","context":"In &quot;Betraktelser &amp; Ber\u00e4ttelse&quot;","block_context":{"text":"Betraktelser &amp; Ber\u00e4ttelse","link":"https:\/\/www.akehedman.se\/wordpress\/?cat=24"},"img":{"alt_text":"830","src":"https:\/\/i0.wp.com\/www.akehedman.se\/wordpress\/wp-content\/uploads\/2016\/05\/830.jpg?resize=350%2C200","width":350,"height":200,"srcset":"https:\/\/i0.wp.com\/www.akehedman.se\/wordpress\/wp-content\/uploads\/2016\/05\/830.jpg?resize=350%2C200 1x, https:\/\/i0.wp.com\/www.akehedman.se\/wordpress\/wp-content\/uploads\/2016\/05\/830.jpg?resize=525%2C300 1.5x, https:\/\/i0.wp.com\/www.akehedman.se\/wordpress\/wp-content\/uploads\/2016\/05\/830.jpg?resize=700%2C400 2x"},"classes":[]},{"id":22416,"url":"https:\/\/www.akehedman.se\/wordpress\/?p=22416","url_meta":{"origin":23191,"position":3},"title":"Demonstration f\u00f6r Fikru Maru \u2013 vi lives\u00e4nder fr\u00e5n Etiopiens ambassad","author":"\u00c5ke Hedman","date":"2016-12-06","format":false,"excerpt":"Utm\u00e4rkt! P\u00e5 tisdagen samlas m\u00e4nniskor utanf\u00f6r Etiopiens ambassad f\u00f6r att demonstrera mot landets behandling av hj\u00e4rtsjuke l\u00e4karen Fikru Maru. Source: Demonstration f\u00f6r Fikru Maru \u2013 vi lives\u00e4nder fr\u00e5n Etiopiens ambassad","rel":"","context":"In &quot;Swedish&quot;","block_context":{"text":"Swedish","link":"https:\/\/www.akehedman.se\/wordpress\/?cat=2"},"img":{"alt_text":"","src":"","width":0,"height":0},"classes":[]},{"id":49660,"url":"https:\/\/www.akehedman.se\/wordpress\/?p=49660","url_meta":{"origin":23191,"position":4},"title":"Minnesord, Fikru Maru \u2013 Ljusdals-Posten","author":"\u00c5ke Hedman","date":"2025-05-15","format":false,"excerpt":"Var hj\u00e4rtl\u00e4kare p\u00e5 Hudiksvalls sjukhus \u2022 F\u00e4ngslad i Etiopien i fem \u00e5r Source: Minnesord, Fikru Maru \u2013 Ljusdals-Posten","rel":"","context":"In &quot;Swedish&quot;","block_context":{"text":"Swedish","link":"https:\/\/www.akehedman.se\/wordpress\/?cat=2"},"img":{"alt_text":"","src":"","width":0,"height":0},"classes":[]},{"id":22419,"url":"https:\/\/www.akehedman.se\/wordpress\/?p=22419","url_meta":{"origin":23191,"position":5},"title":"Fikru Maru opererad i Etiopien \u2013 gick \u00f6ver f\u00f6rv\u00e4ntan","author":"\u00c5ke Hedman","date":"2016-12-06","format":false,"excerpt":"Fikru Maru har nu opererats f\u00f6r sin kollapsade lunga och operationen gick \u00f6ver f\u00f6rv\u00e4ntan. Det rapporterar tidningen Svenska Dagbladet. Source: Fikru Maru opererad i Etiopien \u2013 gick \u00f6ver f\u00f6rv\u00e4ntan","rel":"","context":"In &quot;Swedish&quot;","block_context":{"text":"Swedish","link":"https:\/\/www.akehedman.se\/wordpress\/?cat=2"},"img":{"alt_text":"","src":"","width":0,"height":0},"classes":[]}],"jetpack_shortlink":"https:\/\/wp.me\/p68PL2-623","_links":{"self":[{"href":"https:\/\/www.akehedman.se\/wordpress\/index.php?rest_route=\/wp\/v2\/posts\/23191","targetHints":{"allow":["GET"]}}],"collection":[{"href":"https:\/\/www.akehedman.se\/wordpress\/index.php?rest_route=\/wp\/v2\/posts"}],"about":[{"href":"https:\/\/www.akehedman.se\/wordpress\/index.php?rest_route=\/wp\/v2\/types\/post"}],"author":[{"embeddable":true,"href":"https:\/\/www.akehedman.se\/wordpress\/index.php?rest_route=\/wp\/v2\/users\/24"}],"replies":[{"embeddable":true,"href":"https:\/\/www.akehedman.se\/wordpress\/index.php?rest_route=%2Fwp%2Fv2%2Fcomments&post=23191"}],"version-history":[{"count":1,"href":"https:\/\/www.akehedman.se\/wordpress\/index.php?rest_route=\/wp\/v2\/posts\/23191\/revisions"}],"predecessor-version":[{"id":23193,"href":"https:\/\/www.akehedman.se\/wordpress\/index.php?rest_route=\/wp\/v2\/posts\/23191\/revisions\/23193"}],"wp:attachment":[{"href":"https:\/\/www.akehedman.se\/wordpress\/index.php?rest_route=%2Fwp%2Fv2%2Fmedia&parent=23191"}],"wp:term":[{"taxonomy":"category","embeddable":true,"href":"https:\/\/www.akehedman.se\/wordpress\/index.php?rest_route=%2Fwp%2Fv2%2Fcategories&post=23191"},{"taxonomy":"post_tag","embeddable":true,"href":"https:\/\/www.akehedman.se\/wordpress\/index.php?rest_route=%2Fwp%2Fv2%2Ftags&post=23191"}],"curies":[{"name":"wp","href":"https:\/\/api.w.org\/{rel}","templated":true}]}}