{"id":23067,"date":"2017-01-27T17:24:49","date_gmt":"2017-01-27T16:24:49","guid":{"rendered":"http:\/\/www.akehedman.se\/wordpress\/?p=23067"},"modified":"2017-01-27T17:24:49","modified_gmt":"2017-01-27T16:24:49","slug":"forintelsen-svt-play","status":"publish","type":"post","link":"https:\/\/www.akehedman.se\/wordpress\/?p=23067","title":{"rendered":"F\u00f6rintelsen | SVT Play"},"content":{"rendered":"<blockquote><p><a href=\"http:\/\/www.svtplay.se\/genre\/forintelsen\"><img decoding=\"async\" class=\"alignnone size-full\" src=\"https:\/\/www.svtstatic.se\/image-cms\/svtse\/1485502857\/dokumentar\/article12124194.svt\/ALTERNATES\/medium\/anne-frank-a-1920-jpg\" alt=\"\" \/><\/a><\/p><\/blockquote>\n<blockquote><p>27 januari \u00e4r den internationella minnesdagen f\u00f6r F\u00f6rintelsens offer \u2013 samma datum som f\u00f6rintelsel\u00e4gret Auschwitz-Birkenau befriades 1945. Med anledning av detta samlar vi program och klipp p\u00e5 \u00e4mnet h\u00e4r.<\/p><\/blockquote>\n<p>Source: <em><a href=\"http:\/\/www.svtplay.se\/genre\/forintelsen\">F\u00f6rintelsen | SVT Play<\/a><\/em><\/p>\n","protected":false},"excerpt":{"rendered":"<p>27 januari \u00e4r den internationella minnesdagen f\u00f6r F\u00f6rintelsens offer \u2013 samma datum som f\u00f6rintelsel\u00e4gret Auschwitz-Birkenau befriades 1945. Med anledning av detta samlar vi program och klipp p\u00e5 \u00e4mnet h\u00e4r. Source: F\u00f6rintelsen | SVT Play<\/p>\n","protected":false},"author":24,"featured_media":0,"comment_status":"open","ping_status":"open","sticky":false,"template":"","format":"standard","meta":{"_crdt_document":"","jetpack_post_was_ever_published":false,"_jetpack_newsletter_access":"","_jetpack_dont_email_post_to_subs":false,"_jetpack_newsletter_tier_id":0,"_jetpack_memberships_contains_paywalled_content":false,"_jetpack_memberships_contains_paid_content":false,"footnotes":"","jetpack_publicize_message":"","jetpack_publicize_feature_enabled":true,"jetpack_social_post_already_shared":true,"jetpack_social_options":{"image_generator_settings":{"template":"highway","default_image_id":0,"font":"","enabled":false},"version":2}},"categories":[2],"tags":[],"class_list":["post-23067","post","type-post","status-publish","format-standard","hentry","category-swedish"],"jetpack_publicize_connections":[],"jetpack_featured_media_url":"","jetpack_sharing_enabled":true,"jetpack_likes_enabled":true,"jetpack-related-posts":[{"id":26823,"url":"https:\/\/www.akehedman.se\/wordpress\/?p=26823","url_meta":{"origin":23067,"position":0},"title":"Kattfilmen | SVT Play","author":"\u00c5ke Hedman","date":"2018-01-23","format":false,"excerpt":"Source: Kattfilmen | SVT Play","rel":"","context":"In &quot;Swedish&quot;","block_context":{"text":"Swedish","link":"https:\/\/www.akehedman.se\/wordpress\/?cat=2"},"img":{"alt_text":"","src":"","width":0,"height":0},"classes":[]},{"id":11279,"url":"https:\/\/www.akehedman.se\/wordpress\/?p=11279","url_meta":{"origin":23067,"position":1},"title":"Lunch 250 meter ovanf\u00f6r Manhattan | SVT Play","author":"\u00c5ke Hedman","date":"2013-12-02","format":false,"excerpt":"\u00a0 Lunch 250 meter ovanf\u00f6r Manhattan | SVT Play.","rel":"","context":"In &quot;Swedish&quot;","block_context":{"text":"Swedish","link":"https:\/\/www.akehedman.se\/wordpress\/?cat=2"},"img":{"alt_text":"","src":"","width":0,"height":0},"classes":[]},{"id":25194,"url":"https:\/\/www.akehedman.se\/wordpress\/?p=25194","url_meta":{"origin":23067,"position":2},"title":"Ulf Stureson tillbaka efter tio \u00e5rs tystnad | SVT Play","author":"\u00c5ke Hedman","date":"2017-08-30","format":false,"excerpt":"Source: Ulf Stureson tillbaka efter tio \u00e5rs tystnad | SVT Play","rel":"","context":"In &quot;Swedish&quot;","block_context":{"text":"Swedish","link":"https:\/\/www.akehedman.se\/wordpress\/?cat=2"},"img":{"alt_text":"","src":"","width":0,"height":0},"classes":[]},{"id":28767,"url":"https:\/\/www.akehedman.se\/wordpress\/?p=28767","url_meta":{"origin":23067,"position":3},"title":"Samir Abu Eid \u00e5terv\u00e4nder till SVT \u2013 blir \u201dpublikens korrespondent\u201d | SVT Nyheter","author":"\u00c5ke Hedman","date":"2018-06-01","format":false,"excerpt":"Perfekt. En av de b\u00e4sta! Source: Samir Abu Eid \u00e5terv\u00e4nder till SVT \u2013 blir \u201dpublikens korrespondent\u201d | SVT Nyheter","rel":"","context":"In &quot;Swedish&quot;","block_context":{"text":"Swedish","link":"https:\/\/www.akehedman.se\/wordpress\/?cat=2"},"img":{"alt_text":"","src":"","width":0,"height":0},"classes":[]},{"id":46134,"url":"https:\/\/www.akehedman.se\/wordpress\/?p=46134","url_meta":{"origin":23067,"position":4},"title":"Jacobs stege \u2013 Avsnitt 7 | SVT Play","author":"\u00c5ke Hedman","date":"2023-09-28","format":false,"excerpt":"Underh\u00e5llningsprogram med Jacob Dahlin. Medverkande: Benny Andersson, Kalle Moraeus, Lena Philipsson, Sven Wollter, Tommy K\u00f6rberg, Karin Glenmark, Brigitte Nielsen, Lena Andersson, Siw Malmkvist, Anni-Frid Lyngstad, Anna-Lotta Larsson, Maritza Horn, Barbro \"Lill-Babs\" Svensson, Pernilla Wahlgren, Anne-Lie Ryd\u00e9, Ingela \"Pling\" Forsman, Nanne Nordqvist (Gr\u00f6nvall), m.fl. Source: Jacobs stege \u2013 Avsnitt 7 |\u2026","rel":"","context":"In &quot;Swedish&quot;","block_context":{"text":"Swedish","link":"https:\/\/www.akehedman.se\/wordpress\/?cat=2"},"img":{"alt_text":"","src":"","width":0,"height":0},"classes":[]},{"id":37600,"url":"https:\/\/www.akehedman.se\/wordpress\/?p=37600","url_meta":{"origin":23067,"position":5},"title":"SVT g\u00f6r historisk storsatsning p\u00e5 lokal journalistik &#8211; SVT Om oss","author":"\u00c5ke Hedman","date":"2021-01-25","format":false,"excerpt":"Sveg i H\u00e4rjedalen som blir en bas f\u00f6r bevakning av delar av s\u00f6dra Norrlands inland. Bland annat fr\u00e5gor som r\u00f6r glesbygd, turism och ocks\u00e5 det samiska samh\u00e4llet kommer att kunna breddas tack vare den nya redaktionen. Source: SVT g\u00f6r historisk storsatsning p\u00e5 lokal journalistik - SVT Om oss","rel":"","context":"In &quot;Swedish&quot;","block_context":{"text":"Swedish","link":"https:\/\/www.akehedman.se\/wordpress\/?cat=2"},"img":{"alt_text":"","src":"","width":0,"height":0},"classes":[]}],"jetpack_shortlink":"https:\/\/wp.me\/p68PL2-603","_links":{"self":[{"href":"https:\/\/www.akehedman.se\/wordpress\/index.php?rest_route=\/wp\/v2\/posts\/23067","targetHints":{"allow":["GET"]}}],"collection":[{"href":"https:\/\/www.akehedman.se\/wordpress\/index.php?rest_route=\/wp\/v2\/posts"}],"about":[{"href":"https:\/\/www.akehedman.se\/wordpress\/index.php?rest_route=\/wp\/v2\/types\/post"}],"author":[{"embeddable":true,"href":"https:\/\/www.akehedman.se\/wordpress\/index.php?rest_route=\/wp\/v2\/users\/24"}],"replies":[{"embeddable":true,"href":"https:\/\/www.akehedman.se\/wordpress\/index.php?rest_route=%2Fwp%2Fv2%2Fcomments&post=23067"}],"version-history":[{"count":1,"href":"https:\/\/www.akehedman.se\/wordpress\/index.php?rest_route=\/wp\/v2\/posts\/23067\/revisions"}],"predecessor-version":[{"id":23068,"href":"https:\/\/www.akehedman.se\/wordpress\/index.php?rest_route=\/wp\/v2\/posts\/23067\/revisions\/23068"}],"wp:attachment":[{"href":"https:\/\/www.akehedman.se\/wordpress\/index.php?rest_route=%2Fwp%2Fv2%2Fmedia&parent=23067"}],"wp:term":[{"taxonomy":"category","embeddable":true,"href":"https:\/\/www.akehedman.se\/wordpress\/index.php?rest_route=%2Fwp%2Fv2%2Fcategories&post=23067"},{"taxonomy":"post_tag","embeddable":true,"href":"https:\/\/www.akehedman.se\/wordpress\/index.php?rest_route=%2Fwp%2Fv2%2Ftags&post=23067"}],"curies":[{"name":"wp","href":"https:\/\/api.w.org\/{rel}","templated":true}]}}