{"id":23043,"date":"2017-01-25T23:14:12","date_gmt":"2017-01-25T22:14:12","guid":{"rendered":"http:\/\/www.akehedman.se\/wordpress\/?p=23043"},"modified":"2017-01-25T23:14:12","modified_gmt":"2017-01-25T22:14:12","slug":"bodil-malmsten","status":"publish","type":"post","link":"https:\/\/www.akehedman.se\/wordpress\/?p=23043","title":{"rendered":"Bodil Malmsten"},"content":{"rendered":"<p><img data-recalc-dims=\"1\" loading=\"lazy\" decoding=\"async\" class=\"alignnone size-large wp-image-23044\" src=\"https:\/\/i0.wp.com\/www.akehedman.se\/wordpress\/wp-content\/uploads\/2017\/01\/bodil-malmsten-2-1024x576.jpg?resize=580%2C327\" alt=\"\" width=\"580\" height=\"327\" \/><\/p>\n<blockquote><p>&#8220;Bodil var en passionerad och stundtals en ganska olycklig m\u00e4nniska, vilket de flesta intelligenta m\u00e4nniskor \u00e4r.\u201d<\/p><\/blockquote>\n<p>F\u00f6rfattaren <strong>Agneta Pleijel<\/strong><\/p>\n<p>Och s\u00e5 <a href=\"https:\/\/open.spotify.com\/track\/5ARoVfyHsj7lfzYDiUbKM3\">Plura med sin l\u00e5t<\/a> Ja det \u00e4r den l\u00e5ten jag lyssnar p\u00e5 och kommer ih\u00e5g och saknar ett ansikte och en r\u00f6st.<\/p>\n<p>&nbsp;<\/p>\n<p>&nbsp;<\/p>\n","protected":false},"excerpt":{"rendered":"<p>&#8220;Bodil var en passionerad och stundtals en ganska olycklig m\u00e4nniska, vilket de flesta intelligenta m\u00e4nniskor \u00e4r.\u201d F\u00f6rfattaren Agneta Pleijel Och s\u00e5 Plura med sin l\u00e5t Ja det \u00e4r den l\u00e5ten jag lyssnar p\u00e5 och kommer ih\u00e5g och saknar ett ansikte och en r\u00f6st. &nbsp; &nbsp;<\/p>\n","protected":false},"author":24,"featured_media":0,"comment_status":"open","ping_status":"open","sticky":false,"template":"","format":"standard","meta":{"_crdt_document":"","jetpack_post_was_ever_published":false,"_jetpack_newsletter_access":"","_jetpack_dont_email_post_to_subs":false,"_jetpack_newsletter_tier_id":0,"_jetpack_memberships_contains_paywalled_content":false,"_jetpack_memberships_contains_paid_content":false,"footnotes":"","jetpack_publicize_message":"","jetpack_publicize_feature_enabled":true,"jetpack_social_post_already_shared":true,"jetpack_social_options":{"image_generator_settings":{"template":"highway","default_image_id":0,"font":"","enabled":false},"version":2}},"categories":[24],"tags":[],"class_list":["post-23043","post","type-post","status-publish","format-standard","hentry","category-betraktelser"],"jetpack_publicize_connections":[],"jetpack_featured_media_url":"","jetpack_sharing_enabled":true,"jetpack_likes_enabled":true,"jetpack-related-posts":[{"id":47984,"url":"https:\/\/www.akehedman.se\/wordpress\/?p=47984","url_meta":{"origin":23043,"position":0},"title":"Senast l\u00e4sta bok (Svartvita bilder)","author":"\u00c5ke Hedman","date":"2024-06-23","format":false,"excerpt":"Svartvita bilder av Bodil Malmsten Lysande om man ser till skrivkonsten. Man l\u00e4ser och vill kunna skriva s\u00e5d\u00e4r. Varje ord \u00e4r r\u00e4tt. Allt utom en sak. Historierna blir lite tunna. Utom de f\u00f6rsta novellerna. D\u00e4r finns historierna med ocks\u00e5. F\u00f6r mig \u00e4r historien viktigast, det \u00e4r den som b\u00e4r, ungef\u00e4r\u2026","rel":"","context":"In &quot;B\u00f6cker&quot;","block_context":{"text":"B\u00f6cker","link":"https:\/\/www.akehedman.se\/wordpress\/?cat=13"},"img":{"alt_text":"","src":"https:\/\/i0.wp.com\/www.akehedman.se\/wordpress\/wp-content\/uploads\/2024\/06\/svartvita-bilder-andra-noveller.jpg?resize=350%2C200&ssl=1","width":350,"height":200},"classes":[]},{"id":23686,"url":"https:\/\/www.akehedman.se\/wordpress\/?p=23686","url_meta":{"origin":23043,"position":1},"title":"Insn\u00f6ad","author":"\u00c5ke Hedman","date":"2017-03-13","format":false,"excerpt":"Japp, insn\u00f6ad, p\u00e5, Plura och Blues f\u00f6r Bodil Malmsten. Det \u00e4r egentligen bara en rad som f\u00e5r mig att trigga, f\u00f6rutom mollackorden d\u00e5 som fick den med i min lista. Men orden Hon hade alltid ett gott ord att s\u00e4ga om vad som kom ur mina h\u00e4nder. Syskonsj\u00e4lar som m\u00f6ts.\u2026","rel":"","context":"In &quot;Musik&quot;","block_context":{"text":"Musik","link":"https:\/\/www.akehedman.se\/wordpress\/?cat=9"},"img":{"alt_text":"","src":"","width":0,"height":0},"classes":[]},{"id":38561,"url":"https:\/\/www.akehedman.se\/wordpress\/?p=38561","url_meta":{"origin":23043,"position":2},"title":"Skydd","author":"\u00c5ke Hedman","date":"2021-04-22","format":false,"excerpt":"F\u00f6rutom en l\u00e4tt v\u00e4rk i vaccinationsomr\u00e5det s\u00e5 allt bra p\u00e5 vaccinationsfronten. Min Indiske v\u00e4n s\u00e4ger att \"det \u00e4r nu det b\u00f6rjar\". DNA i min kropp byts ut och jag kommer bli en lydig soldat i \u00f6verh\u00f6ghetens arme'. Som om jag inte var det redan. Deklaration inl\u00e4mnas p\u00e5 r\u00e4tt datum. Skatt\u2026","rel":"","context":"In &quot;Betraktelser &amp; Ber\u00e4ttelse&quot;","block_context":{"text":"Betraktelser &amp; Ber\u00e4ttelse","link":"https:\/\/www.akehedman.se\/wordpress\/?cat=24"},"img":{"alt_text":"","src":"https:\/\/i0.wp.com\/www.akehedman.se\/wordpress\/wp-content\/uploads\/2021\/04\/Screenshot-from-2021-04-22-07-35-00.png?resize=350%2C200&ssl=1","width":350,"height":200,"srcset":"https:\/\/i0.wp.com\/www.akehedman.se\/wordpress\/wp-content\/uploads\/2021\/04\/Screenshot-from-2021-04-22-07-35-00.png?resize=350%2C200&ssl=1 1x, https:\/\/i0.wp.com\/www.akehedman.se\/wordpress\/wp-content\/uploads\/2021\/04\/Screenshot-from-2021-04-22-07-35-00.png?resize=525%2C300&ssl=1 1.5x, https:\/\/i0.wp.com\/www.akehedman.se\/wordpress\/wp-content\/uploads\/2021\/04\/Screenshot-from-2021-04-22-07-35-00.png?resize=700%2C400&ssl=1 2x"},"classes":[]},{"id":17434,"url":"https:\/\/www.akehedman.se\/wordpress\/?p=17434","url_meta":{"origin":23043,"position":3},"title":"Tack gode gud f\u00f6r kaffe","author":"\u00c5ke Hedman","date":"2015-04-10","format":false,"excerpt":"Tack gode gud f\u00f6r kaffe!\u00a0 Ja kaffe efter en sista biten restpaj som blev kvar efter p\u00e5skhelgen. Jag lyckades inte ens br\u00e4nna den till sot vid uppv\u00e4rmningen. Det g\u00e5r bra nu. Ja Petter skrev den n\u00e4r det gick j\u00e4vligt d\u00e5ligt f\u00f6r honom. Den var och \u00e4r allts\u00e5 ren och sk\u00e4r\u2026","rel":"","context":"In &quot;Betraktelser &amp; Ber\u00e4ttelse&quot;","block_context":{"text":"Betraktelser &amp; Ber\u00e4ttelse","link":"https:\/\/www.akehedman.se\/wordpress\/?cat=24"},"img":{"alt_text":"002","src":"https:\/\/i0.wp.com\/www.eurosource.se\/akhe\/wordpress\/wp-content\/uploads\/2015\/04\/002-1024x768.jpg?resize=350%2C200","width":350,"height":200,"srcset":"https:\/\/i0.wp.com\/www.eurosource.se\/akhe\/wordpress\/wp-content\/uploads\/2015\/04\/002-1024x768.jpg?resize=350%2C200 1x, https:\/\/i0.wp.com\/www.eurosource.se\/akhe\/wordpress\/wp-content\/uploads\/2015\/04\/002-1024x768.jpg?resize=525%2C300 1.5x"},"classes":[]},{"id":23779,"url":"https:\/\/www.akehedman.se\/wordpress\/?p=23779","url_meta":{"origin":23043,"position":4},"title":"Ur mina h\u00e4nder&#8230;","author":"\u00c5ke Hedman","date":"2017-03-21","format":false,"excerpt":"Jag noterar det d\u00e4r huset. Det som ligger d\u00e4r ute p\u00e5 \u00f6n. Ja och det finns el, en spis, ett hus. jag ser mig sj\u00e4lv i det d\u00e4r huset. Bortkopplad fr\u00e5n v\u00e4rlden. Fast lite mobilt bredband kanske man skulle kunna unna sig. Men, ja, jo, d\u00e4r borde jag leva resten\u2026","rel":"","context":"In &quot;Betraktelser &amp; Ber\u00e4ttelse&quot;","block_context":{"text":"Betraktelser &amp; Ber\u00e4ttelse","link":"https:\/\/www.akehedman.se\/wordpress\/?cat=24"},"img":{"alt_text":"","src":"https:\/\/i0.wp.com\/www.akehedman.se\/wordpress\/wp-content\/uploads\/2017\/03\/20170321_220808-1024x576.png?resize=350%2C200","width":350,"height":200,"srcset":"https:\/\/i0.wp.com\/www.akehedman.se\/wordpress\/wp-content\/uploads\/2017\/03\/20170321_220808-1024x576.png?resize=350%2C200 1x, https:\/\/i0.wp.com\/www.akehedman.se\/wordpress\/wp-content\/uploads\/2017\/03\/20170321_220808-1024x576.png?resize=525%2C300 1.5x"},"classes":[]},{"id":48892,"url":"https:\/\/www.akehedman.se\/wordpress\/?p=48892","url_meta":{"origin":23043,"position":5},"title":"Bodil J\u00f6nsson 27 december 2024 &#8211; Sommar &#038; Vinter i P1 | Sveriges Radio","author":"\u00c5ke Hedman","date":"2025-01-02","format":false,"excerpt":"Fysikern om att kunskapsf\u00f6rm\u00f6rkelsen \u00e4r p\u00e5 v\u00e4g att tappa taget. Source: Bodil J\u00f6nsson 27 december 2024 - Sommar & Vinter i P1 | Sveriges Radio","rel":"","context":"In &quot;vetenskap&quot;","block_context":{"text":"vetenskap","link":"https:\/\/www.akehedman.se\/wordpress\/?cat=41"},"img":{"alt_text":"","src":"","width":0,"height":0},"classes":[]}],"jetpack_shortlink":"https:\/\/wp.me\/p68PL2-5ZF","_links":{"self":[{"href":"https:\/\/www.akehedman.se\/wordpress\/index.php?rest_route=\/wp\/v2\/posts\/23043","targetHints":{"allow":["GET"]}}],"collection":[{"href":"https:\/\/www.akehedman.se\/wordpress\/index.php?rest_route=\/wp\/v2\/posts"}],"about":[{"href":"https:\/\/www.akehedman.se\/wordpress\/index.php?rest_route=\/wp\/v2\/types\/post"}],"author":[{"embeddable":true,"href":"https:\/\/www.akehedman.se\/wordpress\/index.php?rest_route=\/wp\/v2\/users\/24"}],"replies":[{"embeddable":true,"href":"https:\/\/www.akehedman.se\/wordpress\/index.php?rest_route=%2Fwp%2Fv2%2Fcomments&post=23043"}],"version-history":[{"count":1,"href":"https:\/\/www.akehedman.se\/wordpress\/index.php?rest_route=\/wp\/v2\/posts\/23043\/revisions"}],"predecessor-version":[{"id":23045,"href":"https:\/\/www.akehedman.se\/wordpress\/index.php?rest_route=\/wp\/v2\/posts\/23043\/revisions\/23045"}],"wp:attachment":[{"href":"https:\/\/www.akehedman.se\/wordpress\/index.php?rest_route=%2Fwp%2Fv2%2Fmedia&parent=23043"}],"wp:term":[{"taxonomy":"category","embeddable":true,"href":"https:\/\/www.akehedman.se\/wordpress\/index.php?rest_route=%2Fwp%2Fv2%2Fcategories&post=23043"},{"taxonomy":"post_tag","embeddable":true,"href":"https:\/\/www.akehedman.se\/wordpress\/index.php?rest_route=%2Fwp%2Fv2%2Ftags&post=23043"}],"curies":[{"name":"wp","href":"https:\/\/api.w.org\/{rel}","templated":true}]}}