{"id":23013,"date":"2017-01-24T18:29:13","date_gmt":"2017-01-24T17:29:13","guid":{"rendered":"http:\/\/www.akehedman.se\/wordpress\/?p=23013"},"modified":"2017-01-24T20:32:09","modified_gmt":"2017-01-24T19:32:09","slug":"professor-kjell-a-nordstroms-dom-over-landsbygden-snart-en-skrapyta-aftonbladet","status":"publish","type":"post","link":"https:\/\/www.akehedman.se\/wordpress\/?p=23013","title":{"rendered":"Professor Kjell A Nordstr\u00f6ms dom \u00f6ver landsbygden: \u201dSnart en skr\u00e4pyta\u201d | Aftonbladet"},"content":{"rendered":"<p>&#8220;Bara skog&#8221;. S\u00e5 dumt och s\u00e5 Iph\u00e5nigt!<\/p>\n<blockquote><p><a href=\"http:\/\/www.aftonbladet.se\/nyheter\/a\/r7Q50\/professorn-landsbygden-snart-en-skrapyta\"><img decoding=\"async\" class=\"alignnone size-full\" src=\"https:\/\/imgs.aftonbladet-cdn.se\/v2\/images\/262333c4-7b5e-4fb5-92da-1c6d97ad321b?fit=crop&amp;h=545&amp;w=1000&amp;s=c940f906fd0094c6da027137eb25444a34270658\" alt=\"\" \/><\/a>Stockholmsprofessorn Kjell A. Nordstr\u00f6m har lagt sin stenh\u00e5rda dom \u00f6ver glesbygdens framtid \u2013\u00a0samtidigt som han f\u00f6rutsp\u00e5r en enorm tillv\u00e4xt i huvudstaden.<\/p><\/blockquote>\n<p>Source: <em><a href=\"http:\/\/www.aftonbladet.se\/nyheter\/a\/r7Q50\/professorn-landsbygden-snart-en-skrapyta\">Professor Kjell A Nordstr\u00f6ms dom \u00f6ver landsbygden: \u201dSnart en skr\u00e4pyta\u201d | Aftonbladet<\/a><\/em><\/p>\n","protected":false},"excerpt":{"rendered":"<p>&#8220;Bara skog&#8221;. S\u00e5 dumt och s\u00e5 Iph\u00e5nigt! Stockholmsprofessorn Kjell A. Nordstr\u00f6m har lagt sin stenh\u00e5rda dom \u00f6ver glesbygdens framtid \u2013\u00a0samtidigt som han f\u00f6rutsp\u00e5r en enorm tillv\u00e4xt i huvudstaden. Source: Professor Kjell A Nordstr\u00f6ms dom \u00f6ver landsbygden: \u201dSnart en skr\u00e4pyta\u201d | Aftonbladet<\/p>\n","protected":false},"author":24,"featured_media":0,"comment_status":"open","ping_status":"open","sticky":false,"template":"","format":"standard","meta":{"_crdt_document":"","jetpack_post_was_ever_published":false,"_jetpack_newsletter_access":"","_jetpack_dont_email_post_to_subs":true,"_jetpack_newsletter_tier_id":0,"_jetpack_memberships_contains_paywalled_content":false,"_jetpack_memberships_contains_paid_content":false,"footnotes":"","jetpack_publicize_message":"","jetpack_publicize_feature_enabled":true,"jetpack_social_post_already_shared":true,"jetpack_social_options":{"image_generator_settings":{"template":"highway","default_image_id":0,"font":"","enabled":false},"version":2}},"categories":[2],"tags":[],"class_list":["post-23013","post","type-post","status-publish","format-standard","hentry","category-swedish"],"jetpack_publicize_connections":[],"jetpack_featured_media_url":"","jetpack_sharing_enabled":true,"jetpack_likes_enabled":true,"jetpack-related-posts":[{"id":35851,"url":"https:\/\/www.akehedman.se\/wordpress\/?p=35851","url_meta":{"origin":23013,"position":0},"title":"Kjell H\u00f6glund \u00e5rets Cornelisstipendiat","author":"\u00c5ke Hedman","date":"2020-08-19","format":false,"excerpt":"S\u00e5ngaren, f\u00f6rfattaren och l\u00e5tskrivaren Kjell H\u00f6glund f\u00e5r \u00e5rets Cornelis Vreeswijk-stipendium p\u00e5 en halv miljon kronor. \u2013 Jag blev mycket glad och mycket f\u00f6rv\u00e5nad, s\u00e4ger han till TT. Source: Kjell H\u00f6glund \u00e5rets Cornelisstipendiat En v\u00e4rdig pristagare som alltid g\u00e5tt sin egen v\u00e4g utan att s\u00e4lja en endaste bit av sig sj\u00e4lv.\u2026","rel":"","context":"In &quot;Swedish&quot;","block_context":{"text":"Swedish","link":"https:\/\/www.akehedman.se\/wordpress\/?cat=2"},"img":{"alt_text":"","src":"","width":0,"height":0},"classes":[]},{"id":48404,"url":"https:\/\/www.akehedman.se\/wordpress\/?p=48404","url_meta":{"origin":23013,"position":1},"title":"Kjell H\u00f6glunds \u201dGenesarets sj\u00f6\u201d invald bland v\u00e4rldens b\u00e4sta l\u00e5tar | SVT Nyheter","author":"\u00c5ke Hedman","date":"2024-09-16","format":false,"excerpt":"Sveriges radio P3 listar just nu v\u00e4rldens 300 b\u00e4sta l\u00e5tar sedan 1964, d\u00e5 radiokanalen startade. Kjell H\u00f6glunds l\u00e5t \u201dGenesarets sj\u00f6\u201d \u00e4r en av de utvalda l\u00e5tarna. Source: Kjell H\u00f6glunds \u201dGenesarets sj\u00f6\u201d invald bland v\u00e4rldens b\u00e4sta l\u00e5tar | SVT Nyheter","rel":"","context":"In &quot;Swedish&quot;","block_context":{"text":"Swedish","link":"https:\/\/www.akehedman.se\/wordpress\/?cat=2"},"img":{"alt_text":"","src":"","width":0,"height":0},"classes":[]},{"id":47198,"url":"https:\/\/www.akehedman.se\/wordpress\/?p=47198","url_meta":{"origin":23013,"position":2},"title":"N\u00e4r t\u00e5get l\u00e4mnar perrongen \u2013 i Kjell H\u00f6glunds sp\u00e5r | SVT Play","author":"\u00c5ke Hedman","date":"2024-02-26","format":false,"excerpt":"Dokument\u00e4r om s\u00e5ngaren, l\u00e5tskrivaren och f\u00f6rfattaren Kjell H\u00f6glund. H\u00f6glund \u00e4r ett unikum i svenskt musikliv, men har knappt setts till sedan han kollapsade innan en spelning 2008. Nu ber\u00e4ttar ist\u00e4llet andra hans historia. Filmen unders\u00f6ker varf\u00f6r musikerna Ellinor Brolin och Ellen Sundberg, oberoende av varandra, v\u00e4ljer att f\u00f6ra det H\u00f6glundska\u2026","rel":"","context":"In &quot;Musik&quot;","block_context":{"text":"Musik","link":"https:\/\/www.akehedman.se\/wordpress\/?cat=9"},"img":{"alt_text":"","src":"","width":0,"height":0},"classes":[]},{"id":92,"url":"https:\/\/www.akehedman.se\/wordpress\/?p=92","url_meta":{"origin":23013,"position":3},"title":"Woxstock","author":"\u00c5ke Hedman","date":"2007-07-07","format":false,"excerpt":"Ig\u00c3\u00a5r gick Woxstock av stapeln igen. \u00c3\u2013nskade att jag kunnat vara d\u00c3\u00a4r men av olika anledningar gick inte det. V\u00c3\u00a5r gamle trummis Follan skulle vara bandv\u00c3\u00a4rd f\u00c3\u00b6r Nocturn rites tillsammans med sin son vilket g\u00c3\u00b6r mig helt s\u00c3\u00a4ker p\u00c3\u00a5 att dom fick det b\u00c3\u00a4sta bem\u00c3\u00b6tande man kan f\u00c3\u00a5. Det had\u2026","rel":"","context":"In &quot;Swedish&quot;","block_context":{"text":"Swedish","link":"https:\/\/www.akehedman.se\/wordpress\/?cat=2"},"img":{"alt_text":"","src":"","width":0,"height":0},"classes":[]},{"id":38665,"url":"https:\/\/www.akehedman.se\/wordpress\/?p=38665","url_meta":{"origin":23013,"position":4},"title":"Internet r\u00e4ddar inte landsbygden | Aftonbladet","author":"\u00c5ke Hedman","date":"2021-05-03","format":false,"excerpt":"Det hj\u00e4lper inte med enkla l\u00f6sningar p\u00e5 sv\u00e5ra problem Source: Internet r\u00e4ddar inte landsbygden | Aftonbladet","rel":"","context":"In &quot;Swedish&quot;","block_context":{"text":"Swedish","link":"https:\/\/www.akehedman.se\/wordpress\/?cat=2"},"img":{"alt_text":"","src":"","width":0,"height":0},"classes":[]},{"id":1696,"url":"https:\/\/www.akehedman.se\/wordpress\/?p=1696","url_meta":{"origin":23013,"position":5},"title":"Mer lokal musik \u00e5t folket!","author":"\u00c5ke Hedman","date":"2012-10-04","format":false,"excerpt":"\u00d6ppet brev till lokalradion i kungariket Sverige. N\u00e4r jag var ung s\u00e5 kunde vi direkt skriva och f\u00e5 svar fr\u00e5n Kersti Adams Ray, Kjell Alinge och andra storheter. Dom tog oss unga musiker p\u00e5 allvar. Dom l\u00e4t oss synas och n\u00e5gra av oss blev ocks\u00e5 stora och synliga f\u00f6r andra\u2026","rel":"","context":"In &quot;Betraktelser &amp; Ber\u00e4ttelse&quot;","block_context":{"text":"Betraktelser &amp; Ber\u00e4ttelse","link":"https:\/\/www.akehedman.se\/wordpress\/?cat=24"},"img":{"alt_text":"","src":"","width":0,"height":0},"classes":[]}],"jetpack_shortlink":"https:\/\/wp.me\/p68PL2-5Zb","_links":{"self":[{"href":"https:\/\/www.akehedman.se\/wordpress\/index.php?rest_route=\/wp\/v2\/posts\/23013","targetHints":{"allow":["GET"]}}],"collection":[{"href":"https:\/\/www.akehedman.se\/wordpress\/index.php?rest_route=\/wp\/v2\/posts"}],"about":[{"href":"https:\/\/www.akehedman.se\/wordpress\/index.php?rest_route=\/wp\/v2\/types\/post"}],"author":[{"embeddable":true,"href":"https:\/\/www.akehedman.se\/wordpress\/index.php?rest_route=\/wp\/v2\/users\/24"}],"replies":[{"embeddable":true,"href":"https:\/\/www.akehedman.se\/wordpress\/index.php?rest_route=%2Fwp%2Fv2%2Fcomments&post=23013"}],"version-history":[{"count":2,"href":"https:\/\/www.akehedman.se\/wordpress\/index.php?rest_route=\/wp\/v2\/posts\/23013\/revisions"}],"predecessor-version":[{"id":23015,"href":"https:\/\/www.akehedman.se\/wordpress\/index.php?rest_route=\/wp\/v2\/posts\/23013\/revisions\/23015"}],"wp:attachment":[{"href":"https:\/\/www.akehedman.se\/wordpress\/index.php?rest_route=%2Fwp%2Fv2%2Fmedia&parent=23013"}],"wp:term":[{"taxonomy":"category","embeddable":true,"href":"https:\/\/www.akehedman.se\/wordpress\/index.php?rest_route=%2Fwp%2Fv2%2Fcategories&post=23013"},{"taxonomy":"post_tag","embeddable":true,"href":"https:\/\/www.akehedman.se\/wordpress\/index.php?rest_route=%2Fwp%2Fv2%2Ftags&post=23013"}],"curies":[{"name":"wp","href":"https:\/\/api.w.org\/{rel}","templated":true}]}}