{"id":22847,"date":"2017-01-11T23:48:38","date_gmt":"2017-01-11T22:48:38","guid":{"rendered":"http:\/\/www.akehedman.se\/wordpress\/?p=22847"},"modified":"2017-01-12T22:43:07","modified_gmt":"2017-01-12T21:43:07","slug":"en-befriare-och-van","status":"publish","type":"post","link":"https:\/\/www.akehedman.se\/wordpress\/?p=22847","title":{"rendered":"En befriare och v\u00e4n"},"content":{"rendered":"<p><img data-recalc-dims=\"1\" loading=\"lazy\" decoding=\"async\" class=\"alignnone size-full wp-image-2113\" src=\"https:\/\/i0.wp.com\/www.akehedman.se\/wordpress\/wp-content\/uploads\/2012\/11\/stearinljus1.jpg?resize=283%2C350\" alt=\"\" width=\"283\" height=\"350\" srcset=\"https:\/\/i0.wp.com\/www.akehedman.se\/wordpress\/wp-content\/uploads\/2012\/11\/stearinljus1.jpg?w=283&amp;ssl=1 283w, https:\/\/i0.wp.com\/www.akehedman.se\/wordpress\/wp-content\/uploads\/2012\/11\/stearinljus1.jpg?resize=242%2C300&amp;ssl=1 242w\" sizes=\"auto, (max-width: 283px) 100vw, 283px\" \/><\/p>\n<p>Ljuset b\u00f6rjar fl\u00e4mta p\u00e5 det sista h\u00e4r inne i det som f\u00f6rut var monteringsrum men nu \u00e4r l\u00e5tsaskontor. Jag kodar p\u00e5. Vad skall jag annars g\u00f6ra? Egentligen \u00e4r v\u00e4l allt det h\u00e4r bara en v\u00e4ntan p\u00e5 pension, eller mer krasst, en v\u00e4ntan p\u00e5 d\u00f6den. Vi st\u00e5r ju d\u00e4r l\u00e4ngst fram nu med v\u00e5ra br\u00f6der och systrar vi som f\u00f6ljt v\u00e5ra f\u00f6r\u00e4ldrar och sl\u00e4ktingar till en sista vila s\u00e5 m\u00e5nga g\u00e5nger att det inte finns fler kvar att f\u00f6lja. N\u00e4sta g\u00e5ng, efter en kommande begravning, s\u00e5 \u00e4r det n\u00e5gon av oss som \u00e4r stj\u00e4rnan i sj\u00e4lva showen s\u00e5 att s\u00e4ga. Fast jag vill ju inte ha n\u00e5gon begravning. In i ugnen bara, ut som aska, aska som helst str\u00f6s i Voxnan,\u00a0 annars i skogen. Den d\u00e4r axelprotesen, titan tror jag, kan de kanske l\u00e4mna p\u00e5 material\u00e5tervinningen. Helt OK med mig i all fall. Den som br\u00e4nner mig kan kanske g\u00f6ra sig en krona p\u00e5 det d\u00e4r. V\u00e4l bekommet s\u00e4ger jag. Kan man v\u00e4l vara v\u00e4rd med det jobbet. Den har mest gjort ont. Pappkista blir det. Brinner bra.<\/p>\n<p>Fast man hoppas ju att det d\u00e4r tar ett tag innan det intr\u00e4ffar s\u00e5klart. Men man vet s\u00e5klart inte. R\u00e4tt vad det \u00e4r s\u00e5 ligger man d\u00e4r. Har blivit klar.<\/p>\n<p>Men f\u00f6rst begravning p\u00e5 m\u00e5ndag. Nej jag l\u00e4ngtar inte. Har n\u00e5gon n\u00e5gonsin l\u00e4ngtat till en begravning? Sen hem igen.\u00a0 De levande m\u00e5ste forts\u00e4tta leva sina liv.<\/p>\n<p>Men d\u00f6d \u00e4r v\u00e4l examen. Man vill ju g\u00e4rna summera och teckna ner ett liv i slutbetyget. De flesta har v\u00e4l gjort b\u00e5de bra saker och d\u00e5liga saker. Har varit m\u00e4nniskor och har inte kunnat annat. Andra \u00e4r det bara sk\u00f6nt att bli av med. Man gl\u00f6mmer dem s\u00e5 fort de \u00e4r i jorden.<\/p>\n<p>Man kan titta p\u00e5 sin hand, r\u00f6ra lite p\u00e5 fingrarna och t\u00e4nka att en dag s\u00e5 kommer man att elda upp den d\u00e4r r\u00e4tt perfekta handen. K\u00e4nns on\u00f6digt p\u00e5 n\u00e5got s\u00e4tt. Men sen inser man s\u00e5klart att det finns en massa andra h\u00e4nder i v\u00e4rlden. Yngre h\u00e4nder. H\u00e4nder som vill ut och r\u00f6ra p\u00e5 sig, gripa tag och g\u00f6ra obscena gester. Man b\u00f6r l\u00e4mna plats. F\u00e5r inte vara s\u00e5 sj\u00e4lvisk. Nejd\u00e5! Br\u00e4nn bara.<\/p>\n<p>Fast d\u00f6d har alltid varit n\u00e4rvarande i mitt sinne. Det \u00e4r lite f\u00e5nigt. Ja, jag vet. Ingen m\u00e5r bra av att g\u00e5 omkring och fundera \u00f6ver d\u00f6den titt som t\u00e4tt. Men jag har gjort det s\u00e5 l\u00e4nge som jag minns, s\u00e4kert sen tio\u00e5rs\u00e5ldern i alla fall, f\u00f6re det minns jag inte, och den har liksom blivit en gammal v\u00e4n med \u00e5ren. Ja det d\u00e4r framg\u00e5r ju tydligt h\u00e4r p\u00e5 bloggen s\u00e5klart. Kan skr\u00e4mma iv\u00e4g de modigaste.<\/p>\n<p>Med lite tur \u00e4r sv\u00e4rfars begravning den sista jag g\u00e5r p\u00e5. Japp, s\u00e4ger det fast jag \u00e4r v\u00e4l medveten om att den f\u00f6rhoppningen s\u00e4kert \u00e4nd\u00e5 inte sl\u00e5r in. Tur har jag inte. Men man kan hoppas. Per, sv\u00e4rfar, kommer s\u00e5klart att bli saknad. Precis som alla som g\u00e5tt f\u00f6re honom. Men man kan om\u00f6jligt gr\u00e5ta floder \u00f6ver n\u00e5gon som d\u00f6r vid 89. Japp sakna, sakna s\u00e5 man f\u00e5r t\u00e5rar i \u00f6gonen, s\u00e5 blir det ju. Men f\u00f6rv\u00e5nad \u00f6ver att d\u00f6den kommer, eller ledsen \u00f6ver att livet blev f\u00f6r kort. Nej det \u00e4r om\u00f6jligt s\u00e5klart. S\u00e5 var det med min mamma ocks\u00e5.\u00a0 Saknad s\u00e5klart, men d\u00f6den var en befriare och en v\u00e4n.<\/p>\n<p>Fast sorg \u00e4r ens egen och bara ens egen. Man kan inte s\u00f6rja \u00e5t n\u00e5gon annan. En del gr\u00e5ter floder, andra inte alls. Bara den med en trekvartshj\u00e4rna betygs\u00e4tter k\u00e4rleken efter sorgens uttryck.<\/p>\n<p>Nu t\u00e4nker jag g\u00e5 till s\u00e4ngs. Boken f\u00f6r tillf\u00e4llet utspelar sig i Afrika.\u00a0 Det befriar lite av den jag \u00e4r att befinna mig d\u00e4r just nu. Att se den kontinenten genom andra \u00f6gon. K\u00e4nna dofterna, v\u00e4rmen och v\u00e4rderingar som skiljer sig fr\u00e5n v\u00e5ra. F\u00f6rst\u00e5&#8230; kanske, f\u00f6rs\u00f6ka. Ja och s\u00e5klart inse att det egentligen inte skiljer s\u00e5 mycket. Vi \u00e4r ett och samma. Det stora \u00e4r lika, det lilla olika. Tittar man till f\u00f6r flyktigt ter sig skillnaderna stora just bara d\u00e4rf\u00f6r. S\u00e5 man f\u00e5r l\u00e4sa p\u00e5. Se ut genom &#8220;l\u00e5ne\u00f6gonen&#8221; ordentligt. L\u00e4ra sig n\u00e5got.<\/p>\n<p>Godnatt!<\/p>\n","protected":false},"excerpt":{"rendered":"<p>Ljuset b\u00f6rjar fl\u00e4mta p\u00e5 det sista h\u00e4r inne i det som f\u00f6rut var monteringsrum men nu \u00e4r l\u00e5tsaskontor. Jag kodar p\u00e5. Vad skall jag annars g\u00f6ra? Egentligen \u00e4r v\u00e4l allt det h\u00e4r bara en v\u00e4ntan p\u00e5 pension, eller mer krasst, en v\u00e4ntan p\u00e5 d\u00f6den. Vi st\u00e5r ju d\u00e4r l\u00e4ngst fram nu med v\u00e5ra br\u00f6der och [&hellip;]<\/p>\n","protected":false},"author":24,"featured_media":0,"comment_status":"open","ping_status":"open","sticky":false,"template":"","format":"standard","meta":{"_crdt_document":"","jetpack_post_was_ever_published":false,"_jetpack_newsletter_access":"","_jetpack_dont_email_post_to_subs":true,"_jetpack_newsletter_tier_id":0,"_jetpack_memberships_contains_paywalled_content":false,"_jetpack_memberships_contains_paid_content":false,"footnotes":"","jetpack_publicize_message":"","jetpack_publicize_feature_enabled":true,"jetpack_social_post_already_shared":true,"jetpack_social_options":{"image_generator_settings":{"template":"highway","default_image_id":0,"font":"","enabled":false},"version":2}},"categories":[24],"tags":[],"class_list":["post-22847","post","type-post","status-publish","format-standard","hentry","category-betraktelser"],"jetpack_publicize_connections":[],"jetpack_featured_media_url":"","jetpack_sharing_enabled":true,"jetpack_likes_enabled":true,"jetpack-related-posts":[{"id":12318,"url":"https:\/\/www.akehedman.se\/wordpress\/?p=12318","url_meta":{"origin":22847,"position":0},"title":"Att bli uppeldad i en oljeeldad br\u00e4nnkammare borde f\u00e5 vem som helst att klarna tankarna.","author":"\u00c5ke Hedman","date":"2014-03-04","format":false,"excerpt":"Jod\u00e5, jag h\u00f6rde klockorna ringa i morse. Jag \u00e4r helt s\u00e4ker, h\u00f6rde dom helt tydligt fr\u00e5n andra sidan sj\u00f6n. Dinggggg..., donggggg..., dinggggg..., donggggg... n\u00e5got s\u00e5n\u00e4r i takt, lite ost\u00e4mda, kanske lite slackande, som om klockaren var nyvaken eller kanske full. S\u00f6ndag \u00e4r det ju inte s\u00e5 jag gissade p\u00e5 begravning.\u2026","rel":"","context":"In &quot;Betraktelser &amp; Ber\u00e4ttelse&quot;","block_context":{"text":"Betraktelser &amp; Ber\u00e4ttelse","link":"https:\/\/www.akehedman.se\/wordpress\/?cat=24"},"img":{"alt_text":"klocka","src":"https:\/\/i0.wp.com\/www.akehedman.se\/wordpress\/wp-content\/uploads\/2014\/03\/klocka.jpg?resize=350%2C200","width":350,"height":200},"classes":[]},{"id":14277,"url":"https:\/\/www.akehedman.se\/wordpress\/?p=14277","url_meta":{"origin":22847,"position":1},"title":"Att \u00e4ta en elefant","author":"\u00c5ke Hedman","date":"2014-08-05","format":false,"excerpt":"Jag letar energi. P\u00e5 v\u00e4gen f\u00f6r att finna den g\u00f6r jag allt tr\u00e5kigt jag kan komma p\u00e5. Bokf\u00f6ringen f\u00f6r Juli. Monterar en elkontakt och drar en kabel. St\u00e4dar lite. Plockar om i lagerhyllorna. Monterar en ny kniv i etikettskrivaren. Lyssnar igenom en ny l\u00e5t. Mellan uppgifterna k\u00e4nner jag efter d\u00e5\u2026","rel":"","context":"In &quot;Betraktelser &amp; Ber\u00e4ttelse&quot;","block_context":{"text":"Betraktelser &amp; Ber\u00e4ttelse","link":"https:\/\/www.akehedman.se\/wordpress\/?cat=24"},"img":{"alt_text":"1933","src":"https:\/\/i0.wp.com\/www.eurosource.se\/akhe\/wordpress\/wp-content\/uploads\/2014\/08\/1933-1024x640.jpg?resize=350%2C200","width":350,"height":200,"srcset":"https:\/\/i0.wp.com\/www.eurosource.se\/akhe\/wordpress\/wp-content\/uploads\/2014\/08\/1933-1024x640.jpg?resize=350%2C200 1x, https:\/\/i0.wp.com\/www.eurosource.se\/akhe\/wordpress\/wp-content\/uploads\/2014\/08\/1933-1024x640.jpg?resize=525%2C300 1.5x"},"classes":[]},{"id":23021,"url":"https:\/\/www.akehedman.se\/wordpress\/?p=23021","url_meta":{"origin":22847,"position":2},"title":"&#8220;Elden \u00e4r l\u00f6s!&#8221;","author":"\u00c5ke Hedman","date":"2017-01-25","format":false,"excerpt":"Klockan \u00e4r en bit f\u00f6re \u00e5tta. Min l\u00e5tsasarbetsdag har b\u00f6rjat. En tur till centralorten \u00e4r det enda som st\u00e5r p\u00e5 listan av verkliga uppgifter. Annars \u00e4r allt annat p\u00e5 l\u00e5tsas och utan v\u00e4rde. I alla fall f\u00f6r alla andra \u00e4n f\u00f6r mig. Sj\u00e4lv forts\u00e4tter jag envist att tro att jag\u2026","rel":"","context":"In &quot;Betraktelser &amp; Ber\u00e4ttelse&quot;","block_context":{"text":"Betraktelser &amp; Ber\u00e4ttelse","link":"https:\/\/www.akehedman.se\/wordpress\/?cat=24"},"img":{"alt_text":"","src":"https:\/\/i0.wp.com\/www.akehedman.se\/wordpress\/wp-content\/uploads\/2017\/01\/20170125_083011-1024x576.png?resize=350%2C200","width":350,"height":200,"srcset":"https:\/\/i0.wp.com\/www.akehedman.se\/wordpress\/wp-content\/uploads\/2017\/01\/20170125_083011-1024x576.png?resize=350%2C200 1x, https:\/\/i0.wp.com\/www.akehedman.se\/wordpress\/wp-content\/uploads\/2017\/01\/20170125_083011-1024x576.png?resize=525%2C300 1.5x"},"classes":[]},{"id":27846,"url":"https:\/\/www.akehedman.se\/wordpress\/?p=27846","url_meta":{"origin":22847,"position":3},"title":"V\u00e4ntar","author":"\u00c5ke Hedman","date":"2018-04-08","format":false,"excerpt":"Sitter h\u00e4r och v\u00e4ntar p\u00e5 att de sista sn\u00f6n skall fara av taket. P\u00e5 norrsidan allts\u00e5. S\u00f6dersidans sn\u00f6m\u00e4ngder har redan brakat av. Kaboooom. Rakt p\u00e5 plommontr\u00e4det. S\u00e5klart. Var skulle sn\u00f6n annars hamna? Liksom. Fast framsidan (norrsidan) kvar allts\u00e5. Den ligger envist kvar d\u00e4r trotts regn idag, Ja och jag vet\u2026","rel":"","context":"In &quot;Betraktelser &amp; Ber\u00e4ttelse&quot;","block_context":{"text":"Betraktelser &amp; Ber\u00e4ttelse","link":"https:\/\/www.akehedman.se\/wordpress\/?cat=24"},"img":{"alt_text":"","src":"https:\/\/i0.wp.com\/www.akehedman.se\/wordpress\/wp-content\/uploads\/2018\/04\/IMG_20180405_152632935-1024x576.jpg?resize=350%2C200","width":350,"height":200,"srcset":"https:\/\/i0.wp.com\/www.akehedman.se\/wordpress\/wp-content\/uploads\/2018\/04\/IMG_20180405_152632935-1024x576.jpg?resize=350%2C200 1x, https:\/\/i0.wp.com\/www.akehedman.se\/wordpress\/wp-content\/uploads\/2018\/04\/IMG_20180405_152632935-1024x576.jpg?resize=525%2C300 1.5x"},"classes":[]},{"id":22092,"url":"https:\/\/www.akehedman.se\/wordpress\/?p=22092","url_meta":{"origin":22847,"position":4},"title":"Utan att knota","author":"\u00c5ke Hedman","date":"2016-11-13","format":false,"excerpt":"Det \u00e4r s\u00f6ndag. Jag sitter h\u00e4r och mitt ljus \u00e4r t\u00e4nt. K \u00e4r nere p\u00e5 biblioteket och tar emot det resande teaters\u00e4llskapet. Det skall bli barnteater imorgon h\u00e4r i byn. I hennes v\u00e4rld h\u00e4nder det saker. Det \u00e4r bra. Det \u00e4r s\u00e5 ocks\u00e5 jag h\u00f6r att v\u00e4rlden verkligen snurrar d\u00e4r\u2026","rel":"","context":"In &quot;Betraktelser &amp; Ber\u00e4ttelse&quot;","block_context":{"text":"Betraktelser &amp; Ber\u00e4ttelse","link":"https:\/\/www.akehedman.se\/wordpress\/?cat=24"},"img":{"alt_text":"fogden","src":"https:\/\/i0.wp.com\/www.akehedman.se\/wordpress\/wp-content\/uploads\/2016\/11\/fogden.png?resize=350%2C200","width":350,"height":200},"classes":[]},{"id":22469,"url":"https:\/\/www.akehedman.se\/wordpress\/?p=22469","url_meta":{"origin":22847,"position":5},"title":"Semeltider","author":"\u00c5ke Hedman","date":"2016-12-08","format":false,"excerpt":"Petite och jag nere p\u00e5 l\u00e5tsaskontoret. K p\u00e5 jul\u00e4ventyr med kamrater. Fest n av m d\u00e4r m>n. Jod\u00e5. hon \u00e4r den popul\u00e4re h\u00e4r i familjen. Sj\u00e4lv blir jag aldrig bjuden. Som om sur o-coola gubbar nu n\u00e5gonsin blivit det. Fast b\u00e4st det kanske. Vi kan f\u00f6rst\u00f6ra varje glad tillst\u00e4llning med\u2026","rel":"","context":"In &quot;Betraktelser &amp; Ber\u00e4ttelse&quot;","block_context":{"text":"Betraktelser &amp; Ber\u00e4ttelse","link":"https:\/\/www.akehedman.se\/wordpress\/?cat=24"},"img":{"alt_text":"","src":"https:\/\/i0.wp.com\/www.akehedman.se\/wordpress\/wp-content\/uploads\/2013\/01\/Semla.jpg?resize=350%2C200","width":350,"height":200},"classes":[]}],"jetpack_shortlink":"https:\/\/wp.me\/p68PL2-5Wv","_links":{"self":[{"href":"https:\/\/www.akehedman.se\/wordpress\/index.php?rest_route=\/wp\/v2\/posts\/22847","targetHints":{"allow":["GET"]}}],"collection":[{"href":"https:\/\/www.akehedman.se\/wordpress\/index.php?rest_route=\/wp\/v2\/posts"}],"about":[{"href":"https:\/\/www.akehedman.se\/wordpress\/index.php?rest_route=\/wp\/v2\/types\/post"}],"author":[{"embeddable":true,"href":"https:\/\/www.akehedman.se\/wordpress\/index.php?rest_route=\/wp\/v2\/users\/24"}],"replies":[{"embeddable":true,"href":"https:\/\/www.akehedman.se\/wordpress\/index.php?rest_route=%2Fwp%2Fv2%2Fcomments&post=22847"}],"version-history":[{"count":2,"href":"https:\/\/www.akehedman.se\/wordpress\/index.php?rest_route=\/wp\/v2\/posts\/22847\/revisions"}],"predecessor-version":[{"id":22874,"href":"https:\/\/www.akehedman.se\/wordpress\/index.php?rest_route=\/wp\/v2\/posts\/22847\/revisions\/22874"}],"wp:attachment":[{"href":"https:\/\/www.akehedman.se\/wordpress\/index.php?rest_route=%2Fwp%2Fv2%2Fmedia&parent=22847"}],"wp:term":[{"taxonomy":"category","embeddable":true,"href":"https:\/\/www.akehedman.se\/wordpress\/index.php?rest_route=%2Fwp%2Fv2%2Fcategories&post=22847"},{"taxonomy":"post_tag","embeddable":true,"href":"https:\/\/www.akehedman.se\/wordpress\/index.php?rest_route=%2Fwp%2Fv2%2Ftags&post=22847"}],"curies":[{"name":"wp","href":"https:\/\/api.w.org\/{rel}","templated":true}]}}