{"id":22821,"date":"2017-01-10T09:48:36","date_gmt":"2017-01-10T08:48:36","guid":{"rendered":"http:\/\/www.akehedman.se\/wordpress\/?p=22821"},"modified":"2023-06-25T19:48:53","modified_gmt":"2023-06-25T18:48:53","slug":"en-sadan-manniska","status":"publish","type":"post","link":"https:\/\/www.akehedman.se\/wordpress\/?p=22821","title":{"rendered":"En s\u00e5dan m\u00e4nniska"},"content":{"rendered":"<p>En morgon n\u00e4r man lika gott kunde ha stannat kvar i s\u00e4ngen. Tr\u00f6tt allts\u00e5. Men kaffe p\u00e5satt, puttrar gott i bryggaren &#8211; doftar underbart &#8211; jag skall nog bli redo f\u00f6r den h\u00e4r dagen ocks\u00e5. Till slut.<\/p>\n<p>Himlen f\u00e4rgar sn\u00f6n blodr\u00f6d d\u00e4r ute, f\u00f6ruts\u00e4gelser om framtiden kanske, eller bara bl\u00e5sigt v\u00e4der n\u00e5gon annanstans p\u00e5 jorden. Vem vet. Egentligen. Vi tror. R\u00f6r oss i flock mot det som vi n\u00e5t konsensus om i v\u00e5ra tankar, eller det som makten best\u00e4mt att vi skall t\u00e4nka, men det \u00e4r inte alltid r\u00e4tt v\u00e4g. Ganska ofta fel v\u00e4g faktiskt. Fast vetenskapen vinner v\u00e4l \u00f6ver vidskepligheten ocks\u00e5 i min v\u00e4rld s\u00e5klart. I alla fall n\u00e4stan alltid. Men vi f\u00e5r inte gl\u00f6mma att vetenskapen har samma roll och makt idag som kyrkan hade p\u00e5 1600-talet. Nyt\u00e4nkande kommer att ha sv\u00e5rt att ta sig in i tankehirarkierna. Man m\u00e5ste alltid vara lite utanf\u00f6r och p\u00e5 sidan om f\u00f6r att h\u00e4nga med p\u00e5 riktigt. Mitt i knuffas man bara fram\u00e5t i den riktning massan valt.<\/p>\n<p>Jag har s\u00e4llan tid att bara sitta och leka nu f\u00f6r tiden. &#8220;Du leker ju hela tiden&#8221; s\u00e4ger n\u00e5gon. Ja och visst det kan se s\u00e5 ut. Kanske \u00e4r det sanningen rent utav.\u00a0 Men mitt l\u00e5tsasjobb \u00e4r ett projekt. Det finns m\u00e5sten i ett projekt. M\u00e5l.\u00a0 Massor att g\u00f6ra. Saker som man vill blir &#8220;klar&#8221; med. Tankar som man vill realisera f\u00f6r att se om det fungerar i verkligheten, fungerar utanf\u00f6r huvudet, som realiserad tanke. Det d\u00e4r att k\u00f6pa en Arduino och en sk\u00f6ld och leka lite finns det inte s\u00e5 mycket tid f\u00f6r. Fast jag borde s\u00e5klart. F\u00f6r att det \u00e4r roligt och stimulerar. F\u00f6r att det blir demoprojekt. I alla fall m\u00e5ste jag f\u00e5 upp min v\u00e4derstation. Den har legat monterad h\u00e4r inne i tv\u00e5 \u00e5r nu. Problemet \u00e4r att l\u00e4gger jag tv\u00e5 dagar p\u00e5 att f\u00e5 ig\u00e5ng den s\u00e5 g\u00e5r det bort tv\u00e5 dagar av tid som jag har alldeles f\u00f6r lite av. Japp, f\u00f6r lite, fast jag kan tyckas ha eoner av tid. Men bet\u00e4nk sextio bast. En ensam man som g\u00f6r jobbet hos tio. Man f\u00e5r ligga i d\u00e5. M\u00e5ste det. Det \u00e4r berg som skall flyttas. En hel v\u00e4rld som skall f\u00f6r\u00e4ndras.<\/p>\n<p>Fast farsan la av allts\u00e5. Sl\u00e4ppte allt och tog de lugnt de sista \u00e5ren. Vi runt honom gapade. Han som alltid varit en arbetsnarkoman av rang. Starkt gjort. S\u00e5 frisk\u00a0 kommer jag aldrig bli. Men man kan \u00e4nd\u00e5 hoppas. Men det k\u00e4nns tveksamt. T\u00e4nk posten\u00a0 &#8220;Jag \u00e4r tr\u00f6tt p\u00e5 VSCP projektet nu, nu f\u00e5r n\u00e5gon annan ta \u00f6ver&#8230;&#8221;.\u00a0 Ja j\u00e4vlar. Vad skall man g\u00f6ra sen liksom. Ja det vore s\u00e5klart inget problem att hitta nya saker. S\u00e5klart. Den d\u00e4r k\u00e4nslan hade man 1992 efter konkursen. Jaha, och nu d\u00e5!? En stor tomhet. En stor sorg, som om ett barn hade d\u00f6tt. Men en l\u00e4ttnad ocks\u00e5. Den sm\u00f6g sig p\u00e5 efter hand och blev till en stor l\u00e4ttnad. De d\u00e4r sista halv\u00e5ret n\u00e4r man g\u00e5tt upp och spytt varje morgon innan man gick till jobbet. Halv\u00e5ret d\u00e5 man f\u00f6rs\u00f6kte r\u00e4dda. Det tog slut i och med att jahg skickade in konkursans\u00f6kan. Men jag stred i tingsr\u00e4tterna efter\u00e5t ocks\u00e5. Mot fodrings\u00e4gare som f\u00f6rs\u00f6kte ta genv\u00e4gar. Man har \u00e4nd\u00e5 vissa s\u00e4kerheter som bolagsman i ett aktiebolag fast folk f\u00f6rs\u00f6ker s\u00e5klart \u00e4nd\u00e5. Passar p\u00e5 f\u00f6r att de vet att man \u00e4r s\u00e4nkt. Orkar man inte bestrida \u00e4r man k\u00f6rd f\u00f6r alltid. Man k\u00e4mpar.\u00a0 Men till slut s\u00e5klart. Man \u00e4r f\u00f6r ensam. Det blir f\u00f6r mycket. Man kan inte vinna. Jag gav upp. Gick vidare f\u00f6r att \u00f6verleva ist\u00e4llet f\u00f6r att s\u00e4tta en hagelb\u00f6ssa i munnen och trycka av och g\u00f6ra slut p\u00e5 allt. Ansvar f\u00f6re enkla utv\u00e4gar. Feg \u00e4r jag inte.<\/p>\n<p>Ja en dag kanske man kan ta det d\u00e4r beslutet. Att l\u00e4gga av. Oknappa. Risken \u00e4r bara att d\u00e5 tar det slut p\u00e5 mig med. Fast sannolikt skulle ett projekt bara avl\u00f6sas av ett annat. Jag \u00e4r nu \u00e4nd\u00e5 en s\u00e5dan m\u00e4nniska. Ser projekt \u00f6verallt. En s\u00e5dan som inte beh\u00f6vs om hen inte har pengar.<\/p>\n<p>Fast jag har slutat att g\u00f6ra saker f\u00f6r andras gillande. G\u00f6r f\u00f6r mig sj\u00e4lv mest numera. I alla fall n\u00e4r det g\u00e4ller mina projekt. Anv\u00e4nder n\u00e5gon, l\u00e4ser n\u00e5gon, lyssnar n\u00e5gon s\u00e5 m\u00e5 det vara h\u00e4nt. Skrivandet, musiken, kodandet. Min treenighet. Eller mina svagheter.<\/p>\n<p>En konstn\u00e4r, G\u00f6sta, i boken jag l\u00e4ser \u00e4r fattig i hela sitt liv. Blir uppt\u00e4ckt efter sin d\u00f6d. De h\u00e4nder ju r\u00e4tt ofta det d\u00e4r f\u00f6r konstn\u00e4rer. Att folk \u00e4r f\u00f6re sin tid under sin levnad. Nu b\u00f6rjar jag allts\u00e5 komma i en \u00e5lder n\u00e4r det d\u00e4r \u00e4r det enda man kan hoppas p\u00e5. Vad det nu skulle spela f\u00f6r roll n\u00e4r man \u00e4r d\u00f6d och borta. S\u00e5 nej, det spelar ju ingen roll det d\u00e4r heller. Man g\u00f6r det man m\u00e5ste. Ja och det har blivit mitt livsprojekt som Anders skrev. Mitt legacy. Kanske inte v\u00e4rt ett dugg egentligen. T\u00e4nka sig s\u00e5 mycket jobb till ingen nytta.<\/p>\n<p>Jag brukar se efternamnen p\u00e5 de som driver riskkapitalprojekten i Sverige idag. Ja och nog \u00e4r det oproportionerligt m\u00e5nga av de d\u00e4r h\u00f6gborgerliga namnen som man k\u00e4nner igen. Samma namn som st\u00e5r p\u00e5 postl\u00e5dor ute i Djursholm och i Liding\u00f6. Men man ser s\u00e5klart efter de sina. N\u00e4tverkande kallas det v\u00e4l. Det skall inte vara n\u00e5gra katter bland hermelinerna helt enkelt. Fast de har sitt s\u00e5klart. S\u00e5 mycket att leva upp till. S\u00e5 m\u00e5nga krav p\u00e5 framg\u00e5ng. Nej jag skulle inte vilja byta.<\/p>\n<p>Men min dag som redan b\u00f6rjat f\u00f6r n\u00e5gon timme sedan skall nu ta fart p\u00e5 allvar.\u00a0 Japp, det \u00e4r den d\u00e4r v\u00e4rlden som skall f\u00f6r\u00e4ndras. Jag tror fortfarande att en ensam man kan g\u00f6ra det. Om han jobbar p\u00e5. Galet kanske. Ja, kanske \u00e4r man bara en galen m\u00e4nniska. Men skit samma. Farfar kunde v\u00e4l ansetts som galen han med. Med lite vilja.\u00a0 D\u00e5 ligger det i sl\u00e4kten. Hellre galen \u00e4n en som inte ens blir ett mellanslag i det som skrivs om tiden. Jo, javisst.<\/p>\n","protected":false},"excerpt":{"rendered":"<p>En morgon n\u00e4r man lika gott kunde ha stannat kvar i s\u00e4ngen. Tr\u00f6tt allts\u00e5. Men kaffe p\u00e5satt, puttrar gott i bryggaren &#8211; doftar underbart &#8211; jag skall nog bli redo f\u00f6r den h\u00e4r dagen ocks\u00e5. Till slut. Himlen f\u00e4rgar sn\u00f6n blodr\u00f6d d\u00e4r ute, f\u00f6ruts\u00e4gelser om framtiden kanske, eller bara bl\u00e5sigt v\u00e4der n\u00e5gon annanstans p\u00e5 jorden. [&hellip;]<\/p>\n","protected":false},"author":24,"featured_media":0,"comment_status":"open","ping_status":"open","sticky":false,"template":"","format":"standard","meta":{"_crdt_document":"","jetpack_post_was_ever_published":false,"_jetpack_newsletter_access":"","_jetpack_dont_email_post_to_subs":false,"_jetpack_newsletter_tier_id":0,"_jetpack_memberships_contains_paywalled_content":false,"_jetpack_memberships_contains_paid_content":false,"footnotes":"","jetpack_publicize_message":"","jetpack_publicize_feature_enabled":true,"jetpack_social_post_already_shared":true,"jetpack_social_options":{"image_generator_settings":{"template":"highway","default_image_id":0,"font":"","enabled":false},"version":2}},"categories":[24],"tags":[],"class_list":["post-22821","post","type-post","status-publish","format-standard","hentry","category-betraktelser"],"jetpack_publicize_connections":[],"jetpack_featured_media_url":"","jetpack_sharing_enabled":true,"jetpack_likes_enabled":true,"jetpack-related-posts":[{"id":42158,"url":"https:\/\/www.akehedman.se\/wordpress\/?p=42158","url_meta":{"origin":22821,"position":0},"title":"Dumheten och de tre korna","author":"\u00c5ke Hedman","date":"2022-06-26","format":false,"excerpt":"Fl\u00e4kten p\u00e5 en dator l\u00e5ter som om den harar allt vad sommar heter. Jag g\u00e5r in f\u00f6r att r\u00e4dda det som r\u00e4ddas g\u00e5r men d\u00e5 tystnar den. Det \u00e4r n\u00e5got med datorfl\u00e4ktar. Ibland verkar det som om de m\u00e5ste skrika ut sin besvikelse p\u00e5 livet. Varf\u00f6r de inte blev en\u2026","rel":"","context":"In &quot;Betraktelser &amp; Ber\u00e4ttelse&quot;","block_context":{"text":"Betraktelser &amp; Ber\u00e4ttelse","link":"https:\/\/www.akehedman.se\/wordpress\/?cat=24"},"img":{"alt_text":"","src":"https:\/\/i0.wp.com\/www.akehedman.se\/wordpress\/wp-content\/uploads\/2022\/06\/IMG_20220624_181953-scaled.jpg?resize=350%2C200&ssl=1","width":350,"height":200,"srcset":"https:\/\/i0.wp.com\/www.akehedman.se\/wordpress\/wp-content\/uploads\/2022\/06\/IMG_20220624_181953-scaled.jpg?resize=350%2C200&ssl=1 1x, https:\/\/i0.wp.com\/www.akehedman.se\/wordpress\/wp-content\/uploads\/2022\/06\/IMG_20220624_181953-scaled.jpg?resize=525%2C300&ssl=1 1.5x, https:\/\/i0.wp.com\/www.akehedman.se\/wordpress\/wp-content\/uploads\/2022\/06\/IMG_20220624_181953-scaled.jpg?resize=700%2C400&ssl=1 2x, https:\/\/i0.wp.com\/www.akehedman.se\/wordpress\/wp-content\/uploads\/2022\/06\/IMG_20220624_181953-scaled.jpg?resize=1050%2C600&ssl=1 3x, https:\/\/i0.wp.com\/www.akehedman.se\/wordpress\/wp-content\/uploads\/2022\/06\/IMG_20220624_181953-scaled.jpg?resize=1400%2C800&ssl=1 4x"},"classes":[]},{"id":32665,"url":"https:\/\/www.akehedman.se\/wordpress\/?p=32665","url_meta":{"origin":22821,"position":1},"title":"S\u00f6ndag","author":"\u00c5ke Hedman","date":"2019-08-04","format":false,"excerpt":"Om man nu skulle vilja l\u00e4ra k\u00e4nna mig. Allts\u00e5 veta vem jag egentligen \u00e4r bakom alla masker. D\u00e5 skall man nog lyssna p\u00e5 dom h\u00e4r l\u00e5tarna. Sen vet man. S\u00e4g vilken musik du lyssnar p\u00e5 och jag skall s\u00e4ga vem du \u00e4r. Min devis. Men det m\u00e5ste s\u00e5klart vara den\u2026","rel":"","context":"In &quot;Betraktelser &amp; Ber\u00e4ttelse&quot;","block_context":{"text":"Betraktelser &amp; Ber\u00e4ttelse","link":"https:\/\/www.akehedman.se\/wordpress\/?cat=24"},"img":{"alt_text":"","src":"https:\/\/i0.wp.com\/www.akehedman.se\/wordpress\/wp-content\/uploads\/2019\/08\/IMG_20190804_162308665.jpg?resize=350%2C200&ssl=1","width":350,"height":200,"srcset":"https:\/\/i0.wp.com\/www.akehedman.se\/wordpress\/wp-content\/uploads\/2019\/08\/IMG_20190804_162308665.jpg?resize=350%2C200&ssl=1 1x, https:\/\/i0.wp.com\/www.akehedman.se\/wordpress\/wp-content\/uploads\/2019\/08\/IMG_20190804_162308665.jpg?resize=525%2C300&ssl=1 1.5x, https:\/\/i0.wp.com\/www.akehedman.se\/wordpress\/wp-content\/uploads\/2019\/08\/IMG_20190804_162308665.jpg?resize=700%2C400&ssl=1 2x, https:\/\/i0.wp.com\/www.akehedman.se\/wordpress\/wp-content\/uploads\/2019\/08\/IMG_20190804_162308665.jpg?resize=1050%2C600&ssl=1 3x, https:\/\/i0.wp.com\/www.akehedman.se\/wordpress\/wp-content\/uploads\/2019\/08\/IMG_20190804_162308665.jpg?resize=1400%2C800&ssl=1 4x"},"classes":[]},{"id":11462,"url":"https:\/\/www.akehedman.se\/wordpress\/?p=11462","url_meta":{"origin":22821,"position":2},"title":"Om han\/hon\/det\/gud","author":"\u00c5ke Hedman","date":"2013-12-19","format":false,"excerpt":"Man kan tro p\u00e5 mycket. Kan bli h\u00e5nad f\u00f6r det man tro p\u00e5 eller f\u00e5 efterf\u00f6ljare som vill tro p\u00e5 samma sak. Har man ingenting s\u00e5 \u00e4r man ingenting heller. Jag har upplevt gudsf\u00f6rnekare som ropar p\u00e5 gud och ber om n\u00e5d n\u00e4r cancersm\u00e4rtorna s\u00e4tter in. L\u00e4ngre r\u00e4cker oftast inte\u2026","rel":"","context":"In &quot;Betraktelser &amp; Ber\u00e4ttelse&quot;","block_context":{"text":"Betraktelser &amp; Ber\u00e4ttelse","link":"https:\/\/www.akehedman.se\/wordpress\/?cat=24"},"img":{"alt_text":"stj\u00e4rna","src":"https:\/\/i0.wp.com\/www.eurosource.se\/akhe\/wordpress\/wp-content\/uploads\/2013\/12\/stj%C3%A4rna.jpg?resize=350%2C200","width":350,"height":200},"classes":[]},{"id":35802,"url":"https:\/\/www.akehedman.se\/wordpress\/?p=35802","url_meta":{"origin":22821,"position":3},"title":"XYZ","author":"\u00c5ke Hedman","date":"2020-08-17","format":false,"excerpt":"\u00c4gnar dagen \u00e5t att l\u00e4ra mig n\u00e5got nytt. Fast i sig \u00e4r det inget konstigt. Jag tillbringar mycket tid p\u00e5 skolb\u00e4nken. Oftast med mig sj\u00e4lv som b\u00e5de l\u00e4rare och klassens ende elev. Idag inneh\u00e5ller kursen Espressif's SDK'er. Fr\u00e4mst ESP32'an. Jag har aldrig gett mig sj\u00e4lv tid att dyka ner riktigt\u2026","rel":"","context":"In &quot;Betraktelser &amp; Ber\u00e4ttelse&quot;","block_context":{"text":"Betraktelser &amp; Ber\u00e4ttelse","link":"https:\/\/www.akehedman.se\/wordpress\/?cat=24"},"img":{"alt_text":"","src":"https:\/\/i0.wp.com\/www.akehedman.se\/wordpress\/wp-content\/uploads\/2020\/08\/IMG_20200816_232243-scaled.jpg?resize=350%2C200&ssl=1","width":350,"height":200,"srcset":"https:\/\/i0.wp.com\/www.akehedman.se\/wordpress\/wp-content\/uploads\/2020\/08\/IMG_20200816_232243-scaled.jpg?resize=350%2C200&ssl=1 1x, https:\/\/i0.wp.com\/www.akehedman.se\/wordpress\/wp-content\/uploads\/2020\/08\/IMG_20200816_232243-scaled.jpg?resize=525%2C300&ssl=1 1.5x, https:\/\/i0.wp.com\/www.akehedman.se\/wordpress\/wp-content\/uploads\/2020\/08\/IMG_20200816_232243-scaled.jpg?resize=700%2C400&ssl=1 2x, https:\/\/i0.wp.com\/www.akehedman.se\/wordpress\/wp-content\/uploads\/2020\/08\/IMG_20200816_232243-scaled.jpg?resize=1050%2C600&ssl=1 3x, https:\/\/i0.wp.com\/www.akehedman.se\/wordpress\/wp-content\/uploads\/2020\/08\/IMG_20200816_232243-scaled.jpg?resize=1400%2C800&ssl=1 4x"},"classes":[]},{"id":37739,"url":"https:\/\/www.akehedman.se\/wordpress\/?p=37739","url_meta":{"origin":22821,"position":4},"title":"Svisch","author":"\u00c5ke Hedman","date":"2021-02-03","format":false,"excerpt":"En l\u00e5tsasarbetsdag \u00e4r slut n\u00e4r man \u00e4r p\u00e5 r\u00e4tt timme och hittat ett st\u00e4lle d\u00e4r man kan checka in koden och g\u00f6ra det med gott samvete. \u00c4r allts\u00e5 d\u00e4r nu. Koden har svischat iv\u00e4g till Amerika med n\u00e4ra ljusets hastighet. Eller var den nu \u00e4r skickad... Vad vet man om\u2026","rel":"","context":"In &quot;Betraktelser &amp; Ber\u00e4ttelse&quot;","block_context":{"text":"Betraktelser &amp; Ber\u00e4ttelse","link":"https:\/\/www.akehedman.se\/wordpress\/?cat=24"},"img":{"alt_text":"","src":"https:\/\/i0.wp.com\/www.akehedman.se\/wordpress\/wp-content\/uploads\/2021\/02\/vattenfelsbrytare.gif?resize=350%2C200&ssl=1","width":350,"height":200},"classes":[]},{"id":11311,"url":"https:\/\/www.akehedman.se\/wordpress\/?p=11311","url_meta":{"origin":22821,"position":5},"title":"Tokigheter \u00e4r grejen","author":"\u00c5ke Hedman","date":"2013-12-04","format":false,"excerpt":"Diesel\u00e5ngorna och dammet har h\u00e4ngt \u00f6ver v\u00e5r kulle nu en l\u00e4ngre tid. Diesel luktar inte gott. Dammet, ja det \u00e4r som det skall vara. Det gamla \u00e5lderdomshemmet j\u00e4mnas med marken. Just nu \u00e4r det en stenh\u00f6g och om en vecka eller tv\u00e5 \u00e4r inte ens den kvar och om tjugo\u2026","rel":"","context":"In &quot;Betraktelser &amp; Ber\u00e4ttelse&quot;","block_context":{"text":"Betraktelser &amp; Ber\u00e4ttelse","link":"https:\/\/www.akehedman.se\/wordpress\/?cat=24"},"img":{"alt_text":"IMG_20131204_100853","src":"https:\/\/i0.wp.com\/www.eurosource.se\/akhe\/wordpress\/wp-content\/uploads\/2013\/12\/IMG_20131204_100853-1024x768.jpg?resize=350%2C200","width":350,"height":200,"srcset":"https:\/\/i0.wp.com\/www.eurosource.se\/akhe\/wordpress\/wp-content\/uploads\/2013\/12\/IMG_20131204_100853-1024x768.jpg?resize=350%2C200 1x, https:\/\/i0.wp.com\/www.eurosource.se\/akhe\/wordpress\/wp-content\/uploads\/2013\/12\/IMG_20131204_100853-1024x768.jpg?resize=525%2C300 1.5x"},"classes":[]}],"jetpack_shortlink":"https:\/\/wp.me\/p68PL2-5W5","_links":{"self":[{"href":"https:\/\/www.akehedman.se\/wordpress\/index.php?rest_route=\/wp\/v2\/posts\/22821","targetHints":{"allow":["GET"]}}],"collection":[{"href":"https:\/\/www.akehedman.se\/wordpress\/index.php?rest_route=\/wp\/v2\/posts"}],"about":[{"href":"https:\/\/www.akehedman.se\/wordpress\/index.php?rest_route=\/wp\/v2\/types\/post"}],"author":[{"embeddable":true,"href":"https:\/\/www.akehedman.se\/wordpress\/index.php?rest_route=\/wp\/v2\/users\/24"}],"replies":[{"embeddable":true,"href":"https:\/\/www.akehedman.se\/wordpress\/index.php?rest_route=%2Fwp%2Fv2%2Fcomments&post=22821"}],"version-history":[{"count":2,"href":"https:\/\/www.akehedman.se\/wordpress\/index.php?rest_route=\/wp\/v2\/posts\/22821\/revisions"}],"predecessor-version":[{"id":45403,"href":"https:\/\/www.akehedman.se\/wordpress\/index.php?rest_route=\/wp\/v2\/posts\/22821\/revisions\/45403"}],"wp:attachment":[{"href":"https:\/\/www.akehedman.se\/wordpress\/index.php?rest_route=%2Fwp%2Fv2%2Fmedia&parent=22821"}],"wp:term":[{"taxonomy":"category","embeddable":true,"href":"https:\/\/www.akehedman.se\/wordpress\/index.php?rest_route=%2Fwp%2Fv2%2Fcategories&post=22821"},{"taxonomy":"post_tag","embeddable":true,"href":"https:\/\/www.akehedman.se\/wordpress\/index.php?rest_route=%2Fwp%2Fv2%2Ftags&post=22821"}],"curies":[{"name":"wp","href":"https:\/\/api.w.org\/{rel}","templated":true}]}}