{"id":22803,"date":"2017-01-09T16:11:17","date_gmt":"2017-01-09T15:11:17","guid":{"rendered":"http:\/\/www.akehedman.se\/wordpress\/?p=22803"},"modified":"2017-01-09T16:11:17","modified_gmt":"2017-01-09T15:11:17","slug":"sankt-arbetsgivaravgift-ska-fa-fart-pa-landsbygden-driva-eget","status":"publish","type":"post","link":"https:\/\/www.akehedman.se\/wordpress\/?p=22803","title":{"rendered":"S\u00e4nkt arbetsgivaravgift ska f\u00e5 fart p\u00e5 landsbygden | Driva Eget"},"content":{"rendered":"<blockquote><p><a href=\"http:\/\/www.driva-eget.se\/nyheter\/landsbygd\/sankt-arbetsgivaravgift-ska-fa-fart-pa-landsbygden\"><img data-recalc-dims=\"1\" decoding=\"async\" class=\"alignnone size-full\" src=\"https:\/\/i0.wp.com\/www.akehedman.se\/wordpress\/wp-content\/uploads\/2017\/01\/landsbygd_710x400_22881_xpress-image586d5e41601ec.jpg?w=580\" alt=\"\" \/><\/a>avskrivning av studiel\u00e5n under fem \u00e5r f\u00f6r akademiker som bor d\u00e4r.<\/p><\/blockquote>\n<p>Source: <em><a href=\"http:\/\/www.driva-eget.se\/nyheter\/landsbygd\/sankt-arbetsgivaravgift-ska-fa-fart-pa-landsbygden\">S\u00e4nkt arbetsgivaravgift ska f\u00e5 fart p\u00e5 landsbygden | Driva Eget<\/a><\/em><\/p>\n","protected":false},"excerpt":{"rendered":"<p>avskrivning av studiel\u00e5n under fem \u00e5r f\u00f6r akademiker som bor d\u00e4r. Source: S\u00e4nkt arbetsgivaravgift ska f\u00e5 fart p\u00e5 landsbygden | Driva Eget<\/p>\n","protected":false},"author":24,"featured_media":0,"comment_status":"open","ping_status":"open","sticky":false,"template":"","format":"standard","meta":{"_crdt_document":"","jetpack_post_was_ever_published":false,"_jetpack_newsletter_access":"","_jetpack_dont_email_post_to_subs":false,"_jetpack_newsletter_tier_id":0,"_jetpack_memberships_contains_paywalled_content":false,"_jetpack_memberships_contains_paid_content":false,"footnotes":"","jetpack_publicize_message":"","jetpack_publicize_feature_enabled":true,"jetpack_social_post_already_shared":true,"jetpack_social_options":{"image_generator_settings":{"template":"highway","default_image_id":0,"font":"","enabled":false},"version":2}},"categories":[2],"tags":[],"class_list":["post-22803","post","type-post","status-publish","format-standard","hentry","category-swedish"],"jetpack_publicize_connections":[],"jetpack_featured_media_url":"","jetpack_sharing_enabled":true,"jetpack_likes_enabled":true,"jetpack-related-posts":[{"id":19708,"url":"https:\/\/www.akehedman.se\/wordpress\/?p=19708","url_meta":{"origin":22803,"position":0},"title":"G\u00f6ran Persson: \u201cRegelverket \u00e4r f\u00f6r omfattande\u201d | Driva Eget","author":"\u00c5ke Hedman","date":"2016-02-17","format":false,"excerpt":"Att vara egenf\u00f6retagare \u00e4r mer kr\u00e4vande \u00e4n att vara statsminister, konstaterar G\u00f6ran Persson, n\u00e4r Driva Eget ber honom och flera andra tunga ex-politiker beskriva nya karri\u00e4ren. L\u00c4S OCKS\u00c5: Se upp f\u00f6r oseri\u00f6s hj\u00e4lp med bluffakturor Maud Olofsson, G\u00f6ran Persson, Ulrica Messing och Fredrik Reinfeldt \u00e4r bara n\u00e5gra av de ex-politiker\u2026","rel":"","context":"In &quot;Swedish&quot;","block_context":{"text":"Swedish","link":"https:\/\/www.akehedman.se\/wordpress\/?cat=2"},"img":{"alt_text":"","src":"","width":0,"height":0},"classes":[]},{"id":44525,"url":"https:\/\/www.akehedman.se\/wordpress\/?p=44525","url_meta":{"origin":22803,"position":1},"title":"De ska driva Lokatten \u2013 Ljusdals-Posten","author":"\u00c5ke Hedman","date":"2023-03-07","format":false,"excerpt":"?Flyttade fr\u00e5n Huddinge ?\"Jag blev helt f\u00f6r\u00e4lskad i st\u00e4llet\" Source: De ska driva Lokatten \u2013 Ljusdals-Posten","rel":"","context":"In &quot;Swedish&quot;","block_context":{"text":"Swedish","link":"https:\/\/www.akehedman.se\/wordpress\/?cat=2"},"img":{"alt_text":"","src":"","width":0,"height":0},"classes":[]},{"id":26753,"url":"https:\/\/www.akehedman.se\/wordpress\/?p=26753","url_meta":{"origin":22803,"position":2},"title":"S\u00e5 ska unga vilja stanna kvar i orten: &#8220;Viktigt att vuxna skapar m\u00f6jligheter&#8221;","author":"\u00c5ke Hedman","date":"2018-01-18","format":false,"excerpt":"Jag tror att vi ist\u00e4llet skall f\u00e5 s\u00e5 m\u00e5nga som m\u00f6jligt att l\u00e4mna. Men vi skall ocks\u00e5 skapa m\u00f6jligheter f\u00f6r dem som l\u00e4mnar att komma tillbaks. Utan att se v\u00e4rlden kan du inte bli en del av den. M\u00e5nga unga v\u00e4ljer att l\u00e4mna landsbygden f\u00f6r en framtid i storstaden. Men\u2026","rel":"","context":"In &quot;Swedish&quot;","block_context":{"text":"Swedish","link":"https:\/\/www.akehedman.se\/wordpress\/?cat=2"},"img":{"alt_text":"","src":"","width":0,"height":0},"classes":[]},{"id":33900,"url":"https:\/\/www.akehedman.se\/wordpress\/?p=33900","url_meta":{"origin":22803,"position":3},"title":"Nu ska v\u00e5ra prylar ut p\u00e5 n\u00e4tet. &#8211; Byan\u00e4tsforum","author":"\u00c5ke Hedman","date":"2019-12-20","format":false,"excerpt":"T\u00e4nk dig ett sms p\u00e5 telefonen som ber\u00e4ttar f\u00f6r dig att kornas vattenho b\u00f6rjar sina, och det \u00e4r dags att g\u00e5 ut i ladug\u00e5rden och fylla p\u00e5. Source: Nu ska v\u00e5ra prylar ut p\u00e5 n\u00e4tet. - Byan\u00e4tsforum Ja v\u00e5ra behov h\u00e4r p\u00e5 landsbygden \u00e4r ju andra \u00e4n i staden s\u00e5klart...","rel":"","context":"In &quot;Swedish&quot;","block_context":{"text":"Swedish","link":"https:\/\/www.akehedman.se\/wordpress\/?cat=2"},"img":{"alt_text":"","src":"","width":0,"height":0},"classes":[]},{"id":23112,"url":"https:\/\/www.akehedman.se\/wordpress\/?p=23112","url_meta":{"origin":22803,"position":4},"title":"D\u00e4rf\u00f6r hatar vi telefonsamtal.","author":"\u00c5ke Hedman","date":"2017-01-30","format":false,"excerpt":"Det vi ocks\u00e5 vet \u00e4r att f\u00f6r varje avbrott som du g\u00f6r, beh\u00f6ver hj\u00e4rnan upp till 25 minuter p\u00e5 sig att \u00e5terf\u00e5 fokus och det rimmar d\u00e5ligt med effektivitet. Source: Surfa intelligent \u2013 Hj\u00e4rnexpertens b\u00e4sta tips | Driva Eget","rel":"","context":"In &quot;Swedish&quot;","block_context":{"text":"Swedish","link":"https:\/\/www.akehedman.se\/wordpress\/?cat=2"},"img":{"alt_text":"","src":"","width":0,"height":0},"classes":[]},{"id":27576,"url":"https:\/\/www.akehedman.se\/wordpress\/?p=27576","url_meta":{"origin":22803,"position":5},"title":"\u201dBrann f\u00f6r att hela Sverige ska leva\u201d","author":"\u00c5ke Hedman","date":"2018-03-13","format":false,"excerpt":"H\u00e4lften av Ingvar Kamprads arv ska g\u00e5 till projekt f\u00f6r att fr\u00e4mja den norrl\u00e4ndska landsbygden. Det framg\u00e5r i hans testamente som Dagens Nyheter tagit del av. Nu \u00e4r det upp till Familjen Kamprads stiftelse att f\u00f6rdela pengarna. Source: \u201dBrann f\u00f6r att hela Sverige ska leva\u201d","rel":"","context":"In &quot;F\u00f6retagande&quot;","block_context":{"text":"F\u00f6retagande","link":"https:\/\/www.akehedman.se\/wordpress\/?cat=28"},"img":{"alt_text":"","src":"","width":0,"height":0},"classes":[]}],"jetpack_shortlink":"https:\/\/wp.me\/p68PL2-5VN","_links":{"self":[{"href":"https:\/\/www.akehedman.se\/wordpress\/index.php?rest_route=\/wp\/v2\/posts\/22803","targetHints":{"allow":["GET"]}}],"collection":[{"href":"https:\/\/www.akehedman.se\/wordpress\/index.php?rest_route=\/wp\/v2\/posts"}],"about":[{"href":"https:\/\/www.akehedman.se\/wordpress\/index.php?rest_route=\/wp\/v2\/types\/post"}],"author":[{"embeddable":true,"href":"https:\/\/www.akehedman.se\/wordpress\/index.php?rest_route=\/wp\/v2\/users\/24"}],"replies":[{"embeddable":true,"href":"https:\/\/www.akehedman.se\/wordpress\/index.php?rest_route=%2Fwp%2Fv2%2Fcomments&post=22803"}],"version-history":[{"count":1,"href":"https:\/\/www.akehedman.se\/wordpress\/index.php?rest_route=\/wp\/v2\/posts\/22803\/revisions"}],"predecessor-version":[{"id":22805,"href":"https:\/\/www.akehedman.se\/wordpress\/index.php?rest_route=\/wp\/v2\/posts\/22803\/revisions\/22805"}],"wp:attachment":[{"href":"https:\/\/www.akehedman.se\/wordpress\/index.php?rest_route=%2Fwp%2Fv2%2Fmedia&parent=22803"}],"wp:term":[{"taxonomy":"category","embeddable":true,"href":"https:\/\/www.akehedman.se\/wordpress\/index.php?rest_route=%2Fwp%2Fv2%2Fcategories&post=22803"},{"taxonomy":"post_tag","embeddable":true,"href":"https:\/\/www.akehedman.se\/wordpress\/index.php?rest_route=%2Fwp%2Fv2%2Ftags&post=22803"}],"curies":[{"name":"wp","href":"https:\/\/api.w.org\/{rel}","templated":true}]}}