{"id":22747,"date":"2017-01-04T18:25:34","date_gmt":"2017-01-04T17:25:34","guid":{"rendered":"http:\/\/www.akehedman.se\/wordpress\/?p=22747"},"modified":"2017-01-04T18:25:34","modified_gmt":"2017-01-04T17:25:34","slug":"per-definition","status":"publish","type":"post","link":"https:\/\/www.akehedman.se\/wordpress\/?p=22747","title":{"rendered":"Per definition"},"content":{"rendered":"<p><img data-recalc-dims=\"1\" loading=\"lazy\" decoding=\"async\" class=\"alignnone size-large wp-image-22748\" src=\"https:\/\/i0.wp.com\/www.akehedman.se\/wordpress\/wp-content\/uploads\/2017\/01\/20170104_102555-1024x576.jpg?resize=580%2C327\" alt=\"\" width=\"580\" height=\"327\" srcset=\"https:\/\/i0.wp.com\/www.akehedman.se\/wordpress\/wp-content\/uploads\/2017\/01\/20170104_102555.jpg?resize=1024%2C576&amp;ssl=1 1024w, https:\/\/i0.wp.com\/www.akehedman.se\/wordpress\/wp-content\/uploads\/2017\/01\/20170104_102555.jpg?resize=300%2C169&amp;ssl=1 300w, https:\/\/i0.wp.com\/www.akehedman.se\/wordpress\/wp-content\/uploads\/2017\/01\/20170104_102555.jpg?resize=768%2C432&amp;ssl=1 768w, https:\/\/i0.wp.com\/www.akehedman.se\/wordpress\/wp-content\/uploads\/2017\/01\/20170104_102555.jpg?resize=500%2C281&amp;ssl=1 500w, https:\/\/i0.wp.com\/www.akehedman.se\/wordpress\/wp-content\/uploads\/2017\/01\/20170104_102555.jpg?w=1160&amp;ssl=1 1160w, https:\/\/i0.wp.com\/www.akehedman.se\/wordpress\/wp-content\/uploads\/2017\/01\/20170104_102555.jpg?w=1740&amp;ssl=1 1740w\" sizes=\"auto, (max-width: 580px) 100vw, 580px\" \/><\/p>\n<p>K har fyra lediga dagar framf\u00f6r sig fr\u00e5n och med nu. Bra. Jag ansluter imorgon eftermiddag. \u00c5tminstone i en dag. Ikv\u00e4ll om jag forts\u00e4tter att frysa lika mycket som jag g\u00f6r just nu. Fryslortarnas f\u00f6rening. Jag kan bli ordf\u00f6rande.<\/p>\n<p>Lillkatten och jag sitter p\u00e5 kontoret. L\u00e5tsasjobbarkontoret som det heter och \u00e4r numera. Eller ett kontor \u00e4r v\u00e4l ett kontor hur som helst. Kanske. Eller inte. Det har hur som helst hetat &#8220;kontor&#8221; i tjugofem \u00e5r minst s\u00e5 det kan gott f\u00e5 forts\u00e4tta heta kontor nu med. Det som f\u00f6rr var skolsalar med flitiga elever. Tre fj\u00e4rdedelar av de som satt d\u00e4r finns v\u00e4l i Stockholm numera. Eller i anda urbana samh\u00e4llskonstruktioner. Tur f\u00f6r dom.<\/p>\n<p>Det \u00e4r egentligen dags att g\u00e5 ut och skotta igen. Men det f\u00e5r v\u00e4nta till imorgon. Den sk\u00f6nhet med att vara ute som jag k\u00e4nde i morse finns inte l\u00e4ngre kvar inom mig. Nu bara frusen. Nu bara vinterel\u00e4nde och kallt. Synd egentligen. Eftersom det \u00e4r s\u00e5 mycket vinter kunde man lika g\u00e4rna gilla den. Fast om sanningen skall fram. Utan vinter hade man s\u00e4kert saknat vinter. Hur galet det \u00e4n kan l\u00e5ta.<\/p>\n<p>Fredagsk\u00e4nsla hur som helst. \u00c4r det fredag borde man f\u00e5 ta sig ett glas whisky med bibeh\u00e5llet gott samvete. Borde f\u00e5tt en kanelbulle till det. Men kanelbulle saknas. Dock finns god whisky. En lyx i sig. Man kanske rent av skulle ositta p\u00e5 kontoret i kv\u00e4ll. Se en film ist\u00e4llet. Fast det kanske \u00e4r att ta i f\u00f6r mycket.<\/p>\n<p>Idag k\u00e4nns det som man skulle kunna bli kvar h\u00e4r i den gamla skolan. Oj. I alla fall om det kommer fiber vad det lider ut till husen ocks\u00e5 inte bara till byn. Eller &#8220;n\u00e4r&#8221; det g\u00f6r det. Optimism. Sen f\u00e5r man v\u00e4l krympa boytan efterhand som \u00e5ldern tilltar. Det g\u00e5r nog. Elda upp och v\u00e4rma obebodda delar de sista \u00e5ren. En liten sommarstuga kvar n\u00e4r man trillar av pinn. Men det kr\u00e4ver s\u00e5klart att man kan komma iv\u00e4g ut ibland. \u00c5rets semesterplan, tre dagar i Malm\u00f6. En fri fantasi \u00e4n s\u00e5 l\u00e4nge. Vi brukar ha en s\u00e5dan dr\u00f6m om n\u00e5gra semesterdagar med hotellfrukost\u00a0 den h\u00e4r tiden p\u00e5 \u00e5ret. Som om det \u00e4r m\u00f6jligt att komma bort n\u00e5gra dagar. I fjol gick det inte. Andra \u00e5r har det fungerat. Dr\u00f6mmen finns d\u00e4r hela tiden. S\u00e5klart. Men tv\u00e5 veckor ledigt hade jag f\u00f6rra \u00e5ret. Det har inte varit s\u00e5 alla \u00e5r heller. Det har snarare tillh\u00f6rt ovanligheterna. Men med \u00e5ldern s\u00e5 blir man visare. Lite i alla fall. Det kan vara sk\u00f6nt att s\u00e5sa omkring hemma p\u00e5 g\u00e5r&#8217;n ocks\u00e5. Ja man \u00e4r ju ledig per definition nu j\u00e4mt och st\u00e4ndigt. Antagligen resten av livet om man ser p\u00e5 pensionering och hur tiden rusar fram med en.<\/p>\n<p>De blir inga storverk gjorda idag. Bara sm\u00e5verk. Men m\u00e5nga sm\u00e5verk blir ocks\u00e5 storverk till slut. De klumpar ihop sig. Har en tendens till det om de liksom ing\u00e5r i klustret. Jag har alltid sagt att jag skall f\u00f6r\u00e4ndra v\u00e4rlden. Fr\u00e5n dag ett. 1956.\u00a0 Mina Asiatiska v\u00e4nner ser inga problem med det d\u00e4r. Inte Amerikanska heller. Europ\u00e9erna ropar &#8220;hybris&#8221;. Vi har blivit s\u00e5 r\u00e4dda f\u00f6r att vilja g\u00f6ra stort Varf\u00f6r det? Men mig st\u00f6rd et inte s\u00e5klart. Jag t\u00e4nker i alla fall f\u00f6r\u00e4ndra v\u00e4rlden. \u00c4n har jag inte gett mig. Tro inte det!<\/p>\n<p>Fast tr\u00f6tt. Man skulle kunna l\u00e4gga sig ocks\u00e5 ist\u00e4llet f\u00f6r att sitta p\u00e5 kontoret eller titta p\u00e5 en film. Fast det k\u00e4nns lite tidigt. Men nog skulle jag somna allt om jag la huvudet mot kudden. Men antagligen vakna igen. Pigg. Vid ettiden. Inte lika roligt d\u00e5.<\/p>\n<p>Fortfarande os\u00e4ker p\u00e5 om det skall bli vila eller n\u00e5got gjort. Men mat snart. F\u00e5r best\u00e4mma sig under Rapport. Om man inte somnar. Det h\u00e4nder d\u00e5 och d\u00e5. Varf\u00f6r inte idag.<\/p>\n","protected":false},"excerpt":{"rendered":"<p>K har fyra lediga dagar framf\u00f6r sig fr\u00e5n och med nu. Bra. Jag ansluter imorgon eftermiddag. \u00c5tminstone i en dag. Ikv\u00e4ll om jag forts\u00e4tter att frysa lika mycket som jag g\u00f6r just nu. Fryslortarnas f\u00f6rening. Jag kan bli ordf\u00f6rande. Lillkatten och jag sitter p\u00e5 kontoret. L\u00e5tsasjobbarkontoret som det heter och \u00e4r numera. Eller ett kontor [&hellip;]<\/p>\n","protected":false},"author":24,"featured_media":0,"comment_status":"open","ping_status":"open","sticky":false,"template":"","format":"standard","meta":{"_crdt_document":"","jetpack_post_was_ever_published":false,"_jetpack_newsletter_access":"","_jetpack_dont_email_post_to_subs":false,"_jetpack_newsletter_tier_id":0,"_jetpack_memberships_contains_paywalled_content":false,"_jetpack_memberships_contains_paid_content":false,"footnotes":"","jetpack_publicize_message":"","jetpack_publicize_feature_enabled":true,"jetpack_social_post_already_shared":true,"jetpack_social_options":{"image_generator_settings":{"template":"highway","default_image_id":0,"font":"","enabled":false},"version":2}},"categories":[24],"tags":[],"class_list":["post-22747","post","type-post","status-publish","format-standard","hentry","category-betraktelser"],"jetpack_publicize_connections":[],"jetpack_featured_media_url":"","jetpack_sharing_enabled":true,"jetpack_likes_enabled":true,"jetpack-related-posts":[{"id":18227,"url":"https:\/\/www.akehedman.se\/wordpress\/?p=18227","url_meta":{"origin":22747,"position":0},"title":"Jag fattar ingenting","author":"\u00c5ke Hedman","date":"2015-07-07","format":false,"excerpt":"Ont i huvudet. Japp. Utan att ha t\u00e4nkt mer \u00e4n vanligt. Irriterar mig. Inte ens en Alvedon verkar hj\u00e4lpa. Irriterar mig det ocks\u00e5. F\u00e5r ta en till. Har mycket att g\u00f6ra- Innan semester. Kanske \u00e4r det stressrelaterat. En vecka kvar och h\u00f6gar med jobb som \u00f6kar ist\u00e4llet f\u00f6r att minska\u2026","rel":"","context":"In &quot;Betraktelser &amp; Ber\u00e4ttelse&quot;","block_context":{"text":"Betraktelser &amp; Ber\u00e4ttelse","link":"https:\/\/www.akehedman.se\/wordpress\/?cat=24"},"img":{"alt_text":"din-small","src":"https:\/\/i0.wp.com\/www.akehedman.se\/wordpress\/wp-content\/uploads\/2015\/07\/din-small.png?resize=350%2C200","width":350,"height":200,"srcset":"https:\/\/i0.wp.com\/www.akehedman.se\/wordpress\/wp-content\/uploads\/2015\/07\/din-small.png?resize=350%2C200 1x, https:\/\/i0.wp.com\/www.akehedman.se\/wordpress\/wp-content\/uploads\/2015\/07\/din-small.png?resize=525%2C300 1.5x, https:\/\/i0.wp.com\/www.akehedman.se\/wordpress\/wp-content\/uploads\/2015\/07\/din-small.png?resize=700%2C400 2x"},"classes":[]},{"id":11557,"url":"https:\/\/www.akehedman.se\/wordpress\/?p=11557","url_meta":{"origin":22747,"position":1},"title":"Det lilla","author":"\u00c5ke Hedman","date":"2014-01-01","format":false,"excerpt":"Som femtiosju\u00e5ring har man minnen. M\u00e5nga goda och v\u00e4l v\u00e4rda att bevara, m\u00e5nga d\u00e5liga att l\u00e4ra sig av och massor av s\u00e5nt som inte \u00e4r v\u00e4rt att ens ha kvar i periferierna av minnet. Man kan tror att det \u00e4r bara de d\u00e4r stora tillf\u00e4llena som lyser starkast d\u00e4r i\u2026","rel":"","context":"In &quot;Betraktelser &amp; Ber\u00e4ttelse&quot;","block_context":{"text":"Betraktelser &amp; Ber\u00e4ttelse","link":"https:\/\/www.akehedman.se\/wordpress\/?cat=24"},"img":{"alt_text":"Moln6-764205","src":"https:\/\/i0.wp.com\/www.eurosource.se\/akhe\/wordpress\/wp-content\/uploads\/2014\/01\/Moln6-764205.jpg?resize=350%2C200","width":350,"height":200,"srcset":"https:\/\/i0.wp.com\/www.eurosource.se\/akhe\/wordpress\/wp-content\/uploads\/2014\/01\/Moln6-764205.jpg?resize=350%2C200 1x, https:\/\/i0.wp.com\/www.eurosource.se\/akhe\/wordpress\/wp-content\/uploads\/2014\/01\/Moln6-764205.jpg?resize=525%2C300 1.5x, https:\/\/i0.wp.com\/www.eurosource.se\/akhe\/wordpress\/wp-content\/uploads\/2014\/01\/Moln6-764205.jpg?resize=700%2C400 2x"},"classes":[]},{"id":17614,"url":"https:\/\/www.akehedman.se\/wordpress\/?p=17614","url_meta":{"origin":22747,"position":2},"title":"Godnatt!","author":"\u00c5ke Hedman","date":"2015-04-19","format":false,"excerpt":"Klockan \u00e4r en kvart f\u00f6re tidig m\u00e5ndag. Jag sitter p\u00e5 kontoret och borde packa ihop mig sj\u00e4lv och mina tankar\u00a0 och pallra mig upp f\u00f6r trappor till bok och s\u00e4ng.\u00a0 D\u00e4r en timmes l\u00e4sa och sen sova f\u00f6r storverk imorgon v\u00e4ntar. Underbara m\u00e5ndag. Ny h\u00e4rlig vecka.\u00a0 Om man vaknar. Inget\u2026","rel":"","context":"In &quot;Betraktelser &amp; Ber\u00e4ttelse&quot;","block_context":{"text":"Betraktelser &amp; Ber\u00e4ttelse","link":"https:\/\/www.akehedman.se\/wordpress\/?cat=24"},"img":{"alt_text":"halvtolv","src":"https:\/\/i0.wp.com\/www.eurosource.se\/akhe\/wordpress\/wp-content\/uploads\/2015\/03\/halvtolv.jpeg?resize=350%2C200","width":350,"height":200},"classes":[]},{"id":13847,"url":"https:\/\/www.akehedman.se\/wordpress\/?p=13847","url_meta":{"origin":22747,"position":3},"title":"Ner i soptunnan med dem hela bunten","author":"\u00c5ke Hedman","date":"2014-07-07","format":false,"excerpt":"Det blir en vacker skr\u00e4pdag av den h\u00e4r dan. Ja, v\u00e4dret kan man verkligen inte klaga p\u00e5, men f\u00f6r \u00f6vrigt finns en hel del att gn\u00e4lla \u00f6ver. Men jag n\u00f6jer mig med att konstatera att jag \u00e4r tr\u00f6tt och utan inspiration idag s\u00e5 det blir som det blir. Man f\u00e5r\u2026","rel":"","context":"In &quot;Swedish&quot;","block_context":{"text":"Swedish","link":"https:\/\/www.akehedman.se\/wordpress\/?cat=2"},"img":{"alt_text":"151945-soptunna","src":"https:\/\/i0.wp.com\/www.eurosource.se\/akhe\/wordpress\/wp-content\/uploads\/2014\/07\/151945-soptunna.jpg?resize=350%2C200","width":350,"height":200},"classes":[]},{"id":13900,"url":"https:\/\/www.akehedman.se\/wordpress\/?p=13900","url_meta":{"origin":22747,"position":4},"title":"D\u00e5 f\u00e5r man ta f\u00f6rsta buss h\u00e4rifr\u00e5n med samma sura min i ansikten som n\u00e4r man kom.","author":"\u00c5ke Hedman","date":"2014-07-10","format":false,"excerpt":"V\u00e4rmen, v\u00e4rmen, v\u00e4rmen besegrar mig n\u00e4stan men jag t\u00e4nker inte klaga. Nopp. Ute kan vi sitta och \u00e4ta lunch i alla fall. Det \u00e4r undret av alla under. Inne p\u00e5 kontoret \u00e4r det varmt som i en keramikugn. Ute med, fast det bl\u00e5ser en del vindar fr\u00e5n n\u00e5got ok\u00e4nt h\u00e5ll.\u2026","rel":"","context":"In &quot;Betraktelser &amp; Ber\u00e4ttelse&quot;","block_context":{"text":"Betraktelser &amp; Ber\u00e4ttelse","link":"https:\/\/www.akehedman.se\/wordpress\/?cat=24"},"img":{"alt_text":"h\u00e4lsingeberg.jpg-for-web-large","src":"https:\/\/i0.wp.com\/www.eurosource.se\/akhe\/wordpress\/wp-content\/uploads\/2014\/07\/h%C3%A4lsingeberg.jpg-for-web-large.jpg?resize=350%2C200","width":350,"height":200,"srcset":"https:\/\/i0.wp.com\/www.eurosource.se\/akhe\/wordpress\/wp-content\/uploads\/2014\/07\/h%C3%A4lsingeberg.jpg-for-web-large.jpg?resize=350%2C200 1x, https:\/\/i0.wp.com\/www.eurosource.se\/akhe\/wordpress\/wp-content\/uploads\/2014\/07\/h%C3%A4lsingeberg.jpg-for-web-large.jpg?resize=525%2C300 1.5x"},"classes":[]},{"id":16612,"url":"https:\/\/www.akehedman.se\/wordpress\/?p=16612","url_meta":{"origin":22747,"position":5},"title":"Guldreserven","author":"\u00c5ke Hedman","date":"2015-02-19","format":false,"excerpt":"Den sista av systrarna d\u00f6r. Hon vill d\u00f6 s\u00e5 det \u00e4r v\u00e4l bara r\u00e4ttvist att det till slut sker. Det \u00e4r inte l\u00e4tt att bli gammal. Man blir livstr\u00f6tt till slut. Kusin fr\u00e5n \u00d6land ringer och meddelar. Ringer till K, inte till mig. Men inget att s\u00e4ga om det. Kanske\u2026","rel":"","context":"In &quot;Betraktelser &amp; Ber\u00e4ttelse&quot;","block_context":{"text":"Betraktelser &amp; Ber\u00e4ttelse","link":"https:\/\/www.akehedman.se\/wordpress\/?cat=24"},"img":{"alt_text":"2015-02-19_22-09-25","src":"https:\/\/i0.wp.com\/www.eurosource.se\/akhe\/wordpress\/wp-content\/uploads\/2015\/02\/2015-02-19_22-09-25-1024x760.png?resize=350%2C200","width":350,"height":200,"srcset":"https:\/\/i0.wp.com\/www.eurosource.se\/akhe\/wordpress\/wp-content\/uploads\/2015\/02\/2015-02-19_22-09-25-1024x760.png?resize=350%2C200 1x, https:\/\/i0.wp.com\/www.eurosource.se\/akhe\/wordpress\/wp-content\/uploads\/2015\/02\/2015-02-19_22-09-25-1024x760.png?resize=525%2C300 1.5x"},"classes":[]}],"jetpack_shortlink":"https:\/\/wp.me\/p68PL2-5UT","_links":{"self":[{"href":"https:\/\/www.akehedman.se\/wordpress\/index.php?rest_route=\/wp\/v2\/posts\/22747","targetHints":{"allow":["GET"]}}],"collection":[{"href":"https:\/\/www.akehedman.se\/wordpress\/index.php?rest_route=\/wp\/v2\/posts"}],"about":[{"href":"https:\/\/www.akehedman.se\/wordpress\/index.php?rest_route=\/wp\/v2\/types\/post"}],"author":[{"embeddable":true,"href":"https:\/\/www.akehedman.se\/wordpress\/index.php?rest_route=\/wp\/v2\/users\/24"}],"replies":[{"embeddable":true,"href":"https:\/\/www.akehedman.se\/wordpress\/index.php?rest_route=%2Fwp%2Fv2%2Fcomments&post=22747"}],"version-history":[{"count":1,"href":"https:\/\/www.akehedman.se\/wordpress\/index.php?rest_route=\/wp\/v2\/posts\/22747\/revisions"}],"predecessor-version":[{"id":22749,"href":"https:\/\/www.akehedman.se\/wordpress\/index.php?rest_route=\/wp\/v2\/posts\/22747\/revisions\/22749"}],"wp:attachment":[{"href":"https:\/\/www.akehedman.se\/wordpress\/index.php?rest_route=%2Fwp%2Fv2%2Fmedia&parent=22747"}],"wp:term":[{"taxonomy":"category","embeddable":true,"href":"https:\/\/www.akehedman.se\/wordpress\/index.php?rest_route=%2Fwp%2Fv2%2Fcategories&post=22747"},{"taxonomy":"post_tag","embeddable":true,"href":"https:\/\/www.akehedman.se\/wordpress\/index.php?rest_route=%2Fwp%2Fv2%2Ftags&post=22747"}],"curies":[{"name":"wp","href":"https:\/\/api.w.org\/{rel}","templated":true}]}}