{"id":22740,"date":"2017-01-03T21:46:30","date_gmt":"2017-01-03T20:46:30","guid":{"rendered":"http:\/\/www.akehedman.se\/wordpress\/?p=22740"},"modified":"2017-01-03T21:47:13","modified_gmt":"2017-01-03T20:47:13","slug":"senast-lasta-bok-209","status":"publish","type":"post","link":"https:\/\/www.akehedman.se\/wordpress\/?p=22740","title":{"rendered":"Senast l\u00e4sta bok"},"content":{"rendered":"<p><img data-recalc-dims=\"1\" loading=\"lazy\" decoding=\"async\" class=\"alignnone wp-image-22741\" src=\"https:\/\/i0.wp.com\/www.akehedman.se\/wordpress\/wp-content\/uploads\/2017\/01\/burton_miniatyrmakaren_omslag_inb-667x1024.jpg?resize=290%2C442\" alt=\"\" width=\"290\" height=\"442\" \/><\/p>\n<p><em>Kom p\u00e5 att jag faktiskt l\u00e4ste klart en bok i helgen&#8230;.<\/em><\/p>\n<p><a href=\"http:\/\/www.adlibris.com\/se\/organisationer\/product.aspx?isbn=9789176454398\">Miniatyrmakaren<\/a> av <a href=\"http:\/\/www.bokus.com\/bok\/9789175791890\/miniatyrmakaren\/\">Jessie Burton<\/a><\/p>\n<p>Det st\u00e5r n\u00e5gonstans att den h\u00e4r boken skall vara lite som <a href=\"http:\/\/www.bokus.com\/bok\/9789174293975\/steglitsan\/?gclid=Cj0KEQiAtK3DBRCBxt-Yxduq5p4BEiQAbFiaPfVt3veDWoMxE5PGMEnztXiLgz88lLL14HgV2V5JII4aAme88P8HAQ\">Steglitsan av Donna Tartt <\/a>men det \u00e4r den s\u00e5klart inte, s\u00e5 inledningsvis blir jag f\u00f6rbannat besviken. F\u00f6r Steglitsan ing\u00e5r i min top-tio-f\u00f6r-evigt-bokh\u00f6g. Tror jag i alla fall och om jag nu hade en s\u00e5dan. Det \u00e4r s\u00e5klart om\u00f6jligt att v\u00e4lja ut tio. Om\u00f6jligt att rangordna ocks\u00e5. S\u00e5 sj\u00e4lvklart, n\u00e4stan, \u00e4r det att skjuta \u00f6ver, bredvid och f\u00f6rbi att g\u00f6ra den d\u00e4r j\u00e4mf\u00f6relsen.\u00a0 Men den liknar en annan bra bok jag l\u00e4st, <a href=\"http:\/\/www.adlibris.com\/se\/organisationer\/product.aspx?isbn=9789174751369\">Tracey Chevaliers <i>Flicka med p\u00e4rl\u00f6rh\u00e4nge<\/i><\/a>, och det \u00e4r inte d\u00e5ligt det. Gillade den mycket.<\/p>\n<p>S\u00e5 jag l\u00e4ser p\u00e5, och det g\u00e5r l\u00e4tt, och den tar sig allt mer efter hand och jag gillar och gillar och gillar. Nej fortfarande l\u00e5ngt ifr\u00e5n Steglitsan, men tillr\u00e4ckligt bra. I alla fall om man som jag gillar en roman som utspelar sig p\u00e5 en plats och en tid som man l\u00e4r sig n\u00e5got nytt av samtidigt som man f\u00e4rdas och upplever v\u00e4rlden genom sinnena hos en person man annars inte skulle komma i n\u00e4rheten av.<\/p>\n<p>Jo, jo, jo, s\u00e5 jag s\u00e4ger l\u00e4s. Kl\u00e4m de f\u00f6rsta kapitlen sen \u00e4r det utf\u00f6rsbacke och det \u00e4r bara att \u00e5ka med. V\u00e4rd sina pengar. Definitivt. Har du inte l\u00e4st <em>Steglitsan<\/em> och <em>Flicka med p\u00e4rl\u00f6rh\u00e4nge<\/em> k\u00f6p och l\u00e4s dom ocks\u00e5 medan du nu \u00e4r p\u00e5 g\u00e5ng.<\/p>\n<p>Andra b\u00f6cker jag l\u00e4st finns <a href=\"http:\/\/www.akehedman.se\/wordpress\/?cat=13\">h\u00e4r<\/a>.<\/p>\n","protected":false},"excerpt":{"rendered":"<p>Kom p\u00e5 att jag faktiskt l\u00e4ste klart en bok i helgen&#8230;. Miniatyrmakaren av Jessie Burton Det st\u00e5r n\u00e5gonstans att den h\u00e4r boken skall vara lite som Steglitsan av Donna Tartt men det \u00e4r den s\u00e5klart inte, s\u00e5 inledningsvis blir jag f\u00f6rbannat besviken. F\u00f6r Steglitsan ing\u00e5r i min top-tio-f\u00f6r-evigt-bokh\u00f6g. Tror jag i alla fall och om [&hellip;]<\/p>\n","protected":false},"author":24,"featured_media":0,"comment_status":"open","ping_status":"open","sticky":false,"template":"","format":"standard","meta":{"_crdt_document":"","jetpack_post_was_ever_published":false,"_jetpack_newsletter_access":"","_jetpack_dont_email_post_to_subs":true,"_jetpack_newsletter_tier_id":0,"_jetpack_memberships_contains_paywalled_content":false,"_jetpack_memberships_contains_paid_content":false,"footnotes":"","jetpack_publicize_message":"","jetpack_publicize_feature_enabled":true,"jetpack_social_post_already_shared":true,"jetpack_social_options":{"image_generator_settings":{"template":"highway","default_image_id":0,"font":"","enabled":false},"version":2}},"categories":[13],"tags":[],"class_list":["post-22740","post","type-post","status-publish","format-standard","hentry","category-bocker"],"jetpack_publicize_connections":[],"jetpack_featured_media_url":"","jetpack_sharing_enabled":true,"jetpack_likes_enabled":true,"jetpack-related-posts":[{"id":19608,"url":"https:\/\/www.akehedman.se\/wordpress\/?p=19608","url_meta":{"origin":22740,"position":0},"title":"Senast l\u00e4sta bok","author":"\u00c5ke Hedman","date":"2016-02-07","format":false,"excerpt":"Det skyddande regnet av Jojo Moyes Jojo har blivit n\u00e5got av en favoritfeelgoodf\u00f6rfattare.\u00a0 S\u00e5 n\u00e4r K hittar en gammal bok i hyllorna av henne s\u00e5 m\u00e5ste man s\u00e5klart l\u00e4sa den. Inbunden och allt. Bara det. Vi har oftast bara r\u00e5d med pocketupplagorna. OK s\u00e5klart. Det \u00e4r orden man \u00e4r ute\u2026","rel":"","context":"In &quot;B\u00f6cker&quot;","block_context":{"text":"B\u00f6cker","link":"https:\/\/www.akehedman.se\/wordpress\/?cat=13"},"img":{"alt_text":"images","src":"https:\/\/i0.wp.com\/www.akehedman.se\/wordpress\/wp-content\/uploads\/2016\/02\/images-680x1024.jpeg?resize=350%2C200","width":350,"height":200,"srcset":"https:\/\/i0.wp.com\/www.akehedman.se\/wordpress\/wp-content\/uploads\/2016\/02\/images-680x1024.jpeg?resize=350%2C200 1x, https:\/\/i0.wp.com\/www.akehedman.se\/wordpress\/wp-content\/uploads\/2016\/02\/images-680x1024.jpeg?resize=525%2C300 1.5x"},"classes":[]},{"id":14690,"url":"https:\/\/www.akehedman.se\/wordpress\/?p=14690","url_meta":{"origin":22740,"position":1},"title":"Boken skriker &#8220;kom, kom, kom &#8211; l\u00e4s mig&#8230;&#8221;","author":"\u00c5ke Hedman","date":"2014-09-07","format":false,"excerpt":"S\u00e5 \u00e4r s\u00f6ndagens jobb klart. Eller klart \u00e4r fel ord. Jag orkar inte jobba mer idag och dessutom s\u00e5 har jag Jan Guillou\u00a0senaste bok p\u00e5 nattduksbordet och den \u00e4r s\u00e5klart alldeles underbar.Jag har l\u00e4st halva fast jag b\u00f6rjade med den i fredags. Den f\u00e5r mig att skratta, gr\u00e5ta och f\u00f6rst\u00e5.\u2026","rel":"","context":"In &quot;Betraktelser &amp; Ber\u00e4ttelse&quot;","block_context":{"text":"Betraktelser &amp; Ber\u00e4ttelse","link":"https:\/\/www.akehedman.se\/wordpress\/?cat=24"},"img":{"alt_text":"bok-utan-ord","src":"https:\/\/i0.wp.com\/www.eurosource.se\/akhe\/wordpress\/wp-content\/uploads\/2014\/09\/bok-utan-ord.jpg?resize=350%2C200","width":350,"height":200},"classes":[]},{"id":45413,"url":"https:\/\/www.akehedman.se\/wordpress\/?p=45413","url_meta":{"origin":22740,"position":2},"title":"Vatten","author":"\u00c5ke Hedman","date":"2023-06-26","format":false,"excerpt":"Photo by Arnie Watkins on Pexels.com Jag har vattnat v\u00e4xterna i tr\u00e4dg\u00e5rden. Meditation. Men f\u00f6rutom det bara jobbat. Fast m\u00e5ngen m\u00e4nniska h\u00e4r i de h\u00e4r trakterna skulle v\u00e4l knappast st\u00e4mpla mitt sittande framf\u00f6r en sk\u00e4rm som arbete. Men f\u00f6r mig sj\u00e4lv t\u00e4nker jag det \u00e4nd\u00e5. Att det h\u00e4r jag g\u00f6r\u2026","rel":"","context":"In &quot;Swedish&quot;","block_context":{"text":"Swedish","link":"https:\/\/www.akehedman.se\/wordpress\/?cat=2"},"img":{"alt_text":"woman drinking water from glass bottle","src":"https:\/\/i0.wp.com\/www.akehedman.se\/wordpress\/wp-content\/uploads\/2023\/06\/pexels-photo-3124674.jpeg?resize=350%2C200&ssl=1","width":350,"height":200,"srcset":"https:\/\/i0.wp.com\/www.akehedman.se\/wordpress\/wp-content\/uploads\/2023\/06\/pexels-photo-3124674.jpeg?resize=350%2C200&ssl=1 1x, https:\/\/i0.wp.com\/www.akehedman.se\/wordpress\/wp-content\/uploads\/2023\/06\/pexels-photo-3124674.jpeg?resize=525%2C300&ssl=1 1.5x, https:\/\/i0.wp.com\/www.akehedman.se\/wordpress\/wp-content\/uploads\/2023\/06\/pexels-photo-3124674.jpeg?resize=700%2C400&ssl=1 2x"},"classes":[]},{"id":30375,"url":"https:\/\/www.akehedman.se\/wordpress\/?p=30375","url_meta":{"origin":22740,"position":3},"title":"Jag och katten","author":"\u00c5ke Hedman","date":"2018-10-22","format":false,"excerpt":"\u00a0 Japp, det \u00e4r jag och lillkatten. L\u00e5tsaskv\u00e4llsskift.\u00a0 Som f\u00f6rr\u00a0 i tiden. P\u00e5 sp\u00e5nplattefabriken. Sjuttiotal. Det som slutande vid tio. N\u00e4r alla polare \u00e5kte hem och la sig s\u00e5 slutade man jobbet f\u00f6r dagen. Just den veckan av fyrskiftet var tristas. Upp fem och iv\u00e4g var inget mot det. Eller\u2026","rel":"","context":"In &quot;Betraktelser &amp; Ber\u00e4ttelse&quot;","block_context":{"text":"Betraktelser &amp; Ber\u00e4ttelse","link":"https:\/\/www.akehedman.se\/wordpress\/?cat=24"},"img":{"alt_text":"","src":"https:\/\/i0.wp.com\/www.akehedman.se\/wordpress\/wp-content\/uploads\/2018\/10\/IMG_20181022_211428802-1024x767.png?resize=350%2C200","width":350,"height":200,"srcset":"https:\/\/i0.wp.com\/www.akehedman.se\/wordpress\/wp-content\/uploads\/2018\/10\/IMG_20181022_211428802-1024x767.png?resize=350%2C200 1x, https:\/\/i0.wp.com\/www.akehedman.se\/wordpress\/wp-content\/uploads\/2018\/10\/IMG_20181022_211428802-1024x767.png?resize=525%2C300 1.5x"},"classes":[]},{"id":34147,"url":"https:\/\/www.akehedman.se\/wordpress\/?p=34147","url_meta":{"origin":22740,"position":4},"title":"K\u00f6r in i v\u00e4ggen","author":"\u00c5ke Hedman","date":"2020-01-14","format":false,"excerpt":"Koncentrerar mig idag. L\u00e5ngt inne. Nu vid tio g\u00e5r det inte l\u00e4ngre. K\u00f6r in i v\u00e4ggen. Jo, jo, jo, det hade v\u00e4l inte varit konstigt om jag sysslat med riktigt arbete under dagen. Jag har \u00e4nd\u00e5 k\u00f6rt sedan \u00e5tta i morse. Men nu \u00e4r jag l\u00e5tsasarbetare. Allt \u00e4r bara p\u00e5\u2026","rel":"","context":"In &quot;Swedish&quot;","block_context":{"text":"Swedish","link":"https:\/\/www.akehedman.se\/wordpress\/?cat=2"},"img":{"alt_text":"","src":"https:\/\/i0.wp.com\/www.akehedman.se\/wordpress\/wp-content\/uploads\/2019\/12\/IMG_20190121_081247951.png?resize=350%2C200&ssl=1","width":350,"height":200,"srcset":"https:\/\/i0.wp.com\/www.akehedman.se\/wordpress\/wp-content\/uploads\/2019\/12\/IMG_20190121_081247951.png?resize=350%2C200&ssl=1 1x, https:\/\/i0.wp.com\/www.akehedman.se\/wordpress\/wp-content\/uploads\/2019\/12\/IMG_20190121_081247951.png?resize=525%2C300&ssl=1 1.5x, https:\/\/i0.wp.com\/www.akehedman.se\/wordpress\/wp-content\/uploads\/2019\/12\/IMG_20190121_081247951.png?resize=700%2C400&ssl=1 2x"},"classes":[]},{"id":29345,"url":"https:\/\/www.akehedman.se\/wordpress\/?p=29345","url_meta":{"origin":22740,"position":5},"title":"Senast l\u00e4sta bok","author":"\u00c5ke Hedman","date":"2018-07-16","format":false,"excerpt":"St\u00e4ppvargen av Herman Hesse Jo. Jag \u00e4r tvungen att l\u00e4sa den h\u00e4r. Varf\u00f6r? Jo. D\u00e4rf\u00f6r att den n\u00e4mns i de tv\u00e5 senaste b\u00f6ckerna jag l\u00e4st. Ja och japp, jag har best\u00e4mt mig f\u00f6r att l\u00e4sa n\u00e5gra av klassikerna. F\u00f6rst. Herman Hesse l\u00e5ter som en Nazist. Men d\u00e5 \u00e4r det s\u00e5klart\u2026","rel":"","context":"In &quot;B\u00f6cker&quot;","block_context":{"text":"B\u00f6cker","link":"https:\/\/www.akehedman.se\/wordpress\/?cat=13"},"img":{"alt_text":"","src":"https:\/\/i0.wp.com\/www.akehedman.se\/wordpress\/wp-content\/uploads\/2018\/07\/stappvargen.jpg?resize=350%2C200","width":350,"height":200},"classes":[]}],"jetpack_shortlink":"https:\/\/wp.me\/p68PL2-5UM","_links":{"self":[{"href":"https:\/\/www.akehedman.se\/wordpress\/index.php?rest_route=\/wp\/v2\/posts\/22740","targetHints":{"allow":["GET"]}}],"collection":[{"href":"https:\/\/www.akehedman.se\/wordpress\/index.php?rest_route=\/wp\/v2\/posts"}],"about":[{"href":"https:\/\/www.akehedman.se\/wordpress\/index.php?rest_route=\/wp\/v2\/types\/post"}],"author":[{"embeddable":true,"href":"https:\/\/www.akehedman.se\/wordpress\/index.php?rest_route=\/wp\/v2\/users\/24"}],"replies":[{"embeddable":true,"href":"https:\/\/www.akehedman.se\/wordpress\/index.php?rest_route=%2Fwp%2Fv2%2Fcomments&post=22740"}],"version-history":[{"count":2,"href":"https:\/\/www.akehedman.se\/wordpress\/index.php?rest_route=\/wp\/v2\/posts\/22740\/revisions"}],"predecessor-version":[{"id":22743,"href":"https:\/\/www.akehedman.se\/wordpress\/index.php?rest_route=\/wp\/v2\/posts\/22740\/revisions\/22743"}],"wp:attachment":[{"href":"https:\/\/www.akehedman.se\/wordpress\/index.php?rest_route=%2Fwp%2Fv2%2Fmedia&parent=22740"}],"wp:term":[{"taxonomy":"category","embeddable":true,"href":"https:\/\/www.akehedman.se\/wordpress\/index.php?rest_route=%2Fwp%2Fv2%2Fcategories&post=22740"},{"taxonomy":"post_tag","embeddable":true,"href":"https:\/\/www.akehedman.se\/wordpress\/index.php?rest_route=%2Fwp%2Fv2%2Ftags&post=22740"}],"curies":[{"name":"wp","href":"https:\/\/api.w.org\/{rel}","templated":true}]}}