{"id":22727,"date":"2017-01-03T13:15:34","date_gmt":"2017-01-03T12:15:34","guid":{"rendered":"http:\/\/www.akehedman.se\/wordpress\/?p=22727"},"modified":"2017-01-03T13:15:34","modified_gmt":"2017-01-03T12:15:34","slug":"katarina-ostholm-urbanisering-som-forblindar-darfor-ar-byn-det-ideala-sattet-att-leva","status":"publish","type":"post","link":"https:\/\/www.akehedman.se\/wordpress\/?p=22727","title":{"rendered":"Katarina \u00d6stholm: Urbanisering som f\u00f6rblindar \u2013 d\u00e4rf\u00f6r \u00e4r byn det ideala s\u00e4ttet att leva"},"content":{"rendered":"<p><a href=\"http:\/\/www.helahalsingland.se\/kultur\/katarina-ostholm-urbanisering-som-forblindar-darfor-ar-byn-det-ideala-sattet-att-leva\"><img data-recalc-dims=\"1\" decoding=\"async\" class=\"alignnone size-full\" src=\"https:\/\/i0.wp.com\/www.akehedman.se\/wordpress\/wp-content\/uploads\/2017\/01\/1200.jpg?w=580\" alt=\"\" \/><\/a>Source: <em><a href=\"http:\/\/www.helahalsingland.se\/kultur\/katarina-ostholm-urbanisering-som-forblindar-darfor-ar-byn-det-ideala-sattet-att-leva\">Katarina \u00d6stholm: Urbanisering som f\u00f6rblindar \u2013 d\u00e4rf\u00f6r \u00e4r byn det ideala s\u00e4ttet att leva<\/a><\/em><\/p>\n","protected":false},"excerpt":{"rendered":"<p>Source: Katarina \u00d6stholm: Urbanisering som f\u00f6rblindar \u2013 d\u00e4rf\u00f6r \u00e4r byn det ideala s\u00e4ttet att leva<\/p>\n","protected":false},"author":24,"featured_media":0,"comment_status":"open","ping_status":"open","sticky":false,"template":"","format":"standard","meta":{"_crdt_document":"","jetpack_post_was_ever_published":false,"_jetpack_newsletter_access":"","_jetpack_dont_email_post_to_subs":false,"_jetpack_newsletter_tier_id":0,"_jetpack_memberships_contains_paywalled_content":false,"_jetpack_memberships_contains_paid_content":false,"footnotes":"","jetpack_publicize_message":"","jetpack_publicize_feature_enabled":true,"jetpack_social_post_already_shared":true,"jetpack_social_options":{"image_generator_settings":{"template":"highway","default_image_id":0,"font":"","enabled":false},"version":2}},"categories":[2],"tags":[],"class_list":["post-22727","post","type-post","status-publish","format-standard","hentry","category-swedish"],"jetpack_publicize_connections":[],"jetpack_featured_media_url":"","jetpack_sharing_enabled":true,"jetpack_likes_enabled":true,"jetpack-related-posts":[{"id":31772,"url":"https:\/\/www.akehedman.se\/wordpress\/?p=31772","url_meta":{"origin":22727,"position":0},"title":"Katarina \u00d6stholm: Sm\u00e5f\u00f6retagarnas a-kassa dumpar dyra Stockholm och flyttar till Norrland \u2013 en decentralisering som visar v\u00e4gen","author":"\u00c5ke Hedman","date":"2019-03-22","format":false,"excerpt":"I samma veva kan Hela Sverige Ska Leva flytta sitt huvudkontor fr\u00e5n Gamla Stan till Kalix Source: Katarina \u00d6stholm: Sm\u00e5f\u00f6retagarnas a-kassa dumpar dyra Stockholm och flyttar till Norrland \u2013 en decentralisering som visar v\u00e4gen","rel":"","context":"In &quot;Swedish&quot;","block_context":{"text":"Swedish","link":"https:\/\/www.akehedman.se\/wordpress\/?cat=2"},"img":{"alt_text":"","src":"","width":0,"height":0},"classes":[]},{"id":27939,"url":"https:\/\/www.akehedman.se\/wordpress\/?p=27939","url_meta":{"origin":22727,"position":1},"title":"Klokt","author":"\u00c5ke Hedman","date":"2018-04-15","format":false,"excerpt":"Bygg en mur kring st\u00e4derna - efter en vecka skall vi se p\u00e5 vilken sida kl\u00f6sm\u00e4rkena sitter. Katarina \u00d6stholm","rel":"","context":"In &quot;Visdomsord&quot;","block_context":{"text":"Visdomsord","link":"https:\/\/www.akehedman.se\/wordpress\/?cat=27"},"img":{"alt_text":"","src":"","width":0,"height":0},"classes":[]},{"id":26020,"url":"https:\/\/www.akehedman.se\/wordpress\/?p=26020","url_meta":{"origin":22727,"position":2},"title":"Pyspunka","author":"\u00c5ke Hedman","date":"2017-11-20","format":false,"excerpt":"Jo lite storstadsbo \u00e4r det allt kvar i mig. Stockholmare. 08. Ja h\u00e4r i byn \u00e4r man ju det \u00e4nd\u00e5. Trotts trettio \u00e5r h\u00e4r nu. Jo jag har haft d\u00e4cken liggande i k\u00e4llaren ett tag. Borde v\u00e4l ha \u00e5kt iv\u00e4g till Lasse och bytt. Men inte kommit iv\u00e4g. Det finns\u2026","rel":"","context":"In &quot;Betraktelser &amp; Ber\u00e4ttelse&quot;","block_context":{"text":"Betraktelser &amp; Ber\u00e4ttelse","link":"https:\/\/www.akehedman.se\/wordpress\/?cat=24"},"img":{"alt_text":"","src":"https:\/\/i0.wp.com\/www.akehedman.se\/wordpress\/wp-content\/uploads\/2017\/11\/IMG_20171120_095335820-1024x768.jpg?resize=350%2C200","width":350,"height":200,"srcset":"https:\/\/i0.wp.com\/www.akehedman.se\/wordpress\/wp-content\/uploads\/2017\/11\/IMG_20171120_095335820-1024x768.jpg?resize=350%2C200 1x, https:\/\/i0.wp.com\/www.akehedman.se\/wordpress\/wp-content\/uploads\/2017\/11\/IMG_20171120_095335820-1024x768.jpg?resize=525%2C300 1.5x"},"classes":[]},{"id":42715,"url":"https:\/\/www.akehedman.se\/wordpress\/?p=42715","url_meta":{"origin":22727,"position":3},"title":"Sorgen och jag","author":"\u00c5ke Hedman","date":"2022-09-08","format":false,"excerpt":"Photo by Serkan G\u00f6ktay on Pexels.com Jag m\u00f6ter Sorgen ibland n\u00e4r jag \u00e4r ute och g\u00e5r p\u00e5 en av mina morgonpromenader (t\u00f6rg\u00e5r). Sorgen och jag nickar alltid mot varandra n\u00e4r vi m\u00f6ts. En snabb kram efter det att vi insett att v\u00e5ra leenden inte riktigt n\u00e5r \u00e4nda upp till \u00f6gonen\u2026","rel":"","context":"In &quot;Swedish&quot;","block_context":{"text":"Swedish","link":"https:\/\/www.akehedman.se\/wordpress\/?cat=2"},"img":{"alt_text":"person wearing grey and orange hoodie sitting on brown wooden park bench during daytime","src":"https:\/\/i0.wp.com\/www.akehedman.se\/wordpress\/wp-content\/uploads\/2022\/09\/pexels-photo-66757.jpeg?resize=350%2C200&ssl=1","width":350,"height":200,"srcset":"https:\/\/i0.wp.com\/www.akehedman.se\/wordpress\/wp-content\/uploads\/2022\/09\/pexels-photo-66757.jpeg?resize=350%2C200&ssl=1 1x, https:\/\/i0.wp.com\/www.akehedman.se\/wordpress\/wp-content\/uploads\/2022\/09\/pexels-photo-66757.jpeg?resize=525%2C300&ssl=1 1.5x, https:\/\/i0.wp.com\/www.akehedman.se\/wordpress\/wp-content\/uploads\/2022\/09\/pexels-photo-66757.jpeg?resize=700%2C400&ssl=1 2x, https:\/\/i0.wp.com\/www.akehedman.se\/wordpress\/wp-content\/uploads\/2022\/09\/pexels-photo-66757.jpeg?resize=1050%2C600&ssl=1 3x"},"classes":[]},{"id":37757,"url":"https:\/\/www.akehedman.se\/wordpress\/?p=37757","url_meta":{"origin":22727,"position":4},"title":"&#8220;Det g\u00e5r bra nu&#8221;","author":"\u00c5ke Hedman","date":"2021-02-04","format":false,"excerpt":"V\u00e4rlden. Den som \u00e4r d\u00e4r utanf\u00f6r. Oftast m\u00e4rker jag v\u00e4ldigt lite av den. Jag sitter mest i min l\u00e5tsasv\u00e4rld och g\u00f6r l\u00e5tsassaker. Skr\u00e4mmande nog njuter jag en stor del av den d\u00e4r tiden. Men jag gissar att \u00e4ven en f\u00e4ngelsekund kan k\u00e4nna samma tillfredsst\u00e4llelse i sin trygga cell, det som\u2026","rel":"","context":"In &quot;Betraktelser &amp; Ber\u00e4ttelse&quot;","block_context":{"text":"Betraktelser &amp; Ber\u00e4ttelse","link":"https:\/\/www.akehedman.se\/wordpress\/?cat=24"},"img":{"alt_text":"","src":"https:\/\/i0.wp.com\/www.akehedman.se\/wordpress\/wp-content\/uploads\/2021\/02\/IMG_20210130_144800-EFFECTS-scaled.jpg?resize=350%2C200&ssl=1","width":350,"height":200,"srcset":"https:\/\/i0.wp.com\/www.akehedman.se\/wordpress\/wp-content\/uploads\/2021\/02\/IMG_20210130_144800-EFFECTS-scaled.jpg?resize=350%2C200&ssl=1 1x, https:\/\/i0.wp.com\/www.akehedman.se\/wordpress\/wp-content\/uploads\/2021\/02\/IMG_20210130_144800-EFFECTS-scaled.jpg?resize=525%2C300&ssl=1 1.5x, https:\/\/i0.wp.com\/www.akehedman.se\/wordpress\/wp-content\/uploads\/2021\/02\/IMG_20210130_144800-EFFECTS-scaled.jpg?resize=700%2C400&ssl=1 2x, https:\/\/i0.wp.com\/www.akehedman.se\/wordpress\/wp-content\/uploads\/2021\/02\/IMG_20210130_144800-EFFECTS-scaled.jpg?resize=1050%2C600&ssl=1 3x, https:\/\/i0.wp.com\/www.akehedman.se\/wordpress\/wp-content\/uploads\/2021\/02\/IMG_20210130_144800-EFFECTS-scaled.jpg?resize=1400%2C800&ssl=1 4x"},"classes":[]},{"id":31250,"url":"https:\/\/www.akehedman.se\/wordpress\/?p=31250","url_meta":{"origin":22727,"position":5},"title":"Tre kvar","author":"\u00c5ke Hedman","date":"2019-01-03","format":false,"excerpt":"Tre delprojekt kvar i mitt \"liberation of the code\" sen kan jag b\u00f6rja med det riktiga \"jobbet\", ja l\u00e5tsasjobbet, jo, ja, ni fattar, men debugging, fels\u00f6kning, f\u00e5 allt att fungera. Men wxWidgets \u00e4r allts\u00e5 n\u00e4stan borta. Ja och det har g\u00e5tt snabbare \u00e4n v\u00e4ntat. Hoppas det forts\u00e4tter s\u00e5. R\u00e4cker timmarna\u2026","rel":"","context":"In &quot;Betraktelser &amp; Ber\u00e4ttelse&quot;","block_context":{"text":"Betraktelser &amp; Ber\u00e4ttelse","link":"https:\/\/www.akehedman.se\/wordpress\/?cat=24"},"img":{"alt_text":"","src":"https:\/\/i0.wp.com\/www.akehedman.se\/wordpress\/wp-content\/uploads\/2019\/01\/PANO_20120612_222304.jpg?resize=350%2C200&ssl=1","width":350,"height":200,"srcset":"https:\/\/i0.wp.com\/www.akehedman.se\/wordpress\/wp-content\/uploads\/2019\/01\/PANO_20120612_222304.jpg?resize=350%2C200&ssl=1 1x, https:\/\/i0.wp.com\/www.akehedman.se\/wordpress\/wp-content\/uploads\/2019\/01\/PANO_20120612_222304.jpg?resize=525%2C300&ssl=1 1.5x, https:\/\/i0.wp.com\/www.akehedman.se\/wordpress\/wp-content\/uploads\/2019\/01\/PANO_20120612_222304.jpg?resize=700%2C400&ssl=1 2x, https:\/\/i0.wp.com\/www.akehedman.se\/wordpress\/wp-content\/uploads\/2019\/01\/PANO_20120612_222304.jpg?resize=1050%2C600&ssl=1 3x"},"classes":[]}],"jetpack_shortlink":"https:\/\/wp.me\/p68PL2-5Uz","_links":{"self":[{"href":"https:\/\/www.akehedman.se\/wordpress\/index.php?rest_route=\/wp\/v2\/posts\/22727","targetHints":{"allow":["GET"]}}],"collection":[{"href":"https:\/\/www.akehedman.se\/wordpress\/index.php?rest_route=\/wp\/v2\/posts"}],"about":[{"href":"https:\/\/www.akehedman.se\/wordpress\/index.php?rest_route=\/wp\/v2\/types\/post"}],"author":[{"embeddable":true,"href":"https:\/\/www.akehedman.se\/wordpress\/index.php?rest_route=\/wp\/v2\/users\/24"}],"replies":[{"embeddable":true,"href":"https:\/\/www.akehedman.se\/wordpress\/index.php?rest_route=%2Fwp%2Fv2%2Fcomments&post=22727"}],"version-history":[{"count":1,"href":"https:\/\/www.akehedman.se\/wordpress\/index.php?rest_route=\/wp\/v2\/posts\/22727\/revisions"}],"predecessor-version":[{"id":22729,"href":"https:\/\/www.akehedman.se\/wordpress\/index.php?rest_route=\/wp\/v2\/posts\/22727\/revisions\/22729"}],"wp:attachment":[{"href":"https:\/\/www.akehedman.se\/wordpress\/index.php?rest_route=%2Fwp%2Fv2%2Fmedia&parent=22727"}],"wp:term":[{"taxonomy":"category","embeddable":true,"href":"https:\/\/www.akehedman.se\/wordpress\/index.php?rest_route=%2Fwp%2Fv2%2Fcategories&post=22727"},{"taxonomy":"post_tag","embeddable":true,"href":"https:\/\/www.akehedman.se\/wordpress\/index.php?rest_route=%2Fwp%2Fv2%2Ftags&post=22727"}],"curies":[{"name":"wp","href":"https:\/\/api.w.org\/{rel}","templated":true}]}}