{"id":22406,"date":"2016-12-05T16:20:18","date_gmt":"2016-12-05T15:20:18","guid":{"rendered":"http:\/\/www.akehedman.se\/wordpress\/?p=22406"},"modified":"2016-12-05T16:20:18","modified_gmt":"2016-12-05T15:20:18","slug":"ahlens-tar-bort-luciabilden-aftonbladet","status":"publish","type":"post","link":"https:\/\/www.akehedman.se\/wordpress\/?p=22406","title":{"rendered":"\u00c5hl\u00e9ns tar bort luciabilden | Aftonbladet"},"content":{"rendered":"<p>Kom fram i ljuset j\u00e4vla troll s\u00e5 att vi kan rikta v\u00e5ra str\u00e5lkastare p\u00e5 er och f\u00e5 er att f\u00f6rsvinna f\u00f6r evigt.<\/p>\n<blockquote><p><a href=\"http:\/\/www.aftonbladet.se\/nyheter\/article24047786.ab\"><img data-recalc-dims=\"1\" decoding=\"async\" class=\"alignnone size-full\" src=\"https:\/\/i0.wp.com\/www.akehedman.se\/wordpress\/wp-content\/uploads\/2016\/12\/ahlens.jpg?w=580\" alt=\"\" \/><\/a>Efter rasistiska hatstormen mot pojken i \u00c5hl\u00e9ns-reklamen v\u00e4ljer nu kl\u00e4df\u00f6retaget att dra in kampanjen.<\/p><\/blockquote>\n<p>Source: <em><a href=\"http:\/\/www.aftonbladet.se\/nyheter\/article24047786.ab\">\u00c5hl\u00e9ns tar bort luciabilden | Aftonbladet<\/a><\/em><\/p>\n","protected":false},"excerpt":{"rendered":"<p>Kom fram i ljuset j\u00e4vla troll s\u00e5 att vi kan rikta v\u00e5ra str\u00e5lkastare p\u00e5 er och f\u00e5 er att f\u00f6rsvinna f\u00f6r evigt. Efter rasistiska hatstormen mot pojken i \u00c5hl\u00e9ns-reklamen v\u00e4ljer nu kl\u00e4df\u00f6retaget att dra in kampanjen. Source: \u00c5hl\u00e9ns tar bort luciabilden | Aftonbladet<\/p>\n","protected":false},"author":24,"featured_media":0,"comment_status":"open","ping_status":"open","sticky":false,"template":"","format":"standard","meta":{"_crdt_document":"","jetpack_post_was_ever_published":false,"_jetpack_newsletter_access":"","_jetpack_dont_email_post_to_subs":false,"_jetpack_newsletter_tier_id":0,"_jetpack_memberships_contains_paywalled_content":false,"_jetpack_memberships_contains_paid_content":false,"footnotes":"","jetpack_publicize_message":"","jetpack_publicize_feature_enabled":true,"jetpack_social_post_already_shared":true,"jetpack_social_options":{"image_generator_settings":{"template":"highway","default_image_id":0,"font":"","enabled":false},"version":2}},"categories":[2],"tags":[],"class_list":["post-22406","post","type-post","status-publish","format-standard","hentry","category-swedish"],"jetpack_publicize_connections":[],"jetpack_featured_media_url":"","jetpack_sharing_enabled":true,"jetpack_likes_enabled":true,"jetpack-related-posts":[{"id":30070,"url":"https:\/\/www.akehedman.se\/wordpress\/?p=30070","url_meta":{"origin":22406,"position":0},"title":"Pristagarens revansch: Hade f\u00f6r d\u00e5liga betyg | Aftonbladet","author":"\u00c5ke Hedman","date":"2018-10-03","format":false,"excerpt":"\u2013 Jag \u00e4r chockad och n\u00f6jd. Chocken tar nog \u00f6verhanden faktiskt, s\u00e4ger kemiprofessorn Gregory Winter, till TT om att f\u00e5 Nobelpriset. Han avsl\u00f6jar ocks\u00e5 att hans betyg egentligen inte r\u00e4ckte f\u00f6r forskarutbildningen. Source: Pristagarens revansch: Hade f\u00f6r d\u00e5liga betyg | Aftonbladet","rel":"","context":"In &quot;vetenskap&quot;","block_context":{"text":"vetenskap","link":"https:\/\/www.akehedman.se\/wordpress\/?cat=41"},"img":{"alt_text":"","src":"","width":0,"height":0},"classes":[]},{"id":44920,"url":"https:\/\/www.akehedman.se\/wordpress\/?p=44920","url_meta":{"origin":22406,"position":1},"title":"Vargarna","author":"\u00c5ke Hedman","date":"2023-04-27","format":false,"excerpt":"Photo by Pixabay on Pexels.com Morgon. Tekopp. Elelement. Jag \u00e4r p\u00e5 kontoret sedan en stund. K \u00e4r p\u00e5 jobbet. V\u00e4l ing\u00e5ngna mysbyxor p\u00e5 idag f\u00f6r jag t\u00e4nker inte ta mig utanf\u00f6r d\u00f6rren. H\u00e5ller inte f\u00f6r utanf\u00f6rd\u00f6rren p\u00e5. Inga mysbyxor alls. Men h\u00e4r skall kodas. T\u00e4nker fan inte ens titta ut\u2026","rel":"","context":"In &quot;Swedish&quot;","block_context":{"text":"Swedish","link":"https:\/\/www.akehedman.se\/wordpress\/?cat=2"},"img":{"alt_text":"silhouette dog on landscape against romantic sky at sunset","src":"https:\/\/i0.wp.com\/www.akehedman.se\/wordpress\/wp-content\/uploads\/2023\/04\/pexels-photo-247583.jpeg?resize=350%2C200&ssl=1","width":350,"height":200,"srcset":"https:\/\/i0.wp.com\/www.akehedman.se\/wordpress\/wp-content\/uploads\/2023\/04\/pexels-photo-247583.jpeg?resize=350%2C200&ssl=1 1x, https:\/\/i0.wp.com\/www.akehedman.se\/wordpress\/wp-content\/uploads\/2023\/04\/pexels-photo-247583.jpeg?resize=525%2C300&ssl=1 1.5x, https:\/\/i0.wp.com\/www.akehedman.se\/wordpress\/wp-content\/uploads\/2023\/04\/pexels-photo-247583.jpeg?resize=700%2C400&ssl=1 2x, https:\/\/i0.wp.com\/www.akehedman.se\/wordpress\/wp-content\/uploads\/2023\/04\/pexels-photo-247583.jpeg?resize=1050%2C600&ssl=1 3x, https:\/\/i0.wp.com\/www.akehedman.se\/wordpress\/wp-content\/uploads\/2023\/04\/pexels-photo-247583.jpeg?resize=1400%2C800&ssl=1 4x"},"classes":[]},{"id":340,"url":"https:\/\/www.akehedman.se\/wordpress\/?p=340","url_meta":{"origin":22406,"position":2},"title":"Jag skulle f\u00c3\u00a5 motorstopp f\u00c3\u00b6r mindre","author":"\u00c5ke Hedman","date":"2008-04-20","format":false,"excerpt":"Skulle ni uts\u00c3\u00a4tta er f\u00c3\u00b6r det h\u00c3\u00a4r? Det skulle jag aldrig g\u00c3\u00b6ra. T\u00c3\u00a4nk er pressen. Alla som liksom Aftonbladet vill att det skall g\u00c3\u00a5 \u00c3\u00a5t helvetet. Heja prinsen s\u00c3\u00a4ger jag. Skit i dom som aldrig v\u00c3\u00a5gar n\u00c3\u00a5got sj\u00c3\u00a4lv utan alltid kommer att vara \u00c3\u00a5sk\u00c3\u00a5dare. K\u00c3\u00b6r s\u00c3\u00a5 det ryker!","rel":"","context":"In &quot;Swedish&quot;","block_context":{"text":"Swedish","link":"https:\/\/www.akehedman.se\/wordpress\/?cat=2"},"img":{"alt_text":"","src":"","width":0,"height":0},"classes":[]},{"id":28216,"url":"https:\/\/www.akehedman.se\/wordpress\/?p=28216","url_meta":{"origin":22406,"position":3},"title":"Deklaration 2 maj &#8211; sista dagen att deklarera | Aftonbladet","author":"\u00c5ke Hedman","date":"2018-05-02","format":false,"excerpt":"Source: Deklaration 2 maj - sista dagen att deklarera | Aftonbladet","rel":"","context":"In &quot;Swedish&quot;","block_context":{"text":"Swedish","link":"https:\/\/www.akehedman.se\/wordpress\/?cat=2"},"img":{"alt_text":"","src":"","width":0,"height":0},"classes":[]},{"id":2129,"url":"https:\/\/www.akehedman.se\/wordpress\/?p=2129","url_meta":{"origin":22406,"position":4},"title":"USA:s plan f\u00f6r att vinna Kalla kriget: Spr\u00e4nga m\u00e5nen | Nyheter | Aftonbladet","author":"\u00c5ke Hedman","date":"2012-11-27","format":false,"excerpt":"Med aftonbladet som k\u00e4lla s\u00e5 skall man v\u00e4l inte ta det h\u00e4r p\u00e5 s\u00e5 stort allvar men om nu n\u00e5gon skulle t\u00e4nkt detta s\u00e5 undrar man ju, OCH OROAS, \u00f6ver hur resten funderar. USA:s plan f\u00f6r att vinna Kalla kriget: Spr\u00e4nga m\u00e5nen | Nyheter | Aftonbladet.","rel":"","context":"In &quot;Swedish&quot;","block_context":{"text":"Swedish","link":"https:\/\/www.akehedman.se\/wordpress\/?cat=2"},"img":{"alt_text":"","src":"","width":0,"height":0},"classes":[]},{"id":7434,"url":"https:\/\/www.akehedman.se\/wordpress\/?p=7434","url_meta":{"origin":22406,"position":5},"title":"\u201dAftonbladet och Expressen betalar oss f\u00f6r att br\u00e4nna bilar i Husby\u201d | Joakim Lamotte","author":"\u00c5ke Hedman","date":"2013-05-24","format":false,"excerpt":"\u00a0 \u201dAftonbladet och Expressen betalar oss f\u00f6r att br\u00e4nna bilar i Husby\u201d | Joakim Lamotte.","rel":"","context":"In &quot;Swedish&quot;","block_context":{"text":"Swedish","link":"https:\/\/www.akehedman.se\/wordpress\/?cat=2"},"img":{"alt_text":"","src":"","width":0,"height":0},"classes":[]}],"jetpack_shortlink":"https:\/\/wp.me\/p68PL2-5Po","_links":{"self":[{"href":"https:\/\/www.akehedman.se\/wordpress\/index.php?rest_route=\/wp\/v2\/posts\/22406","targetHints":{"allow":["GET"]}}],"collection":[{"href":"https:\/\/www.akehedman.se\/wordpress\/index.php?rest_route=\/wp\/v2\/posts"}],"about":[{"href":"https:\/\/www.akehedman.se\/wordpress\/index.php?rest_route=\/wp\/v2\/types\/post"}],"author":[{"embeddable":true,"href":"https:\/\/www.akehedman.se\/wordpress\/index.php?rest_route=\/wp\/v2\/users\/24"}],"replies":[{"embeddable":true,"href":"https:\/\/www.akehedman.se\/wordpress\/index.php?rest_route=%2Fwp%2Fv2%2Fcomments&post=22406"}],"version-history":[{"count":1,"href":"https:\/\/www.akehedman.se\/wordpress\/index.php?rest_route=\/wp\/v2\/posts\/22406\/revisions"}],"predecessor-version":[{"id":22408,"href":"https:\/\/www.akehedman.se\/wordpress\/index.php?rest_route=\/wp\/v2\/posts\/22406\/revisions\/22408"}],"wp:attachment":[{"href":"https:\/\/www.akehedman.se\/wordpress\/index.php?rest_route=%2Fwp%2Fv2%2Fmedia&parent=22406"}],"wp:term":[{"taxonomy":"category","embeddable":true,"href":"https:\/\/www.akehedman.se\/wordpress\/index.php?rest_route=%2Fwp%2Fv2%2Fcategories&post=22406"},{"taxonomy":"post_tag","embeddable":true,"href":"https:\/\/www.akehedman.se\/wordpress\/index.php?rest_route=%2Fwp%2Fv2%2Ftags&post=22406"}],"curies":[{"name":"wp","href":"https:\/\/api.w.org\/{rel}","templated":true}]}}