{"id":22283,"date":"2016-11-28T09:15:15","date_gmt":"2016-11-28T08:15:15","guid":{"rendered":"http:\/\/www.akehedman.se\/wordpress\/?p=22283"},"modified":"2016-11-28T09:21:18","modified_gmt":"2016-11-28T08:21:18","slug":"racker-det-med-lusten","status":"publish","type":"post","link":"https:\/\/www.akehedman.se\/wordpress\/?p=22283","title":{"rendered":"R\u00e4cker det med lusten?"},"content":{"rendered":"<p><img data-recalc-dims=\"1\" loading=\"lazy\" decoding=\"async\" class=\"alignnone size-full wp-image-22284\" src=\"https:\/\/i0.wp.com\/www.akehedman.se\/wordpress\/wp-content\/uploads\/2016\/11\/7apafcq6ar-halt-vaglag-720x478.jpg?resize=580%2C385\" alt=\"7apafcq6ar-halt-vaglag-720x478\" width=\"580\" height=\"385\" srcset=\"https:\/\/i0.wp.com\/www.akehedman.se\/wordpress\/wp-content\/uploads\/2016\/11\/7apafcq6ar-halt-vaglag-720x478.jpg?resize=720%2C478&amp;ssl=1 720w, https:\/\/i0.wp.com\/www.akehedman.se\/wordpress\/wp-content\/uploads\/2016\/11\/7apafcq6ar-halt-vaglag-720x478.jpg?resize=300%2C199&amp;ssl=1 300w, https:\/\/i0.wp.com\/www.akehedman.se\/wordpress\/wp-content\/uploads\/2016\/11\/7apafcq6ar-halt-vaglag-720x478.jpg?resize=452%2C300&amp;ssl=1 452w\" sizes=\"auto, (max-width: 580px) 100vw, 580px\" \/><\/p>\n<p>En kall morgon. Skjutsar ner K. Tankar. Drar i handbromsen. Borde inte ha gjort det. Ett hjul fastnar. Det \u00e4r inte f\u00f6rsta g\u00e5ngen. Det \u00e4r inte sista g\u00e5ngen heller. En fransk designmiss det d\u00e4r kanske. F\u00e5r backa mig d\u00e4rifr\u00e5n. Av n\u00e5gon anledning g\u00e5r det.\u00a0 Men lite r\u00f6relse p\u00e5 isen lyckas jag i alla fall f\u00e5 till. En tur s\u00f6kande grusfl\u00e4ckarna i byn med h\u00f6ger bakhjul l\u00f6ser problemet. Det tar en stund.<\/p>\n<p>Det \u00e4r s\u00e5 den h\u00e4r morgonen b\u00f6rjar. Isgata, som om den var spolad ner f\u00f6r branta backen. Direkt farligt f\u00f6r vi \u00e5ker mer kana \u00e4n rullar ut p\u00e5 stora v\u00e4gen. ABS&#8217;en fungerar. Det m\u00e4rks.\u00a0 Turligt nog kommer det inga andra bilar.<\/p>\n<p>Hemma igen, mata f\u00e5glar, lyfta fram pallar inf\u00f6r pelletsleverans, fyller pellets, fyller tv\u00e4ttmaskin, inne, p\u00e5 med all v\u00e4rme som g\u00e5r. Fryslort som sagt. M\u00e5ndag. Dag tv\u00e5 i anglosaxisk vecka. Veckan snart slut med andra ord. Jag p\u00e5 gott hum\u00f6r. Jag \u00e4r n\u00e4stan alltid det. Deppig och bl\u00e5 men p\u00e5 gott hum\u00f6r. F\u00f6r det mesta. Kan man vara s\u00e5dan? Eller \u00e4r det schizofrent?<\/p>\n<p>Tv\u00e5 nya stora sprickor \u00f6ver glaset p\u00e5 Samsung androiden. Dags att plocka fram den gamla Iphonen igen. Jag beh\u00f6ver en android lur f\u00f6r utveckling och test. Forts\u00e4tter jag att g\u00e5 omkring med den h\u00e4r i fickan s\u00e5 l\u00e4r jag inte ha det snart. Gillar inte I-f\u00e5nen alls. Kan v\u00e4l inte s\u00e4ga att jag gillar de nya telefonerna speciellt mycket \u00f6ver huvud taget. Anv\u00e4ndarv\u00e4nlighet. Pyttsan. N\u00e4r min telefon ringer s\u00e5 f\u00e5r man f\u00f6rsiktigt, som om man f\u00f6rs\u00f6ker lirka ur t\u00e4ndhatten ur en tv\u00e5hundrakilos bomb, f\u00f6rs\u00f6ka f\u00e5 ut telefonen ur fickan. R\u00e5kar man komma \u00e5t sk\u00e4rmen det allra minsta s\u00e5 avslutar den samtalet eller skickar ett sms &#8220;har inte tid just nu&#8221;, &#8220;jag k\u00f6r&#8221; eller n\u00e5got s\u00e5dant innan man ens f\u00e5tt upp den ur fickan. Men det \u00e4r kanske bara mig det \u00e4r fel p\u00e5 s\u00e5klart. Fast man borde kunna ta upp sin telefon ur fickan utan att g\u00e5 en kurs i hur.<\/p>\n<p>Fem dagar fram\u00e5t nu. Det k\u00e4nns som om det finns tid att f\u00f6r\u00e4ndra v\u00e4rlden p\u00e5 under de d\u00e4r dagarna. P\u00e5 fredag undrar man vart de tog v\u00e4gen. &#8220;Va! fredag redan&#8221;. Samma sak varje vecka, S\u00e5 man m\u00e5ste konstatera att det tar l\u00e4ngre tid \u00e4n fem dagar att f\u00f6r\u00e4ndra v\u00e4rlden. Speciellt om man ensam skall axla det d\u00e4r uppdraget. Det kostar p\u00e5 att vara superhj\u00e4lte.<\/p>\n<p>Fast nej jag har aldrig sett mig som en s\u00e5dan s\u00e5klart. Inte ens i mina b\u00e4sta stunder. Jo som rockstj\u00e4rna d\u00e5 en g\u00e5ng i tiden. Men det var l\u00e4ngesedan och man var bara n\u00e4stan vuxen. Man m\u00e5 vara f\u00f6rl\u00e5ten f\u00f6r dylika ungdomliga \u00f6verdrifter. Man ville ju s\u00e5 g\u00e4rna. Men jag \u00e4r stolt \u00f6ver att jag aldrig s\u00e5lde mig. H\u00f6ll fast i det som var jag. Fast \u00e4n det kostade p\u00e5. Men precis som den stolte indianen som med bevarad stolthet hamnade i ett reservat s\u00e5 kan man kanske konstatera att en viss anpassning kanske hade varit av godo. Men d\u00e5 var det valet dansmusiken f\u00f6r att f\u00e5 spelningarna och flickornas gillande eller det man trodde p\u00e5, h\u00e5rdrocken. De som idag \u00e5ker p\u00e5 Scorpions och UFO konserterna var oftast dansbandsfans p\u00e5 den tiden. Ja och inget fel i det kanske. Kanske har man roligast s\u00e5. Formar sin v\u00e4rldsbild sj\u00e4lv, \u00e4ndrar historien efter behag och tycke. Det \u00e4r \u00e4nd\u00e5 <b>Danny<\/b> <b>Saucedo-<\/b>rna i v\u00e4rlden som f\u00e5r flickorna i slut\u00e4nden, inte Freddie Wadling-arna. Hur mycket cred. den siste \u00e4nd\u00e5 f\u00e5r.<\/p>\n<p>Men dagen har b\u00f6rjat. Livet susar p\u00e5. Jag skall ta tag i mitt. Det jag kallar l\u00e5tsasarbete. Kanske skulle man kalla det kompetensutveckling. Att vara ig\u00e5ng. Att h\u00e5lla ig\u00e5ng. Fr\u00e5gan \u00e4r varf\u00f6r. Den eviga. Varf\u00f6r i helvete d\u00e5. F\u00f6r att det fortfarande \u00e4r lustfyllt kanske. Kanske r\u00e4cker det. Men n\u00e5gonting inom mig s\u00e4ger s\u00e5 tydligt \u00e5t mig att forts\u00e4tta. &#8220;K\u00f6r p\u00e5 polarn. Du \u00e4r p\u00e5 r\u00e4tt v\u00e4g&#8221;. S\u00e4ger den d\u00e4r r\u00f6sten. Ja och man vill s\u00e5 g\u00e4rna tro p\u00e5 den. Men t\u00e4nk om den luras? T\u00e4nk om det \u00e4r s\u00e5. Hur blir det d\u00e5? R\u00e4cker det med lusten?<\/p>\n","protected":false},"excerpt":{"rendered":"<p>En kall morgon. Skjutsar ner K. Tankar. Drar i handbromsen. Borde inte ha gjort det. Ett hjul fastnar. Det \u00e4r inte f\u00f6rsta g\u00e5ngen. Det \u00e4r inte sista g\u00e5ngen heller. En fransk designmiss det d\u00e4r kanske. F\u00e5r backa mig d\u00e4rifr\u00e5n. Av n\u00e5gon anledning g\u00e5r det.\u00a0 Men lite r\u00f6relse p\u00e5 isen lyckas jag i alla fall f\u00e5 [&hellip;]<\/p>\n","protected":false},"author":24,"featured_media":0,"comment_status":"open","ping_status":"open","sticky":false,"template":"","format":"standard","meta":{"_crdt_document":"","jetpack_post_was_ever_published":false,"_jetpack_newsletter_access":"","_jetpack_dont_email_post_to_subs":true,"_jetpack_newsletter_tier_id":0,"_jetpack_memberships_contains_paywalled_content":false,"_jetpack_memberships_contains_paid_content":false,"footnotes":"","jetpack_publicize_message":"","jetpack_publicize_feature_enabled":true,"jetpack_social_post_already_shared":true,"jetpack_social_options":{"image_generator_settings":{"template":"highway","default_image_id":0,"font":"","enabled":false},"version":2}},"categories":[24],"tags":[],"class_list":["post-22283","post","type-post","status-publish","format-standard","hentry","category-betraktelser"],"jetpack_publicize_connections":[],"jetpack_featured_media_url":"","jetpack_sharing_enabled":true,"jetpack_likes_enabled":true,"jetpack-related-posts":[{"id":31237,"url":"https:\/\/www.akehedman.se\/wordpress\/?p=31237","url_meta":{"origin":22283,"position":0},"title":"Sippare","author":"\u00c5ke Hedman","date":"2019-01-02","format":false,"excerpt":"Vattnar blommor, s\u00e4tter p\u00e5 kaffe, det \u00e4r s\u00e5 prioriteringsordningen \u00e4r denna dag som tydligen \u00e4r en onsdag. Japp, whatever. Dygnvill. Totalt s\u00e5. Blommorna suger i sig. Det \u00e4r synnerligen t\u00f6rstigt. Men det \u00e4r klart att de skall suga i sig. Dom \u00e4r mina v\u00e4nner. Ocks\u00e5 blommor lugnar sinnen som vill\u2026","rel":"","context":"In &quot;Betraktelser &amp; Ber\u00e4ttelse&quot;","block_context":{"text":"Betraktelser &amp; Ber\u00e4ttelse","link":"https:\/\/www.akehedman.se\/wordpress\/?cat=24"},"img":{"alt_text":"","src":"https:\/\/i0.wp.com\/www.akehedman.se\/wordpress\/wp-content\/uploads\/2019\/01\/IMG_20190102_090339649.png?resize=350%2C200&ssl=1","width":350,"height":200,"srcset":"https:\/\/i0.wp.com\/www.akehedman.se\/wordpress\/wp-content\/uploads\/2019\/01\/IMG_20190102_090339649.png?resize=350%2C200&ssl=1 1x, https:\/\/i0.wp.com\/www.akehedman.se\/wordpress\/wp-content\/uploads\/2019\/01\/IMG_20190102_090339649.png?resize=525%2C300&ssl=1 1.5x, https:\/\/i0.wp.com\/www.akehedman.se\/wordpress\/wp-content\/uploads\/2019\/01\/IMG_20190102_090339649.png?resize=700%2C400&ssl=1 2x, https:\/\/i0.wp.com\/www.akehedman.se\/wordpress\/wp-content\/uploads\/2019\/01\/IMG_20190102_090339649.png?resize=1050%2C600&ssl=1 3x"},"classes":[]},{"id":30664,"url":"https:\/\/www.akehedman.se\/wordpress\/?p=30664","url_meta":{"origin":22283,"position":1},"title":"Det Spanska inb\u00f6rdeskriget","author":"\u00c5ke Hedman","date":"2018-11-16","format":false,"excerpt":"Jas somnar p\u00e5 soffan efter nyheterna. Ja under s\u00e4ndning. Jag \u00e4r nu \u00e4nd\u00e5 en s\u00e5dan. Gubbe. Ocool. Det \u00e4r fredag. S\u00f6mnskulden g\u00f6r sig p\u00e5mind. Det g\u00e5r inte p\u00e5 annat s\u00e4tt. Det finns m\u00e5nga som \u00e4r roligare \u00e4n vad jag \u00e4r en fredagskv\u00e4ll. Ja andra kv\u00e4llar med. Antar jag. Vad vet\u2026","rel":"","context":"In &quot;Betraktelser &amp; Ber\u00e4ttelse&quot;","block_context":{"text":"Betraktelser &amp; Ber\u00e4ttelse","link":"https:\/\/www.akehedman.se\/wordpress\/?cat=24"},"img":{"alt_text":"","src":"https:\/\/i0.wp.com\/www.akehedman.se\/wordpress\/wp-content\/uploads\/2018\/07\/ake_20180727-577x1024.jpg?resize=350%2C200","width":350,"height":200,"srcset":"https:\/\/i0.wp.com\/www.akehedman.se\/wordpress\/wp-content\/uploads\/2018\/07\/ake_20180727-577x1024.jpg?resize=350%2C200 1x, https:\/\/i0.wp.com\/www.akehedman.se\/wordpress\/wp-content\/uploads\/2018\/07\/ake_20180727-577x1024.jpg?resize=525%2C300 1.5x"},"classes":[]},{"id":27522,"url":"https:\/\/www.akehedman.se\/wordpress\/?p=27522","url_meta":{"origin":22283,"position":2},"title":"D\u00f6ds\u00e4ngeln","author":"\u00c5ke Hedman","date":"2018-03-11","format":false,"excerpt":"Det pratas sn\u00f6, sn\u00f6 som skall dimpa ner, tynga, ligga d\u00e4r och skr\u00e4pa, vit och vacker visserligen, n\u00e5ja bl\u00e5 nu den h\u00e4r tiden p\u00e5 \u00e5ret. Allts\u00e5 den som skall komma i morgon. Ner fr\u00e5n himlarna. En decimeter till. Troligen mer. Sen skall den v\u00e4l skottas bort ocks\u00e5. Av mig och\u2026","rel":"","context":"In &quot;Betraktelser &amp; Ber\u00e4ttelse&quot;","block_context":{"text":"Betraktelser &amp; Ber\u00e4ttelse","link":"https:\/\/www.akehedman.se\/wordpress\/?cat=24"},"img":{"alt_text":"","src":"https:\/\/i0.wp.com\/www.akehedman.se\/wordpress\/wp-content\/uploads\/2018\/03\/IMG_20180309_081217079-1024x576.jpg?resize=350%2C200","width":350,"height":200,"srcset":"https:\/\/i0.wp.com\/www.akehedman.se\/wordpress\/wp-content\/uploads\/2018\/03\/IMG_20180309_081217079-1024x576.jpg?resize=350%2C200 1x, https:\/\/i0.wp.com\/www.akehedman.se\/wordpress\/wp-content\/uploads\/2018\/03\/IMG_20180309_081217079-1024x576.jpg?resize=525%2C300 1.5x"},"classes":[]},{"id":18168,"url":"https:\/\/www.akehedman.se\/wordpress\/?p=18168","url_meta":{"origin":22283,"position":3},"title":"Regnet faller","author":"\u00c5ke Hedman","date":"2015-06-23","format":false,"excerpt":"Regnet faller. Br\u00e4nslet f\u00f6r den gr\u00f6na explosionen. Fast efter midsommar har det \u00e4ndrat karakt\u00e4r. Det \u00e4r mer sommar \u00f6ver regnet nu \u00e4n det var tidigare. Definitivt sommar. Enklare att finnas i. Men jag skjutsar K till jobbet, duschar, tar en Alvedon, fyller koppen med te och g\u00e5r ner och jobbar.\u2026","rel":"","context":"In &quot;Betraktelser &amp; Ber\u00e4ttelse&quot;","block_context":{"text":"Betraktelser &amp; Ber\u00e4ttelse","link":"https:\/\/www.akehedman.se\/wordpress\/?cat=24"},"img":{"alt_text":"002","src":"https:\/\/i0.wp.com\/www.akehedman.se\/wordpress\/wp-content\/uploads\/2015\/06\/002-1024x768.jpg?resize=350%2C200","width":350,"height":200,"srcset":"https:\/\/i0.wp.com\/www.akehedman.se\/wordpress\/wp-content\/uploads\/2015\/06\/002-1024x768.jpg?resize=350%2C200 1x, https:\/\/i0.wp.com\/www.akehedman.se\/wordpress\/wp-content\/uploads\/2015\/06\/002-1024x768.jpg?resize=525%2C300 1.5x"},"classes":[]},{"id":26828,"url":"https:\/\/www.akehedman.se\/wordpress\/?p=26828","url_meta":{"origin":22283,"position":4},"title":"Personalm\u00f6te","author":"\u00c5ke Hedman","date":"2018-01-24","format":false,"excerpt":"Personalm\u00f6te. I Ljusdal. Inte f\u00f6r mig. F\u00f6r K. Jag har en f\u00f6rmiddag att f\u00f6rdriva i k\u00f6pingen. Ljusdal. L\u00e5tsasjobbare har s\u00e4llan personalm\u00f6ten. Har ni t\u00e4nkt p\u00e5 det? Alldeles f\u00f6r s\u00e4llan egentligen. Om man t\u00e4nker p\u00e5 det. Men jag tar ett varv kring Kyrksj\u00f6n. Visst heter den s\u00e5? Fast det \u00e4r v\u00e4l\u2026","rel":"","context":"In &quot;Betraktelser &amp; Ber\u00e4ttelse&quot;","block_context":{"text":"Betraktelser &amp; Ber\u00e4ttelse","link":"https:\/\/www.akehedman.se\/wordpress\/?cat=24"},"img":{"alt_text":"","src":"https:\/\/i0.wp.com\/www.akehedman.se\/wordpress\/wp-content\/uploads\/2018\/01\/IMG_20180124_090949264-576x1024.jpg?resize=350%2C200","width":350,"height":200,"srcset":"https:\/\/i0.wp.com\/www.akehedman.se\/wordpress\/wp-content\/uploads\/2018\/01\/IMG_20180124_090949264-576x1024.jpg?resize=350%2C200 1x, https:\/\/i0.wp.com\/www.akehedman.se\/wordpress\/wp-content\/uploads\/2018\/01\/IMG_20180124_090949264-576x1024.jpg?resize=525%2C300 1.5x"},"classes":[]},{"id":18528,"url":"https:\/\/www.akehedman.se\/wordpress\/?p=18528","url_meta":{"origin":22283,"position":5},"title":"Jag \u00e4r ingen gud","author":"\u00c5ke Hedman","date":"2015-09-03","format":false,"excerpt":"Den enda bok jag n\u00e5gonsin best\u00e4ller direkt och inbunden \u00e4r Jan Guillou's senaste sl\u00e4ktkr\u00f6nika. Jag har formligen slukat de f\u00f6reg\u00e5ende b\u00f6ckerna i serien. S\u00e5 n\u00e4r Bl\u00e5 Stj\u00e4rnan kommer ut h\u00e4romdagen s\u00e5 best\u00e4lls den d\u00e4rf\u00f6r direkt s\u00e5klart. Damp ner i l\u00e5dan ig\u00e5r. Skall b\u00f6rja l\u00e4sas ikv\u00e4ll.\u00a0 Man f\u00e5r allts\u00e5 l\u00e4gga sig\u2026","rel":"","context":"In &quot;Betraktelser &amp; Ber\u00e4ttelse&quot;","block_context":{"text":"Betraktelser &amp; Ber\u00e4ttelse","link":"https:\/\/www.akehedman.se\/wordpress\/?cat=24"},"img":{"alt_text":"image1","src":"https:\/\/i0.wp.com\/www.akehedman.se\/wordpress\/wp-content\/uploads\/2015\/09\/image1-1024x768.jpeg?resize=350%2C200","width":350,"height":200,"srcset":"https:\/\/i0.wp.com\/www.akehedman.se\/wordpress\/wp-content\/uploads\/2015\/09\/image1-1024x768.jpeg?resize=350%2C200 1x, https:\/\/i0.wp.com\/www.akehedman.se\/wordpress\/wp-content\/uploads\/2015\/09\/image1-1024x768.jpeg?resize=525%2C300 1.5x"},"classes":[]}],"jetpack_shortlink":"https:\/\/wp.me\/p68PL2-5Np","_links":{"self":[{"href":"https:\/\/www.akehedman.se\/wordpress\/index.php?rest_route=\/wp\/v2\/posts\/22283","targetHints":{"allow":["GET"]}}],"collection":[{"href":"https:\/\/www.akehedman.se\/wordpress\/index.php?rest_route=\/wp\/v2\/posts"}],"about":[{"href":"https:\/\/www.akehedman.se\/wordpress\/index.php?rest_route=\/wp\/v2\/types\/post"}],"author":[{"embeddable":true,"href":"https:\/\/www.akehedman.se\/wordpress\/index.php?rest_route=\/wp\/v2\/users\/24"}],"replies":[{"embeddable":true,"href":"https:\/\/www.akehedman.se\/wordpress\/index.php?rest_route=%2Fwp%2Fv2%2Fcomments&post=22283"}],"version-history":[{"count":3,"href":"https:\/\/www.akehedman.se\/wordpress\/index.php?rest_route=\/wp\/v2\/posts\/22283\/revisions"}],"predecessor-version":[{"id":22287,"href":"https:\/\/www.akehedman.se\/wordpress\/index.php?rest_route=\/wp\/v2\/posts\/22283\/revisions\/22287"}],"wp:attachment":[{"href":"https:\/\/www.akehedman.se\/wordpress\/index.php?rest_route=%2Fwp%2Fv2%2Fmedia&parent=22283"}],"wp:term":[{"taxonomy":"category","embeddable":true,"href":"https:\/\/www.akehedman.se\/wordpress\/index.php?rest_route=%2Fwp%2Fv2%2Fcategories&post=22283"},{"taxonomy":"post_tag","embeddable":true,"href":"https:\/\/www.akehedman.se\/wordpress\/index.php?rest_route=%2Fwp%2Fv2%2Ftags&post=22283"}],"curies":[{"name":"wp","href":"https:\/\/api.w.org\/{rel}","templated":true}]}}