{"id":22257,"date":"2016-11-24T15:33:24","date_gmt":"2016-11-24T14:33:24","guid":{"rendered":"http:\/\/www.akehedman.se\/wordpress\/?p=22257"},"modified":"2016-11-24T17:16:29","modified_gmt":"2016-11-24T16:16:29","slug":"forsta-advent","status":"publish","type":"post","link":"https:\/\/www.akehedman.se\/wordpress\/?p=22257","title":{"rendered":"F\u00f6rsta advent"},"content":{"rendered":"<p><img data-recalc-dims=\"1\" loading=\"lazy\" decoding=\"async\" class=\"alignnone size-full wp-image-22258\" src=\"https:\/\/i0.wp.com\/www.akehedman.se\/wordpress\/wp-content\/uploads\/2016\/11\/brorericbild_liten.png?resize=580%2C847\" alt=\"brorericbild_liten\" width=\"580\" height=\"847\" srcset=\"https:\/\/i0.wp.com\/www.akehedman.se\/wordpress\/wp-content\/uploads\/2016\/11\/brorericbild_liten.png?w=600&amp;ssl=1 600w, https:\/\/i0.wp.com\/www.akehedman.se\/wordpress\/wp-content\/uploads\/2016\/11\/brorericbild_liten.png?resize=205%2C300&amp;ssl=1 205w\" sizes=\"auto, (max-width: 580px) 100vw, 580px\" \/><\/p>\n<p>F\u00f6rsta advent p\u00e5 s\u00f6ndag, Thanksgiving idag. Det finns mycket att vara tacksam \u00f6ver. I alla fall i mitt liv.\u00a0 Dags att rota fram den d\u00e4r <a href=\"http:\/\/tomtensdagbok.se\/\">Tomtens dagbok<\/a> igen. Skriven som blogginl\u00e4gg varje dag under tjugofyra dagar fram till jul. Sv\u00e5rare att beh\u00e5lla inspirationen under s\u00e5 m\u00e5nga dagar i rad \u00e4n vad man tror. \u00c5ret efter s\u00e5 talade K in den. <a href=\"http:\/\/tomtensdagbok.se\/audio\/skoj.mp3\">Vi skrattade s\u00e5 vi gr\u00e4t.<\/a> Det \u00e4r definitivt ocks\u00e5 roligare att spela in saker \u00e4n man tror.<\/p>\n<p>Bilden m\u00e5lade <a href=\"https:\/\/www.google.se\/url?sa=t&amp;rct=j&amp;q=&amp;esrc=s&amp;source=web&amp;cd=1&amp;cad=rja&amp;uact=8&amp;ved=0ahUKEwioqKG5zsHQAhWE3iwKHYnUDTMQFggdMAA&amp;url=http%3A%2F%2Fwww.broreric.com%2F&amp;usg=AFQjCNF0sI5YKOw2_z4FL3NYvV5ntoV4Ug&amp;sig2=Np6AIoWpqSNJdqk3ErI7Jw\">Bror-Eric<\/a> till framsidan av katalogerna till mitt f\u00f6retags produkter f\u00f6r l\u00e4nge sedan. Jod\u00e5 jag \u00e4ger publiceringsr\u00e4ttigheterna.<\/p>\n","protected":false},"excerpt":{"rendered":"<p>F\u00f6rsta advent p\u00e5 s\u00f6ndag, Thanksgiving idag. Det finns mycket att vara tacksam \u00f6ver. I alla fall i mitt liv.\u00a0 Dags att rota fram den d\u00e4r Tomtens dagbok igen. Skriven som blogginl\u00e4gg varje dag under tjugofyra dagar fram till jul. Sv\u00e5rare att beh\u00e5lla inspirationen under s\u00e5 m\u00e5nga dagar i rad \u00e4n vad man tror. \u00c5ret efter [&hellip;]<\/p>\n","protected":false},"author":24,"featured_media":0,"comment_status":"open","ping_status":"open","sticky":false,"template":"","format":"standard","meta":{"_crdt_document":"","jetpack_post_was_ever_published":false,"_jetpack_newsletter_access":"","_jetpack_dont_email_post_to_subs":true,"_jetpack_newsletter_tier_id":0,"_jetpack_memberships_contains_paywalled_content":false,"_jetpack_memberships_contains_paid_content":false,"footnotes":"","jetpack_publicize_message":"","jetpack_publicize_feature_enabled":true,"jetpack_social_post_already_shared":true,"jetpack_social_options":{"image_generator_settings":{"template":"highway","default_image_id":0,"font":"","enabled":false},"version":2}},"categories":[24,13],"tags":[],"class_list":["post-22257","post","type-post","status-publish","format-standard","hentry","category-betraktelser","category-bocker"],"jetpack_publicize_connections":[],"jetpack_featured_media_url":"","jetpack_sharing_enabled":true,"jetpack_likes_enabled":true,"jetpack-related-posts":[{"id":1809,"url":"https:\/\/www.akehedman.se\/wordpress\/?p=1809","url_meta":{"origin":22257,"position":0},"title":"Min postl\u00e5da","author":"\u00c5ke Hedman","date":"2012-11-03","format":false,"excerpt":"Turen till postl\u00e5dan \u00e4r liksom mitt f\u00f6rsta m\u00f6te med den nya dagen. Idag tomh\u00e4nt tillbaks precis som min fru sa. Man skall lyssna p\u00e5 sin fru. Men den h\u00e4r morgonturen f\u00e5r ig\u00e5ng k(r\/n)oppen lite. Man k\u00e4nner liksom om den fungerar. D\u00e5liga dagar \u00e4r ett jobbigt att masa sig iv\u00e4g dom\u2026","rel":"","context":"In &quot;Betraktelser &amp; Ber\u00e4ttelse&quot;","block_context":{"text":"Betraktelser &amp; Ber\u00e4ttelse","link":"https:\/\/www.akehedman.se\/wordpress\/?cat=24"},"img":{"alt_text":"","src":"","width":0,"height":0},"classes":[]},{"id":22275,"url":"https:\/\/www.akehedman.se\/wordpress\/?p=22275","url_meta":{"origin":22257,"position":1},"title":"Dagens uppgifter","author":"\u00c5ke Hedman","date":"2016-11-27","format":false,"excerpt":"Uts\u00f6vd. Det \u00e4r f\u00f6rsta advent och halt. Nedr\u00e4kning mot frosseri. Isgatorna g\u00e5r ner f\u00f6r de branta backarna p\u00e5 berget d\u00e4r vi bor, brattbackarna. Vinden ryter i kring huset och sopar isen som ett curlinglag med sin kvast, men den l\u00f6sa takpl\u00e5ten, den vi s\u00e5 g\u00e4rna vill skall lossna, den sitter\u2026","rel":"","context":"In &quot;Betraktelser &amp; Ber\u00e4ttelse&quot;","block_context":{"text":"Betraktelser &amp; Ber\u00e4ttelse","link":"https:\/\/www.akehedman.se\/wordpress\/?cat=24"},"img":{"alt_text":"bara-for-at-javlas","src":"https:\/\/i0.wp.com\/www.akehedman.se\/wordpress\/wp-content\/uploads\/2016\/11\/bara-f%C3%B6r-at-j%C3%A4vlas-1019x1024.jpg?resize=350%2C200","width":350,"height":200,"srcset":"https:\/\/i0.wp.com\/www.akehedman.se\/wordpress\/wp-content\/uploads\/2016\/11\/bara-f%C3%B6r-at-j%C3%A4vlas-1019x1024.jpg?resize=350%2C200 1x, https:\/\/i0.wp.com\/www.akehedman.se\/wordpress\/wp-content\/uploads\/2016\/11\/bara-f%C3%B6r-at-j%C3%A4vlas-1019x1024.jpg?resize=525%2C300 1.5x"},"classes":[]},{"id":22581,"url":"https:\/\/www.akehedman.se\/wordpress\/?p=22581","url_meta":{"origin":22257,"position":2},"title":"Per Marner","author":"\u00c5ke Hedman","date":"2016-12-18","format":false,"excerpt":"S\u00e5 vinner d\u00f6dens byracka till slut. Hugger tag i det den vill ha, dra iv\u00e4g och l\u00e4mnar oss som \u00e4r kvar med saknaden och sorgen. Per Marner, min sv\u00e4rfar, K's pappa, s\u00f6nernas morfar, somnade in idag klockan halv sju efter en kort tids sjukdom. Ett liv \u00e4r till \u00e4nda. Ett\u2026","rel":"","context":"In &quot;Betraktelser &amp; Ber\u00e4ttelse&quot;","block_context":{"text":"Betraktelser &amp; Ber\u00e4ttelse","link":"https:\/\/www.akehedman.se\/wordpress\/?cat=24"},"img":{"alt_text":"","src":"https:\/\/i0.wp.com\/www.akehedman.se\/wordpress\/wp-content\/uploads\/2016\/09\/per_marner.jpg?resize=350%2C200","width":350,"height":200},"classes":[]},{"id":21637,"url":"https:\/\/www.akehedman.se\/wordpress\/?p=21637","url_meta":{"origin":22257,"position":3},"title":"Den f\u00f6rsta maj","author":"\u00c5ke Hedman","date":"2016-09-26","format":false,"excerpt":"Sol. Kanske v\u00e4rme. P\u00e5 v\u00e4g om inte annat. Det \u00e4r dags att plocka av sig. Kanske allts\u00e5. Dags att krypa ut. L\u00e4mna h\u00e5lan. Jod\u00e5, nog har v\u00e4rmen k\u00e4nts n\u00e5gra dagar tidigare ocks\u00e5. Men jag l\u00e5ter mig inte luras. Inte av den f\u00f6rsta fina dagen. Inte av den andra heller. De\u2026","rel":"","context":"In &quot;Betraktelser &amp; Ber\u00e4ttelse&quot;","block_context":{"text":"Betraktelser &amp; Ber\u00e4ttelse","link":"https:\/\/www.akehedman.se\/wordpress\/?cat=24"},"img":{"alt_text":"","src":"","width":0,"height":0},"classes":[]},{"id":37916,"url":"https:\/\/www.akehedman.se\/wordpress\/?p=37916","url_meta":{"origin":22257,"position":4},"title":"Mitt i veckan &#8211; mitt i Sverige","author":"\u00c5ke Hedman","date":"2021-02-17","format":false,"excerpt":"Onsdagar \u00e4r v\u00e4l skapliga dagar det med. Inte lika bra s\u00e5klart som m\u00e5ndagar, de med en hel vecka l\u00e5tsasvecka liggande d\u00e4r or\u00f6rd framf\u00f6r sig. Men onsdagar har \u00e4nd\u00e5 tillr\u00e4ckligt m\u00e5nga dagar kvar f\u00f6r att... ja just det f\u00f6r\u00e4ndra v\u00e4rlden. Det d\u00e4r \"f\u00f6r\u00e4ndra v\u00e4rlden\" retar s\u00e4kert mer \u00e4n en. Vem tror\u2026","rel":"","context":"In &quot;Betraktelser &amp; Ber\u00e4ttelse&quot;","block_context":{"text":"Betraktelser &amp; Ber\u00e4ttelse","link":"https:\/\/www.akehedman.se\/wordpress\/?cat=24"},"img":{"alt_text":"","src":"https:\/\/i0.wp.com\/www.akehedman.se\/wordpress\/wp-content\/uploads\/2021\/02\/IMG_20210217_082255-scaled.jpg?resize=350%2C200&ssl=1","width":350,"height":200,"srcset":"https:\/\/i0.wp.com\/www.akehedman.se\/wordpress\/wp-content\/uploads\/2021\/02\/IMG_20210217_082255-scaled.jpg?resize=350%2C200&ssl=1 1x, https:\/\/i0.wp.com\/www.akehedman.se\/wordpress\/wp-content\/uploads\/2021\/02\/IMG_20210217_082255-scaled.jpg?resize=525%2C300&ssl=1 1.5x, https:\/\/i0.wp.com\/www.akehedman.se\/wordpress\/wp-content\/uploads\/2021\/02\/IMG_20210217_082255-scaled.jpg?resize=700%2C400&ssl=1 2x, https:\/\/i0.wp.com\/www.akehedman.se\/wordpress\/wp-content\/uploads\/2021\/02\/IMG_20210217_082255-scaled.jpg?resize=1050%2C600&ssl=1 3x, https:\/\/i0.wp.com\/www.akehedman.se\/wordpress\/wp-content\/uploads\/2021\/02\/IMG_20210217_082255-scaled.jpg?resize=1400%2C800&ssl=1 4x"},"classes":[]},{"id":35384,"url":"https:\/\/www.akehedman.se\/wordpress\/?p=35384","url_meta":{"origin":22257,"position":5},"title":"Guldet","author":"\u00c5ke Hedman","date":"2020-06-29","format":false,"excerpt":"Ett f\u00f6rsta klassens regn av \u00e4kta vara drar fram \u00f6ver H\u00e4lsingland. Man kan inte annat \u00e4n \u00e4lska det. Vi beh\u00f6ver det h\u00e4r regnet. Luften, v\u00e4xterna, djuren och ocoola gubbar liksom hukar sig ner i skydd, men sen str\u00e4cker vi alla p\u00e5 oss n\u00e4r vi girigt dricker v\u00e4lsignat vatten s\u00e4nt fr\u00e5n\u2026","rel":"","context":"In &quot;Betraktelser &amp; Ber\u00e4ttelse&quot;","block_context":{"text":"Betraktelser &amp; Ber\u00e4ttelse","link":"https:\/\/www.akehedman.se\/wordpress\/?cat=24"},"img":{"alt_text":"","src":"https:\/\/i0.wp.com\/www.akehedman.se\/wordpress\/wp-content\/uploads\/2020\/06\/IMG_20200629_072723276.jpg?resize=350%2C200&ssl=1","width":350,"height":200},"classes":[]}],"jetpack_shortlink":"https:\/\/wp.me\/p68PL2-5MZ","_links":{"self":[{"href":"https:\/\/www.akehedman.se\/wordpress\/index.php?rest_route=\/wp\/v2\/posts\/22257","targetHints":{"allow":["GET"]}}],"collection":[{"href":"https:\/\/www.akehedman.se\/wordpress\/index.php?rest_route=\/wp\/v2\/posts"}],"about":[{"href":"https:\/\/www.akehedman.se\/wordpress\/index.php?rest_route=\/wp\/v2\/types\/post"}],"author":[{"embeddable":true,"href":"https:\/\/www.akehedman.se\/wordpress\/index.php?rest_route=\/wp\/v2\/users\/24"}],"replies":[{"embeddable":true,"href":"https:\/\/www.akehedman.se\/wordpress\/index.php?rest_route=%2Fwp%2Fv2%2Fcomments&post=22257"}],"version-history":[{"count":5,"href":"https:\/\/www.akehedman.se\/wordpress\/index.php?rest_route=\/wp\/v2\/posts\/22257\/revisions"}],"predecessor-version":[{"id":22263,"href":"https:\/\/www.akehedman.se\/wordpress\/index.php?rest_route=\/wp\/v2\/posts\/22257\/revisions\/22263"}],"wp:attachment":[{"href":"https:\/\/www.akehedman.se\/wordpress\/index.php?rest_route=%2Fwp%2Fv2%2Fmedia&parent=22257"}],"wp:term":[{"taxonomy":"category","embeddable":true,"href":"https:\/\/www.akehedman.se\/wordpress\/index.php?rest_route=%2Fwp%2Fv2%2Fcategories&post=22257"},{"taxonomy":"post_tag","embeddable":true,"href":"https:\/\/www.akehedman.se\/wordpress\/index.php?rest_route=%2Fwp%2Fv2%2Ftags&post=22257"}],"curies":[{"name":"wp","href":"https:\/\/api.w.org\/{rel}","templated":true}]}}