{"id":22159,"date":"2016-11-17T09:57:36","date_gmt":"2016-11-17T08:57:36","guid":{"rendered":"http:\/\/www.akehedman.se\/wordpress\/?p=22159"},"modified":"2016-11-22T13:41:26","modified_gmt":"2016-11-22T12:41:26","slug":"fodelsedag-i-huset","status":"publish","type":"post","link":"https:\/\/www.akehedman.se\/wordpress\/?p=22159","title":{"rendered":"F\u00f6delsedag i huset"},"content":{"rendered":"<p><img data-recalc-dims=\"1\" loading=\"lazy\" decoding=\"async\" class=\"alignnone size-large wp-image-22160\" src=\"https:\/\/i0.wp.com\/www.akehedman.se\/wordpress\/wp-content\/uploads\/2016\/11\/1200-1-1024x683.jpg?resize=580%2C387\" alt=\"1200\" width=\"580\" height=\"387\" srcset=\"https:\/\/i0.wp.com\/www.akehedman.se\/wordpress\/wp-content\/uploads\/2016\/11\/1200-1.jpg?resize=1024%2C683&amp;ssl=1 1024w, https:\/\/i0.wp.com\/www.akehedman.se\/wordpress\/wp-content\/uploads\/2016\/11\/1200-1.jpg?resize=300%2C200&amp;ssl=1 300w, https:\/\/i0.wp.com\/www.akehedman.se\/wordpress\/wp-content\/uploads\/2016\/11\/1200-1.jpg?resize=768%2C512&amp;ssl=1 768w, https:\/\/i0.wp.com\/www.akehedman.se\/wordpress\/wp-content\/uploads\/2016\/11\/1200-1.jpg?resize=450%2C300&amp;ssl=1 450w, https:\/\/i0.wp.com\/www.akehedman.se\/wordpress\/wp-content\/uploads\/2016\/11\/1200-1.jpg?w=1200&amp;ssl=1 1200w\" sizes=\"auto, (max-width: 580px) 100vw, 580px\" \/><\/p>\n<p>Torsdag \u00e4r st\u00e4ddag h\u00e4r. Oftast i alla fall. Jag f\u00f6rs\u00f6ker. Helgen b\u00f6rjar idag h\u00e4r i huset eftersom K \u00e4r ledig p\u00e5 fredagar. Numera. Idag har hon f\u00f6delsedag dessutom s\u00e5 det vore v\u00e4l fan om det inte blev helgst\u00e4dat. Sen f\u00e5r vi v\u00e4l fira i dagarna tre. Eller fyra eller fem. Varf\u00f6r inte liksom. Skall det firas s\u00e5 skall det firas.<\/p>\n<p>Himlen \u00e4r n\u00e4stan turkos d\u00e4r ute. Det n\u00e4rmaste turkosa hav vi kommer h\u00e4r uppe. Kanske \u00e4r det sn\u00f6 blandat med barrskogsf\u00e4rger som f\u00e5r till det d\u00e4r bl\u00e5. Eller tv\u00e4rtom d\u00e5 s\u00e5klart. Prismat. Idag turkos utvalt ur regnb\u00e5gen. Allts\u00e5.<\/p>\n<p>Sj\u00e4lv \u00e4r jag l\u00f6jligt tr\u00f6tt. Sjuktr\u00f6tt. Liksom. Men inte riktigt. Traktorn tog stordelen av sn\u00f6n som f\u00f6ll i natt. Jag beh\u00f6ver bara skotta lite.\u00a0 Sm\u00e5f\u00e5glarna har bara \u00e4tit h\u00e4lften i f\u00e5gelmataren. Jag beh\u00f6ver bara fylla lite. Hulken har bara k\u00e4kat tv\u00e5 s\u00e4ckar pellets inatt. Varmt. Jag beh\u00f6ver allts\u00e5 bara fylla lite igen. Allts\u00e5 har jag inget alls att klaga p\u00e5.\u00a0 Bortsk\u00e4md. Inget att bli tr\u00f6tt av heller. Bara kanske det faktum att jag inte riktigt vaknat. Fast jag varit uppe n\u00e5gra timmar. Fast jag sovit gott. Ibland \u00e4r huvudet mer tr\u00f6gt\u00e4nkt \u00e4n kroppen. Eller hur det nu \u00e4r?<\/p>\n<p>Traktorf\u00f6raren heter f\u00f6rresten Magnus. Den kunskapen \u00e4r ocks\u00e5 typisk f\u00f6r landsbygd.<\/p>\n<p>Kortmeningar. \u00c4lskar dem fortfarande. Kan inte hj\u00e4lpa det. Det \u00e4r nog bara f\u00f6r att Ulf Lundell gillar l\u00e5nga. Fast det har jag s\u00e5klart inget med att g\u00f6ra. \u00d6sterlen ligger l\u00e5ngt borta.<\/p>\n<p>Storstad kom och ta mig. Hav kom och ta mig. S\u00e5 kan man t\u00e4nka n\u00e4r skogen sluter sig f\u00f6r h\u00e5rt omkring en. Ja jag beh\u00f6ver b\u00e5da. \u00d6ppenheten. Livet. Just nu skulle n\u00e5gra dagar i London eller New York sitta bra. F\u00f6r att \u00f6verfylla med intryck d\u00e4r uppe i den gr\u00e5 klumpen s\u00e5 att man l\u00e4ngtar hem igen. S\u00e5d\u00e4r som det g\u00e4rna blir efter n\u00e5gra dagar i Stockholm ocks\u00e5. Man g\u00e5r liksom i en annan v\u00e4rld av perception n\u00e4r man bor s\u00e5h\u00e4r ute i ingenstans. Man ser det lilla. Just det \u00e4r sv\u00e5rare i storstaden. Det f\u00e5r liksom inte plats bland allt det d\u00e4r stora och h\u00f6gljudda. Det \u00e4r nog d\u00e4rf\u00f6r jag bor h\u00e4r.<\/p>\n<p>P\u00e5 Interaktiva institutet visade man en g\u00e5ng en st\u00e4dl\u00f6sning som jag g\u00e4rna velat ha idag. Hade jag tid skulle jag nog jobbat vidare p\u00e5 en. Enkelt. genial. N\u00e4r man g\u00e5r hemifr\u00e5n sl\u00e4nger man ut ett g\u00e4ng bollar. De rullar sedan omkring hela dan i l\u00e4genheten. Kl\u00e4dda med mikroduk \u00e4r de s\u00e5 skr\u00e4p och smuts fastnar. Sen n\u00e4r man kommer hem samlar man bara ihop de d\u00e4r bollarna. Byter \u00f6verrock p\u00e5 dom. Mikroduken. Sl\u00e4nger den\u00a0 tv\u00e4ttmaskinen. S\u00e4tter p\u00e5 en redan tv\u00e4ttad. Kan det bli l\u00e4mpligare. Ja jag tror p\u00e5 de d\u00e4r m\u00e5nga sm\u00e5 grejerna. Man skulle kunna t\u00e4nka sig sm\u00e5 myrlika sexbenta varelser som vandrade omkring p\u00e5 golven hemma och plockade skr\u00e4p och g\u00f6r rent ocks\u00e5. Fast bollar \u00e4r snyggt. Kan bli leksaker f\u00f6r katter och hundar samtidigt. Japp, Interaktiva institutet \u00e4r skojiga.<\/p>\n<p>Fast det blir liksom inte s\u00e5 mycket mer \u00e4n den skojiga biten. Den \u00e4r enkel. Det \u00e4r den d\u00e4r andra delen som tar tid. Och energi. Och kraft. Och envishet. Att g\u00f6ra demonstratorer \u00e4r ingen konst. &#8220;Man borde&#8230;&#8221; \u00e4r \u00e4nnu enklare.<\/p>\n<p>Fast nu sitter jag h\u00e4r och skriver mest f\u00f6r att jag INTE vill ta den d\u00e4r dammsugaren och g\u00e5 upp och starta ig\u00e5ng den. Konsekvensanalys. S\u00e5 klarskrivet. Om det nu skall hinnas med n\u00e5gon kod idag ocks\u00e5. Om v\u00e4rlden skall f\u00f6r\u00e4ndras g\u00f6r den ju inte det utan lite kod. Eller hur?<\/p>\n","protected":false},"excerpt":{"rendered":"<p>Torsdag \u00e4r st\u00e4ddag h\u00e4r. Oftast i alla fall. Jag f\u00f6rs\u00f6ker. Helgen b\u00f6rjar idag h\u00e4r i huset eftersom K \u00e4r ledig p\u00e5 fredagar. Numera. Idag har hon f\u00f6delsedag dessutom s\u00e5 det vore v\u00e4l fan om det inte blev helgst\u00e4dat. Sen f\u00e5r vi v\u00e4l fira i dagarna tre. Eller fyra eller fem. Varf\u00f6r inte liksom. Skall det [&hellip;]<\/p>\n","protected":false},"author":24,"featured_media":0,"comment_status":"open","ping_status":"open","sticky":false,"template":"","format":"standard","meta":{"_crdt_document":"","jetpack_post_was_ever_published":false,"_jetpack_newsletter_access":"","_jetpack_dont_email_post_to_subs":true,"_jetpack_newsletter_tier_id":0,"_jetpack_memberships_contains_paywalled_content":false,"_jetpack_memberships_contains_paid_content":false,"footnotes":"","jetpack_publicize_message":"","jetpack_publicize_feature_enabled":true,"jetpack_social_post_already_shared":true,"jetpack_social_options":{"image_generator_settings":{"template":"highway","default_image_id":0,"font":"","enabled":false},"version":2}},"categories":[24],"tags":[],"class_list":["post-22159","post","type-post","status-publish","format-standard","hentry","category-betraktelser"],"jetpack_publicize_connections":[],"jetpack_featured_media_url":"","jetpack_sharing_enabled":true,"jetpack_likes_enabled":true,"jetpack-related-posts":[{"id":19860,"url":"https:\/\/www.akehedman.se\/wordpress\/?p=19860","url_meta":{"origin":22159,"position":0},"title":"Dagen","author":"\u00c5ke Hedman","date":"2016-03-08","format":false,"excerpt":"F\u00f6rst och fr\u00e4mst \u00e4r det Niklas, yngste sonens, f\u00f6delsedag idag. Han skall firas vederb\u00f6rligt ikv\u00e4ll. S\u00e5 grattis till honom. Sen \u00e4r det internationella kvinnodagen. En viktig dag. S\u00e5klart. Det \u00e4r galet om vi inte har samma m\u00f6jligheter och samma r\u00e4ttigheter bara f\u00f6r att vi har olika k\u00f6n. D\u00e4rf\u00f6r beh\u00f6vs dagen.\u2026","rel":"","context":"In &quot;Betraktelser &amp; Ber\u00e4ttelse&quot;","block_context":{"text":"Betraktelser &amp; Ber\u00e4ttelse","link":"https:\/\/www.akehedman.se\/wordpress\/?cat=24"},"img":{"alt_text":"IMG_1850","src":"https:\/\/i0.wp.com\/www.akehedman.se\/wordpress\/wp-content\/uploads\/2016\/03\/IMG_1850-1024x768.jpg?resize=350%2C200","width":350,"height":200,"srcset":"https:\/\/i0.wp.com\/www.akehedman.se\/wordpress\/wp-content\/uploads\/2016\/03\/IMG_1850-1024x768.jpg?resize=350%2C200 1x, https:\/\/i0.wp.com\/www.akehedman.se\/wordpress\/wp-content\/uploads\/2016\/03\/IMG_1850-1024x768.jpg?resize=525%2C300 1.5x"},"classes":[]},{"id":14655,"url":"https:\/\/www.akehedman.se\/wordpress\/?p=14655","url_meta":{"origin":22159,"position":1},"title":"Kl\u00e4dd som mig och fest i Kina","author":"\u00c5ke Hedman","date":"2014-09-05","format":false,"excerpt":"Jag \u00e4r tr\u00f6tt och slut idag efter en h\u00e5rd vecka. Jag skulle ha hunnit l\u00e4ngre. Mycket l\u00e4ngre. Men som vanligt tar saker mycket mer tid \u00e4n vad man tro att de skall g\u00f6ra. Dygnet r\u00e4cker inte till. Inte ens n\u00e4ra och man beh\u00f6ver \u00e4nd\u00e5 sova, \u00e4ta och umg\u00e5s i alla\u2026","rel":"","context":"In &quot;Betraktelser &amp; Ber\u00e4ttelse&quot;","block_context":{"text":"Betraktelser &amp; Ber\u00e4ttelse","link":"https:\/\/www.akehedman.se\/wordpress\/?cat=24"},"img":{"alt_text":"Happy Mid-autumn(09-05-15-04-37)","src":"https:\/\/i0.wp.com\/www.eurosource.se\/akhe\/wordpress\/wp-content\/uploads\/2014\/09\/Happy-Mid-autumn09-05-15-04-37.jpg?resize=350%2C200","width":350,"height":200,"srcset":"https:\/\/i0.wp.com\/www.eurosource.se\/akhe\/wordpress\/wp-content\/uploads\/2014\/09\/Happy-Mid-autumn09-05-15-04-37.jpg?resize=350%2C200 1x, https:\/\/i0.wp.com\/www.eurosource.se\/akhe\/wordpress\/wp-content\/uploads\/2014\/09\/Happy-Mid-autumn09-05-15-04-37.jpg?resize=525%2C300 1.5x, https:\/\/i0.wp.com\/www.eurosource.se\/akhe\/wordpress\/wp-content\/uploads\/2014\/09\/Happy-Mid-autumn09-05-15-04-37.jpg?resize=700%2C400 2x"},"classes":[]},{"id":15935,"url":"https:\/\/www.akehedman.se\/wordpress\/?p=15935","url_meta":{"origin":22159,"position":2},"title":"Fyrverkerir\u00e4dda katter och ny\u00e5r men alltid borta","author":"\u00c5ke Hedman","date":"2014-12-30","format":false,"excerpt":"Jag skottar lite smala passager p\u00e5 g\u00e5rden s\u00e5 att vi slipper pulsa i sn\u00f6. P\u00e5 parkeringen k\u00f6r jag bilen lite fram och tillbaka. Plattar till. Med lite fantasi kan det n\u00e4stan se ut som det \u00e4r skottat. I alla fall om man g\u00f6r det d\u00e4r n\u00e5gra g\u00e5nger till. K\u00f6r bilen\u2026","rel":"","context":"In &quot;Betraktelser &amp; Ber\u00e4ttelse&quot;","block_context":{"text":"Betraktelser &amp; Ber\u00e4ttelse","link":"https:\/\/www.akehedman.se\/wordpress\/?cat=24"},"img":{"alt_text":"IMG_20141015_000617","src":"https:\/\/i0.wp.com\/www.akehedman.se\/wordpress\/wp-content\/uploads\/2014\/10\/IMG_20141015_000617-1024x768.jpg?resize=350%2C200","width":350,"height":200,"srcset":"https:\/\/i0.wp.com\/www.akehedman.se\/wordpress\/wp-content\/uploads\/2014\/10\/IMG_20141015_000617-1024x768.jpg?resize=350%2C200 1x, https:\/\/i0.wp.com\/www.akehedman.se\/wordpress\/wp-content\/uploads\/2014\/10\/IMG_20141015_000617-1024x768.jpg?resize=525%2C300 1.5x"},"classes":[]},{"id":15156,"url":"https:\/\/www.akehedman.se\/wordpress\/?p=15156","url_meta":{"origin":22159,"position":3},"title":"Diwali","author":"\u00c5ke Hedman","date":"2014-10-23","format":false,"excerpt":"Diwali inleds i Indien idag. Det n\u00e4rmaste man kommer jul eller midsommar d\u00e4r. Ja n\u00e4r det g\u00e4ller dignitet p\u00e5 firandet d\u00e5 allts\u00e5. \u00a0Min v\u00e4n och hans underbara fru \u00e5ker upp och hem till bergen. V\u00e4rldens tak. Man firar helst hemma bland de sina d\u00e4r precis som h\u00e4r. \"Julst\u00e4mmningen\" n\u00e5r kanske\u2026","rel":"","context":"In &quot;Betraktelser &amp; Ber\u00e4ttelse&quot;","block_context":{"text":"Betraktelser &amp; Ber\u00e4ttelse","link":"https:\/\/www.akehedman.se\/wordpress\/?cat=24"},"img":{"alt_text":"01-golden-temple-diwali","src":"https:\/\/i0.wp.com\/www.eurosource.se\/akhe\/wordpress\/wp-content\/uploads\/2014\/10\/01-golden-temple-diwali.jpg?resize=350%2C200","width":350,"height":200,"srcset":"https:\/\/i0.wp.com\/www.eurosource.se\/akhe\/wordpress\/wp-content\/uploads\/2014\/10\/01-golden-temple-diwali.jpg?resize=350%2C200 1x, https:\/\/i0.wp.com\/www.eurosource.se\/akhe\/wordpress\/wp-content\/uploads\/2014\/10\/01-golden-temple-diwali.jpg?resize=525%2C300 1.5x, https:\/\/i0.wp.com\/www.eurosource.se\/akhe\/wordpress\/wp-content\/uploads\/2014\/10\/01-golden-temple-diwali.jpg?resize=700%2C400 2x"},"classes":[]},{"id":36803,"url":"https:\/\/www.akehedman.se\/wordpress\/?p=36803","url_meta":{"origin":22159,"position":4},"title":"T\u00e4nder allt","author":"\u00c5ke Hedman","date":"2020-11-16","format":false,"excerpt":"Photo by Pixabay on Pexels.com Jag t\u00e4nder alla lampor jag har. Det \u00e4r inte l\u00e4ge att ta n\u00e5gon promenad ens nu vid \u00e5tta p\u00e5 morgonen. Det \u00e4r verkligen pre vintersolst\u00e5nd just nu. Men tack och lov har man fortfarande ett och annat minnesfragment kvar i gamla huvudet av ljusare tider\u2026","rel":"","context":"In &quot;Betraktelser &amp; Ber\u00e4ttelse&quot;","block_context":{"text":"Betraktelser &amp; Ber\u00e4ttelse","link":"https:\/\/www.akehedman.se\/wordpress\/?cat=24"},"img":{"alt_text":"light love lights night","src":"https:\/\/i0.wp.com\/www.akehedman.se\/wordpress\/wp-content\/uploads\/2020\/11\/candles-light-lights-evening-80461.jpeg?resize=350%2C200&ssl=1","width":350,"height":200,"srcset":"https:\/\/i0.wp.com\/www.akehedman.se\/wordpress\/wp-content\/uploads\/2020\/11\/candles-light-lights-evening-80461.jpeg?resize=350%2C200&ssl=1 1x, https:\/\/i0.wp.com\/www.akehedman.se\/wordpress\/wp-content\/uploads\/2020\/11\/candles-light-lights-evening-80461.jpeg?resize=525%2C300&ssl=1 1.5x, https:\/\/i0.wp.com\/www.akehedman.se\/wordpress\/wp-content\/uploads\/2020\/11\/candles-light-lights-evening-80461.jpeg?resize=700%2C400&ssl=1 2x, https:\/\/i0.wp.com\/www.akehedman.se\/wordpress\/wp-content\/uploads\/2020\/11\/candles-light-lights-evening-80461.jpeg?resize=1050%2C600&ssl=1 3x, https:\/\/i0.wp.com\/www.akehedman.se\/wordpress\/wp-content\/uploads\/2020\/11\/candles-light-lights-evening-80461.jpeg?resize=1400%2C800&ssl=1 4x"},"classes":[]},{"id":14349,"url":"https:\/\/www.akehedman.se\/wordpress\/?p=14349","url_meta":{"origin":22159,"position":5},"title":"Tekoppstext","author":"\u00c5ke Hedman","date":"2014-08-11","format":false,"excerpt":"H\u00e4r kommer en tekoppstext igen. Vit rymlig kopp idag s\u00e5 det borde bli mer \u00e4n 2500 tecken. Men ibland vet man inte. Orden tar i alla fall s\u00e4llan slut, det \u00e4r snarare viljan att skriva f\u00f6r er ungef\u00e4r hundra personer som antagligen l\u00e4ser det h\u00e4r idag som under andra dagar.\u2026","rel":"","context":"In &quot;Betraktelser &amp; Ber\u00e4ttelse&quot;","block_context":{"text":"Betraktelser &amp; Ber\u00e4ttelse","link":"https:\/\/www.akehedman.se\/wordpress\/?cat=24"},"img":{"alt_text":"19986_StigLindberg_8","src":"https:\/\/i0.wp.com\/www.eurosource.se\/akhe\/wordpress\/wp-content\/uploads\/2014\/08\/19986_StigLindberg_8.jpg?resize=350%2C200","width":350,"height":200,"srcset":"https:\/\/i0.wp.com\/www.eurosource.se\/akhe\/wordpress\/wp-content\/uploads\/2014\/08\/19986_StigLindberg_8.jpg?resize=350%2C200 1x, https:\/\/i0.wp.com\/www.eurosource.se\/akhe\/wordpress\/wp-content\/uploads\/2014\/08\/19986_StigLindberg_8.jpg?resize=525%2C300 1.5x, https:\/\/i0.wp.com\/www.eurosource.se\/akhe\/wordpress\/wp-content\/uploads\/2014\/08\/19986_StigLindberg_8.jpg?resize=700%2C400 2x"},"classes":[]}],"jetpack_shortlink":"https:\/\/wp.me\/p68PL2-5Lp","_links":{"self":[{"href":"https:\/\/www.akehedman.se\/wordpress\/index.php?rest_route=\/wp\/v2\/posts\/22159","targetHints":{"allow":["GET"]}}],"collection":[{"href":"https:\/\/www.akehedman.se\/wordpress\/index.php?rest_route=\/wp\/v2\/posts"}],"about":[{"href":"https:\/\/www.akehedman.se\/wordpress\/index.php?rest_route=\/wp\/v2\/types\/post"}],"author":[{"embeddable":true,"href":"https:\/\/www.akehedman.se\/wordpress\/index.php?rest_route=\/wp\/v2\/users\/24"}],"replies":[{"embeddable":true,"href":"https:\/\/www.akehedman.se\/wordpress\/index.php?rest_route=%2Fwp%2Fv2%2Fcomments&post=22159"}],"version-history":[{"count":2,"href":"https:\/\/www.akehedman.se\/wordpress\/index.php?rest_route=\/wp\/v2\/posts\/22159\/revisions"}],"predecessor-version":[{"id":22227,"href":"https:\/\/www.akehedman.se\/wordpress\/index.php?rest_route=\/wp\/v2\/posts\/22159\/revisions\/22227"}],"wp:attachment":[{"href":"https:\/\/www.akehedman.se\/wordpress\/index.php?rest_route=%2Fwp%2Fv2%2Fmedia&parent=22159"}],"wp:term":[{"taxonomy":"category","embeddable":true,"href":"https:\/\/www.akehedman.se\/wordpress\/index.php?rest_route=%2Fwp%2Fv2%2Fcategories&post=22159"},{"taxonomy":"post_tag","embeddable":true,"href":"https:\/\/www.akehedman.se\/wordpress\/index.php?rest_route=%2Fwp%2Fv2%2Ftags&post=22159"}],"curies":[{"name":"wp","href":"https:\/\/api.w.org\/{rel}","templated":true}]}}