{"id":21461,"date":"2016-09-08T10:31:06","date_gmt":"2016-09-08T09:31:06","guid":{"rendered":"http:\/\/www.akehedman.se\/wordpress\/?p=21461"},"modified":"2016-09-08T10:31:06","modified_gmt":"2016-09-08T09:31:06","slug":"knoven","status":"publish","type":"post","link":"https:\/\/www.akehedman.se\/wordpress\/?p=21461","title":{"rendered":"&#8220;kn\u00f6ven&#8221;"},"content":{"rendered":"<p><img data-recalc-dims=\"1\" loading=\"lazy\" decoding=\"async\" class=\"alignnone size-full wp-image-20643\" src=\"https:\/\/i0.wp.com\/www.akehedman.se\/wordpress\/wp-content\/uploads\/2016\/06\/huset.jpg?resize=580%2C326\" alt=\"huset\" width=\"580\" height=\"326\" srcset=\"https:\/\/i0.wp.com\/www.akehedman.se\/wordpress\/wp-content\/uploads\/2016\/06\/huset.jpg?w=800&amp;ssl=1 800w, https:\/\/i0.wp.com\/www.akehedman.se\/wordpress\/wp-content\/uploads\/2016\/06\/huset.jpg?resize=300%2C169&amp;ssl=1 300w, https:\/\/i0.wp.com\/www.akehedman.se\/wordpress\/wp-content\/uploads\/2016\/06\/huset.jpg?resize=768%2C432&amp;ssl=1 768w, https:\/\/i0.wp.com\/www.akehedman.se\/wordpress\/wp-content\/uploads\/2016\/06\/huset.jpg?resize=500%2C281&amp;ssl=1 500w\" sizes=\"auto, (max-width: 580px) 100vw, 580px\" \/><\/p>\n<p>Torsdag.Redan. Jag \u00e4r ungef\u00e4r vid tisdag sj\u00e4lv. H\u00e4nger inte med i tiden. Vad \u00e4r det som h\u00e4nder? HJ\u00c4LP?<\/p>\n<p>Men det \u00e4r klart jag har aldrig varit i tiden. Aldrig h\u00e4ngt med. Slingrat runt sj\u00e4lv i periferin och bredvid. Alltid bredvid. Man trodde ju en g\u00e5ng att man skulle hinna ikapp eller att tiden skulle hinna ikapp en sj\u00e4lv. Men s\u00e5 verkar det ju inte. Nej inte alls. Verkligen inte.<\/p>\n<p>Inte konstigt allts\u00e5. Att jag ropar HJ\u00c4LP!<\/p>\n<p>Men &#8220;kn\u00f6ven&#8221; idag. Febrig. K\u00e4nns det som. Men har aldrig feber. N\u00e4r det m\u00e4ts.\u00a0 Jo en g\u00e5ng efter axeloperationen p\u00e5 sjukhus. D\u00e5 fick jag antibiotika via dropp. N\u00e4r temperaturen passerat en bra bit \u00f6ver\u00a0 fyrtiostrecket. Men aldrig annars allts\u00e5. Men det k\u00e4nns s\u00e5 ganska ofta. Som om jag hade det. Men in med en Alvedon, sen st\u00e5r man sig. Den dan. Om inte, in med en till. Idag en s\u00e5dan dag allts\u00e5. Lite &#8220;skit ocks\u00e5&#8221; \u00f6ver det. Det finns att g\u00f6ra. N\u00e4mligen.<\/p>\n<p>Jag sitter och kodar s\u00e5klart. Ja eftersom jag inte kan skicka \u00f6ver kodandet till n\u00e5gon annan. D\u00e4rf\u00f6r att det inte finns n\u00e5gon annan att skicka den till.\u00a0 Dessutom skall jag \u00e5terv\u00e4nda till Javascript idag. Det f\u00e5r det att krypa i mig. Jag skall \u00e4nd\u00e5 finnas p\u00e5 de l\u00e4gre niv\u00e5erna. D\u00e4r jag h\u00f6r hemma. Inte d\u00e4r uppe p\u00e5 Javascript och UX takens h\u00f6ga h\u00f6jder. Skr\u00e4cken. Men jag g\u00f6r det som kr\u00e4vs. \u00c5terigen eftersom det inte finns n\u00e5gon annan som g\u00f6r det.<\/p>\n<p>Varf\u00f6r? Den livsfarliga, men enkla, fr\u00e5gan st\u00e4ller jag mig aldrig!<\/p>\n<p>Men sol ute sol i sinne. Eller hur? Det borde v\u00e4l vara s\u00e5 i alla fall. \u00c4nd\u00e5 kan jag l\u00e4gga huvudet mot kudden p\u00e5 kv\u00e4llen och inse att det inte g\u00f6r n\u00e5got om jag inte vaknar upp igen imorgon. Jag som alltid varit precis tv\u00e4rtom. Varit r\u00e4dd f\u00f6r att inte f\u00e5 en dag till. Eftersom det funnits mer jag velat g\u00f6ra. Anpassar man sig efter det som kommer en dag? Snart. Eller \u00e4r man bara tr\u00f6tt efter pass eter pass efter pass efter pass&#8230;?<\/p>\n<p>Men k\u00e4nner mig som en omv\u00e4nd kung midas. Skulle beh\u00f6va n\u00e5gon som klappade mig p\u00e5 axeln och sa att jag var bra. Ja och menade det. Annars vore det ju ingen vits. Har aldrig fattat det d\u00e4r med att f\u00f6rs\u00f6ka k\u00f6pa k\u00e4rlek och uppskattning. Eller lura sig till den.<\/p>\n<p>Kort-meningarna best\u00e5r. Min &#8220;bl\u00e5 period&#8221;. Men gillar det just nu. Det upphuggna spr\u00e5k det resulterar i. S\u00e5klart kan jag inte veta om l\u00e4saren upplever det p\u00e5 samma s\u00e4tt som det h\u00f6rs i mitt huvud. Men i mitt huvud blir det lite mer sp\u00e4nnande \u00e4n en v\u00e4lskriven, kommar\u00e4ttad, standardmening.<\/p>\n<p>Klockan tickar p\u00e5. Lillkatten \u00e4r h\u00e4r p\u00e5 bes\u00f6k. Gl\u00e4djer mig. Sover s\u00f6tt p\u00e5 en stol.\u00a0 Jag skall s\u00e4tta p\u00e5 en tv\u00e4ttmaskin. Ett par mjukbrallor \u00e4ger jag. Trasiga, res\u00e5rd\u00f6da, men mjuka och sk\u00f6na. De \u00e5ker p\u00e5 varje kv\u00e4ll. N\u00e4r jag vet att jag inte l\u00e4ngre m\u00e5ste ut. Tr\u00e4ffa folk.\u00a0 Det g\u00e4ller allts\u00e5 att f\u00e5 dem att torka till ikv\u00e4ll. Annars f\u00e5r man sitta i jeans. Dagatidsjobbarkl\u00e4der. S\u00e5 kan man ju inte ha det. S\u00e5 ner i k\u00e4llaren g\u00e4ller. Stoppa i och starta maskinen. En av slavarna. De som bara jobbar p\u00e5 utan att klaga.<\/p>\n<p>P\u00e5 r\u00f6ntgen f\u00f6rra veckan s\u00e5g jag att en sk\u00f6terska tittade p\u00e5 en av livremshyskorna p\u00e5 min jeans som var trasig. Ville nog laga. Ja hon s\u00e5g s\u00e5dan ut. &#8220;Man skall inte beh\u00f6va r\u00f6ra sig ute bland folk med en trasig livremshyska&#8221;. s\u00e5g det ut som om hon t\u00e4nkte. Sj\u00e4lv har jag andra problem. Den d\u00e4r trasiga k\u00e4nns som en bagatell. F\u00e5r nog f\u00f6lja med till ortopenden p\u00e5 onsdag ocks\u00e5.<\/p>\n<p>Men nu fylla tv\u00e4ttmaskin sen koda. Ja, eventuellt \u00f6ppna ett f\u00f6nster f\u00f6rst. Sl\u00e4ppa in lite finv\u00e4der i gammellokaler. Japp, det blir nog bra. J\u00e4ttebra!<\/p>\n<p>&nbsp;<\/p>\n","protected":false},"excerpt":{"rendered":"<p>Torsdag.Redan. Jag \u00e4r ungef\u00e4r vid tisdag sj\u00e4lv. H\u00e4nger inte med i tiden. Vad \u00e4r det som h\u00e4nder? HJ\u00c4LP? Men det \u00e4r klart jag har aldrig varit i tiden. Aldrig h\u00e4ngt med. Slingrat runt sj\u00e4lv i periferin och bredvid. Alltid bredvid. Man trodde ju en g\u00e5ng att man skulle hinna ikapp eller att tiden skulle hinna [&hellip;]<\/p>\n","protected":false},"author":24,"featured_media":0,"comment_status":"open","ping_status":"open","sticky":false,"template":"","format":"standard","meta":{"_crdt_document":"","jetpack_post_was_ever_published":false,"_jetpack_newsletter_access":"","_jetpack_dont_email_post_to_subs":false,"_jetpack_newsletter_tier_id":0,"_jetpack_memberships_contains_paywalled_content":false,"_jetpack_memberships_contains_paid_content":false,"footnotes":"","jetpack_publicize_message":"","jetpack_publicize_feature_enabled":true,"jetpack_social_post_already_shared":true,"jetpack_social_options":{"image_generator_settings":{"template":"highway","default_image_id":0,"font":"","enabled":false},"version":2}},"categories":[24],"tags":[],"class_list":["post-21461","post","type-post","status-publish","format-standard","hentry","category-betraktelser"],"jetpack_publicize_connections":[],"jetpack_featured_media_url":"","jetpack_sharing_enabled":true,"jetpack_likes_enabled":true,"jetpack-related-posts":[{"id":40110,"url":"https:\/\/www.akehedman.se\/wordpress\/?p=40110","url_meta":{"origin":21461,"position":0},"title":"En kn\u00f6l p\u00e5 en kn\u00f6l","author":"\u00c5ke Hedman","date":"2021-10-25","format":false,"excerpt":"Photo by Sam Kolder on Pexels.com Magnetkamera. Negativ. Positiv f\u00f6r mig. Kn\u00f6l. Bara fettv\u00e4vnad. Jod\u00e5. Det har man ju mer av. Tack f\u00f6r det liksom. Det negativa svaret \u00e4r brev ett. Ja positivt f\u00f6r mig. Brev tv\u00e5 \u00e4r en tid f\u00f6r vaccinering. S\u00e4songsinfluensa vaccin. Gratis. \"F\u00f6r dig \u00f6ver 65\". Vi\u2026","rel":"","context":"In &quot;Betraktelser &amp; Ber\u00e4ttelse&quot;","block_context":{"text":"Betraktelser &amp; Ber\u00e4ttelse","link":"https:\/\/www.akehedman.se\/wordpress\/?cat=24"},"img":{"alt_text":"man doing hand stand on mountain","src":"https:\/\/i0.wp.com\/www.akehedman.se\/wordpress\/wp-content\/uploads\/2021\/10\/pexels-photo-2387866.jpeg?resize=350%2C200&ssl=1","width":350,"height":200,"srcset":"https:\/\/i0.wp.com\/www.akehedman.se\/wordpress\/wp-content\/uploads\/2021\/10\/pexels-photo-2387866.jpeg?resize=350%2C200&ssl=1 1x, https:\/\/i0.wp.com\/www.akehedman.se\/wordpress\/wp-content\/uploads\/2021\/10\/pexels-photo-2387866.jpeg?resize=525%2C300&ssl=1 1.5x, https:\/\/i0.wp.com\/www.akehedman.se\/wordpress\/wp-content\/uploads\/2021\/10\/pexels-photo-2387866.jpeg?resize=700%2C400&ssl=1 2x"},"classes":[]},{"id":40207,"url":"https:\/\/www.akehedman.se\/wordpress\/?p=40207","url_meta":{"origin":21461,"position":1},"title":"Dag tv\u00e5 i de &#8220;kn\u00f6vnas&#8221; f\u00f6rlovade land.","author":"\u00c5ke Hedman","date":"2021-11-04","format":false,"excerpt":"Foto: Karin Hedman Jod\u00e5. lever. Fast det \u00e4r dag tv\u00e5 av pension\u00e4rstillvaron. Idag beh\u00f6vs inte ens n\u00e5gon st\u00f6dvila fast jag fortfarande k\u00e4nner mig r\u00e4tt \"kn\u00f6ven\". Det d\u00e4r, att inte l\u00e4gga sig p\u00e5 soffan och vila bort en timme eller tv\u00e5, kan bara tillskrivas j\u00e4vlar-anamma. F\u00f6r allt inom mig skriker \"vila\u2026","rel":"","context":"In &quot;Betraktelser &amp; Ber\u00e4ttelse&quot;","block_context":{"text":"Betraktelser &amp; Ber\u00e4ttelse","link":"https:\/\/www.akehedman.se\/wordpress\/?cat=24"},"img":{"alt_text":"","src":"https:\/\/i0.wp.com\/www.akehedman.se\/wordpress\/wp-content\/uploads\/2021\/11\/IMG_20211028_081633-scaled.jpg?resize=350%2C200&ssl=1","width":350,"height":200,"srcset":"https:\/\/i0.wp.com\/www.akehedman.se\/wordpress\/wp-content\/uploads\/2021\/11\/IMG_20211028_081633-scaled.jpg?resize=350%2C200&ssl=1 1x, https:\/\/i0.wp.com\/www.akehedman.se\/wordpress\/wp-content\/uploads\/2021\/11\/IMG_20211028_081633-scaled.jpg?resize=525%2C300&ssl=1 1.5x, https:\/\/i0.wp.com\/www.akehedman.se\/wordpress\/wp-content\/uploads\/2021\/11\/IMG_20211028_081633-scaled.jpg?resize=700%2C400&ssl=1 2x, https:\/\/i0.wp.com\/www.akehedman.se\/wordpress\/wp-content\/uploads\/2021\/11\/IMG_20211028_081633-scaled.jpg?resize=1050%2C600&ssl=1 3x, https:\/\/i0.wp.com\/www.akehedman.se\/wordpress\/wp-content\/uploads\/2021\/11\/IMG_20211028_081633-scaled.jpg?resize=1400%2C800&ssl=1 4x"},"classes":[]},{"id":35734,"url":"https:\/\/www.akehedman.se\/wordpress\/?p=35734","url_meta":{"origin":21461,"position":2},"title":"Ja eller nej","author":"\u00c5ke Hedman","date":"2020-08-10","format":false,"excerpt":"Kopplar ihop det gamla med det nya. Det finns saker h\u00e4r p\u00e5 l\u00e5tsaskontoret som legat n\u00e5gra \u00e5r. Samlat p\u00e5 damm och \u00e5r. Annat finns det \u00e5 andra sidan som \u00e4r ganska nytt och nyss kom hit fr\u00e5n n\u00e5got h\u00f6rn av v\u00e4rlden. S\u00e5dant som fortfarande doftar nytt. Jod\u00e5, tiden g\u00e5r. Jag\u2026","rel":"","context":"In &quot;Betraktelser &amp; Ber\u00e4ttelse&quot;","block_context":{"text":"Betraktelser &amp; Ber\u00e4ttelse","link":"https:\/\/www.akehedman.se\/wordpress\/?cat=24"},"img":{"alt_text":"","src":"https:\/\/i0.wp.com\/www.akehedman.se\/wordpress\/wp-content\/uploads\/2020\/08\/IMG_20200810_215555.jpg?resize=350%2C200&ssl=1","width":350,"height":200,"srcset":"https:\/\/i0.wp.com\/www.akehedman.se\/wordpress\/wp-content\/uploads\/2020\/08\/IMG_20200810_215555.jpg?resize=350%2C200&ssl=1 1x, https:\/\/i0.wp.com\/www.akehedman.se\/wordpress\/wp-content\/uploads\/2020\/08\/IMG_20200810_215555.jpg?resize=525%2C300&ssl=1 1.5x, https:\/\/i0.wp.com\/www.akehedman.se\/wordpress\/wp-content\/uploads\/2020\/08\/IMG_20200810_215555.jpg?resize=700%2C400&ssl=1 2x, https:\/\/i0.wp.com\/www.akehedman.se\/wordpress\/wp-content\/uploads\/2020\/08\/IMG_20200810_215555.jpg?resize=1050%2C600&ssl=1 3x"},"classes":[]},{"id":36689,"url":"https:\/\/www.akehedman.se\/wordpress\/?p=36689","url_meta":{"origin":21461,"position":3},"title":"Imorgon en annan dag","author":"\u00c5ke Hedman","date":"2020-11-06","format":false,"excerpt":"Man tror att man skall hinna s\u00e5 mycket. Sen g\u00f6r man inte det. Varje g\u00e5ng samma sak. Ja i alla fall \u00e4r det s\u00e5 f\u00f6r mig. Alltid. Jod\u00e5, vet att jag delar det d\u00e4r med n\u00e4stan alla programmerare och r\u00e4tt m\u00e5nga \"vanliga\" m\u00e4nniskor ocks\u00e5. Men att veta det g\u00f6r inte\u2026","rel":"","context":"In &quot;Betraktelser &amp; Ber\u00e4ttelse&quot;","block_context":{"text":"Betraktelser &amp; Ber\u00e4ttelse","link":"https:\/\/www.akehedman.se\/wordpress\/?cat=24"},"img":{"alt_text":"","src":"https:\/\/i0.wp.com\/www.akehedman.se\/wordpress\/wp-content\/uploads\/2020\/11\/IMG_20201106_104818-scaled.jpg?resize=350%2C200&ssl=1","width":350,"height":200,"srcset":"https:\/\/i0.wp.com\/www.akehedman.se\/wordpress\/wp-content\/uploads\/2020\/11\/IMG_20201106_104818-scaled.jpg?resize=350%2C200&ssl=1 1x, https:\/\/i0.wp.com\/www.akehedman.se\/wordpress\/wp-content\/uploads\/2020\/11\/IMG_20201106_104818-scaled.jpg?resize=525%2C300&ssl=1 1.5x, https:\/\/i0.wp.com\/www.akehedman.se\/wordpress\/wp-content\/uploads\/2020\/11\/IMG_20201106_104818-scaled.jpg?resize=700%2C400&ssl=1 2x, https:\/\/i0.wp.com\/www.akehedman.se\/wordpress\/wp-content\/uploads\/2020\/11\/IMG_20201106_104818-scaled.jpg?resize=1050%2C600&ssl=1 3x, https:\/\/i0.wp.com\/www.akehedman.se\/wordpress\/wp-content\/uploads\/2020\/11\/IMG_20201106_104818-scaled.jpg?resize=1400%2C800&ssl=1 4x"},"classes":[]},{"id":19827,"url":"https:\/\/www.akehedman.se\/wordpress\/?p=19827","url_meta":{"origin":21461,"position":4},"title":"Hej d\u00e5","author":"\u00c5ke Hedman","date":"2016-03-01","format":false,"excerpt":"Mixerbordet har farit mot Sundsvall till. Aldrig l\u00e4r vi ses igen. Tv\u00e5 gubbar bubbar. Det \u00e4r tungt s\u00e5 inihelvete. Ryggar v\u00e4rker. Allt g\u00e5r p\u00e5 bristningsgr\u00e4nsen.\u00a0 Det visste jag ju. Det var inte enkelt att f\u00e5 in i huset heller. Passerar v\u00e4l C med hatten en timme efter att sl\u00e4pet l\u00e4mnar\u2026","rel":"","context":"In &quot;Betraktelser &amp; Ber\u00e4ttelse&quot;","block_context":{"text":"Betraktelser &amp; Ber\u00e4ttelse","link":"https:\/\/www.akehedman.se\/wordpress\/?cat=24"},"img":{"alt_text":"IMG_1815","src":"https:\/\/i0.wp.com\/www.akehedman.se\/wordpress\/wp-content\/uploads\/2016\/03\/IMG_1815.jpg?resize=350%2C200","width":350,"height":200,"srcset":"https:\/\/i0.wp.com\/www.akehedman.se\/wordpress\/wp-content\/uploads\/2016\/03\/IMG_1815.jpg?resize=350%2C200 1x, https:\/\/i0.wp.com\/www.akehedman.se\/wordpress\/wp-content\/uploads\/2016\/03\/IMG_1815.jpg?resize=525%2C300 1.5x"},"classes":[]},{"id":17265,"url":"https:\/\/www.akehedman.se\/wordpress\/?p=17265","url_meta":{"origin":21461,"position":5},"title":"Ett trubbigt och ov\u00e4ssat sinne","author":"\u00c5ke Hedman","date":"2015-03-31","format":false,"excerpt":"Okoncentrerad idag. Sitter h\u00e4r och v\u00e4ntar p\u00e5 att kaffet skall rinna genom filtret. Kanske kan det hj\u00e4lpa mot ett trubbigt sinne. Om inte f\u00e5r jag v\u00e4l s\u00e4tta mig och l\u00f6da. Det fungera alltid med de d\u00e4r mekaniska sysslorna n\u00e4r inspiration inte vill vara med. Lunchen. Jag skall v\u00e4rma en \u00f6verbliven\u2026","rel":"","context":"In &quot;Betraktelser &amp; Ber\u00e4ttelse&quot;","block_context":{"text":"Betraktelser &amp; Ber\u00e4ttelse","link":"https:\/\/www.akehedman.se\/wordpress\/?cat=24"},"img":{"alt_text":"image001","src":"https:\/\/i0.wp.com\/www.eurosource.se\/akhe\/wordpress\/wp-content\/uploads\/2015\/03\/image001.jpg?resize=350%2C200","width":350,"height":200,"srcset":"https:\/\/i0.wp.com\/www.eurosource.se\/akhe\/wordpress\/wp-content\/uploads\/2015\/03\/image001.jpg?resize=350%2C200 1x, https:\/\/i0.wp.com\/www.eurosource.se\/akhe\/wordpress\/wp-content\/uploads\/2015\/03\/image001.jpg?resize=525%2C300 1.5x"},"classes":[]}],"jetpack_shortlink":"https:\/\/wp.me\/s68PL2-knoven","_links":{"self":[{"href":"https:\/\/www.akehedman.se\/wordpress\/index.php?rest_route=\/wp\/v2\/posts\/21461","targetHints":{"allow":["GET"]}}],"collection":[{"href":"https:\/\/www.akehedman.se\/wordpress\/index.php?rest_route=\/wp\/v2\/posts"}],"about":[{"href":"https:\/\/www.akehedman.se\/wordpress\/index.php?rest_route=\/wp\/v2\/types\/post"}],"author":[{"embeddable":true,"href":"https:\/\/www.akehedman.se\/wordpress\/index.php?rest_route=\/wp\/v2\/users\/24"}],"replies":[{"embeddable":true,"href":"https:\/\/www.akehedman.se\/wordpress\/index.php?rest_route=%2Fwp%2Fv2%2Fcomments&post=21461"}],"version-history":[{"count":2,"href":"https:\/\/www.akehedman.se\/wordpress\/index.php?rest_route=\/wp\/v2\/posts\/21461\/revisions"}],"predecessor-version":[{"id":21463,"href":"https:\/\/www.akehedman.se\/wordpress\/index.php?rest_route=\/wp\/v2\/posts\/21461\/revisions\/21463"}],"wp:attachment":[{"href":"https:\/\/www.akehedman.se\/wordpress\/index.php?rest_route=%2Fwp%2Fv2%2Fmedia&parent=21461"}],"wp:term":[{"taxonomy":"category","embeddable":true,"href":"https:\/\/www.akehedman.se\/wordpress\/index.php?rest_route=%2Fwp%2Fv2%2Fcategories&post=21461"},{"taxonomy":"post_tag","embeddable":true,"href":"https:\/\/www.akehedman.se\/wordpress\/index.php?rest_route=%2Fwp%2Fv2%2Ftags&post=21461"}],"curies":[{"name":"wp","href":"https:\/\/api.w.org\/{rel}","templated":true}]}}