{"id":21429,"date":"2016-09-04T19:41:33","date_gmt":"2016-09-04T18:41:33","guid":{"rendered":"http:\/\/www.akehedman.se\/wordpress\/?p=21429"},"modified":"2016-09-04T19:41:33","modified_gmt":"2016-09-04T18:41:33","slug":"stodvarme","status":"publish","type":"post","link":"https:\/\/www.akehedman.se\/wordpress\/?p=21429","title":{"rendered":"St\u00f6dv\u00e4rme"},"content":{"rendered":"<p><img data-recalc-dims=\"1\" loading=\"lazy\" decoding=\"async\" class=\"alignnone size-full wp-image-21089\" src=\"https:\/\/i0.wp.com\/www.akehedman.se\/wordpress\/wp-content\/uploads\/2016\/07\/hugg.jpg?resize=580%2C326\" alt=\"hugg\" width=\"580\" height=\"326\" srcset=\"https:\/\/i0.wp.com\/www.akehedman.se\/wordpress\/wp-content\/uploads\/2016\/07\/hugg.jpg?w=800&amp;ssl=1 800w, https:\/\/i0.wp.com\/www.akehedman.se\/wordpress\/wp-content\/uploads\/2016\/07\/hugg.jpg?resize=300%2C169&amp;ssl=1 300w, https:\/\/i0.wp.com\/www.akehedman.se\/wordpress\/wp-content\/uploads\/2016\/07\/hugg.jpg?resize=768%2C432&amp;ssl=1 768w, https:\/\/i0.wp.com\/www.akehedman.se\/wordpress\/wp-content\/uploads\/2016\/07\/hugg.jpg?resize=500%2C281&amp;ssl=1 500w\" sizes=\"auto, (max-width: 580px) 100vw, 580px\" \/><\/p>\n<p>F\u00f6rs\u00f6ker med studiosittande idag. Men den riktiga k\u00e4nslan finns inte d\u00e4r. Tv\u00e5 l\u00e5tar till som kanske blir n\u00e5got i framtiden blir det d\u00e4remot. Som vanligt liksom. Ja det finns inte s\u00e5 mycket framtid kvar s\u00e5 att man skall kunna f\u00e4rdigst\u00e4lla alla s\u00e5dana som ligger d\u00e4r och skr\u00e4par. S\u00e5klart. Livet \u00e4r \u00e4ndligt. F\u00e5r man en diskkrasch en dag s\u00e5 f\u00f6rsvinner allt.\u00a0 H\u00e4r backas inget. I alla fall inte p\u00e5 studiodatorn. N\u00e5gra hundra l\u00e5tar. Det \u00e4r bara som det \u00e4r. Ingen mer \u00e4n jag l\u00e4r bry sig om endera. Knappt jag.<\/p>\n<p>Sitter fortfarande barfota. Traditionen h\u00e4r i huset s\u00e4ger att f\u00f6rsta september \u00e4r det OK att s\u00e4tta p\u00e5 dom igen. Men jag en vr\u00e5ng ocool gammal gubbe. Ett tag till f\u00e5r dom vara av. S\u00e5 l\u00e4nge det nu g\u00e5r.\u00a0 Men f\u00e5r sl\u00e5 p\u00e5 ett element ikv\u00e4ll. St\u00f6dv\u00e4rma kontoret lite. Det tar emot. Men j\u00e4vlar vad vi r\u00f6r oss mot oktober. D\u00e5 \u00e4r det dags f\u00f6r Hulken och pellets igen. L\u00e4ngtan s\u00f6derut tilltar. Det blev ingen kamininstallation i \u00e5r heller. Sj\u00e4lvklar inte i \u00e5r. Fattigsommar.<\/p>\n<p>Fast underligt gott att leva fortfarande. F\u00f6rv\u00e5nar mig. Fast det g\u00f6r s\u00e5klart ont att leva. Antar att ocks\u00e5 det \u00e4r i tilltagande. Idag h\u00e4mtade helikoptern n\u00e5gon h\u00e4r i byn. D\u00f6r man bara n\u00e4stan s\u00e5 blir i alla fall den sista resan v\u00e4rdig. Jag har i alla fall inte f\u00e4rdats i helikopter \u00e4nnu. Det kr\u00e4vs en hj\u00e4rtattack eller en brusten kroppspuls\u00e5der f\u00f6r det. Oklart om ocks\u00e5 det kostar hundra sp\u00e4nn som alla andra l\u00e4karbes\u00f6k?\u00a0 N\u00e4r det \u00e4r min tur hoppas jag dom tar ett \u00e4revarv kring Brattberget, v\u00e5r kulle.<\/p>\n<p>Men nog f\u00e5r man be om att d\u00f6 knall och fall alltid. Ena sekunden levande och n\u00e4sta d\u00f6d. Eller en timme kan det v\u00e4l f\u00e5r ta med. Ligga och tyna bort n\u00e5gonstans k\u00e4nns inte lockande.<\/p>\n<p>Har best\u00e4mt mig f\u00f6r att ta mig igenom lite gamla klassiker inom litteraturen igen. Ja till och med en f\u00f6r l\u00e4nge sedan avf\u00e4rdad Strindberg skall f\u00e5 en chans till igen. Man f\u00f6r\u00e4ndras. Mina \u00e5sikter om saker \u00e4r definitivt inte huggna i sten. Men samtidigt skall ingen annan p\u00e5dyvla mig vad som \u00e4r BRA eller D\u00c5LIGT. Det vill jag best\u00e4mma sj\u00e4lv. Det var tydligen en d\u00e5lig egenskap f\u00f6rklarade en l\u00e4rarkollega f\u00f6r mig en g\u00e5ng. Sj\u00e4lv tycker jag nog det \u00e4r en av de b\u00e4sta. Det finns inte bara en \u00e5sikt. Har aldrig funnit. Kommer aldrig finnas.<\/p>\n<p>Mycket \u00e4pplen i \u00e5r. M\u00e4ngder. V\u00e5ra b\u00e4sta \u00e4t\u00e4pplen b\u00f6rjar precis bli \u00e4tbara. Det \u00e4r dom fram till den f\u00f6rsta riktiga kallnatten. Efter den blir dom mj\u00f6liga och o\u00e4tliga. M\u00e5nga \u00e5r \u00e4r den d\u00e4r tiden noll dagar. Man hinner helt enkelt inte med. I \u00e5r ser det dock lovande ut. \u00c4n s\u00e5 l\u00e4nge i alla fall. De \u00f6vriga \u00e4pplena g\u00e5r \u00e4ta ocks\u00e5 senare men \u00e4r mer mat\u00e4pplen.<\/p>\n<p>Men sicken lyx med tr\u00e4dg\u00e5rd \u00e4nd\u00e5. Snart borde vi ha plommon ocks\u00e5. N\u00e5got \u00e5r till s\u00e5.<\/p>\n<p>Men jag har jobb att g\u00f6ra. Det \u00e4r s\u00e5 det ser ut. Jag \u00e4r en av v\u00e4rldens alla Lim-Johan. Vi g\u00f6r v\u00e5r grej vi av v\u00e5r sort. Sen n\u00e4r vi \u00e4r borta s\u00e5 kan det h\u00e4nda att n\u00e5gon &#8220;uppt\u00e4cker&#8221; oss. Att vi blir stora. Men inte har man n\u00e5gon gl\u00e4dje av det som d\u00f6d s\u00e5klart. Dessutom blir de flesta av v\u00e5r sort aldrig &#8220;uppt\u00e4ckta&#8221;. Vi \u00e4r liksom aldrig med i Idol och dom d\u00e4r andra t\u00e4vlingarna och gl\u00f6ms s\u00e5 fort vi l\u00e4ggs i v\u00e5ra gravar. Vi k\u00f6r p\u00e5 med v\u00e5r grej bara. Udda folk. Original. Tokstollar. Fast jag vet ju att har man n\u00e5got man tror p\u00e5. N\u00e5got som inte \u00e4r pengar. Ber\u00f6m. Fin bil eller annan skit. Ja d\u00e5 lever man i alla fall p\u00e5 riktigt. Det kostar p\u00e5 n\u00e4mligen. Om man vill leva p\u00e5 riktigt. Ja annars med f\u00f6r den delen. Alla \u00e4r nog lite Lin-Johan n\u00e4r jag t\u00e4nker efter. En del lyckas bara maskera det hela med en nytv\u00e4ttad bil, slips och en ljusbl\u00e5 skjorta.<\/p>\n<p>&nbsp;<\/p>\n","protected":false},"excerpt":{"rendered":"<p>F\u00f6rs\u00f6ker med studiosittande idag. Men den riktiga k\u00e4nslan finns inte d\u00e4r. Tv\u00e5 l\u00e5tar till som kanske blir n\u00e5got i framtiden blir det d\u00e4remot. Som vanligt liksom. Ja det finns inte s\u00e5 mycket framtid kvar s\u00e5 att man skall kunna f\u00e4rdigst\u00e4lla alla s\u00e5dana som ligger d\u00e4r och skr\u00e4par. S\u00e5klart. Livet \u00e4r \u00e4ndligt. F\u00e5r man en diskkrasch [&hellip;]<\/p>\n","protected":false},"author":24,"featured_media":0,"comment_status":"open","ping_status":"open","sticky":false,"template":"","format":"standard","meta":{"_crdt_document":"","jetpack_post_was_ever_published":false,"_jetpack_newsletter_access":"","_jetpack_dont_email_post_to_subs":false,"_jetpack_newsletter_tier_id":0,"_jetpack_memberships_contains_paywalled_content":false,"_jetpack_memberships_contains_paid_content":false,"footnotes":"","jetpack_publicize_message":"","jetpack_publicize_feature_enabled":true,"jetpack_social_post_already_shared":true,"jetpack_social_options":{"image_generator_settings":{"template":"highway","default_image_id":0,"font":"","enabled":false},"version":2}},"categories":[24],"tags":[],"class_list":["post-21429","post","type-post","status-publish","format-standard","hentry","category-betraktelser"],"jetpack_publicize_connections":[],"jetpack_featured_media_url":"","jetpack_sharing_enabled":true,"jetpack_likes_enabled":true,"jetpack-related-posts":[{"id":42495,"url":"https:\/\/www.akehedman.se\/wordpress\/?p=42495","url_meta":{"origin":21429,"position":0},"title":"Torsdag","author":"\u00c5ke Hedman","date":"2022-08-11","format":false,"excerpt":"Photo by Rickie-Tom Sch\u00fcnemann on Pexels.com En helt vanlig torsdag i ett liv. Det h\u00e4nder inte s\u00e5 mycket. \u00c5tminstone inte h\u00e4r p\u00e5 kullen. Klockorna tickar p\u00e5. Solen g\u00e5r upp och ner. Molnen far fram \u00f6ver himlen. Fast den h\u00e4r dagen \u00e4r unik s\u00e5klart. Den har aldrig funnits f\u00f6rut. Man borde\u2026","rel":"","context":"In &quot;Swedish&quot;","block_context":{"text":"Swedish","link":"https:\/\/www.akehedman.se\/wordpress\/?cat=2"},"img":{"alt_text":"berlin germany background wallpaper","src":"https:\/\/i0.wp.com\/www.akehedman.se\/wordpress\/wp-content\/uploads\/2022\/08\/pexels-photo-10818893.jpeg?resize=350%2C200&ssl=1","width":350,"height":200,"srcset":"https:\/\/i0.wp.com\/www.akehedman.se\/wordpress\/wp-content\/uploads\/2022\/08\/pexels-photo-10818893.jpeg?resize=350%2C200&ssl=1 1x, https:\/\/i0.wp.com\/www.akehedman.se\/wordpress\/wp-content\/uploads\/2022\/08\/pexels-photo-10818893.jpeg?resize=525%2C300&ssl=1 1.5x, https:\/\/i0.wp.com\/www.akehedman.se\/wordpress\/wp-content\/uploads\/2022\/08\/pexels-photo-10818893.jpeg?resize=700%2C400&ssl=1 2x"},"classes":[]},{"id":18727,"url":"https:\/\/www.akehedman.se\/wordpress\/?p=18727","url_meta":{"origin":21429,"position":1},"title":"Appl\u00e5der","author":"\u00c5ke Hedman","date":"2015-10-04","format":false,"excerpt":"En gammal elev gillar min musik, min r\u00f6st, min energi. Han skriver det i alla fall. Jag, l\u00e5ngt nere i jobb, blir glad. Det \u00e4r inte m\u00e5nga som s\u00e4ger goda saker om den. Ja och jag f\u00f6rtj\u00e4nar det inte heller antagligen. Det \u00e4r v\u00e4l kanske bara dynga. S\u00e5 n\u00e4r det\u2026","rel":"","context":"In &quot;Betraktelser &amp; Ber\u00e4ttelse&quot;","block_context":{"text":"Betraktelser &amp; Ber\u00e4ttelse","link":"https:\/\/www.akehedman.se\/wordpress\/?cat=24"},"img":{"alt_text":"Albufeira","src":"https:\/\/i0.wp.com\/www.akehedman.se\/wordpress\/wp-content\/uploads\/2015\/09\/Albufeira-1024x685.jpg?resize=350%2C200","width":350,"height":200,"srcset":"https:\/\/i0.wp.com\/www.akehedman.se\/wordpress\/wp-content\/uploads\/2015\/09\/Albufeira-1024x685.jpg?resize=350%2C200 1x, https:\/\/i0.wp.com\/www.akehedman.se\/wordpress\/wp-content\/uploads\/2015\/09\/Albufeira-1024x685.jpg?resize=525%2C300 1.5x"},"classes":[]},{"id":18001,"url":"https:\/\/www.akehedman.se\/wordpress\/?p=18001","url_meta":{"origin":21429,"position":2},"title":"@notch och jag igen d\u00e5.","author":"\u00c5ke Hedman","date":"2015-05-30","format":false,"excerpt":"Notch i Svensk Damtidning! Bara fenomenet att en s\u00e5dan som han, som ju \u00e4nd\u00e5 bara \u00e4r som mig, hamnar i den blaskan. Man kan kr\u00e4kas \u00f6ver bara det. D\u00e4rf\u00f6r att han \u00e4r b\u00e4ttre. Tror jag. Men \u00e4n v\u00e4rre \u00e4r det s\u00e5klart att den d\u00e4r Svenska Damtidningen (som i sin egen\u2026","rel":"","context":"In &quot;Betraktelser &amp; Ber\u00e4ttelse&quot;","block_context":{"text":"Betraktelser &amp; Ber\u00e4ttelse","link":"https:\/\/www.akehedman.se\/wordpress\/?cat=24"},"img":{"alt_text":"","src":"","width":0,"height":0},"classes":[]},{"id":18054,"url":"https:\/\/www.akehedman.se\/wordpress\/?p=18054","url_meta":{"origin":21429,"position":3},"title":"Studios\u00f6ndag","author":"\u00c5ke Hedman","date":"2015-06-07","format":false,"excerpt":"Man m\u00e5ste bevisa f\u00f6r sig sj\u00e4lv ibland att man klarar det. Fredag kv\u00e4ll till s\u00f6ndag kv\u00e4ll utan att arbeta. Ja en s\u00e5dan helg har det varit. Nehejd\u00e5 jag har egentligen inte tid med det!\u00a0 Jod\u00e5 n\u00e5gra mail svarar jag p\u00e5 men definitivt inget mer jobborienterat blir gjort. Det m\u00e5las, klipps\u2026","rel":"","context":"In &quot;Betraktelser &amp; Ber\u00e4ttelse&quot;","block_context":{"text":"Betraktelser &amp; Ber\u00e4ttelse","link":"https:\/\/www.akehedman.se\/wordpress\/?cat=24"},"img":{"alt_text":"studio","src":"https:\/\/i0.wp.com\/www.akehedman.se\/wordpress\/wp-content\/uploads\/2015\/06\/studio.png?resize=350%2C200","width":350,"height":200,"srcset":"https:\/\/i0.wp.com\/www.akehedman.se\/wordpress\/wp-content\/uploads\/2015\/06\/studio.png?resize=350%2C200 1x, https:\/\/i0.wp.com\/www.akehedman.se\/wordpress\/wp-content\/uploads\/2015\/06\/studio.png?resize=525%2C300 1.5x, https:\/\/i0.wp.com\/www.akehedman.se\/wordpress\/wp-content\/uploads\/2015\/06\/studio.png?resize=700%2C400 2x"},"classes":[]},{"id":18107,"url":"https:\/\/www.akehedman.se\/wordpress\/?p=18107","url_meta":{"origin":21429,"position":4},"title":"En point \u00e4r inte detsamma som en joint","author":"\u00c5ke Hedman","date":"2015-06-15","format":false,"excerpt":"Suget efter att st\u00e5 p\u00e5 en scen igen med ett eget band avtog. Det \u00e4r som tandv\u00e4rk det d\u00e4r. Det g\u00e5r \u00f6ver och g\u00f6r det inte det s\u00e5 f\u00e5r man dra ut den tand som g\u00f6r ont. I det h\u00e4r fallet s\u00e5 handlar det om att g\u00e5r man inte p\u00e5\u2026","rel":"","context":"In &quot;Betraktelser &amp; Ber\u00e4ttelse&quot;","block_context":{"text":"Betraktelser &amp; Ber\u00e4ttelse","link":"https:\/\/www.akehedman.se\/wordpress\/?cat=24"},"img":{"alt_text":"tavla","src":"https:\/\/i0.wp.com\/www.akehedman.se\/wordpress\/wp-content\/uploads\/2015\/06\/tavla1-1024x768.png?resize=350%2C200","width":350,"height":200,"srcset":"https:\/\/i0.wp.com\/www.akehedman.se\/wordpress\/wp-content\/uploads\/2015\/06\/tavla1-1024x768.png?resize=350%2C200 1x, https:\/\/i0.wp.com\/www.akehedman.se\/wordpress\/wp-content\/uploads\/2015\/06\/tavla1-1024x768.png?resize=525%2C300 1.5x"},"classes":[]},{"id":45888,"url":"https:\/\/www.akehedman.se\/wordpress\/?p=45888","url_meta":{"origin":21429,"position":5},"title":"APT dag","author":"\u00c5ke Hedman","date":"2023-09-06","format":false,"excerpt":"APT st\u00e5r det i kalendern p\u00e5 f\u00f6rmiddagen idag. Jag gissar att det st\u00e5r f\u00f6r \"Arbets-Plats-Tr\u00e4ff\" men det kan lika g\u00e4rna vara \"Alla-Pruttar-Tegel\". Jag vet inte. Men jag vet att den d\u00e4r anteckningen inte ber\u00f6r \"oss\" anst\u00e4llda p\u00e5 Grodans Paradis AB. Det \u00e4r en kommunal grej det d\u00e4r. Biblioteksangel\u00e4genhet rent utav.\u2026","rel":"","context":"In &quot;Swedish&quot;","block_context":{"text":"Swedish","link":"https:\/\/www.akehedman.se\/wordpress\/?cat=2"},"img":{"alt_text":"","src":"https:\/\/i0.wp.com\/www.akehedman.se\/wordpress\/wp-content\/uploads\/2023\/09\/IMG_20230906_143616-scaled.jpg?resize=350%2C200&ssl=1","width":350,"height":200,"srcset":"https:\/\/i0.wp.com\/www.akehedman.se\/wordpress\/wp-content\/uploads\/2023\/09\/IMG_20230906_143616-scaled.jpg?resize=350%2C200&ssl=1 1x, https:\/\/i0.wp.com\/www.akehedman.se\/wordpress\/wp-content\/uploads\/2023\/09\/IMG_20230906_143616-scaled.jpg?resize=525%2C300&ssl=1 1.5x, https:\/\/i0.wp.com\/www.akehedman.se\/wordpress\/wp-content\/uploads\/2023\/09\/IMG_20230906_143616-scaled.jpg?resize=700%2C400&ssl=1 2x, https:\/\/i0.wp.com\/www.akehedman.se\/wordpress\/wp-content\/uploads\/2023\/09\/IMG_20230906_143616-scaled.jpg?resize=1050%2C600&ssl=1 3x, https:\/\/i0.wp.com\/www.akehedman.se\/wordpress\/wp-content\/uploads\/2023\/09\/IMG_20230906_143616-scaled.jpg?resize=1400%2C800&ssl=1 4x"},"classes":[]}],"jetpack_shortlink":"https:\/\/wp.me\/p68PL2-5zD","_links":{"self":[{"href":"https:\/\/www.akehedman.se\/wordpress\/index.php?rest_route=\/wp\/v2\/posts\/21429","targetHints":{"allow":["GET"]}}],"collection":[{"href":"https:\/\/www.akehedman.se\/wordpress\/index.php?rest_route=\/wp\/v2\/posts"}],"about":[{"href":"https:\/\/www.akehedman.se\/wordpress\/index.php?rest_route=\/wp\/v2\/types\/post"}],"author":[{"embeddable":true,"href":"https:\/\/www.akehedman.se\/wordpress\/index.php?rest_route=\/wp\/v2\/users\/24"}],"replies":[{"embeddable":true,"href":"https:\/\/www.akehedman.se\/wordpress\/index.php?rest_route=%2Fwp%2Fv2%2Fcomments&post=21429"}],"version-history":[{"count":1,"href":"https:\/\/www.akehedman.se\/wordpress\/index.php?rest_route=\/wp\/v2\/posts\/21429\/revisions"}],"predecessor-version":[{"id":21430,"href":"https:\/\/www.akehedman.se\/wordpress\/index.php?rest_route=\/wp\/v2\/posts\/21429\/revisions\/21430"}],"wp:attachment":[{"href":"https:\/\/www.akehedman.se\/wordpress\/index.php?rest_route=%2Fwp%2Fv2%2Fmedia&parent=21429"}],"wp:term":[{"taxonomy":"category","embeddable":true,"href":"https:\/\/www.akehedman.se\/wordpress\/index.php?rest_route=%2Fwp%2Fv2%2Fcategories&post=21429"},{"taxonomy":"post_tag","embeddable":true,"href":"https:\/\/www.akehedman.se\/wordpress\/index.php?rest_route=%2Fwp%2Fv2%2Ftags&post=21429"}],"curies":[{"name":"wp","href":"https:\/\/api.w.org\/{rel}","templated":true}]}}