{"id":21274,"date":"2016-08-21T14:33:23","date_gmt":"2016-08-21T13:33:23","guid":{"rendered":"http:\/\/www.akehedman.se\/wordpress\/?p=21274"},"modified":"2016-08-21T14:33:23","modified_gmt":"2016-08-21T13:33:23","slug":"underbara-clara-var-koloni-ar-inte-indien-det-ar-norrland-clara-lidstrom-expressen","status":"publish","type":"post","link":"https:\/\/www.akehedman.se\/wordpress\/?p=21274","title":{"rendered":"Underbara Clara: V\u00e5r koloni \u00e4r inte Indien \u2013 det \u00e4r Norrland | Clara Lidstr\u00f6m | Expressen"},"content":{"rendered":"<blockquote><p><a href=\"http:\/\/www.expressen.se\/kronikorer\/clara-lidstrom\/sveriges-koloni-heter-inte-indien--den-heter-norrland\/\"><img data-recalc-dims=\"1\" decoding=\"async\" class=\"alignnone size-full\" src=\"https:\/\/i0.wp.com\/www.akehedman.se\/wordpress\/wp-content\/uploads\/2016\/08\/680%4080.jpg?w=580\" alt=\"\" \/><\/a>Jag finner det r\u00f6rande med m\u00e4nniskor som bor i stora st\u00e4der, \u00e5ker kollektivtrafik, handlar ekogr\u00f6nt p\u00e5 Ica N\u00e4ra och betraktar sig sj\u00e4lva som milj\u00f6hj\u00e4ltar f<\/p><\/blockquote>\n<p>Source: <em><a href=\"http:\/\/www.expressen.se\/kronikorer\/clara-lidstrom\/sveriges-koloni-heter-inte-indien--den-heter-norrland\/\">Underbara Clara: V\u00e5r koloni \u00e4r inte Indien \u2013 det \u00e4r Norrland | Clara Lidstr\u00f6m | Expressen<\/a><\/em><\/p>\n","protected":false},"excerpt":{"rendered":"<p>Jag finner det r\u00f6rande med m\u00e4nniskor som bor i stora st\u00e4der, \u00e5ker kollektivtrafik, handlar ekogr\u00f6nt p\u00e5 Ica N\u00e4ra och betraktar sig sj\u00e4lva som milj\u00f6hj\u00e4ltar f Source: Underbara Clara: V\u00e5r koloni \u00e4r inte Indien \u2013 det \u00e4r Norrland | Clara Lidstr\u00f6m | Expressen<\/p>\n","protected":false},"author":24,"featured_media":0,"comment_status":"open","ping_status":"open","sticky":false,"template":"","format":"standard","meta":{"_crdt_document":"","jetpack_post_was_ever_published":false,"_jetpack_newsletter_access":"","_jetpack_dont_email_post_to_subs":false,"_jetpack_newsletter_tier_id":0,"_jetpack_memberships_contains_paywalled_content":false,"_jetpack_memberships_contains_paid_content":false,"footnotes":"","jetpack_publicize_message":"","jetpack_publicize_feature_enabled":true,"jetpack_social_post_already_shared":true,"jetpack_social_options":{"image_generator_settings":{"template":"highway","default_image_id":0,"font":"","enabled":false},"version":2}},"categories":[2],"tags":[],"class_list":["post-21274","post","type-post","status-publish","format-standard","hentry","category-swedish"],"jetpack_publicize_connections":[],"jetpack_featured_media_url":"","jetpack_sharing_enabled":true,"jetpack_likes_enabled":true,"jetpack-related-posts":[{"id":14209,"url":"https:\/\/www.akehedman.se\/wordpress\/?p=14209","url_meta":{"origin":21274,"position":0},"title":"Dystopiernas Norrland finns i hj\u00e4rnorna p\u00e5 de som \u00e4lskar dystopierna.","author":"\u00c5ke Hedman","date":"2014-07-30","format":false,"excerpt":"Pavarottis son, koltrasten, s\u00e4tter sig och sjunger i den gamla damen, k\u00f6rsb\u00e4rstr\u00e4det, utanf\u00f6r mitt kontorsf\u00f6nster. \u00a0Musiken f\u00e5r vara av och jag sitter d\u00e4r bara en stund och lyssnar. Lyssnar s\u00e5 l\u00e4nge som han behagar stanna kvar d\u00e4r strax utanf\u00f6r, bara n\u00e5gra meter ifr\u00e5n mig, sin beundrare. Det \u00e4r lite som\u2026","rel":"","context":"In &quot;Betraktelser &amp; Ber\u00e4ttelse&quot;","block_context":{"text":"Betraktelser &amp; Ber\u00e4ttelse","link":"https:\/\/www.akehedman.se\/wordpress\/?cat=24"},"img":{"alt_text":"3742057028","src":"https:\/\/i0.wp.com\/www.eurosource.se\/akhe\/wordpress\/wp-content\/uploads\/2014\/07\/3742057028.jpg?resize=350%2C200","width":350,"height":200,"srcset":"https:\/\/i0.wp.com\/www.eurosource.se\/akhe\/wordpress\/wp-content\/uploads\/2014\/07\/3742057028.jpg?resize=350%2C200 1x, https:\/\/i0.wp.com\/www.eurosource.se\/akhe\/wordpress\/wp-content\/uploads\/2014\/07\/3742057028.jpg?resize=525%2C300 1.5x"},"classes":[]},{"id":16773,"url":"https:\/\/www.akehedman.se\/wordpress\/?p=16773","url_meta":{"origin":21274,"position":1},"title":"Norrland","author":"\u00c5ke Hedman","date":"2015-03-02","format":false,"excerpt":"L\u00e4ser Fredriks och PO's kr\u00f6nikor i \"tidningen\" som jag f\u00e5r gratis i l\u00e5dan p\u00e5 fredagen men l\u00e4ser f\u00f6rst idag, eftersom jag hittar den f\u00f6rst idag. B\u00e5da ypperliga skribenter. Fredrik b\u00e4st. PO Tidholm (se nu \u00e4r jag d\u00e4r igen (bli inte arg nu PO n\u00e4r skmotorn drar dig hit) ) skriver\u2026","rel":"","context":"In &quot;Betraktelser &amp; Ber\u00e4ttelse&quot;","block_context":{"text":"Betraktelser &amp; Ber\u00e4ttelse","link":"https:\/\/www.akehedman.se\/wordpress\/?cat=24"},"img":{"alt_text":"250px-Sverigekarta-Landsdelar_Norrland.svg","src":"https:\/\/i0.wp.com\/www.eurosource.se\/akhe\/wordpress\/wp-content\/uploads\/2015\/03\/250px-Sverigekarta-Landsdelar_Norrland.svg_.png?resize=350%2C200","width":350,"height":200},"classes":[]},{"id":17618,"url":"https:\/\/www.akehedman.se\/wordpress\/?p=17618","url_meta":{"origin":21274,"position":2},"title":"Att inte kunna sluta svamla","author":"\u00c5ke Hedman","date":"2015-04-20","format":false,"excerpt":"L\u00f6vs\u00e5ngare sjunger i varenda buske n\u00e4r jag g\u00e5r min promenad h\u00e4r p\u00e5 morgonen. Oansenlig men vackert sjungande och allt som en Idoldeltagare aldrig blir. F\u00f6r mig njutning. All denna s\u00e5ng. F\u00f6r andra ov\u00e4sen. Perspektiv igen. Det \u00e4r \u00e4nd\u00e5 ingen skillnad mot hannarnas k\u00e5ta vr\u00e5l p\u00e5 Stureplan strax efter tolv en\u2026","rel":"","context":"In &quot;Betraktelser &amp; Ber\u00e4ttelse&quot;","block_context":{"text":"Betraktelser &amp; Ber\u00e4ttelse","link":"https:\/\/www.akehedman.se\/wordpress\/?cat=24"},"img":{"alt_text":"lovsangare03_original","src":"https:\/\/i0.wp.com\/www.eurosource.se\/akhe\/wordpress\/wp-content\/uploads\/2015\/04\/lovsangare03_original.jpg?resize=350%2C200","width":350,"height":200,"srcset":"https:\/\/i0.wp.com\/www.eurosource.se\/akhe\/wordpress\/wp-content\/uploads\/2015\/04\/lovsangare03_original.jpg?resize=350%2C200 1x, https:\/\/i0.wp.com\/www.eurosource.se\/akhe\/wordpress\/wp-content\/uploads\/2015\/04\/lovsangare03_original.jpg?resize=525%2C300 1.5x, https:\/\/i0.wp.com\/www.eurosource.se\/akhe\/wordpress\/wp-content\/uploads\/2015\/04\/lovsangare03_original.jpg?resize=700%2C400 2x"},"classes":[]},{"id":29715,"url":"https:\/\/www.akehedman.se\/wordpress\/?p=29715","url_meta":{"origin":21274,"position":3},"title":"Natten","author":"\u00c5ke Hedman","date":"2018-09-06","format":false,"excerpt":"Jag sover som en stridsvagn som forcerar fiendeland d\u00e4r bara l\u00e4ttare ofarligt artilleri omger den. Det \u00e4r gott. Jag vaknar utvilad. Lite senare \u00e4n vanligt sker det d\u00e4r uppvaknandet. Men vad g\u00f6r v\u00e4l det. H\u00e4r? Noll och inget. Nu sitter jag h\u00e4r. Dricker kaffet som smakar lika \u00e4ckligt som vanligt.\u2026","rel":"","context":"In &quot;Betraktelser &amp; Ber\u00e4ttelse&quot;","block_context":{"text":"Betraktelser &amp; Ber\u00e4ttelse","link":"https:\/\/www.akehedman.se\/wordpress\/?cat=24"},"img":{"alt_text":"","src":"https:\/\/i0.wp.com\/www.akehedman.se\/wordpress\/wp-content\/uploads\/2018\/09\/IMG_20180903_113321985_HDR.jpg?resize=350%2C200&ssl=1","width":350,"height":200,"srcset":"https:\/\/i0.wp.com\/www.akehedman.se\/wordpress\/wp-content\/uploads\/2018\/09\/IMG_20180903_113321985_HDR.jpg?resize=350%2C200&ssl=1 1x, https:\/\/i0.wp.com\/www.akehedman.se\/wordpress\/wp-content\/uploads\/2018\/09\/IMG_20180903_113321985_HDR.jpg?resize=525%2C300&ssl=1 1.5x, https:\/\/i0.wp.com\/www.akehedman.se\/wordpress\/wp-content\/uploads\/2018\/09\/IMG_20180903_113321985_HDR.jpg?resize=700%2C400&ssl=1 2x, https:\/\/i0.wp.com\/www.akehedman.se\/wordpress\/wp-content\/uploads\/2018\/09\/IMG_20180903_113321985_HDR.jpg?resize=1050%2C600&ssl=1 3x, https:\/\/i0.wp.com\/www.akehedman.se\/wordpress\/wp-content\/uploads\/2018\/09\/IMG_20180903_113321985_HDR.jpg?resize=1400%2C800&ssl=1 4x"},"classes":[]},{"id":25179,"url":"https:\/\/www.akehedman.se\/wordpress\/?p=25179","url_meta":{"origin":21274,"position":4},"title":"Sveriges senaste klimatkatastrof &#8211; Stockholmsinitiativet &#8211; Klimatupplysningen","author":"\u00c5ke Hedman","date":"2017-08-29","format":false,"excerpt":"Med h\u00e4nvisning Den s\u00e4msta sommarhettan p\u00e5 155 \u00e5r som valsade runt ig\u00e5r. 1967-1969 d\u00e5? P\u00e5 grund av den otroligt sent ankomna sommaren blev s\u00e5dden v\u00e4ldigt f\u00f6rsenad. Och mycket av sk\u00f6rden blev sedan f\u00f6rst\u00f6rd under \u201dhalshuggarnatten\u201d den 2:a september 1867 d\u00e5 det var 7-8 minusgrader i stora delar av Norrland. Under\u2026","rel":"","context":"In &quot;Swedish&quot;","block_context":{"text":"Swedish","link":"https:\/\/www.akehedman.se\/wordpress\/?cat=2"},"img":{"alt_text":"","src":"","width":0,"height":0},"classes":[]},{"id":15156,"url":"https:\/\/www.akehedman.se\/wordpress\/?p=15156","url_meta":{"origin":21274,"position":5},"title":"Diwali","author":"\u00c5ke Hedman","date":"2014-10-23","format":false,"excerpt":"Diwali inleds i Indien idag. Det n\u00e4rmaste man kommer jul eller midsommar d\u00e4r. Ja n\u00e4r det g\u00e4ller dignitet p\u00e5 firandet d\u00e5 allts\u00e5. \u00a0Min v\u00e4n och hans underbara fru \u00e5ker upp och hem till bergen. V\u00e4rldens tak. Man firar helst hemma bland de sina d\u00e4r precis som h\u00e4r. \"Julst\u00e4mmningen\" n\u00e5r kanske\u2026","rel":"","context":"In &quot;Betraktelser &amp; Ber\u00e4ttelse&quot;","block_context":{"text":"Betraktelser &amp; Ber\u00e4ttelse","link":"https:\/\/www.akehedman.se\/wordpress\/?cat=24"},"img":{"alt_text":"01-golden-temple-diwali","src":"https:\/\/i0.wp.com\/www.eurosource.se\/akhe\/wordpress\/wp-content\/uploads\/2014\/10\/01-golden-temple-diwali.jpg?resize=350%2C200","width":350,"height":200,"srcset":"https:\/\/i0.wp.com\/www.eurosource.se\/akhe\/wordpress\/wp-content\/uploads\/2014\/10\/01-golden-temple-diwali.jpg?resize=350%2C200 1x, https:\/\/i0.wp.com\/www.eurosource.se\/akhe\/wordpress\/wp-content\/uploads\/2014\/10\/01-golden-temple-diwali.jpg?resize=525%2C300 1.5x, https:\/\/i0.wp.com\/www.eurosource.se\/akhe\/wordpress\/wp-content\/uploads\/2014\/10\/01-golden-temple-diwali.jpg?resize=700%2C400 2x"},"classes":[]}],"jetpack_shortlink":"https:\/\/wp.me\/p68PL2-5x8","_links":{"self":[{"href":"https:\/\/www.akehedman.se\/wordpress\/index.php?rest_route=\/wp\/v2\/posts\/21274","targetHints":{"allow":["GET"]}}],"collection":[{"href":"https:\/\/www.akehedman.se\/wordpress\/index.php?rest_route=\/wp\/v2\/posts"}],"about":[{"href":"https:\/\/www.akehedman.se\/wordpress\/index.php?rest_route=\/wp\/v2\/types\/post"}],"author":[{"embeddable":true,"href":"https:\/\/www.akehedman.se\/wordpress\/index.php?rest_route=\/wp\/v2\/users\/24"}],"replies":[{"embeddable":true,"href":"https:\/\/www.akehedman.se\/wordpress\/index.php?rest_route=%2Fwp%2Fv2%2Fcomments&post=21274"}],"version-history":[{"count":1,"href":"https:\/\/www.akehedman.se\/wordpress\/index.php?rest_route=\/wp\/v2\/posts\/21274\/revisions"}],"predecessor-version":[{"id":21276,"href":"https:\/\/www.akehedman.se\/wordpress\/index.php?rest_route=\/wp\/v2\/posts\/21274\/revisions\/21276"}],"wp:attachment":[{"href":"https:\/\/www.akehedman.se\/wordpress\/index.php?rest_route=%2Fwp%2Fv2%2Fmedia&parent=21274"}],"wp:term":[{"taxonomy":"category","embeddable":true,"href":"https:\/\/www.akehedman.se\/wordpress\/index.php?rest_route=%2Fwp%2Fv2%2Fcategories&post=21274"},{"taxonomy":"post_tag","embeddable":true,"href":"https:\/\/www.akehedman.se\/wordpress\/index.php?rest_route=%2Fwp%2Fv2%2Ftags&post=21274"}],"curies":[{"name":"wp","href":"https:\/\/api.w.org\/{rel}","templated":true}]}}