{"id":21062,"date":"2016-07-18T07:52:45","date_gmt":"2016-07-18T06:52:45","guid":{"rendered":"http:\/\/www.akehedman.se\/wordpress\/?p=21062"},"modified":"2016-07-18T07:52:45","modified_gmt":"2016-07-18T06:52:45","slug":"sommarmorgon","status":"publish","type":"post","link":"https:\/\/www.akehedman.se\/wordpress\/?p=21062","title":{"rendered":"Sommarmorgon"},"content":{"rendered":"<p><img data-recalc-dims=\"1\" loading=\"lazy\" decoding=\"async\" class=\"alignnone size-full wp-image-21063\" src=\"https:\/\/i0.wp.com\/www.akehedman.se\/wordpress\/wp-content\/uploads\/2016\/07\/3_minuters_glass_kondenserad_mj%C3%B6lk_jordgubbar_fl%C3%A4der.jpg?resize=500%2C387\" alt=\"3_minuters_glass_kondenserad_mj\u00f6lk_jordgubbar_fl\u00e4der\" width=\"500\" height=\"387\" \/><\/p>\n<p>Det \u00e4r tidigt n\u00e4r lill-katten och jag g\u00e5r ner till kontoret, jod\u00e5 katten springandes f\u00f6rst ner f\u00f6r trapporna. \u00c4kta sommarmorgon. S\u00e5d\u00e4r tyst ute som det bara kan vara en sommarmorgon h\u00e4r p\u00e5 kullen med det gula huset. Man kan m\u00f6jligen h\u00f6ra en enstaka bil \u00e5ka f\u00f6rbi nere p\u00e5 stora v\u00e4gen, den som f\u00f6r en storstadsbo \u00e4r lilla v\u00e4gen, men inga andra ljud. Huset sover. Kulle sover. Byn sover. Ja tamefan om inte hela v\u00e4rlden sover i fred och frihet denna morgon.<\/p>\n<p>Ja det sista kan man s\u00e5klart bara inbilla sig. N\u00e4r jag t\u00e4nker den tanken s\u00e5 torteras det och v\u00e5ldtas det med frenesi runt om i v\u00e4rlden. S\u00e5 mycket skit h\u00e4nder i samma stund som man t\u00e4nker den tanken, eller skriver meningen, \u00a0att man undrar \u00a0varf\u00f6r den sommarmorgonsbubbla man sitter i den h\u00e4r underbara sommarmorgonen inte p\u00e5 egen hand brister med en j\u00e4vla sm\u00e4ll och f\u00e5r en att vaknar upp, samf\u00e4lligt uppvaknade, alla vaknar av sm\u00e4llen, eftersom alla bubblor spricker, japp varenda j\u00e4vla semesterfirare, och att hela f\u00f6rbannade sl\u00f6h\u00f6gen best\u00e4mmer sig f\u00f6r att g\u00f6ra slut p\u00e5 f\u00f6rtryck och pl\u00e5geri i v\u00e4rlden och skapar en Edens lustg\u00e5rd av v\u00e4rlden utan att blanda in en endaste f\u00f6rbannad j\u00e4vla gud i det hela.<\/p>\n<p>Finns det n\u00e5got som mer \u00e4n f\u00f6rest\u00e4llningen om en levande gud som har skapar mer el\u00e4nde i v\u00e4rlden?\u00a0Inte fan beh\u00f6vs det en dj\u00e4vul f\u00f6r det!?<\/p>\n<p>Men vi har det ju s\u00e5klart s\u00e5 beh\u00e4ndigt och bekv\u00e4mt i v\u00e5ra bubblor. Vi \u00e4r s\u00e5 bra p\u00e5 att m\u00f6rka v\u00e4rlden runt omkring oss vi som kallar oss friska. Men kanske kan de st\u00e4ndigt oroliga, sjuka, se verkligheten som den \u00e4r. Vem skulle inte bli sjuk om man inte kunde filtrera? \u00a0Kanske \u00e4r de bara inte s\u00e5 blinda som oss andra och att det \u00e4r d\u00e4rf\u00f6r de m\u00e5r d\u00e5ligt.<\/p>\n<p>Det skulle kunna vara s\u00e5.<\/p>\n<p>Eller hur?<\/p>\n<p>Men majoriteten best\u00e4mmer s\u00e5klart vad som \u00e4r friskt, sunt och vettigt. \u00a0S\u00e5 &#8220;Smartare \u00e4n en femteklassare&#8221; p\u00e5 l\u00f6rdagskv\u00e4llen, tittandet och skrattandet under den timme det s\u00e4nds, \u00e4r ett av kriterierna f\u00f6r en god och v\u00e4rdefull samh\u00e4llsmedborgare.<\/p>\n<p>Tamefan!<\/p>\n<p>Sj\u00e4lv klickar jag bort nyhetsbreven fr\u00e5n Amnesty ol\u00e4sta. Jag k\u00e4nner mig som en skit varje g\u00e5ng. Ohyggligheterna \u00e4r s\u00e5 m\u00e5nga och man borde g\u00f6ra n\u00e5got. Men just nu klarar jag inte av det. Kan inte ta in mer skit. Papperskorgen i mitt emailprogram \u00e4r d\u00e4rf\u00f6r min r\u00e4ddning. Sk\u00e4ms s\u00e5klart. \u00c5tminstone det d\u00e4r borde jag kunna g\u00f6ra f\u00f6r en annan medm\u00e4nniska. Det finns ju s\u00e5 m\u00e5nga andra jag inte hj\u00e4lper. Men jag g\u00f6r det inte. Klara det inte just nu.<\/p>\n<p>M\u00f6rker.<\/p>\n<p>S\u00e5klart. Som om man inte visste det f\u00f6rrut&#8230;<\/p>\n<p>Men man filtrerar allts\u00e5. Har en sk\u00f6n morgon med lill-katt och kaffe. Kanske kan man i alla fall tillgodor\u00e4kna sig n\u00e5got f\u00f6r att man t\u00e4nker de d\u00e4r tankarna. Men knappast. Inte \u00e4r det stor skillnad att g\u00f6ra det mot de som aldrig n\u00e5gonsin t\u00e4nker p\u00e5 en annan m\u00e4nniska utan att samtidigt t\u00e4nka p\u00e5 n\u00e5got som ger vinning f\u00f6r dom sj\u00e4lva.<\/p>\n<p>Lever man ett liv s\u00e5 l\u00e4r man sig ju saker. Det jag verkligen l\u00e4rt mig \u00e4r att de som skiter i andra och skor sig sj\u00e4lva \u00e4r de som f\u00e5r ut mest av livet h\u00e4r p\u00e5 jorden. Man skall inte ha s\u00e5 mycket samvete. K\u00f6ra p\u00e5 bara. Ta f\u00f6r sig. Skita i konsekvenserna. Det \u00e4r d\u00e4r du har lyckan. Allt det d\u00e4r andra \u00e4r f\u00f6r oss som l\u00e4ste Disney n\u00e4r vi var barn, som blev ilurade att det finns n\u00e5got bra med att g\u00f6ra gott i v\u00e4rlden. Men vem fan har n\u00e5gonsin f\u00e5tt n\u00e5got tillbaks av att g\u00f6ra gott? Inte en skit. De har blivit utnyttjade. Varenda f\u00f6rbannade kotte.<\/p>\n<p>Den historien borde man ber\u00e4tta f\u00f6r de yngre. Skit i andra och t\u00e4nk bara p\u00e5 dig sj\u00e4lv, r\u00f6sta p\u00e5 Moderaterna. Bli Moderat. Bo i en gated community. S\u00e5 du slipper se p\u00f6beln. F\u00f6rlorarna.<\/p>\n<p>Men likf\u00f6rbaskat \u00e4r det en underbar sommarmorgon h\u00e4r p\u00e5 kullen med det gula huset. Det g\u00e5r liksom inte att komma ifr\u00e5n det. Sv\u00e5rt att inte njuta heller. Lill-katten hoppade precis ut genom f\u00f6nstret. Hon har sitt. Blir uttr\u00e5kad efter en stund h\u00e4r inne. Vill leva. Hon \u00e4r ung, sk\u00f6n och nyfiken. Skiter i v\u00e4rlden. Jag avundas.<\/p>\n<p>Jag har en uppbruten arbetsvecka f\u00f6re tv\u00e5 inplanerade semesterveckor. Japp, t\u00e4nker ta semester. P\u00e5 riktigt. L\u00e4sa mail p\u00e5 sin h\u00f6jd h\u00e4r p\u00e5 kontoret. Inte mer. \u00a0Inte svara p\u00e5 annat \u00e4n de brev som verkligen m\u00e5ste besvaras. Tv\u00e5 veckor att leta gnistan igen. N\u00e5gonstans har jag tappat den under den h\u00e4r v\u00e5ren. Det \u00e4r inte lika roligt l\u00e4ngre helt enkelt Jag skr\u00e4ms av tanken att det aldrig mer kommer att k\u00e4nnas s\u00e5 heller. Var tar mitt liv v\u00e4gen d\u00e5? Finns det kvar? \u00c4r livet v\u00e4rt att leva d\u00e5?<\/p>\n<p>Hursomhelst och hur det nu \u00e4n \u00e4r med det d\u00e4r s\u00e5 ser jag fram emot lite ledighet. Att g\u00f6ra annat. \u00c5ka ut till havet s\u00e5klart. Ut i skogen. Vandra. Ja om v\u00e4dret till\u00e5ter, bada. Ladda batterierna s\u00e5 att man kanske m\u00f6jligen orkar med en vinter som snart st\u00e5r d\u00e4r och knackar best\u00e4mt p\u00e5 d\u00f6rren. G\u00f6r det oavsett om man hittar gnistan eller inte.<\/p>\n<p>Semester. Smaka p\u00e5 det ordet. Smakar jordgubbar, gr\u00e4dde och glass tycker jag. I alla fall f\u00f6re. N\u00e4r man haft den vette fan.<\/p>\n","protected":false},"excerpt":{"rendered":"<p>Det \u00e4r tidigt n\u00e4r lill-katten och jag g\u00e5r ner till kontoret, jod\u00e5 katten springandes f\u00f6rst ner f\u00f6r trapporna. \u00c4kta sommarmorgon. S\u00e5d\u00e4r tyst ute som det bara kan vara en sommarmorgon h\u00e4r p\u00e5 kullen med det gula huset. Man kan m\u00f6jligen h\u00f6ra en enstaka bil \u00e5ka f\u00f6rbi nere p\u00e5 stora v\u00e4gen, den som f\u00f6r en storstadsbo [&hellip;]<\/p>\n","protected":false},"author":24,"featured_media":0,"comment_status":"open","ping_status":"open","sticky":false,"template":"","format":"standard","meta":{"_crdt_document":"","jetpack_post_was_ever_published":false,"_jetpack_newsletter_access":"","_jetpack_dont_email_post_to_subs":false,"_jetpack_newsletter_tier_id":0,"_jetpack_memberships_contains_paywalled_content":false,"_jetpack_memberships_contains_paid_content":false,"footnotes":"","jetpack_publicize_message":"","jetpack_publicize_feature_enabled":true,"jetpack_social_post_already_shared":true,"jetpack_social_options":{"image_generator_settings":{"template":"highway","default_image_id":0,"font":"","enabled":false},"version":2}},"categories":[24],"tags":[],"class_list":["post-21062","post","type-post","status-publish","format-standard","hentry","category-betraktelser"],"jetpack_publicize_connections":[],"jetpack_featured_media_url":"","jetpack_sharing_enabled":true,"jetpack_likes_enabled":true,"jetpack-related-posts":[{"id":39247,"url":"https:\/\/www.akehedman.se\/wordpress\/?p=39247","url_meta":{"origin":21062,"position":0},"title":"Sommarmorgon","author":"\u00c5ke Hedman","date":"2021-06-28","format":false,"excerpt":"Photo by Julia Volk on Pexels.com Att stiga upp en sommarmorgon. F\u00f6rst. I huset. I v\u00e4rlden. Ja, det \u00e4r fantastiskt. Egentligen skall man v\u00e4l g\u00e5 ut. S\u00e4tta sig d\u00e4r. \u00c4ta frukost. I den d\u00e4r tr\u00e4dg\u00e5rden som \u00e4r ett uppeh\u00e5ll i tiden. Som kanske saknar en brygga och havet, men har\u2026","rel":"","context":"In &quot;Betraktelser &amp; Ber\u00e4ttelse&quot;","block_context":{"text":"Betraktelser &amp; Ber\u00e4ttelse","link":"https:\/\/www.akehedman.se\/wordpress\/?cat=24"},"img":{"alt_text":"sunset sky over rippling sea","src":"https:\/\/i0.wp.com\/www.akehedman.se\/wordpress\/wp-content\/uploads\/2021\/06\/pexels-photo-7292745.jpeg?resize=350%2C200&ssl=1","width":350,"height":200,"srcset":"https:\/\/i0.wp.com\/www.akehedman.se\/wordpress\/wp-content\/uploads\/2021\/06\/pexels-photo-7292745.jpeg?resize=350%2C200&ssl=1 1x, https:\/\/i0.wp.com\/www.akehedman.se\/wordpress\/wp-content\/uploads\/2021\/06\/pexels-photo-7292745.jpeg?resize=525%2C300&ssl=1 1.5x, https:\/\/i0.wp.com\/www.akehedman.se\/wordpress\/wp-content\/uploads\/2021\/06\/pexels-photo-7292745.jpeg?resize=700%2C400&ssl=1 2x"},"classes":[]},{"id":42121,"url":"https:\/\/www.akehedman.se\/wordpress\/?p=42121","url_meta":{"origin":21062,"position":1},"title":"Petitesser","author":"\u00c5ke Hedman","date":"2022-06-20","format":false,"excerpt":"En perfekt sommarmorgon vaknar jag till. Det enda som fattas \u00e4r koltrasts\u00e5ngen. Var \u00e4r Pavarotti i \u00e5r? Fl\u00f6g han fel. Hamnade i Finnsp\u00e5ng. Sn\u00e4lla ser ni honom s\u00e5 visa honom v\u00e4gen upp hit till v\u00e5r kulle f\u00f6r han saknas mig. Men en sommarmorgon \u00e4r magisk n\u00e4r den \u00e4r s\u00e5h\u00e4r. N\u00e4tet\u2026","rel":"","context":"In &quot;Betraktelser &amp; Ber\u00e4ttelse&quot;","block_context":{"text":"Betraktelser &amp; Ber\u00e4ttelse","link":"https:\/\/www.akehedman.se\/wordpress\/?cat=24"},"img":{"alt_text":"","src":"https:\/\/i0.wp.com\/www.akehedman.se\/wordpress\/wp-content\/uploads\/2022\/06\/IMG_20220618_172748-scaled.jpg?resize=350%2C200&ssl=1","width":350,"height":200,"srcset":"https:\/\/i0.wp.com\/www.akehedman.se\/wordpress\/wp-content\/uploads\/2022\/06\/IMG_20220618_172748-scaled.jpg?resize=350%2C200&ssl=1 1x, https:\/\/i0.wp.com\/www.akehedman.se\/wordpress\/wp-content\/uploads\/2022\/06\/IMG_20220618_172748-scaled.jpg?resize=525%2C300&ssl=1 1.5x, https:\/\/i0.wp.com\/www.akehedman.se\/wordpress\/wp-content\/uploads\/2022\/06\/IMG_20220618_172748-scaled.jpg?resize=700%2C400&ssl=1 2x, https:\/\/i0.wp.com\/www.akehedman.se\/wordpress\/wp-content\/uploads\/2022\/06\/IMG_20220618_172748-scaled.jpg?resize=1050%2C600&ssl=1 3x, https:\/\/i0.wp.com\/www.akehedman.se\/wordpress\/wp-content\/uploads\/2022\/06\/IMG_20220618_172748-scaled.jpg?resize=1400%2C800&ssl=1 4x"},"classes":[]},{"id":45933,"url":"https:\/\/www.akehedman.se\/wordpress\/?p=45933","url_meta":{"origin":21062,"position":2},"title":"Fredag igen","author":"\u00c5ke Hedman","date":"2023-09-08","format":false,"excerpt":"Fredag idag igen. Visst \u00e4r det bra det d\u00e4r med att tro att dagen f\u00f6re fredag ocks\u00e5 \u00e4r en fredag fast det \u00e4r torsdag. Bara f\u00f6r den skull s\u00e5 sover jag till halv \u00e5tta. Ja l\u00f6rdag t\u00e4nker man fast det \u00e4r fredag. Sovmorgon. Liksom. Men ner f\u00f6r trapporna kommer jag\u2026","rel":"","context":"In &quot;Betraktelser &amp; Ber\u00e4ttelse&quot;","block_context":{"text":"Betraktelser &amp; Ber\u00e4ttelse","link":"https:\/\/www.akehedman.se\/wordpress\/?cat=24"},"img":{"alt_text":"","src":"https:\/\/i0.wp.com\/www.akehedman.se\/wordpress\/wp-content\/uploads\/2023\/09\/ScanImage15373-1536x1029-1.jpg?resize=350%2C200&ssl=1","width":350,"height":200,"srcset":"https:\/\/i0.wp.com\/www.akehedman.se\/wordpress\/wp-content\/uploads\/2023\/09\/ScanImage15373-1536x1029-1.jpg?resize=350%2C200&ssl=1 1x, https:\/\/i0.wp.com\/www.akehedman.se\/wordpress\/wp-content\/uploads\/2023\/09\/ScanImage15373-1536x1029-1.jpg?resize=525%2C300&ssl=1 1.5x, https:\/\/i0.wp.com\/www.akehedman.se\/wordpress\/wp-content\/uploads\/2023\/09\/ScanImage15373-1536x1029-1.jpg?resize=700%2C400&ssl=1 2x, https:\/\/i0.wp.com\/www.akehedman.se\/wordpress\/wp-content\/uploads\/2023\/09\/ScanImage15373-1536x1029-1.jpg?resize=1050%2C600&ssl=1 3x, https:\/\/i0.wp.com\/www.akehedman.se\/wordpress\/wp-content\/uploads\/2023\/09\/ScanImage15373-1536x1029-1.jpg?resize=1400%2C800&ssl=1 4x"},"classes":[]},{"id":7811,"url":"https:\/\/www.akehedman.se\/wordpress\/?p=7811","url_meta":{"origin":21062,"position":3},"title":"Tisdag p\u00e5 kullen i skogen","author":"\u00c5ke Hedman","date":"2013-07-02","format":false,"excerpt":"Det \u00e4r koltrastens tid. Jag vaknar varje morgon till den. Ligger en stund och lyssnar. L\u00e5ter musiken vara av under dan bara f\u00f6r att f\u00e5 h\u00f6ra den och njuta. Det finns inte vackrare. Bara lika vackert. Himlen \u00e4r bl\u00e5 n\u00e4r jag stiger upp. Sommarmorgon. En l\u00e4tt ljummen bris ruffsar om\u2026","rel":"","context":"In &quot;Betraktelser &amp; Ber\u00e4ttelse&quot;","block_context":{"text":"Betraktelser &amp; Ber\u00e4ttelse","link":"https:\/\/www.akehedman.se\/wordpress\/?cat=24"},"img":{"alt_text":"IMG_20130702_082122","src":"https:\/\/i0.wp.com\/www.eurosource.se\/akhe\/wordpress\/wp-content\/uploads\/2013\/07\/IMG_20130702_082122-1024x768.jpg?resize=350%2C200","width":350,"height":200,"srcset":"https:\/\/i0.wp.com\/www.eurosource.se\/akhe\/wordpress\/wp-content\/uploads\/2013\/07\/IMG_20130702_082122-1024x768.jpg?resize=350%2C200 1x, https:\/\/i0.wp.com\/www.eurosource.se\/akhe\/wordpress\/wp-content\/uploads\/2013\/07\/IMG_20130702_082122-1024x768.jpg?resize=525%2C300 1.5x"},"classes":[]},{"id":47063,"url":"https:\/\/www.akehedman.se\/wordpress\/?p=47063","url_meta":{"origin":21062,"position":4},"title":"Torsdag","author":"\u00c5ke Hedman","date":"2024-02-01","format":false,"excerpt":"Photo by cottonbro studio on Pexels.com Helvete. Redan torsdag. Veckan \u00e4r snart slut. Ja f\u00f6r frun \u00e4r det redan slut. Hon jobbar inte p\u00e5 fredagar. Det \u00e4r sedan gammalt. En princip. Men jag, jo jag jobbar p\u00e5 fredagar. Men inte p\u00e5 fredagskv\u00e4llar. Det \u00e4r ocks\u00e5 sedan gammalt. N\u00e4r jag jobbade\u2026","rel":"","context":"In &quot;Swedish&quot;","block_context":{"text":"Swedish","link":"https:\/\/www.akehedman.se\/wordpress\/?cat=2"},"img":{"alt_text":"brown bread on black textile","src":"https:\/\/i0.wp.com\/www.akehedman.se\/wordpress\/wp-content\/uploads\/2024\/02\/pexels-photo-3945214.jpeg?resize=350%2C200&ssl=1","width":350,"height":200,"srcset":"https:\/\/i0.wp.com\/www.akehedman.se\/wordpress\/wp-content\/uploads\/2024\/02\/pexels-photo-3945214.jpeg?resize=350%2C200&ssl=1 1x, https:\/\/i0.wp.com\/www.akehedman.se\/wordpress\/wp-content\/uploads\/2024\/02\/pexels-photo-3945214.jpeg?resize=525%2C300&ssl=1 1.5x, https:\/\/i0.wp.com\/www.akehedman.se\/wordpress\/wp-content\/uploads\/2024\/02\/pexels-photo-3945214.jpeg?resize=700%2C400&ssl=1 2x, https:\/\/i0.wp.com\/www.akehedman.se\/wordpress\/wp-content\/uploads\/2024\/02\/pexels-photo-3945214.jpeg?resize=1050%2C600&ssl=1 3x, https:\/\/i0.wp.com\/www.akehedman.se\/wordpress\/wp-content\/uploads\/2024\/02\/pexels-photo-3945214.jpeg?resize=1400%2C800&ssl=1 4x"},"classes":[]},{"id":45383,"url":"https:\/\/www.akehedman.se\/wordpress\/?p=45383","url_meta":{"origin":21062,"position":5},"title":"Bypolitik och k\u00e4rlek","author":"\u00c5ke Hedman","date":"2023-06-22","format":false,"excerpt":"Photo by Kelly on Pexels.com En del lever livet p\u00e5 en pinne, sj\u00e4lv lever jag allts\u00e5 livet p\u00e5 en kulle. Ja stordelen av det ljuva livet d\u00e5. Dalg\u00e5ngarnas tjusning har v\u00e4l inte undg\u00e5tt mig heller, inte sl\u00e4tterna i Uppsala heller, ja kuperat S\u00f6rml\u00e4ndsk har det v\u00e4l ocks\u00e5 varit. Alla st\u00e4llen\u2026","rel":"","context":"In &quot;Swedish&quot;","block_context":{"text":"Swedish","link":"https:\/\/www.akehedman.se\/wordpress\/?cat=2"},"img":{"alt_text":"aerial photography of a boat on a waterway in the middle of forest","src":"https:\/\/i0.wp.com\/www.akehedman.se\/wordpress\/wp-content\/uploads\/2023\/06\/pexels-photo-2519390.jpeg?resize=350%2C200&ssl=1","width":350,"height":200,"srcset":"https:\/\/i0.wp.com\/www.akehedman.se\/wordpress\/wp-content\/uploads\/2023\/06\/pexels-photo-2519390.jpeg?resize=350%2C200&ssl=1 1x, https:\/\/i0.wp.com\/www.akehedman.se\/wordpress\/wp-content\/uploads\/2023\/06\/pexels-photo-2519390.jpeg?resize=525%2C300&ssl=1 1.5x, https:\/\/i0.wp.com\/www.akehedman.se\/wordpress\/wp-content\/uploads\/2023\/06\/pexels-photo-2519390.jpeg?resize=700%2C400&ssl=1 2x, https:\/\/i0.wp.com\/www.akehedman.se\/wordpress\/wp-content\/uploads\/2023\/06\/pexels-photo-2519390.jpeg?resize=1050%2C600&ssl=1 3x, https:\/\/i0.wp.com\/www.akehedman.se\/wordpress\/wp-content\/uploads\/2023\/06\/pexels-photo-2519390.jpeg?resize=1400%2C800&ssl=1 4x"},"classes":[]}],"jetpack_shortlink":"https:\/\/wp.me\/p68PL2-5tI","_links":{"self":[{"href":"https:\/\/www.akehedman.se\/wordpress\/index.php?rest_route=\/wp\/v2\/posts\/21062","targetHints":{"allow":["GET"]}}],"collection":[{"href":"https:\/\/www.akehedman.se\/wordpress\/index.php?rest_route=\/wp\/v2\/posts"}],"about":[{"href":"https:\/\/www.akehedman.se\/wordpress\/index.php?rest_route=\/wp\/v2\/types\/post"}],"author":[{"embeddable":true,"href":"https:\/\/www.akehedman.se\/wordpress\/index.php?rest_route=\/wp\/v2\/users\/24"}],"replies":[{"embeddable":true,"href":"https:\/\/www.akehedman.se\/wordpress\/index.php?rest_route=%2Fwp%2Fv2%2Fcomments&post=21062"}],"version-history":[{"count":1,"href":"https:\/\/www.akehedman.se\/wordpress\/index.php?rest_route=\/wp\/v2\/posts\/21062\/revisions"}],"predecessor-version":[{"id":21064,"href":"https:\/\/www.akehedman.se\/wordpress\/index.php?rest_route=\/wp\/v2\/posts\/21062\/revisions\/21064"}],"wp:attachment":[{"href":"https:\/\/www.akehedman.se\/wordpress\/index.php?rest_route=%2Fwp%2Fv2%2Fmedia&parent=21062"}],"wp:term":[{"taxonomy":"category","embeddable":true,"href":"https:\/\/www.akehedman.se\/wordpress\/index.php?rest_route=%2Fwp%2Fv2%2Fcategories&post=21062"},{"taxonomy":"post_tag","embeddable":true,"href":"https:\/\/www.akehedman.se\/wordpress\/index.php?rest_route=%2Fwp%2Fv2%2Ftags&post=21062"}],"curies":[{"name":"wp","href":"https:\/\/api.w.org\/{rel}","templated":true}]}}