{"id":20577,"date":"2016-05-30T19:34:15","date_gmt":"2016-05-30T18:34:15","guid":{"rendered":"http:\/\/www.akehedman.se\/wordpress\/?p=20577"},"modified":"2016-05-30T19:34:15","modified_gmt":"2016-05-30T18:34:15","slug":"peter-wolodarski-vad-sa-du-gar-sverige-bra-det-kan-inte-stamma-dn-se","status":"publish","type":"post","link":"https:\/\/www.akehedman.se\/wordpress\/?p=20577","title":{"rendered":"Peter Wolodarski: Vad sa du, g\u00e5r Sverige bra? Det kan inte st\u00e4mma &#8211; DN.SE"},"content":{"rendered":"<blockquote><p><a href=\"http:\/\/www.dn.se\/ledare\/signerat\/peter-wolodarski-vad-sa-du-gar-sverige-bra-det-kan-inte-stamma\/\"><img data-recalc-dims=\"1\" decoding=\"async\" class=\"alignnone size-full\" src=\"https:\/\/i0.wp.com\/www.akehedman.se\/wordpress\/wp-content\/uploads\/2016\/05\/bigOriginal.jpg?w=580\" alt=\"\" \/><\/a>Mitt i flyktingkrisen noterar den svenska ekonomin mycket goda tillv\u00e4xtsiffror. Det finns resurser f\u00f6r att hantera stora samh\u00e4llsutmaningar.<\/p><\/blockquote>\n<p>Source: <em><a href=\"http:\/\/www.dn.se\/ledare\/signerat\/peter-wolodarski-vad-sa-du-gar-sverige-bra-det-kan-inte-stamma\/\">Peter Wolodarski: Vad sa du, g\u00e5r Sverige bra? Det kan inte st\u00e4mma &#8211; DN.SE<\/a><\/em><\/p>\n","protected":false},"excerpt":{"rendered":"<p>Mitt i flyktingkrisen noterar den svenska ekonomin mycket goda tillv\u00e4xtsiffror. Det finns resurser f\u00f6r att hantera stora samh\u00e4llsutmaningar. Source: Peter Wolodarski: Vad sa du, g\u00e5r Sverige bra? Det kan inte st\u00e4mma &#8211; DN.SE<\/p>\n","protected":false},"author":24,"featured_media":0,"comment_status":"open","ping_status":"open","sticky":false,"template":"","format":"standard","meta":{"_crdt_document":"","jetpack_post_was_ever_published":false,"_jetpack_newsletter_access":"","_jetpack_dont_email_post_to_subs":false,"_jetpack_newsletter_tier_id":0,"_jetpack_memberships_contains_paywalled_content":false,"_jetpack_memberships_contains_paid_content":false,"footnotes":"","jetpack_publicize_message":"","jetpack_publicize_feature_enabled":true,"jetpack_social_post_already_shared":true,"jetpack_social_options":{"image_generator_settings":{"template":"highway","default_image_id":0,"font":"","enabled":false},"version":2}},"categories":[2],"tags":[],"class_list":["post-20577","post","type-post","status-publish","format-standard","hentry","category-swedish"],"jetpack_publicize_connections":[],"jetpack_featured_media_url":"","jetpack_sharing_enabled":true,"jetpack_likes_enabled":true,"jetpack-related-posts":[{"id":16994,"url":"https:\/\/www.akehedman.se\/wordpress\/?p=16994","url_meta":{"origin":20577,"position":0},"title":"&#8220;\u00c4r du bra p\u00e5 det d\u00e4r?&#8221;","author":"\u00c5ke Hedman","date":"2015-03-12","format":false,"excerpt":"Jod\u00e5 de blinkar fortfarande de d\u00e4r lysr\u00f6ren. Jag med dem. Epileptiskt. Bokf\u00f6ring idag allts\u00e5. Nu k\u00e4nns det som m\u00e4nsklighetens straff. Men\u00a0 n\u00e4r man \u00e4r klar \u00e4r det s\u00e5klart bara sk\u00f6nt. Jag har alltid varit sv\u00e5rstartad. Ja sv\u00e5rstannad ocks\u00e5. \u00c4nnu mer det. Inuti den d\u00e4r bokf\u00f6ringen s\u00e5 g\u00e5r det s\u00e5klart hur\u2026","rel":"","context":"In &quot;Betraktelser &amp; Ber\u00e4ttelse&quot;","block_context":{"text":"Betraktelser &amp; Ber\u00e4ttelse","link":"https:\/\/www.akehedman.se\/wordpress\/?cat=24"},"img":{"alt_text":"herr-dra-aat-helvete-voltaire_design","src":"https:\/\/i0.wp.com\/www.eurosource.se\/akhe\/wordpress\/wp-content\/uploads\/2015\/01\/herr-dra-aat-helvete-voltaire_design1.png?resize=350%2C200","width":350,"height":200},"classes":[]},{"id":18250,"url":"https:\/\/www.akehedman.se\/wordpress\/?p=18250","url_meta":{"origin":20577,"position":1},"title":"VSCP for dummies","author":"\u00c5ke Hedman","date":"2015-07-10","format":false,"excerpt":"Det ramlar in ordrar. Lossnar lite. Eller mycket. Bra s\u00e5klart. Men \u00e4n \u00e4r det en bit kvar till v\u00e4rldsherrav\u00e4lde. Som sig b\u00f6r. Men det d\u00e4r kommer. Det k\u00e4nns som om det h\u00e4r \u00e5ret kommer att ge tillbaks en del. Helst mycket. Det \u00e4r vi v\u00e4rda h\u00e4r i huset. Ja tamefan.\u2026","rel":"","context":"In &quot;Betraktelser &amp; Ber\u00e4ttelse&quot;","block_context":{"text":"Betraktelser &amp; Ber\u00e4ttelse","link":"https:\/\/www.akehedman.se\/wordpress\/?cat=24"},"img":{"alt_text":"accra_testing","src":"https:\/\/i0.wp.com\/www.akehedman.se\/wordpress\/wp-content\/uploads\/2015\/07\/accra_testing-1024x576.png?resize=350%2C200","width":350,"height":200,"srcset":"https:\/\/i0.wp.com\/www.akehedman.se\/wordpress\/wp-content\/uploads\/2015\/07\/accra_testing-1024x576.png?resize=350%2C200 1x, https:\/\/i0.wp.com\/www.akehedman.se\/wordpress\/wp-content\/uploads\/2015\/07\/accra_testing-1024x576.png?resize=525%2C300 1.5x"},"classes":[]},{"id":49159,"url":"https:\/\/www.akehedman.se\/wordpress\/?p=49159","url_meta":{"origin":20577,"position":2},"title":"Det g\u00e5r bra nu\/fortfarande","author":"\u00c5ke Hedman","date":"2025-02-19","format":false,"excerpt":"Alla kurvor pekar ned\u00e5t. Man borde v\u00e4l gr\u00e5ta. Men ler. Ja och d\u00e5 har man v\u00e4l \u00e4nd\u00e5 tagit sig n\u00e5gonstans. Kan man tycka. Sandkonst. Hur kan det k\u00e4nnas s\u00e5 njutningsfullt? Nu tror ju s\u00e5klart ingen p\u00e5 det d\u00e4r. Att man inte deppar. Jag vet inte vad det \u00e4r med m\u00e4nniskor\u2026","rel":"","context":"In &quot;Musik&quot;","block_context":{"text":"Musik","link":"https:\/\/www.akehedman.se\/wordpress\/?cat=9"},"img":{"alt_text":"","src":"https:\/\/i0.wp.com\/www.akehedman.se\/wordpress\/wp-content\/uploads\/2025\/02\/Screenshot-From-2025-02-19-17-56-27.png?resize=350%2C200&ssl=1","width":350,"height":200},"classes":[]},{"id":41987,"url":"https:\/\/www.akehedman.se\/wordpress\/?p=41987","url_meta":{"origin":20577,"position":3},"title":"N\u00e4stan perfekt","author":"\u00c5ke Hedman","date":"2022-05-30","format":false,"excerpt":"Jag l\u00e4ser om gubbarna i Kilafors som fixar till en gammal diselmotor. Sveriges f\u00f6rsta. Riktigt gamla grejer. Mycket arbete. Men gl\u00e4djen. Fan-anamma-det-h\u00e4r-skall-vi-fixa mentaliteteten. Precis motsatsen till gn\u00e4ll. Att skylla sin egen olycka p\u00e5 andra. F\u00e5 f\u00f6r sig att allt \u00e4r inte andras fel. Att man bara kan t\u00e4nka och g\u00f6ra\u2026","rel":"","context":"In &quot;Betraktelser &amp; Ber\u00e4ttelse&quot;","block_context":{"text":"Betraktelser &amp; Ber\u00e4ttelse","link":"https:\/\/www.akehedman.se\/wordpress\/?cat=24"},"img":{"alt_text":"","src":"","width":0,"height":0},"classes":[]},{"id":10168,"url":"https:\/\/www.akehedman.se\/wordpress\/?p=10168","url_meta":{"origin":20577,"position":4},"title":"I Edsbyn blev det en f*tta.","author":"\u00c5ke Hedman","date":"2013-09-27","format":false,"excerpt":"Sitter h\u00e4r och sippar p\u00e5 en fredagswhisky. Den jag f\u00f6rtj\u00e4nar. Eller kanske inte f\u00f6rresten. Det beror p\u00e5 vem som bed\u00f6mer. S\u00e5dana som jag f\u00f6rtj\u00e4nar saker postumt, eller kanske inte ens d\u00e5. Sippar p\u00e5 den lik f\u00f6rbannat. s\u00e5 det s\u00e5. Blir du avundsjuk s\u00e5 beh\u00f6ver du inte bli det f\u00f6r jag\u2026","rel":"","context":"In &quot;Betraktelser &amp; Ber\u00e4ttelse&quot;","block_context":{"text":"Betraktelser &amp; Ber\u00e4ttelse","link":"https:\/\/www.akehedman.se\/wordpress\/?cat=24"},"img":{"alt_text":"34477868192_68735882","src":"https:\/\/i0.wp.com\/www.akehedman.se\/wordpress\/wp-content\/uploads\/2013\/09\/34477868192_68735882.jpg?resize=350%2C200","width":350,"height":200},"classes":[]},{"id":22718,"url":"https:\/\/www.akehedman.se\/wordpress\/?p=22718","url_meta":{"origin":20577,"position":5},"title":"En helt vanlig m\u00e5ndag","author":"\u00c5ke Hedman","date":"2017-01-02","format":false,"excerpt":"M\u00e5ndag. Vanlig m\u00e5ndag. Hurra! Hurra! Hurra! Hur man nu kan s\u00e4ga s\u00e5 n\u00e4r man haft det s\u00e5 sk\u00f6nt ett tag som man bara kan ha det, Men utan vardag s\u00e5 finns inte det d\u00e4r sk\u00f6na. Motsatserna beh\u00f6vs och jag har aldrig klagat p\u00e5 vardagar. Inte ledighet heller f\u00f6rresten. P\u00e5 ny\u00e5rsaftonskv\u00e4llen\u2026","rel":"","context":"In &quot;Betraktelser &amp; Ber\u00e4ttelse&quot;","block_context":{"text":"Betraktelser &amp; Ber\u00e4ttelse","link":"https:\/\/www.akehedman.se\/wordpress\/?cat=24"},"img":{"alt_text":"","src":"https:\/\/i0.wp.com\/www.akehedman.se\/wordpress\/wp-content\/uploads\/2017\/01\/IMG_20141015_000617-1024x768.jpg?resize=350%2C200","width":350,"height":200,"srcset":"https:\/\/i0.wp.com\/www.akehedman.se\/wordpress\/wp-content\/uploads\/2017\/01\/IMG_20141015_000617-1024x768.jpg?resize=350%2C200 1x, https:\/\/i0.wp.com\/www.akehedman.se\/wordpress\/wp-content\/uploads\/2017\/01\/IMG_20141015_000617-1024x768.jpg?resize=525%2C300 1.5x"},"classes":[]}],"jetpack_shortlink":"https:\/\/wp.me\/p68PL2-5lT","_links":{"self":[{"href":"https:\/\/www.akehedman.se\/wordpress\/index.php?rest_route=\/wp\/v2\/posts\/20577","targetHints":{"allow":["GET"]}}],"collection":[{"href":"https:\/\/www.akehedman.se\/wordpress\/index.php?rest_route=\/wp\/v2\/posts"}],"about":[{"href":"https:\/\/www.akehedman.se\/wordpress\/index.php?rest_route=\/wp\/v2\/types\/post"}],"author":[{"embeddable":true,"href":"https:\/\/www.akehedman.se\/wordpress\/index.php?rest_route=\/wp\/v2\/users\/24"}],"replies":[{"embeddable":true,"href":"https:\/\/www.akehedman.se\/wordpress\/index.php?rest_route=%2Fwp%2Fv2%2Fcomments&post=20577"}],"version-history":[{"count":1,"href":"https:\/\/www.akehedman.se\/wordpress\/index.php?rest_route=\/wp\/v2\/posts\/20577\/revisions"}],"predecessor-version":[{"id":20579,"href":"https:\/\/www.akehedman.se\/wordpress\/index.php?rest_route=\/wp\/v2\/posts\/20577\/revisions\/20579"}],"wp:attachment":[{"href":"https:\/\/www.akehedman.se\/wordpress\/index.php?rest_route=%2Fwp%2Fv2%2Fmedia&parent=20577"}],"wp:term":[{"taxonomy":"category","embeddable":true,"href":"https:\/\/www.akehedman.se\/wordpress\/index.php?rest_route=%2Fwp%2Fv2%2Fcategories&post=20577"},{"taxonomy":"post_tag","embeddable":true,"href":"https:\/\/www.akehedman.se\/wordpress\/index.php?rest_route=%2Fwp%2Fv2%2Ftags&post=20577"}],"curies":[{"name":"wp","href":"https:\/\/api.w.org\/{rel}","templated":true}]}}