{"id":20554,"date":"2016-05-29T17:31:52","date_gmt":"2016-05-29T16:31:52","guid":{"rendered":"http:\/\/www.akehedman.se\/wordpress\/?p=20554"},"modified":"2021-02-14T17:54:22","modified_gmt":"2021-02-14T16:54:22","slug":"svalorna-har","status":"publish","type":"post","link":"https:\/\/www.akehedman.se\/wordpress\/?p=20554","title":{"rendered":"Svalorna h\u00e4r"},"content":{"rendered":"\n<figure class=\"wp-block-image size-large\"><img data-recalc-dims=\"1\" loading=\"lazy\" decoding=\"async\" width=\"580\" height=\"352\" src=\"https:\/\/i0.wp.com\/www.akehedman.se\/wordpress\/wp-content\/uploads\/2016\/05\/pexels-photo-4754795.jpeg?resize=580%2C352&#038;ssl=1\" alt=\"blue and white bird on persons hand\" class=\"wp-image-37887\" srcset=\"https:\/\/i0.wp.com\/www.akehedman.se\/wordpress\/wp-content\/uploads\/2016\/05\/pexels-photo-4754795.jpeg?w=1880&amp;ssl=1 1880w, https:\/\/i0.wp.com\/www.akehedman.se\/wordpress\/wp-content\/uploads\/2016\/05\/pexels-photo-4754795.jpeg?resize=300%2C182&amp;ssl=1 300w, https:\/\/i0.wp.com\/www.akehedman.se\/wordpress\/wp-content\/uploads\/2016\/05\/pexels-photo-4754795.jpeg?resize=1024%2C622&amp;ssl=1 1024w, https:\/\/i0.wp.com\/www.akehedman.se\/wordpress\/wp-content\/uploads\/2016\/05\/pexels-photo-4754795.jpeg?resize=768%2C467&amp;ssl=1 768w, https:\/\/i0.wp.com\/www.akehedman.se\/wordpress\/wp-content\/uploads\/2016\/05\/pexels-photo-4754795.jpeg?resize=1536%2C933&amp;ssl=1 1536w, https:\/\/i0.wp.com\/www.akehedman.se\/wordpress\/wp-content\/uploads\/2016\/05\/pexels-photo-4754795.jpeg?resize=1200%2C729&amp;ssl=1 1200w, https:\/\/i0.wp.com\/www.akehedman.se\/wordpress\/wp-content\/uploads\/2016\/05\/pexels-photo-4754795.jpeg?w=1740&amp;ssl=1 1740w\" sizes=\"auto, (max-width: 580px) 100vw, 580px\" \/><figcaption>Photo by Martin Banov on <a href=\"https:\/\/www.pexels.com\/photo\/blue-and-white-bird-on-persons-hand-4754795\/\" rel=\"nofollow\">Pexels.com<\/a><\/figcaption><\/figure>\n\n\n\n<p class=\"wp-block-paragraph\">S\u00e5 \u00e4r dom d\u00e5 h\u00e4r. Svalorna. Bara ordet, &#8220;svala&#8221;, UNDERBART! En hel sommar ryms i bara det ordet.<\/p>\n\n\n\n<p class=\"wp-block-paragraph\">De kom hit senare \u00e4n vanligt i \u00e5r. De brukar dyka upp en vecka tidigare. Men de f\u00f6ljer v\u00e4dret. Vet s\u00e5 v\u00e4l att nu blir det finv\u00e4der fram\u00f6ver. Tillr\u00e4ckligt fint f\u00f6r att f\u00f6da upp en ny kull. Eller tv\u00e5. S\u00e5 h\u00e4r \u00e4r de.<\/p>\n\n\n\n<p class=\"wp-block-paragraph\">De sitter d\u00e4r p\u00e5 taknocken. P\u00e5 rad. Fyra stycken. Tills en ger sig av och svirrande utf\u00f6r sin luftakrobatik ovanf\u00f6r mitt huvud. H\u00e4lsar som svalor g\u00f6r. Djupa dykningar och hisnande stigningar. Luftens m\u00e4stare. Man h\u00e4nf\u00f6rs. Det v\u00e4rmer i br\u00f6stet. Jag k\u00e4nner tacksamhet. N\u00e5gon p\u00e5 den Afrikanska kontinenten k\u00e4nde kanske samma tacksamhet p\u00e5 en annan plats l\u00e5ngt s\u00f6derut i september eller oktober f\u00f6rra \u00e5ret. De h\u00e4r f\u00e5glarna binder oss samman. G\u00f6r oss till ett. Inte betyder gr\u00e4nser ett endaste&nbsp; dugg i det. Det h\u00e4r \u00e4r st\u00f6rre \u00e4n gr\u00e4nser. Mer ur\u00e5ldrigt.<\/p>\n\n\n\n<p class=\"wp-block-paragraph\">Men min dag \u00e4r gjord. Att f\u00e5 ynnesten att f\u00e5 h\u00e4lsa Afrikafararna v\u00e4lkomna \u00e4nnu ett \u00e5r \u00e4r en seger f\u00f6r en gammal ocool gubbe. K borde f\u00e5tt det d\u00e4r v\u00e4lkomnandet som presenten. Det \u00e4r \u00e4nd\u00e5 mors dag. Men nu, or\u00e4ttvist,&nbsp; blir det jag. Nej, jag t\u00e4nker inte sk\u00e4mmas f\u00f6r det. Vi delar. Sen. Till kaffet.<\/p>\n\n\n\n<p class=\"wp-block-paragraph\">R. laddar en kasse br\u00f6d och godis i brevl\u00e5dan. En utan-l\u00f6n-familj f\u00e5r en lyxig frukost tack vare en v\u00e4n. Det \u00e4r n\u00e5got nytt f\u00f6r mig det d\u00e4r med hj\u00e4lpande h\u00e4nder runt omkring mig. Ett under det ocks\u00e5. Tacksamhet s\u00e5klart.<\/p>\n\n\n\n<p class=\"wp-block-paragraph\">Jag tar hand om lite ved. Enkelt om man har grejer. Elmotors\u00e5g fr\u00e5n Jula f\u00f6r +300 sp\u00e4nn g\u00f6r det till en reparationslek ist\u00e4llet. &#8220;Vem kan reparera verktygen st\u00f6rts procentuell tid utan att bli f\u00f6rbannad och kasta bort skiten?&#8221;-leken. Men jag tar mig igenom. Det tar fyra ggr s\u00e5 l\u00e5ng tid som det borde. Det \u00e4r s\u00e5 om man bara k\u00f6per skit. Ja och lite f\u00f6rbannad blir jag. Men inte tillr\u00e4ckligt f\u00f6r att stoppa grejerna i soptunnan. N\u00e4sta g\u00e5ng kanske.<\/p>\n\n\n\n<p class=\"wp-block-paragraph\">Det blir en helg med mycket vila. Soffan och en bok st\u00f6rre delen av l\u00f6rdagen. Har inte s\u00e5 br\u00e5ttom ut idag heller. Ibland beh\u00f6vs det d\u00e4r. Sl\u00f6liv. Goliv. Allt utan det minsta uns av d\u00e5ligt samvete. Bara f\u00f6r att man skall orka ta sig igenom den kommande veckan. Som en skruvdragare. Skall den kunna jobba m\u00e5ste den sitta i laddaren ett tag f\u00f6rst.&nbsp; G\u00e4ller elektronikgubbar och programmerare ocks\u00e5.<\/p>\n\n\n\n<p class=\"wp-block-paragraph\">\u00c5terv\u00e4nder till fejjan. Hade t\u00e4nkt v\u00e4nta med det men p\u00e5 n\u00e5got konstigt s\u00e4tt aktiveras mitt konto. Helt utan min vetskap. Man kan lika g\u00e4rna krypa till korset. Det finns v\u00e4nner d\u00e4r. De flesta fr\u00e5n f\u00f6rr. Det \u00e4r ju roligt. En del fr\u00e5n nutid ocks\u00e5. Lika kul. Men ocks\u00e5 snuttefieringen. Jag och hela mitt liv passar inte in i den d\u00e4r snuttefierade v\u00e4rlden. Jag beh\u00f6ver stycken n\u00e4r andra n\u00f6jer sig med meningar. Min hj\u00e4rna fr\u00e5ga n\u00e4mligen alltid &#8220;varf\u00f6rd\u00e5?&#8221;. 1+1=2. Ja sen kommer det d\u00e4r &#8220;Varf\u00f6rd\u00e5?&#8221;. Det finns s\u00e4kert&nbsp; n\u00e5gon bokstavskombination att etikettera det d\u00e4r med. S\u00e5klart.<\/p>\n\n\n\n<p class=\"wp-block-paragraph\">S\u00e5 du blir det kattungar och roliga filmsnuttar &#8220;en mass&#8221; igen. Det \u00e4r som det \u00e4r. Man k\u00e4nner sig ocks\u00e5 som varande del i ett socialt sammanhang. Lite i alla fall. Det \u00e4r bra. Det beh\u00f6ver en s\u00e5dan som jag som oftast k\u00e4nner mig bortkopplad.<\/p>\n\n\n\n<p class=\"wp-block-paragraph\">Ser Attenborough, Barri\u00e4rrevet.&nbsp; Det \u00e4r m\u00e4ktigt. Varf\u00f6r l\u00e4rde jag mig inte att dyka, Vattnet \u00e4r och har alltid varit mitt element. F\u00f6dd skorpion. S\u00e5 det borde v\u00e4l inte vara s\u00e5. Men saker \u00e4r s\u00e4llan som de borde. Men det finns v\u00e4l inget som hindrar att man l\u00e4r sig dyka nu. Inte annat i alla fall \u00e4n att man inte unnar andra att f\u00e5 besk\u00e5da den nuvarande kroppen i grodmansdr\u00e4kt. Jag menar hur roligt skall man till\u00e5ta andra att f\u00e5 ha det?<\/p>\n\n\n\n<p class=\"wp-block-paragraph\">Men den d\u00e4r v\u00e4rlden k\u00e4nns som min. Det g\u00e5r liksom inte undvika att bli solit\u00e4r d\u00e4r. Hursomhelst. Det ber\u00e4ttas om sk\u00f6ldpaddor som f\u00e4rdas 600 mil f\u00f6r att l\u00e4gga sin \u00e4gg p\u00e5 en alldeles speciell \u00f6.&nbsp; Va liksom!? Precis som v\u00e5ra \u00e5lar som f\u00e4rdas hela v\u00e4gen till Sargassohavet f\u00f6r att leka. WOW!&nbsp; Fr\u00e5n en Svensk inlandsb\u00e4ck!?&nbsp; Man gapar. Ja och s\u00e5 de h\u00e4r sk\u00f6ldpaddorna. Sen kl\u00e4cks de i tusentals en natt. En kamp att ta sig till havet, en kamp att \u00f6verleva d\u00e4r ocks\u00e5, bortf\u00f6rd till djupt vatten av starka str\u00f6mmar. Men liv \u00e4r inte v\u00e4rdefullt. Det finns s\u00e5 m\u00e5nga liv. T\u00e4nk p\u00e5 all plankton i havet. Liv. Individer. De d\u00f6r i miljarder varje timme. Blir mat. Liv sl\u00e4cks. \u00c4nd\u00e5 inbillar man sig att ens eget liv och de liv som ens n\u00e4rmaste har \u00e4r s\u00e5 v\u00e4rdefulla. Men vi \u00e4r s\u00e5klart bara plankton vi m\u00e4nniskor ocks\u00e5. Individer. Men vi finns och vi d\u00f6r och det viktigaste av allt \u00e4r helheten. Att sj\u00e4lva livet fortlever. Individerna har ingen egentlig betydelse i allt det d\u00e4r. S\u00e5 tycks v\u00e4rlden vara ordnad. I alla fall sedd med en ocool gubbes \u00f6gon.<\/p>\n\n\n\n<p class=\"wp-block-paragraph\">S\u00f6ndagskv\u00e4ll inneb\u00e4r att jobbveckan b\u00f6rjar h\u00e4r. Det f\u00f6rsta skiftet. Det jag kallar arbete, det andra kallar &#8220;sitta hemma&#8221;.&nbsp; Man t\u00e4nker olika. R\u00e4tt och or\u00e4tt beroende p\u00e5 sitt perspektiv och viljan att v\u00e4lvilligt betrakta en annan m\u00e4nniska eller illvilligt betrakta densamme. Det blir v\u00e4l n\u00e5gon slags j\u00e4mvikt av det d\u00e4r ocks\u00e5 till slut kan man t\u00e4nka. Och i universell mening spelar det ingen som helst roll alls. Inte idag, inte imorgon.<\/p>\n\n\n\n<p class=\"wp-block-paragraph\">Man f\u00e5r &#8220;jobba&#8221; p\u00e5.<\/p>\n","protected":false},"excerpt":{"rendered":"<p>S\u00e5 \u00e4r dom d\u00e5 h\u00e4r. Svalorna. Bara ordet, &#8220;svala&#8221;, UNDERBART! En hel sommar ryms i bara det ordet. De kom hit senare \u00e4n vanligt i \u00e5r. De brukar dyka upp en vecka tidigare. Men de f\u00f6ljer v\u00e4dret. Vet s\u00e5 v\u00e4l att nu blir det finv\u00e4der fram\u00f6ver. Tillr\u00e4ckligt fint f\u00f6r att f\u00f6da upp en ny kull. [&hellip;]<\/p>\n","protected":false},"author":24,"featured_media":0,"comment_status":"open","ping_status":"open","sticky":false,"template":"","format":"standard","meta":{"_crdt_document":"","jetpack_post_was_ever_published":false,"_jetpack_newsletter_access":"","_jetpack_dont_email_post_to_subs":false,"_jetpack_newsletter_tier_id":0,"_jetpack_memberships_contains_paywalled_content":false,"_jetpack_memberships_contains_paid_content":false,"footnotes":"","jetpack_publicize_message":"","jetpack_publicize_feature_enabled":true,"jetpack_social_post_already_shared":true,"jetpack_social_options":{"image_generator_settings":{"template":"highway","default_image_id":0,"font":"","enabled":false},"version":2}},"categories":[24],"tags":[],"class_list":["post-20554","post","type-post","status-publish","format-standard","hentry","category-betraktelser"],"jetpack_publicize_connections":[],"jetpack_featured_media_url":"","jetpack_sharing_enabled":true,"jetpack_likes_enabled":true,"jetpack-related-posts":[{"id":17906,"url":"https:\/\/www.akehedman.se\/wordpress\/?p=17906","url_meta":{"origin":20554,"position":0},"title":"Dan efter sjuttonde maj","author":"\u00c5ke Hedman","date":"2015-05-18","format":false,"excerpt":"Solen g\u00e5r upp 3:57 h\u00e4r idag. \u00c4nnu en timme inh\u00e4mtad f\u00f6r ljuset. Tjugosjunde april var den f\u00f6rra. F\u00f6rsta Januari gick solen upp 9:17. Ja s\u00e5 har vi sommartid ocks\u00e5. Vi pratar allts\u00e5 fr\u00e5n 9:17 till 2:57. Man kan f\u00f6rundras \u00f6ver det eller skiter i det. Man v\u00e4ljer sj\u00e4lv. Det h\u00e4nder\u2026","rel":"","context":"In &quot;Betraktelser &amp; Ber\u00e4ttelse&quot;","block_context":{"text":"Betraktelser &amp; Ber\u00e4ttelse","link":"https:\/\/www.akehedman.se\/wordpress\/?cat=24"},"img":{"alt_text":"dekrut07a","src":"https:\/\/i0.wp.com\/www.akehedman.se\/wordpress\/wp-content\/uploads\/2015\/05\/dekrut07a-1024x1024.jpg?resize=350%2C200","width":350,"height":200,"srcset":"https:\/\/i0.wp.com\/www.akehedman.se\/wordpress\/wp-content\/uploads\/2015\/05\/dekrut07a-1024x1024.jpg?resize=350%2C200 1x, https:\/\/i0.wp.com\/www.akehedman.se\/wordpress\/wp-content\/uploads\/2015\/05\/dekrut07a-1024x1024.jpg?resize=525%2C300 1.5x"},"classes":[]},{"id":18458,"url":"https:\/\/www.akehedman.se\/wordpress\/?p=18458","url_meta":{"origin":20554,"position":1},"title":"Lunchrast","author":"\u00c5ke Hedman","date":"2015-08-19","format":false,"excerpt":"Lunch. Kylsk\u00e5pskall Bolln\u00e4sfil och en macka utplockade p\u00e5 bara f\u00f6tter ut i tr\u00e4dg\u00e5rden. Sol. Ja det blev sommar till slut. Man suger i sig. Man vet att man beh\u00f6ver det. Tv\u00e5 riktigt stora svarta trollsl\u00e4ndor jagar \u00f6ver g\u00e5rden. Som reaplan. Som helikoptrar. Allt p\u00e5 en och samma g\u00e5ng. Inte ens\u2026","rel":"","context":"In &quot;Betraktelser &amp; Ber\u00e4ttelse&quot;","block_context":{"text":"Betraktelser &amp; Ber\u00e4ttelse","link":"https:\/\/www.akehedman.se\/wordpress\/?cat=24"},"img":{"alt_text":"augusti","src":"https:\/\/i0.wp.com\/www.akehedman.se\/wordpress\/wp-content\/uploads\/2015\/08\/augusti.jpg?resize=350%2C200","width":350,"height":200,"srcset":"https:\/\/i0.wp.com\/www.akehedman.se\/wordpress\/wp-content\/uploads\/2015\/08\/augusti.jpg?resize=350%2C200 1x, https:\/\/i0.wp.com\/www.akehedman.se\/wordpress\/wp-content\/uploads\/2015\/08\/augusti.jpg?resize=525%2C300 1.5x, https:\/\/i0.wp.com\/www.akehedman.se\/wordpress\/wp-content\/uploads\/2015\/08\/augusti.jpg?resize=700%2C400 2x"},"classes":[]},{"id":24408,"url":"https:\/\/www.akehedman.se\/wordpress\/?p=24408","url_meta":{"origin":20554,"position":2},"title":"Att ge sig","author":"\u00c5ke Hedman","date":"2017-05-18","format":false,"excerpt":"Klockan \u00e4r kvart \u00f6ver elva och det b\u00f6rjar bli dags att ge sig. Egentligen inte tr\u00f6tt. Men har en bra bok att l\u00e4sa d\u00e4r uppe. Enkelt att ge sig lite tidigare d\u00e5 fr\u00e5n l\u00e5tsasarbetet. Sen dokumenterar jag. Lagom roligt. Kan ocks\u00e5 g\u00f6r att man l\u00e4ngtar bort. Eller till s\u00e4ngen. Ist\u00e4llet.\u2026","rel":"","context":"In &quot;Betraktelser &amp; Ber\u00e4ttelse&quot;","block_context":{"text":"Betraktelser &amp; Ber\u00e4ttelse","link":"https:\/\/www.akehedman.se\/wordpress\/?cat=24"},"img":{"alt_text":"","src":"https:\/\/i0.wp.com\/www.akehedman.se\/wordpress\/wp-content\/uploads\/2017\/03\/20170330_100832-1024x576.jpg?resize=350%2C200","width":350,"height":200,"srcset":"https:\/\/i0.wp.com\/www.akehedman.se\/wordpress\/wp-content\/uploads\/2017\/03\/20170330_100832-1024x576.jpg?resize=350%2C200 1x, https:\/\/i0.wp.com\/www.akehedman.se\/wordpress\/wp-content\/uploads\/2017\/03\/20170330_100832-1024x576.jpg?resize=525%2C300 1.5x"},"classes":[]},{"id":2592,"url":"https:\/\/www.akehedman.se\/wordpress\/?p=2592","url_meta":{"origin":20554,"position":3},"title":"Bada","author":"\u00c5ke Hedman","date":"2013-01-08","format":false,"excerpt":"En liten b\u00e4ck som porlande tar sig fram genom skogen. Bj\u00f6rkar. Ljusgr\u00f6na blad. S\u00e5dana som dom \u00e4r i b\u00f6rjan av sommaren. Vi vet att vattnet g\u00e5r att dricka. K\u00e4llan ligger bara n\u00e5gra kilometer upp mot bergen. S\u00e5 jag kupar min hand och fyller den med kallt, klart vatten och dricker.\u2026","rel":"","context":"In &quot;Betraktelser &amp; Ber\u00e4ttelse&quot;","block_context":{"text":"Betraktelser &amp; Ber\u00e4ttelse","link":"https:\/\/www.akehedman.se\/wordpress\/?cat=24"},"img":{"alt_text":"bada","src":"https:\/\/i0.wp.com\/www.eurosource.se\/akhe\/wordpress\/wp-content\/uploads\/2013\/01\/bada.jpg?resize=350%2C200","width":350,"height":200},"classes":[]},{"id":13246,"url":"https:\/\/www.akehedman.se\/wordpress\/?p=13246","url_meta":{"origin":20554,"position":4},"title":"&#8220;Det \u00e4r bara lite kvar&#8221;","author":"\u00c5ke Hedman","date":"2014-05-27","format":false,"excerpt":"Att g\u00f6ra det d\u00e4r sista i ett projekt \u00e4r alltid psykiskt p\u00e5frestande, det spelar ingen roll om det \u00e4r ett inb\u00e4ddat system som det jag h\u00e5ller p\u00e5 med just nu, eller om det \u00e4r en ny skiva, en ny textmassa eller n\u00e5got annat. Man jobbar f\u00f6r att n\u00e5 den d\u00e4r\u2026","rel":"","context":"In &quot;Betraktelser &amp; Ber\u00e4ttelse&quot;","block_context":{"text":"Betraktelser &amp; Ber\u00e4ttelse","link":"https:\/\/www.akehedman.se\/wordpress\/?cat=24"},"img":{"alt_text":"2014-05-27_21-46-40","src":"https:\/\/i0.wp.com\/www.eurosource.se\/akhe\/wordpress\/wp-content\/uploads\/2014\/05\/2014-05-27_21-46-40-1024x496.png?resize=350%2C200","width":350,"height":200,"srcset":"https:\/\/i0.wp.com\/www.eurosource.se\/akhe\/wordpress\/wp-content\/uploads\/2014\/05\/2014-05-27_21-46-40-1024x496.png?resize=350%2C200 1x, https:\/\/i0.wp.com\/www.eurosource.se\/akhe\/wordpress\/wp-content\/uploads\/2014\/05\/2014-05-27_21-46-40-1024x496.png?resize=525%2C300 1.5x"},"classes":[]},{"id":49326,"url":"https:\/\/www.akehedman.se\/wordpress\/?p=49326","url_meta":{"origin":20554,"position":5},"title":"Tidshjulets fredag","author":"\u00c5ke Hedman","date":"2025-03-24","format":false,"excerpt":"Photo by Sebastian Palomino on Pexels.com Ser filmen om Gyllene Tider (Sommartider) i helgen. Gillar den. Filmen \u00e4r inte s\u00e5d\u00e4r j\u00e4vla struntviktig som den h\u00e4r typen av filmer brukar vara utan har en hel del humor och h\u00e4rliga tidstypiska avsnitt som g\u00f6r den klart sev\u00e4rd. Annars har det mest varit\u2026","rel":"","context":"In &quot;Betraktelser &amp; Ber\u00e4ttelse&quot;","block_context":{"text":"Betraktelser &amp; Ber\u00e4ttelse","link":"https:\/\/www.akehedman.se\/wordpress\/?cat=24"},"img":{"alt_text":"empty highway overlooking mountain under dark skies","src":"https:\/\/i0.wp.com\/www.akehedman.se\/wordpress\/wp-content\/uploads\/2025\/03\/pexels-photo-1955134.jpeg?resize=350%2C200&ssl=1","width":350,"height":200,"srcset":"https:\/\/i0.wp.com\/www.akehedman.se\/wordpress\/wp-content\/uploads\/2025\/03\/pexels-photo-1955134.jpeg?resize=350%2C200&ssl=1 1x, https:\/\/i0.wp.com\/www.akehedman.se\/wordpress\/wp-content\/uploads\/2025\/03\/pexels-photo-1955134.jpeg?resize=525%2C300&ssl=1 1.5x, https:\/\/i0.wp.com\/www.akehedman.se\/wordpress\/wp-content\/uploads\/2025\/03\/pexels-photo-1955134.jpeg?resize=700%2C400&ssl=1 2x"},"classes":[]}],"jetpack_shortlink":"https:\/\/wp.me\/p68PL2-5lw","_links":{"self":[{"href":"https:\/\/www.akehedman.se\/wordpress\/index.php?rest_route=\/wp\/v2\/posts\/20554","targetHints":{"allow":["GET"]}}],"collection":[{"href":"https:\/\/www.akehedman.se\/wordpress\/index.php?rest_route=\/wp\/v2\/posts"}],"about":[{"href":"https:\/\/www.akehedman.se\/wordpress\/index.php?rest_route=\/wp\/v2\/types\/post"}],"author":[{"embeddable":true,"href":"https:\/\/www.akehedman.se\/wordpress\/index.php?rest_route=\/wp\/v2\/users\/24"}],"replies":[{"embeddable":true,"href":"https:\/\/www.akehedman.se\/wordpress\/index.php?rest_route=%2Fwp%2Fv2%2Fcomments&post=20554"}],"version-history":[{"count":3,"href":"https:\/\/www.akehedman.se\/wordpress\/index.php?rest_route=\/wp\/v2\/posts\/20554\/revisions"}],"predecessor-version":[{"id":37888,"href":"https:\/\/www.akehedman.se\/wordpress\/index.php?rest_route=\/wp\/v2\/posts\/20554\/revisions\/37888"}],"wp:attachment":[{"href":"https:\/\/www.akehedman.se\/wordpress\/index.php?rest_route=%2Fwp%2Fv2%2Fmedia&parent=20554"}],"wp:term":[{"taxonomy":"category","embeddable":true,"href":"https:\/\/www.akehedman.se\/wordpress\/index.php?rest_route=%2Fwp%2Fv2%2Fcategories&post=20554"},{"taxonomy":"post_tag","embeddable":true,"href":"https:\/\/www.akehedman.se\/wordpress\/index.php?rest_route=%2Fwp%2Fv2%2Ftags&post=20554"}],"curies":[{"name":"wp","href":"https:\/\/api.w.org\/{rel}","templated":true}]}}