{"id":20543,"date":"2016-05-27T13:24:46","date_gmt":"2016-05-27T12:24:46","guid":{"rendered":"http:\/\/www.akehedman.se\/wordpress\/?p=20543"},"modified":"2016-05-27T13:24:46","modified_gmt":"2016-05-27T12:24:46","slug":"expertens-rad-atta-livsmedel-du-inte-bor-forvara-i-ditt-kylskap-metro","status":"publish","type":"post","link":"https:\/\/www.akehedman.se\/wordpress\/?p=20543","title":{"rendered":"Expertens r\u00e5d: \u00c5tta livsmedel du inte b\u00f6r f\u00f6rvara i ditt kylsk\u00e5p \u2013 Metro"},"content":{"rendered":"<blockquote><p><a href=\"http:\/\/www.metro.se\/nyheter\/expertens-rad-atta-livsmedel-du-inte-bor-forvara-i-ditt-kylskap\/EVHpez!aX91Agt0FCegU\/\"><img data-recalc-dims=\"1\" decoding=\"async\" class=\"alignnone size-full\" src=\"https:\/\/i0.wp.com\/www.akehedman.se\/wordpress\/wp-content\/uploads\/2016\/05\/kylskapet.jpeg?w=580\" alt=\"\" \/><\/a>Mycket mat hamnar i kylsk\u00e5pet av ren gammal vana, men det finns faktiskt en hel del frukt och gr\u00f6nt som inte m\u00e5r speciellt bra av kylan.<\/p><\/blockquote>\n<p>Source: <em><a href=\"http:\/\/www.metro.se\/nyheter\/expertens-rad-atta-livsmedel-du-inte-bor-forvara-i-ditt-kylskap\/EVHpez!aX91Agt0FCegU\/\">Expertens r\u00e5d: \u00c5tta livsmedel du inte b\u00f6r f\u00f6rvara i ditt kylsk\u00e5p \u2013 Metro<\/a><\/em><\/p>\n","protected":false},"excerpt":{"rendered":"<p>Mycket mat hamnar i kylsk\u00e5pet av ren gammal vana, men det finns faktiskt en hel del frukt och gr\u00f6nt som inte m\u00e5r speciellt bra av kylan. Source: Expertens r\u00e5d: \u00c5tta livsmedel du inte b\u00f6r f\u00f6rvara i ditt kylsk\u00e5p \u2013 Metro<\/p>\n","protected":false},"author":24,"featured_media":0,"comment_status":"open","ping_status":"open","sticky":false,"template":"","format":"standard","meta":{"_crdt_document":"","jetpack_post_was_ever_published":false,"_jetpack_newsletter_access":"","_jetpack_dont_email_post_to_subs":false,"_jetpack_newsletter_tier_id":0,"_jetpack_memberships_contains_paywalled_content":false,"_jetpack_memberships_contains_paid_content":false,"footnotes":"","jetpack_publicize_message":"","jetpack_publicize_feature_enabled":true,"jetpack_social_post_already_shared":true,"jetpack_social_options":{"image_generator_settings":{"template":"highway","default_image_id":0,"font":"","enabled":false},"version":2}},"categories":[2],"tags":[],"class_list":["post-20543","post","type-post","status-publish","format-standard","hentry","category-swedish"],"jetpack_publicize_connections":[],"jetpack_featured_media_url":"","jetpack_sharing_enabled":true,"jetpack_likes_enabled":true,"jetpack-related-posts":[{"id":18250,"url":"https:\/\/www.akehedman.se\/wordpress\/?p=18250","url_meta":{"origin":20543,"position":0},"title":"VSCP for dummies","author":"\u00c5ke Hedman","date":"2015-07-10","format":false,"excerpt":"Det ramlar in ordrar. Lossnar lite. Eller mycket. Bra s\u00e5klart. Men \u00e4n \u00e4r det en bit kvar till v\u00e4rldsherrav\u00e4lde. Som sig b\u00f6r. Men det d\u00e4r kommer. Det k\u00e4nns som om det h\u00e4r \u00e5ret kommer att ge tillbaks en del. Helst mycket. Det \u00e4r vi v\u00e4rda h\u00e4r i huset. Ja tamefan.\u2026","rel":"","context":"In &quot;Betraktelser &amp; Ber\u00e4ttelse&quot;","block_context":{"text":"Betraktelser &amp; Ber\u00e4ttelse","link":"https:\/\/www.akehedman.se\/wordpress\/?cat=24"},"img":{"alt_text":"accra_testing","src":"https:\/\/i0.wp.com\/www.akehedman.se\/wordpress\/wp-content\/uploads\/2015\/07\/accra_testing-1024x576.png?resize=350%2C200","width":350,"height":200,"srcset":"https:\/\/i0.wp.com\/www.akehedman.se\/wordpress\/wp-content\/uploads\/2015\/07\/accra_testing-1024x576.png?resize=350%2C200 1x, https:\/\/i0.wp.com\/www.akehedman.se\/wordpress\/wp-content\/uploads\/2015\/07\/accra_testing-1024x576.png?resize=525%2C300 1.5x"},"classes":[]},{"id":38759,"url":"https:\/\/www.akehedman.se\/wordpress\/?p=38759","url_meta":{"origin":20543,"position":1},"title":"Senast l\u00e4sta bok","author":"\u00c5ke Hedman","date":"2021-05-09","format":false,"excerpt":"Slutet p\u00e5 historien av Jan Guillou Det finns b\u00f6cker man skall och b\u00f6r skippa. Det h\u00e4r \u00e4r en s\u00e5dan. Liksom seriens tv\u00e5 f\u00f6reg\u00e5ngare. N\u00e5ja - \u00e5tminstone som den ena av f\u00f6reg\u00e5ngarna. Men snobberi och h\u00f6gtravande polemik g\u00e5r inte hem hos mig. Det blir s\u00e5 f\u00f6rbannat otrevligt och f\u00e5nigt, l\u00f6jligt malligt.\u2026","rel":"","context":"In &quot;B\u00f6cker&quot;","block_context":{"text":"B\u00f6cker","link":"https:\/\/www.akehedman.se\/wordpress\/?cat=13"},"img":{"alt_text":"","src":"https:\/\/i0.wp.com\/www.akehedman.se\/wordpress\/wp-content\/uploads\/2021\/05\/9789164207258_200x_slutet-pa-historien_storpocket-1.jpeg?resize=350%2C200&ssl=1","width":350,"height":200},"classes":[]},{"id":41395,"url":"https:\/\/www.akehedman.se\/wordpress\/?p=41395","url_meta":{"origin":20543,"position":2},"title":"Hur ska batterier f\u00f6rvaras innan de l\u00e4mnas till \u00e5tervinning? &#8211; Ljusdal Energi","author":"\u00c5ke Hedman","date":"2022-02-28","format":false,"excerpt":"Gamla batterier ska \u00e5tervinnas precis som till exempel plast, papp eller glas. F\u00f6rvara dem p\u00e5 r\u00e4tt s\u00e4tt hemma, och undvik p\u00e5 s\u00e5 vis att de fattar eld. Source: Hur ska batterier f\u00f6rvaras innan de l\u00e4mnas till \u00e5tervinning? - Ljusdal Energi Bra r\u00e5d. De flesta av oss har v\u00e4l en l\u00e5da\u2026","rel":"","context":"In &quot;Swedish&quot;","block_context":{"text":"Swedish","link":"https:\/\/www.akehedman.se\/wordpress\/?cat=2"},"img":{"alt_text":"","src":"","width":0,"height":0},"classes":[]},{"id":22252,"url":"https:\/\/www.akehedman.se\/wordpress\/?p=22252","url_meta":{"origin":20543,"position":3},"title":"Den ljusnande framtid \u00e4r (s)v\u00e5r","author":"\u00c5ke Hedman","date":"2016-11-24","format":false,"excerpt":"VARNING!!! Tekniskt inneh\u00e5ll och prat om eget system utan \u00e5terh\u00e5llsamhet. Vi i Villa lovar en genomg\u00e5ng av smarta hem. Lockande s\u00e5h\u00e4r 2016 i IoT tider. Men n\u00e4r jag l\u00e4ser det d\u00e4r, allt om smarta hem som finns att l\u00e4sa i \u00f6vrigt ocks\u00e5\u00a0 faktiskt, s\u00e5 sl\u00e5r det mig att inget har\u2026","rel":"","context":"In &quot;Betraktelser &amp; Ber\u00e4ttelse&quot;","block_context":{"text":"Betraktelser &amp; Ber\u00e4ttelse","link":"https:\/\/www.akehedman.se\/wordpress\/?cat=24"},"img":{"alt_text":"vscp_logo","src":"https:\/\/i0.wp.com\/www.akehedman.se\/wordpress\/wp-content\/uploads\/2014\/08\/vscp_logo.jpg?resize=350%2C200","width":350,"height":200},"classes":[]},{"id":45206,"url":"https:\/\/www.akehedman.se\/wordpress\/?p=45206","url_meta":{"origin":20543,"position":4},"title":"Nationaldagsdikt av G\u00f6ran Greider.","author":"\u00c5ke Hedman","date":"2023-06-05","format":false,"excerpt":"Du skall \u00e4lska ditt lands\u00e5 mycket som ditt land \u00e4lskar dig.Om ditt land slutat \u00e4lska digs\u00e5 se noga efter om det bara \u00e4rde h\u00e4rskande makterna som inte bryr sig om dig,eller om det ocks\u00e5 \u00e4r skogarna,\u00e4ngderna och sj\u00f6arnasom upph\u00f6rt att tycka om dig. Men de kommer aldrig att \u00f6verge dig.\u2026","rel":"","context":"In &quot;Swedish&quot;","block_context":{"text":"Swedish","link":"https:\/\/www.akehedman.se\/wordpress\/?cat=2"},"img":{"alt_text":"","src":"","width":0,"height":0},"classes":[]},{"id":31927,"url":"https:\/\/www.akehedman.se\/wordpress\/?p=31927","url_meta":{"origin":20543,"position":5},"title":"11%","author":"\u00c5ke Hedman","date":"2019-04-08","format":false,"excerpt":"Elva procent av elenergin kommer f\u00e5n vindkraft just nu. Ja ig\u00e5r. Fyrtio procent i Portugal, 18% i Danmark, 16% i Sverige. T\u00e4nk om n\u00e5gon sl\u00e4ngt fram den profetian under k\u00e4rnkraftsdebatten, d\u00e5 n\u00e4r den begav sig. Jag vet att jag s\u00e5 sent som i slutet av 80-talet diskuterade m\u00f6jligheterna till vindkraft\u2026","rel":"","context":"In &quot;Swedish&quot;","block_context":{"text":"Swedish","link":"https:\/\/www.akehedman.se\/wordpress\/?cat=2"},"img":{"alt_text":"","src":"","width":0,"height":0},"classes":[]}],"jetpack_shortlink":"https:\/\/wp.me\/p68PL2-5ll","_links":{"self":[{"href":"https:\/\/www.akehedman.se\/wordpress\/index.php?rest_route=\/wp\/v2\/posts\/20543","targetHints":{"allow":["GET"]}}],"collection":[{"href":"https:\/\/www.akehedman.se\/wordpress\/index.php?rest_route=\/wp\/v2\/posts"}],"about":[{"href":"https:\/\/www.akehedman.se\/wordpress\/index.php?rest_route=\/wp\/v2\/types\/post"}],"author":[{"embeddable":true,"href":"https:\/\/www.akehedman.se\/wordpress\/index.php?rest_route=\/wp\/v2\/users\/24"}],"replies":[{"embeddable":true,"href":"https:\/\/www.akehedman.se\/wordpress\/index.php?rest_route=%2Fwp%2Fv2%2Fcomments&post=20543"}],"version-history":[{"count":1,"href":"https:\/\/www.akehedman.se\/wordpress\/index.php?rest_route=\/wp\/v2\/posts\/20543\/revisions"}],"predecessor-version":[{"id":20545,"href":"https:\/\/www.akehedman.se\/wordpress\/index.php?rest_route=\/wp\/v2\/posts\/20543\/revisions\/20545"}],"wp:attachment":[{"href":"https:\/\/www.akehedman.se\/wordpress\/index.php?rest_route=%2Fwp%2Fv2%2Fmedia&parent=20543"}],"wp:term":[{"taxonomy":"category","embeddable":true,"href":"https:\/\/www.akehedman.se\/wordpress\/index.php?rest_route=%2Fwp%2Fv2%2Fcategories&post=20543"},{"taxonomy":"post_tag","embeddable":true,"href":"https:\/\/www.akehedman.se\/wordpress\/index.php?rest_route=%2Fwp%2Fv2%2Ftags&post=20543"}],"curies":[{"name":"wp","href":"https:\/\/api.w.org\/{rel}","templated":true}]}}