{"id":20537,"date":"2016-05-27T09:04:46","date_gmt":"2016-05-27T08:04:46","guid":{"rendered":"http:\/\/www.akehedman.se\/wordpress\/?p=20537"},"modified":"2016-05-27T09:04:46","modified_gmt":"2016-05-27T08:04:46","slug":"jaha-5","status":"publish","type":"post","link":"https:\/\/www.akehedman.se\/wordpress\/?p=20537","title":{"rendered":"Jaha&#8230; ;-\/"},"content":{"rendered":"<blockquote><p><a href=\"http:\/\/www.aftonbladet.se\/nyheter\/article22893410.ab\"><img data-recalc-dims=\"1\" decoding=\"async\" class=\"alignnone size-full\" src=\"https:\/\/i0.wp.com\/www.akehedman.se\/wordpress\/wp-content\/uploads\/2016\/05\/OjvilketvC3A4derny.png?w=580\" alt=\"\" \/><\/a><\/p><\/blockquote>\n<blockquote><p>Svalast blir det i mellersta Sverige.<\/p><\/blockquote>\n<p>Source: <em><a href=\"http:\/\/www.aftonbladet.se\/nyheter\/article22893410.ab\">V\u00e4rmen kommer tillbaka | Nyheter | Aftonbladet<\/a><\/em><\/p>\n","protected":false},"excerpt":{"rendered":"<p>Svalast blir det i mellersta Sverige. Source: V\u00e4rmen kommer tillbaka | Nyheter | Aftonbladet<\/p>\n","protected":false},"author":24,"featured_media":0,"comment_status":"open","ping_status":"open","sticky":false,"template":"","format":"standard","meta":{"_crdt_document":"","jetpack_post_was_ever_published":false,"_jetpack_newsletter_access":"","_jetpack_dont_email_post_to_subs":false,"_jetpack_newsletter_tier_id":0,"_jetpack_memberships_contains_paywalled_content":false,"_jetpack_memberships_contains_paid_content":false,"footnotes":"","jetpack_publicize_message":"","jetpack_publicize_feature_enabled":true,"jetpack_social_post_already_shared":true,"jetpack_social_options":{"image_generator_settings":{"template":"highway","default_image_id":0,"font":"","enabled":false},"version":2}},"categories":[2],"tags":[],"class_list":["post-20537","post","type-post","status-publish","format-standard","hentry","category-swedish"],"jetpack_publicize_connections":[],"jetpack_featured_media_url":"","jetpack_sharing_enabled":true,"jetpack_likes_enabled":true,"jetpack-related-posts":[{"id":20455,"url":"https:\/\/www.akehedman.se\/wordpress\/?p=20455","url_meta":{"origin":20537,"position":0},"title":"Hela Sverige kan inte leva | Johan Hakelius | Kolumnister | Nyheter | Aftonbladet","author":"\u00c5ke Hedman","date":"2016-05-20","format":false,"excerpt":"Jo man h\u00f6jer ett \u00f6gonbryn... det g\u00f6r man allt... Likformighetens lovs\u00e5ng. Demokratin bygger p\u00e5 ett antal principer. M\u00e4nniskors lika v\u00e4rde, till exempel. J\u00e4mlikhet vad g\u00e4ller r\u00e4ttigheter och skyldigheter. Att ibland s\u00e4tta allm\u00e4n\u00adintresset f\u00f6re egenintress\u2026 Source: Hela Sverige kan inte leva | Johan Hakelius | Kolumnister | Nyheter | Aftonbladet","rel":"","context":"In &quot;Swedish&quot;","block_context":{"text":"Swedish","link":"https:\/\/www.akehedman.se\/wordpress\/?cat=2"},"img":{"alt_text":"","src":"","width":0,"height":0},"classes":[]},{"id":18833,"url":"https:\/\/www.akehedman.se\/wordpress\/?p=18833","url_meta":{"origin":20537,"position":1},"title":"Ny bok: Ericsson s\u00e5gade Iphone | Nyheter | Aftonbladet","author":"\u00c5ke Hedman","date":"2015-10-19","format":false,"excerpt":"Svenska telekomkoncernen Ericsson missbed\u00f6mde potentialen hos Iphone fullst\u00e4ndigt n\u00e4r den lanserades, om man f\u00e5r tro boken \"Ericssons kris och v\u00e4gen tillbaka\", skriven av f\u00f6retaget\u2026 Source: Ny bok: Ericsson s\u00e5gade Iphone | Nyheter | Aftonbladet Det \u00e4r l\u00e4tt att bli blind n\u00e4r man bygger h\u00f6ga torn och inte l\u00e4ngre ser verkligheten.","rel":"","context":"In &quot;Swedish&quot;","block_context":{"text":"Swedish","link":"https:\/\/www.akehedman.se\/wordpress\/?cat=2"},"img":{"alt_text":"","src":"","width":0,"height":0},"classes":[]},{"id":50522,"url":"https:\/\/www.akehedman.se\/wordpress\/?p=50522","url_meta":{"origin":20537,"position":2},"title":"Vita husets kritik mot Nobelkommitt\u00e9n: &#8220;s\u00e4tter politik framf\u00f6r fred\u201d &#8211; Senaste nytt \u2013 snabba nyheter fr\u00e5n Aftonbladet","author":"\u00c5ke Hedman","date":"2025-10-10","format":false,"excerpt":"L\u00e5ter inte detta som om det var en Kinesisk ledare som hyllades? \u201dPresident Trump kommer att forts\u00e4tta sluta fredsavtal, avsluta krig och r\u00e4dda liv. Han har ett humanit\u00e4rt hj\u00e4rta, och det kommer aldrig att finnas n\u00e5gon som honom, som kan flytta berg enbart med sin viljestyrka. Nobels kommitt\u00e9 har visat\u2026","rel":"","context":"In &quot;Swedish&quot;","block_context":{"text":"Swedish","link":"https:\/\/www.akehedman.se\/wordpress\/?cat=2"},"img":{"alt_text":"","src":"","width":0,"height":0},"classes":[]},{"id":6436,"url":"https:\/\/www.akehedman.se\/wordpress\/?p=6436","url_meta":{"origin":20537,"position":3},"title":"Blekinge v\u00e4rst i Sverige \u2013\u00a0var fj\u00e4rde utan jobb | Nyheter | Aftonbladet","author":"\u00c5ke Hedman","date":"2013-04-05","format":false,"excerpt":"Blekinge v\u00e4rst i Sverige \u2013\u00a0var fj\u00e4rde utan jobb | Nyheter | Aftonbladet.","rel":"","context":"In &quot;Swedish&quot;","block_context":{"text":"Swedish","link":"https:\/\/www.akehedman.se\/wordpress\/?cat=2"},"img":{"alt_text":"","src":"","width":0,"height":0},"classes":[]},{"id":37644,"url":"https:\/\/www.akehedman.se\/wordpress\/?p=37644","url_meta":{"origin":20537,"position":4},"title":"G\u00f6ran Greider har f\u00e5tt cancer: \u201dBlir ganska knockad\u201d | Aftonbladet","author":"\u00c5ke Hedman","date":"2021-01-27","format":false,"excerpt":"\u2013 Ja, om tre veckor kommer jag se ut som Fredrik Reinfeldt, det \u00e4r ju inte s\u00e5 roligt, sk\u00e4mtar S-debatt\u00f6ren. Source: G\u00f6ran Greider har f\u00e5tt cancer: \u201dBlir ganska knockad\u201d | Aftonbladet","rel":"","context":"In &quot;Swedish&quot;","block_context":{"text":"Swedish","link":"https:\/\/www.akehedman.se\/wordpress\/?cat=2"},"img":{"alt_text":"","src":"","width":0,"height":0},"classes":[]},{"id":21909,"url":"https:\/\/www.akehedman.se\/wordpress\/?p=21909","url_meta":{"origin":20537,"position":5},"title":"Fikru Maru d\u00f6ms f\u00f6r mutbrott i Etiopien | Nyheter | Aftonbladet","author":"\u00c5ke Hedman","date":"2016-10-21","format":false,"excerpt":"Kanske kan det komma n\u00e5got gott ur detta. Hoppas! Den svensk-etiopiske hj\u00e4rtl\u00e4karen Fikru Maru d\u00f6ms f\u00f6r mutbrott i domstolen i Addis Abeba under fredagen uppger SVT Nyheter. Source: Fikru Maru d\u00f6ms f\u00f6r mutbrott i Etiopien | Nyheter | Aftonbladet","rel":"","context":"In &quot;Swedish&quot;","block_context":{"text":"Swedish","link":"https:\/\/www.akehedman.se\/wordpress\/?cat=2"},"img":{"alt_text":"","src":"","width":0,"height":0},"classes":[]}],"jetpack_shortlink":"https:\/\/wp.me\/p68PL2-5lf","_links":{"self":[{"href":"https:\/\/www.akehedman.se\/wordpress\/index.php?rest_route=\/wp\/v2\/posts\/20537","targetHints":{"allow":["GET"]}}],"collection":[{"href":"https:\/\/www.akehedman.se\/wordpress\/index.php?rest_route=\/wp\/v2\/posts"}],"about":[{"href":"https:\/\/www.akehedman.se\/wordpress\/index.php?rest_route=\/wp\/v2\/types\/post"}],"author":[{"embeddable":true,"href":"https:\/\/www.akehedman.se\/wordpress\/index.php?rest_route=\/wp\/v2\/users\/24"}],"replies":[{"embeddable":true,"href":"https:\/\/www.akehedman.se\/wordpress\/index.php?rest_route=%2Fwp%2Fv2%2Fcomments&post=20537"}],"version-history":[{"count":1,"href":"https:\/\/www.akehedman.se\/wordpress\/index.php?rest_route=\/wp\/v2\/posts\/20537\/revisions"}],"predecessor-version":[{"id":20539,"href":"https:\/\/www.akehedman.se\/wordpress\/index.php?rest_route=\/wp\/v2\/posts\/20537\/revisions\/20539"}],"wp:attachment":[{"href":"https:\/\/www.akehedman.se\/wordpress\/index.php?rest_route=%2Fwp%2Fv2%2Fmedia&parent=20537"}],"wp:term":[{"taxonomy":"category","embeddable":true,"href":"https:\/\/www.akehedman.se\/wordpress\/index.php?rest_route=%2Fwp%2Fv2%2Fcategories&post=20537"},{"taxonomy":"post_tag","embeddable":true,"href":"https:\/\/www.akehedman.se\/wordpress\/index.php?rest_route=%2Fwp%2Fv2%2Ftags&post=20537"}],"curies":[{"name":"wp","href":"https:\/\/api.w.org\/{rel}","templated":true}]}}