{"id":2017,"date":"2012-11-22T10:49:59","date_gmt":"2012-11-22T09:49:59","guid":{"rendered":"http:\/\/www.eurosource.se\/akhe\/wordpress\/?p=2017"},"modified":"2012-11-22T10:49:59","modified_gmt":"2012-11-22T09:49:59","slug":"satsning-pa-entreprenorer-kan-vanda-ekonomisk-kris-dn-se","status":"publish","type":"post","link":"https:\/\/www.akehedman.se\/wordpress\/?p=2017","title":{"rendered":"\u201dSatsning p\u00e5 entrepren\u00f6rer kan v\u00e4nda ekonomisk kris\u201d &#8211; DN.SE"},"content":{"rendered":"<p><a href='http:\/\/www.dn.se\/debatt\/satsning-pa-entreprenorer-kan-vanda-ekonomisk-kris'>\u201dSatsning p\u00e5 entrepren\u00f6rer kan v\u00e4nda ekonomisk kris\u201d &#8211; DN.SE<\/a>.<\/p>\n","protected":false},"excerpt":{"rendered":"<p>\u201dSatsning p\u00e5 entrepren\u00f6rer kan v\u00e4nda ekonomisk kris\u201d &#8211; DN.SE.<\/p>\n","protected":false},"author":24,"featured_media":0,"comment_status":"open","ping_status":"open","sticky":false,"template":"","format":"standard","meta":{"_crdt_document":"","jetpack_post_was_ever_published":false,"_jetpack_newsletter_access":"","_jetpack_dont_email_post_to_subs":false,"_jetpack_newsletter_tier_id":0,"_jetpack_memberships_contains_paywalled_content":false,"_jetpack_memberships_contains_paid_content":false,"footnotes":"","jetpack_publicize_message":"","jetpack_publicize_feature_enabled":true,"jetpack_social_post_already_shared":false,"jetpack_social_options":{"image_generator_settings":{"template":"highway","default_image_id":0,"font":"","enabled":false},"version":2}},"categories":[2],"tags":[],"class_list":["post-2017","post","type-post","status-publish","format-standard","hentry","category-swedish"],"jetpack_publicize_connections":[],"jetpack_featured_media_url":"","jetpack_sharing_enabled":true,"jetpack_likes_enabled":true,"jetpack-related-posts":[{"id":49012,"url":"https:\/\/www.akehedman.se\/wordpress\/?p=49012","url_meta":{"origin":2017,"position":0},"title":"J\u00f6rn Spolander: Regeringens planer f\u00f6r skogen kan sl\u00e5 fel &#8211; DN.se","author":"\u00c5ke Hedman","date":"2025-01-22","format":false,"excerpt":"Trots forskarnas varningar v\u00e4ljer regeringen allts\u00e5 att g\u00e5 vidare med planerna p\u00e5 skogsg\u00f6dsling. Varf\u00f6r? Source: J\u00f6rn Spolander: Regeringens planer f\u00f6r skogen kan sl\u00e5 fel - DN.se","rel":"","context":"In &quot;Swedish&quot;","block_context":{"text":"Swedish","link":"https:\/\/www.akehedman.se\/wordpress\/?cat=2"},"img":{"alt_text":"","src":"","width":0,"height":0},"classes":[]},{"id":23410,"url":"https:\/\/www.akehedman.se\/wordpress\/?p=23410","url_meta":{"origin":2017,"position":1},"title":"Breakit &#8211; &#8220;Det \u00e4r n\u00e4stan s\u00e5 att jag l\u00e4ngtar till den stora kraschen&#8221;","author":"\u00c5ke Hedman","date":"2017-02-19","format":false,"excerpt":"Word! liksom. En kris f\u00f6r Sveriges techsektor vore extremt jobbig. Men en ordentlig nedg\u00e5ng skulle ocks\u00e5 rensa bort en rad osunda element \u2013 och ge mer uppm\u00e4rksamhet \u00e5t uth\u00e5lliga entrepren\u00f6rer som v\u00e4grar surfa p\u00e5 hajpen. Source: Breakit - \"Det \u00e4r n\u00e4stan s\u00e5 att jag l\u00e4ngtar till den stora kraschen\"","rel":"","context":"In &quot;Swedish&quot;","block_context":{"text":"Swedish","link":"https:\/\/www.akehedman.se\/wordpress\/?cat=2"},"img":{"alt_text":"","src":"","width":0,"height":0},"classes":[]},{"id":49630,"url":"https:\/\/www.akehedman.se\/wordpress\/?p=49630","url_meta":{"origin":2017,"position":2},"title":"Oscarsvinnaren Hamdan Ballal: Jag \u00e4r fortfarande f\u00e5raherde &#8211; DN.se","author":"\u00c5ke Hedman","date":"2025-05-12","format":false,"excerpt":"Man kokar av ilska \u00f6ver att detta kan f\u00e5 fortg\u00e5. Hamdan Ballal \u00e4r f\u00e5raherden som skildrade livet p\u00e5 den ockuperade V\u00e4stbanken och vann en Oscar. Sedan fortsatte livet och han hamnade israeliskt f\u00e4ngelse. Source: Oscarsvinnaren Hamdan Ballal: Jag \u00e4r fortfarande f\u00e5raherde - DN.se","rel":"","context":"In &quot;Swedish&quot;","block_context":{"text":"Swedish","link":"https:\/\/www.akehedman.se\/wordpress\/?cat=2"},"img":{"alt_text":"","src":"","width":0,"height":0},"classes":[]},{"id":47843,"url":"https:\/\/www.akehedman.se\/wordpress\/?p=47843","url_meta":{"origin":2017,"position":3},"title":"Kris i livebranschen \u2013 banden har inte r\u00e5da att turnera &#8211; DN.se","author":"\u00c5ke Hedman","date":"2024-06-03","format":false,"excerpt":"Live skulle r\u00e4dda musikbranschen. Nu vittnar artister om att det blivit sv\u00e5rt att f\u00e5 turn\u00e9er att g\u00e5 ihop ekonomiskt. Source: Kris i livebranschen \u2013 banden har inte r\u00e5da att turnera - DN.se","rel":"","context":"In &quot;Musik&quot;","block_context":{"text":"Musik","link":"https:\/\/www.akehedman.se\/wordpress\/?cat=9"},"img":{"alt_text":"","src":"","width":0,"height":0},"classes":[]},{"id":20577,"url":"https:\/\/www.akehedman.se\/wordpress\/?p=20577","url_meta":{"origin":2017,"position":4},"title":"Peter Wolodarski: Vad sa du, g\u00e5r Sverige bra? Det kan inte st\u00e4mma &#8211; DN.SE","author":"\u00c5ke Hedman","date":"2016-05-30","format":false,"excerpt":"Mitt i flyktingkrisen noterar den svenska ekonomin mycket goda tillv\u00e4xtsiffror. Det finns resurser f\u00f6r att hantera stora samh\u00e4llsutmaningar. Source: Peter Wolodarski: Vad sa du, g\u00e5r Sverige bra? Det kan inte st\u00e4mma - DN.SE","rel":"","context":"In &quot;Swedish&quot;","block_context":{"text":"Swedish","link":"https:\/\/www.akehedman.se\/wordpress\/?cat=2"},"img":{"alt_text":"","src":"","width":0,"height":0},"classes":[]},{"id":3866,"url":"https:\/\/www.akehedman.se\/wordpress\/?p=3866","url_meta":{"origin":2017,"position":5},"title":"Flyg v\u00e4ntade in man p\u00e5 v\u00e4g till d\u00f6ende mor &#8211; DN.SE","author":"\u00c5ke Hedman","date":"2013-03-07","format":false,"excerpt":"Flyg v\u00e4ntade in man p\u00e5 v\u00e4g till d\u00f6ende mor - DN.SE.","rel":"","context":"In &quot;Swedish&quot;","block_context":{"text":"Swedish","link":"https:\/\/www.akehedman.se\/wordpress\/?cat=2"},"img":{"alt_text":"","src":"","width":0,"height":0},"classes":[]}],"jetpack_shortlink":"https:\/\/wp.me\/p68PL2-wx","_links":{"self":[{"href":"https:\/\/www.akehedman.se\/wordpress\/index.php?rest_route=\/wp\/v2\/posts\/2017","targetHints":{"allow":["GET"]}}],"collection":[{"href":"https:\/\/www.akehedman.se\/wordpress\/index.php?rest_route=\/wp\/v2\/posts"}],"about":[{"href":"https:\/\/www.akehedman.se\/wordpress\/index.php?rest_route=\/wp\/v2\/types\/post"}],"author":[{"embeddable":true,"href":"https:\/\/www.akehedman.se\/wordpress\/index.php?rest_route=\/wp\/v2\/users\/24"}],"replies":[{"embeddable":true,"href":"https:\/\/www.akehedman.se\/wordpress\/index.php?rest_route=%2Fwp%2Fv2%2Fcomments&post=2017"}],"version-history":[{"count":1,"href":"https:\/\/www.akehedman.se\/wordpress\/index.php?rest_route=\/wp\/v2\/posts\/2017\/revisions"}],"predecessor-version":[{"id":2018,"href":"https:\/\/www.akehedman.se\/wordpress\/index.php?rest_route=\/wp\/v2\/posts\/2017\/revisions\/2018"}],"wp:attachment":[{"href":"https:\/\/www.akehedman.se\/wordpress\/index.php?rest_route=%2Fwp%2Fv2%2Fmedia&parent=2017"}],"wp:term":[{"taxonomy":"category","embeddable":true,"href":"https:\/\/www.akehedman.se\/wordpress\/index.php?rest_route=%2Fwp%2Fv2%2Fcategories&post=2017"},{"taxonomy":"post_tag","embeddable":true,"href":"https:\/\/www.akehedman.se\/wordpress\/index.php?rest_route=%2Fwp%2Fv2%2Ftags&post=2017"}],"curies":[{"name":"wp","href":"https:\/\/api.w.org\/{rel}","templated":true}]}}