{"id":20049,"date":"2016-03-30T14:39:24","date_gmt":"2016-03-30T13:39:24","guid":{"rendered":"http:\/\/www.akehedman.se\/wordpress\/?p=20049"},"modified":"2016-03-30T14:39:24","modified_gmt":"2016-03-30T13:39:24","slug":"trots-ranet-vill-agaren-fortsatta-driva-jourlivs-pa-granberg","status":"publish","type":"post","link":"https:\/\/www.akehedman.se\/wordpress\/?p=20049","title":{"rendered":"Trots r\u00e5net vill \u00e4garen forts\u00e4tta driva jourlivs p\u00e5 Granberg"},"content":{"rendered":"<blockquote><p>Heja Kim, l\u00e5t inte dom j\u00e4vlarna vinna.<\/p><\/blockquote>\n<p>Source: <em><a href=\"http:\/\/www.helahalsingland.se\/halsingland\/bollnas\/trots-ranet-vill-agaren-fortsatta-driva-jourlivs-pa-granberg\">Trots r\u00e5net vill \u00e4garen forts\u00e4tta driva jourlivs p\u00e5 Granberg<\/a><\/em><\/p>\n","protected":false},"excerpt":{"rendered":"<p>Heja Kim, l\u00e5t inte dom j\u00e4vlarna vinna. Source: Trots r\u00e5net vill \u00e4garen forts\u00e4tta driva jourlivs p\u00e5 Granberg<\/p>\n","protected":false},"author":24,"featured_media":0,"comment_status":"open","ping_status":"open","sticky":false,"template":"","format":"standard","meta":{"_crdt_document":"","jetpack_post_was_ever_published":false,"_jetpack_newsletter_access":"","_jetpack_dont_email_post_to_subs":false,"_jetpack_newsletter_tier_id":0,"_jetpack_memberships_contains_paywalled_content":false,"_jetpack_memberships_contains_paid_content":false,"footnotes":"","jetpack_publicize_message":"","jetpack_publicize_feature_enabled":true,"jetpack_social_post_already_shared":true,"jetpack_social_options":{"image_generator_settings":{"template":"highway","default_image_id":0,"font":"","enabled":false},"version":2}},"categories":[2],"tags":[],"class_list":["post-20049","post","type-post","status-publish","format-standard","hentry","category-swedish"],"jetpack_publicize_connections":[],"jetpack_featured_media_url":"","jetpack_sharing_enabled":true,"jetpack_likes_enabled":true,"jetpack-related-posts":[{"id":19584,"url":"https:\/\/www.akehedman.se\/wordpress\/?p=19584","url_meta":{"origin":20049,"position":0},"title":"Efter r\u00e5net \u00e4r Kim os\u00e4ker p\u00e5 om hon kan forts\u00e4tta driva butiken","author":"\u00c5ke Hedman","date":"2016-01-31","format":false,"excerpt":"Jag blir F\u00d6RBANNAD!!! \u00e5 Janne och Kims v\u00e4gnar. Source: Efter r\u00e5net \u00e4r Kim os\u00e4ker p\u00e5 om hon kan forts\u00e4tta driva butiken","rel":"","context":"In &quot;Swedish&quot;","block_context":{"text":"Swedish","link":"https:\/\/www.akehedman.se\/wordpress\/?cat=2"},"img":{"alt_text":"","src":"","width":0,"height":0},"classes":[]},{"id":31211,"url":"https:\/\/www.akehedman.se\/wordpress\/?p=31211","url_meta":{"origin":20049,"position":1},"title":"Ekan","author":"\u00c5ke Hedman","date":"2018-12-28","format":false,"excerpt":"Man kan s\u00e5klart bara g\u00e5 f\u00f6rbi en d\u00e4r ekan som ligger d\u00e4r i skogen. Den \u00e4r inget att ha l\u00e4ngre. Absolut ingenting \u00e4r den v\u00e4rd eftersom den legat d\u00e4r ett tag nu. Den har genomlevt sommar, h\u00f6st, vinter och v\u00e5r flera g\u00e5nger om nu p\u00e5 samma plats fram till den\u2026","rel":"","context":"In &quot;Betraktelser &amp; Ber\u00e4ttelse&quot;","block_context":{"text":"Betraktelser &amp; Ber\u00e4ttelse","link":"https:\/\/www.akehedman.se\/wordpress\/?cat=24"},"img":{"alt_text":"","src":"https:\/\/i0.wp.com\/www.akehedman.se\/wordpress\/wp-content\/uploads\/2018\/12\/IMG_20120520_144025.jpg?resize=350%2C200&ssl=1","width":350,"height":200,"srcset":"https:\/\/i0.wp.com\/www.akehedman.se\/wordpress\/wp-content\/uploads\/2018\/12\/IMG_20120520_144025.jpg?resize=350%2C200&ssl=1 1x, https:\/\/i0.wp.com\/www.akehedman.se\/wordpress\/wp-content\/uploads\/2018\/12\/IMG_20120520_144025.jpg?resize=525%2C300&ssl=1 1.5x, https:\/\/i0.wp.com\/www.akehedman.se\/wordpress\/wp-content\/uploads\/2018\/12\/IMG_20120520_144025.jpg?resize=700%2C400&ssl=1 2x, https:\/\/i0.wp.com\/www.akehedman.se\/wordpress\/wp-content\/uploads\/2018\/12\/IMG_20120520_144025.jpg?resize=1050%2C600&ssl=1 3x"},"classes":[]},{"id":20844,"url":"https:\/\/www.akehedman.se\/wordpress\/?p=20844","url_meta":{"origin":20049,"position":2},"title":"anti-priser","author":"\u00c5ke Hedman","date":"2016-06-30","format":false,"excerpt":"Min prishylla. Japp p\u00e5 s\u00e4tt och vis har jag en. Den kan kanske ocks\u00e5 kallas antiprishylla. Jag har n\u00e4mligen fyllt en hel v\u00e4gg med allt det d\u00e4r negativa som man sagt om mig och det jag g\u00f6r. Ja allt f\u00e5r inte plats d\u00e4r. Jag skulle beh\u00f6va v\u00e4ggarna i tv\u00e5 hus\u2026","rel":"","context":"In &quot;Uppmuntran&quot;","block_context":{"text":"Uppmuntran","link":"https:\/\/www.akehedman.se\/wordpress\/?cat=32"},"img":{"alt_text":"20160630_080036","src":"https:\/\/i0.wp.com\/www.akehedman.se\/wordpress\/wp-content\/uploads\/2016\/06\/20160630_080036-1024x576.jpg?resize=350%2C200","width":350,"height":200,"srcset":"https:\/\/i0.wp.com\/www.akehedman.se\/wordpress\/wp-content\/uploads\/2016\/06\/20160630_080036-1024x576.jpg?resize=350%2C200 1x, https:\/\/i0.wp.com\/www.akehedman.se\/wordpress\/wp-content\/uploads\/2016\/06\/20160630_080036-1024x576.jpg?resize=525%2C300 1.5x"},"classes":[]},{"id":18748,"url":"https:\/\/www.akehedman.se\/wordpress\/?p=18748","url_meta":{"origin":20049,"position":3},"title":"En ot\u00e4ck p\u00e5minnelse om varf\u00f6r jag \u00e4r f\u00f6retagare | Driva Eget","author":"\u00c5ke Hedman","date":"2015-10-07","format":false,"excerpt":"Jag fick idag en obehaglig p\u00e5minnelse om varf\u00f6r jag \u00e4r f\u00f6retagare och varf\u00f6r jag envist f\u00f6rs\u00f6ker omvandla mitt intresse f\u00f6r trolleri till en int\u00e4ktsbringande del av min n\u00e4ringsverksamhet. P\u00e5minnelsen heter Henning Mankell. Han gick bort idag och blev 67 \u00e5r. Vi m\u00e4n \u00e4r det svagare k\u00f6net och har enligt den\u2026","rel":"","context":"In &quot;Swedish&quot;","block_context":{"text":"Swedish","link":"https:\/\/www.akehedman.se\/wordpress\/?cat=2"},"img":{"alt_text":"","src":"","width":0,"height":0},"classes":[]},{"id":31421,"url":"https:\/\/www.akehedman.se\/wordpress\/?p=31421","url_meta":{"origin":20049,"position":4},"title":"Charlie Granberg l\u00e4mnar Norra station i Ljusdal efter konflikter","author":"\u00c5ke Hedman","date":"2019-01-21","format":false,"excerpt":"Trist! Men Ljusdal i det s.k. n\u00f6tskalet tror jag. \u00a0 Artisten och konstn\u00e4ren Charlie Granberg har hastigt l\u00e4mnat galleriet Norra station i Ljusdal. Han bekr\u00e4ftar f\u00f6r SVT att det finns konflikter. Source: Charlie Granberg l\u00e4mnar Norra station i Ljusdal efter konflikter","rel":"","context":"In &quot;Konst&quot;","block_context":{"text":"Konst","link":"https:\/\/www.akehedman.se\/wordpress\/?cat=43"},"img":{"alt_text":"","src":"","width":0,"height":0},"classes":[]},{"id":32940,"url":"https:\/\/www.akehedman.se\/wordpress\/?p=32940","url_meta":{"origin":20049,"position":5},"title":"Charlie Granberg &#8211; Rockpodden","author":"\u00c5ke Hedman","date":"2019-09-05","format":false,"excerpt":"https:\/\/poddtoppen.se\/podcast\/1152851941\/rockpodden\/rockpodden-138-charlie-granberg","rel":"","context":"In &quot;Musik&quot;","block_context":{"text":"Musik","link":"https:\/\/www.akehedman.se\/wordpress\/?cat=9"},"img":{"alt_text":"","src":"","width":0,"height":0},"classes":[]}],"jetpack_shortlink":"https:\/\/wp.me\/p68PL2-5dn","_links":{"self":[{"href":"https:\/\/www.akehedman.se\/wordpress\/index.php?rest_route=\/wp\/v2\/posts\/20049","targetHints":{"allow":["GET"]}}],"collection":[{"href":"https:\/\/www.akehedman.se\/wordpress\/index.php?rest_route=\/wp\/v2\/posts"}],"about":[{"href":"https:\/\/www.akehedman.se\/wordpress\/index.php?rest_route=\/wp\/v2\/types\/post"}],"author":[{"embeddable":true,"href":"https:\/\/www.akehedman.se\/wordpress\/index.php?rest_route=\/wp\/v2\/users\/24"}],"replies":[{"embeddable":true,"href":"https:\/\/www.akehedman.se\/wordpress\/index.php?rest_route=%2Fwp%2Fv2%2Fcomments&post=20049"}],"version-history":[{"count":1,"href":"https:\/\/www.akehedman.se\/wordpress\/index.php?rest_route=\/wp\/v2\/posts\/20049\/revisions"}],"predecessor-version":[{"id":20050,"href":"https:\/\/www.akehedman.se\/wordpress\/index.php?rest_route=\/wp\/v2\/posts\/20049\/revisions\/20050"}],"wp:attachment":[{"href":"https:\/\/www.akehedman.se\/wordpress\/index.php?rest_route=%2Fwp%2Fv2%2Fmedia&parent=20049"}],"wp:term":[{"taxonomy":"category","embeddable":true,"href":"https:\/\/www.akehedman.se\/wordpress\/index.php?rest_route=%2Fwp%2Fv2%2Fcategories&post=20049"},{"taxonomy":"post_tag","embeddable":true,"href":"https:\/\/www.akehedman.se\/wordpress\/index.php?rest_route=%2Fwp%2Fv2%2Ftags&post=20049"}],"curies":[{"name":"wp","href":"https:\/\/api.w.org\/{rel}","templated":true}]}}