{"id":19956,"date":"2016-03-18T22:09:29","date_gmt":"2016-03-18T21:09:29","guid":{"rendered":"http:\/\/www.akehedman.se\/wordpress\/?p=19956"},"modified":"2016-03-18T22:09:29","modified_gmt":"2016-03-18T21:09:29","slug":"gammeln-ar-har","status":"publish","type":"post","link":"https:\/\/www.akehedman.se\/wordpress\/?p=19956","title":{"rendered":"Gammeln \u00e4r h\u00e4r."},"content":{"rendered":"<p><img data-recalc-dims=\"1\" loading=\"lazy\" decoding=\"async\" class=\"alignnone size-full wp-image-2832\" src=\"https:\/\/i0.wp.com\/www.akehedman.se\/wordpress\/wp-content\/uploads\/2013\/01\/ros.jpg?resize=288%2C298\" alt=\"ros\" width=\"288\" height=\"298\" \/><\/p>\n<p>En liten stund identifierar jag mig med sonen som spelar i bandet, som protesterar mot Vietnamkriget. Ja det \u00e4r i kv\u00e4llens film . Man k\u00e4nner sig n\u00e4ra den d\u00e4r sonen men s\u00e5 sv\u00e4nger det och f\u00f6r f\u00f6rsta g\u00e5ngen i livet ramlar jag \u00f6ver till den \u00e5ldrande pappan. Pension\u00e4ren. Han som d\u00f6r p\u00e5 slutet. Ja j\u00e4vlar. Vad \u00e4r det h\u00e4r. Fas 4 eller fas 5 i livet. En ny del b\u00f6rjar ikv\u00e4ll. Dom finner varandra sonen och fadern. Jag vet ju s\u00e5 v\u00e4l att just det h\u00e4nder bra p\u00e5 film. I verkligheten blir det viktigaste osagt. De levande p\u00e5 en sida med ord som borde ha sagts och de d\u00f6da p\u00e5 en sida med andra ord som borde sagts.<\/p>\n<p>Det skakar om mig det d\u00e4r. Ja det g\u00f6r det. Fast det g\u00f6r s\u00e5klart inte s\u00e5 mycket. Snart sextio och det \u00e4r som det skall vara. Det finns allt f\u00f6r m\u00e5nga m\u00e4n i min \u00e5lder som m\u00e5ste bevisa att de fortfarande \u00e4r med, att de \u00e4r att r\u00e4kna med, ja kvinnor i femtio\u00e5rs\u00e5ldern blir ji p\u00e5 samma s\u00e4tt. En sista chans att f\u00f6rs\u00f6ka dra blickar till sig. Det d\u00e4r desperata sista som k\u00e4nns s\u00e5 patetiskt n\u00e4r man ser det utifr\u00e5n.<\/p>\n<p>Klockan \u00e4r bara tio. L\u00e4gger mig nog. Bok finns att l\u00e4sa. En som b\u00f6rjade s\u00f6tsliskigt romantiskt, det \u00e4r en konst att skriva romantik, men som har tagit sig. Av Jojjo Moys. Ja den f\u00e5r duga. Vi l\u00e4gger oss alltid tidigare p\u00e5 veckorna \u00e4n p\u00e5 helgerna. Bakl\u00e4nges och tv\u00e4rt om. Gammelbeteende det ocks\u00e5. Antar jag. Konstaterar jag.<\/p>\n<p>En vacker r\u00e4v \u00e4ter \u00e4pple under f\u00e5gelmataren. Jonas, Karin och Niklas ser. Jag f\u00e5r se den nu p\u00e5 kv\u00e4llen. Vacker. Perfekt. Jag \u00e4r glad att jag lever h\u00e4r och f\u00e5r se dessa vackra djur. En annan r\u00e4v som d\u00f6dade alla v\u00e5ra h\u00f6ns l\u00e5g inte lika bra till. Men det k\u00e4nns som det var i en annan tid. F\u00f6r l\u00e4nge sedan. Under romartiden.<\/p>\n<p>\u00c4hhhh jag l\u00e4gger mig. N\u00e5gra kapitel borde man hinna med. Ja innan tr\u00f6tthet drar med en ner i oceaner av dr\u00f6mmar.\u00a0 Josefin begravdes idag.\u00a0 V\u00e4rlden \u00e4r fattigare.<\/p>\n","protected":false},"excerpt":{"rendered":"<p>En liten stund identifierar jag mig med sonen som spelar i bandet, som protesterar mot Vietnamkriget. Ja det \u00e4r i kv\u00e4llens film . Man k\u00e4nner sig n\u00e4ra den d\u00e4r sonen men s\u00e5 sv\u00e4nger det och f\u00f6r f\u00f6rsta g\u00e5ngen i livet ramlar jag \u00f6ver till den \u00e5ldrande pappan. Pension\u00e4ren. Han som d\u00f6r p\u00e5 slutet. Ja j\u00e4vlar. [&hellip;]<\/p>\n","protected":false},"author":24,"featured_media":0,"comment_status":"open","ping_status":"open","sticky":false,"template":"","format":"standard","meta":{"_crdt_document":"","jetpack_post_was_ever_published":false,"_jetpack_newsletter_access":"","_jetpack_dont_email_post_to_subs":false,"_jetpack_newsletter_tier_id":0,"_jetpack_memberships_contains_paywalled_content":false,"_jetpack_memberships_contains_paid_content":false,"footnotes":"","jetpack_publicize_message":"","jetpack_publicize_feature_enabled":true,"jetpack_social_post_already_shared":true,"jetpack_social_options":{"image_generator_settings":{"template":"highway","default_image_id":0,"font":"","enabled":false},"version":2}},"categories":[24],"tags":[],"class_list":["post-19956","post","type-post","status-publish","format-standard","hentry","category-betraktelser"],"jetpack_publicize_connections":[],"jetpack_featured_media_url":"","jetpack_sharing_enabled":true,"jetpack_likes_enabled":true,"jetpack-related-posts":[{"id":12976,"url":"https:\/\/www.akehedman.se\/wordpress\/?p=12976","url_meta":{"origin":19956,"position":0},"title":"Fj\u00e4drar h\u00f6r v\u00e4l till p\u00e5sken, kanske ocks\u00e5 trasiga.","author":"\u00c5ke Hedman","date":"2014-04-25","format":false,"excerpt":"Det finns ingen g\u00e5ng som jag k\u00e4nner mig s\u00e5 utl\u00e4mnad och liten i v\u00e4rlden som n\u00e4r bilen g\u00e5r s\u00f6nder. Idag skulle vi \u00e5ka till Bolln\u00e4s och storhandla som vi brukar g\u00f6ra en g\u00e5ng i m\u00e5naden, oftast den fredag som idag, den n\u00e4r Karin slutar tidigt, och vi gav oss iv\u00e4g\u2026","rel":"","context":"In &quot;Betraktelser &amp; Ber\u00e4ttelse&quot;","block_context":{"text":"Betraktelser &amp; Ber\u00e4ttelse","link":"https:\/\/www.akehedman.se\/wordpress\/?cat=24"},"img":{"alt_text":"1737","src":"https:\/\/i0.wp.com\/www.eurosource.se\/akhe\/wordpress\/wp-content\/uploads\/2014\/04\/1737.jpeg?resize=350%2C200","width":350,"height":200},"classes":[]},{"id":18361,"url":"https:\/\/www.akehedman.se\/wordpress\/?p=18361","url_meta":{"origin":19956,"position":1},"title":"Fladderm\u00f6ss","author":"\u00c5ke Hedman","date":"2015-08-05","format":false,"excerpt":"Ungkatten kommer in med en fladdermus strax innan jag skall g\u00e5 och l\u00e4gga mig ig\u00e5r. Det \u00e4r synd. Jag tycker om v\u00e5ra p\u00e5 vinden boende fladderm\u00f6ss. D\u00e4r d\u00e4r de bor vid skorstenarna, en koloni p\u00e5 varje sida. Fint skall det vara. Centralv\u00e4rme. Hur katter f\u00e5r tag p\u00e5 fladderm\u00f6ss har jag\u2026","rel":"","context":"In &quot;Betraktelser &amp; Ber\u00e4ttelse&quot;","block_context":{"text":"Betraktelser &amp; Ber\u00e4ttelse","link":"https:\/\/www.akehedman.se\/wordpress\/?cat=24"},"img":{"alt_text":"fladdermus","src":"https:\/\/i0.wp.com\/www.akehedman.se\/wordpress\/wp-content\/uploads\/2014\/07\/fladdermus.jpg?resize=350%2C200","width":350,"height":200},"classes":[]},{"id":19490,"url":"https:\/\/www.akehedman.se\/wordpress\/?p=19490","url_meta":{"origin":19956,"position":2},"title":"Sn\u00e5lskjuts med livet","author":"\u00c5ke Hedman","date":"2016-01-19","format":false,"excerpt":"Jag drar mig en extra timme p\u00e5 morgonen. Hulken har j\u00e4vlats tv\u00e5 n\u00e4tter i rad nu och i natt gick det inte s\u00e5 l\u00e4tt att somna efter fixandet. Jo man m\u00e5ste ta tag i en avstannad v\u00e4rmeanl\u00e4ggning n\u00e4r det \u00e4n intr\u00e4ffar. G\u00f6r man inte det letar sig kylan in i\u2026","rel":"","context":"In &quot;Betraktelser &amp; Ber\u00e4ttelse&quot;","block_context":{"text":"Betraktelser &amp; Ber\u00e4ttelse","link":"https:\/\/www.akehedman.se\/wordpress\/?cat=24"},"img":{"alt_text":"camels_in_tunisia","src":"https:\/\/i0.wp.com\/www.akehedman.se\/wordpress\/wp-content\/uploads\/2016\/01\/camels_in_tunisia.jpeg?resize=350%2C200","width":350,"height":200},"classes":[]},{"id":20659,"url":"https:\/\/www.akehedman.se\/wordpress\/?p=20659","url_meta":{"origin":19956,"position":3},"title":"Lyftet","author":"\u00c5ke Hedman","date":"2016-06-10","format":false,"excerpt":"Fredag fast det var m\u00e5ndag i tisdags. T\u00e4nka sig. Det ordnade sig. F\u00f6r ganska m\u00e5nga \u00e5r sedan ungef\u00e4r den h\u00e4r tiden tog jag bilen mot Orsa. L\u00e5tskrivaverkstad. Ett g\u00e4ng mil h\u00e4rifr\u00e5n till Orsa men tusentals mil utanf\u00f6r min komfortzon. Skriva l\u00e5tar med andra... Trettio \u00e5r sedan jag h\u00f6ll p\u00e5 med\u2026","rel":"","context":"In &quot;Betraktelser &amp; Ber\u00e4ttelse&quot;","block_context":{"text":"Betraktelser &amp; Ber\u00e4ttelse","link":"https:\/\/www.akehedman.se\/wordpress\/?cat=24"},"img":{"alt_text":"Peter-Lundblad","src":"https:\/\/i0.wp.com\/www.akehedman.se\/wordpress\/wp-content\/uploads\/2015\/12\/Peter-Lundblad.jpg?resize=350%2C200","width":350,"height":200},"classes":[]},{"id":20135,"url":"https:\/\/www.akehedman.se\/wordpress\/?p=20135","url_meta":{"origin":19956,"position":4},"title":"Hur d\u00e5!?","author":"\u00c5ke Hedman","date":"2016-04-07","format":false,"excerpt":"Torsdag. Jag har en hel oskriven blank dag framf\u00f6r mig. Jag har visserligen lite ont i v\u00e4nster sida men har haft det f\u00f6rut och \u00f6verlevt en s\u00e5dan dag. Det skall g\u00f6ra ont om man levat p\u00e5 riktigt. En blank dag \u00e4r ett l\u00f6fte om att kunna fylla den med n\u00e5got\u2026","rel":"","context":"In &quot;Betraktelser &amp; Ber\u00e4ttelse&quot;","block_context":{"text":"Betraktelser &amp; Ber\u00e4ttelse","link":"https:\/\/www.akehedman.se\/wordpress\/?cat=24"},"img":{"alt_text":"Screenshot from 2016-04-07 09:13:21","src":"https:\/\/i0.wp.com\/www.akehedman.se\/wordpress\/wp-content\/uploads\/2016\/04\/Screenshot-from-2016-04-07-091321-1024x565.png?resize=350%2C200","width":350,"height":200,"srcset":"https:\/\/i0.wp.com\/www.akehedman.se\/wordpress\/wp-content\/uploads\/2016\/04\/Screenshot-from-2016-04-07-091321-1024x565.png?resize=350%2C200 1x, https:\/\/i0.wp.com\/www.akehedman.se\/wordpress\/wp-content\/uploads\/2016\/04\/Screenshot-from-2016-04-07-091321-1024x565.png?resize=525%2C300 1.5x"},"classes":[]},{"id":11508,"url":"https:\/\/www.akehedman.se\/wordpress\/?p=11508","url_meta":{"origin":19956,"position":5},"title":"Skr\u00e4ckfrukost","author":"\u00c5ke Hedman","date":"2013-12-25","format":false,"excerpt":"Sover till tio. Bara det. \u00c4ter en skr\u00e4ckfrukost som skulle f\u00e5 den st\u00f6rsta kontinentala frukosten att blekna. Nedsk\u00f6ljd med ett glas julmust s\u00e5klart. Te sittande i soffan. Te k\u00e4nns lite v\u00e4l normalt och vettigt s\u00e5 jag stoppar i mig n\u00e5gra After eight liksom f\u00f6r att uppr\u00e4tth\u00e5lla det d\u00e4r vansinniga. Sitter\u2026","rel":"","context":"In &quot;Betraktelser &amp; Ber\u00e4ttelse&quot;","block_context":{"text":"Betraktelser &amp; Ber\u00e4ttelse","link":"https:\/\/www.akehedman.se\/wordpress\/?cat=24"},"img":{"alt_text":"julmust","src":"https:\/\/i0.wp.com\/www.akehedman.se\/wordpress\/wp-content\/uploads\/2013\/12\/julmust.jpg?resize=350%2C200","width":350,"height":200},"classes":[]}],"jetpack_shortlink":"https:\/\/wp.me\/p68PL2-5bS","_links":{"self":[{"href":"https:\/\/www.akehedman.se\/wordpress\/index.php?rest_route=\/wp\/v2\/posts\/19956","targetHints":{"allow":["GET"]}}],"collection":[{"href":"https:\/\/www.akehedman.se\/wordpress\/index.php?rest_route=\/wp\/v2\/posts"}],"about":[{"href":"https:\/\/www.akehedman.se\/wordpress\/index.php?rest_route=\/wp\/v2\/types\/post"}],"author":[{"embeddable":true,"href":"https:\/\/www.akehedman.se\/wordpress\/index.php?rest_route=\/wp\/v2\/users\/24"}],"replies":[{"embeddable":true,"href":"https:\/\/www.akehedman.se\/wordpress\/index.php?rest_route=%2Fwp%2Fv2%2Fcomments&post=19956"}],"version-history":[{"count":1,"href":"https:\/\/www.akehedman.se\/wordpress\/index.php?rest_route=\/wp\/v2\/posts\/19956\/revisions"}],"predecessor-version":[{"id":19957,"href":"https:\/\/www.akehedman.se\/wordpress\/index.php?rest_route=\/wp\/v2\/posts\/19956\/revisions\/19957"}],"wp:attachment":[{"href":"https:\/\/www.akehedman.se\/wordpress\/index.php?rest_route=%2Fwp%2Fv2%2Fmedia&parent=19956"}],"wp:term":[{"taxonomy":"category","embeddable":true,"href":"https:\/\/www.akehedman.se\/wordpress\/index.php?rest_route=%2Fwp%2Fv2%2Fcategories&post=19956"},{"taxonomy":"post_tag","embeddable":true,"href":"https:\/\/www.akehedman.se\/wordpress\/index.php?rest_route=%2Fwp%2Fv2%2Ftags&post=19956"}],"curies":[{"name":"wp","href":"https:\/\/api.w.org\/{rel}","templated":true}]}}