{"id":19938,"date":"2016-03-15T16:51:58","date_gmt":"2016-03-15T15:51:58","guid":{"rendered":"http:\/\/www.akehedman.se\/wordpress\/?p=19938"},"modified":"2016-03-15T16:51:58","modified_gmt":"2016-03-15T15:51:58","slug":"eu-toppmotet-den-17-18e-mars-riskerar-att-resultera-i-grova-krankningar-av-asylratten-agera-manskliga-rattigheter-amnesty","status":"publish","type":"post","link":"https:\/\/www.akehedman.se\/wordpress\/?p=19938","title":{"rendered":"EU-toppm\u00f6tet den 17-18:e mars riskerar att resultera i grova kr\u00e4nkningar av asylr\u00e4tten Agera M\u00e4nskliga r\u00e4ttigheter Amnesty"},"content":{"rendered":"<blockquote><p>EU-toppm\u00f6tet den 17-18:e mars riskerar att resultera i grova kr\u00e4nkningar av asylr\u00e4tten<\/p><\/blockquote>\n<p>Source: <em><a href=\"http:\/\/www.amnesty.se\/engagera-dig\/agera\/veckans-vadjande\/?utm_source=apsis-anp-3&amp;utm_medium=email&amp;utm_content=unspecified&amp;utm_campaign=unspecified&amp;anp_mid=16494347&amp;anp_rid=475673724\">EU-toppm\u00f6tet den 17-18:e mars riskerar att resultera i grova kr\u00e4nkningar av asylr\u00e4tten Agera M\u00e4nskliga r\u00e4ttigheter Amnesty<\/a><\/em><\/p>\n","protected":false},"excerpt":{"rendered":"<p>EU-toppm\u00f6tet den 17-18:e mars riskerar att resultera i grova kr\u00e4nkningar av asylr\u00e4tten Source: EU-toppm\u00f6tet den 17-18:e mars riskerar att resultera i grova kr\u00e4nkningar av asylr\u00e4tten Agera M\u00e4nskliga r\u00e4ttigheter Amnesty<\/p>\n","protected":false},"author":24,"featured_media":0,"comment_status":"open","ping_status":"open","sticky":false,"template":"","format":"standard","meta":{"_crdt_document":"","jetpack_post_was_ever_published":false,"_jetpack_newsletter_access":"","_jetpack_dont_email_post_to_subs":false,"_jetpack_newsletter_tier_id":0,"_jetpack_memberships_contains_paywalled_content":false,"_jetpack_memberships_contains_paid_content":false,"footnotes":"","jetpack_publicize_message":"","jetpack_publicize_feature_enabled":true,"jetpack_social_post_already_shared":true,"jetpack_social_options":{"image_generator_settings":{"template":"highway","default_image_id":0,"font":"","enabled":false},"version":2}},"categories":[2],"tags":[],"class_list":["post-19938","post","type-post","status-publish","format-standard","hentry","category-swedish"],"jetpack_publicize_connections":[],"jetpack_featured_media_url":"","jetpack_sharing_enabled":true,"jetpack_likes_enabled":true,"jetpack-related-posts":[{"id":28455,"url":"https:\/\/www.akehedman.se\/wordpress\/?p=28455","url_meta":{"origin":19938,"position":0},"title":"Hbtqi-aktivist sk\u00f6ts till d\u00f6ds av polisen \u2013 agera nu!","author":"\u00c5ke Hedman","date":"2018-05-16","format":false,"excerpt":"Natten den 14 mars 2018 m\u00f6rdades m\u00e4nniskor\u00e4ttsf\u00f6rsvararen Marielle Franco i Rio de Janeiro. Hon var p\u00e5 v\u00e4g hem efter att ha deltagit i ett m\u00f6te. Hennes chauff\u00f6r Anderson Gomes d\u00f6dades ocks\u00e5. Bilen de f\u00e4rdades i besk\u00f6ts med ett flertal skott, och fyra av dem tr\u00e4ffade Marielle i huvudet. Marielle var\u2026","rel":"","context":"In &quot;Swedish&quot;","block_context":{"text":"Swedish","link":"https:\/\/www.akehedman.se\/wordpress\/?cat=2"},"img":{"alt_text":"","src":"","width":0,"height":0},"classes":[]},{"id":17877,"url":"https:\/\/www.akehedman.se\/wordpress\/?p=17877","url_meta":{"origin":19938,"position":1},"title":"Svenska Freds nyhetsbrev: Har du sett The Singing Sailor?","author":"\u00c5ke Hedman","date":"2015-05-15","format":false,"excerpt":"Vi vill att fokus ska ligga p\u00e5 att hitta andra alternativ och \u00f6ppna upp f\u00f6r dialog kring m\u00e4nskliga r\u00e4ttigheter. Den har plockats upp av mer \u00e4n 50 internationella medier och TV-kanaler och klippet har hittills visats \u00f6ver 100.000 g\u00e5nger. Source: Svenska Freds nyhetsbrev: Har du sett The Singing Sailor?","rel":"","context":"In &quot;Swedish&quot;","block_context":{"text":"Swedish","link":"https:\/\/www.akehedman.se\/wordpress\/?cat=2"},"img":{"alt_text":"","src":"","width":0,"height":0},"classes":[]},{"id":51529,"url":"https:\/\/www.akehedman.se\/wordpress\/?p=51529","url_meta":{"origin":19938,"position":2},"title":"Inkomster","author":"\u00c5ke Hedman","date":"2026-03-27","format":false,"excerpt":"Det h\u00e4r \u00e4r lika roligt som irriterande. Inkomster f\u00f6r spelande av min musik. Ja som synes inga grova pengar. Men det komiska i det hela \u00e4r att p\u00e5 kontot st\u00e5r allts\u00e5 n\u00e4stan 50 dollar. Har gjort s\u00e5 i flera \u00e5r. Det \u00e4r det d\u00e4r \"n\u00e4stan\" som \u00e4r problemet. Utbetalningar g\u00f6rs\u2026","rel":"","context":"In &quot;Musik&quot;","block_context":{"text":"Musik","link":"https:\/\/www.akehedman.se\/wordpress\/?cat=9"},"img":{"alt_text":"","src":"https:\/\/i0.wp.com\/www.akehedman.se\/wordpress\/wp-content\/uploads\/2026\/03\/Screenshot-From-2026-03-27-13-59-15.png?resize=350%2C200&ssl=1","width":350,"height":200,"srcset":"https:\/\/i0.wp.com\/www.akehedman.se\/wordpress\/wp-content\/uploads\/2026\/03\/Screenshot-From-2026-03-27-13-59-15.png?resize=350%2C200&ssl=1 1x, https:\/\/i0.wp.com\/www.akehedman.se\/wordpress\/wp-content\/uploads\/2026\/03\/Screenshot-From-2026-03-27-13-59-15.png?resize=525%2C300&ssl=1 1.5x, https:\/\/i0.wp.com\/www.akehedman.se\/wordpress\/wp-content\/uploads\/2026\/03\/Screenshot-From-2026-03-27-13-59-15.png?resize=700%2C400&ssl=1 2x, https:\/\/i0.wp.com\/www.akehedman.se\/wordpress\/wp-content\/uploads\/2026\/03\/Screenshot-From-2026-03-27-13-59-15.png?resize=1050%2C600&ssl=1 3x"},"classes":[]},{"id":41321,"url":"https:\/\/www.akehedman.se\/wordpress\/?p=41321","url_meta":{"origin":19938,"position":3},"title":"Vilddjuret","author":"\u00c5ke Hedman","date":"2022-02-17","format":false,"excerpt":"Photo by Pixabay on Pexels.com N\u00e4r krisen kommer d\u00e5 kan man vara helt s\u00e4ker p\u00e5 att d\u00e5 kryper ocks\u00e5 idioterna fram ur sina h\u00e5lor. P\u00e5 n\u00e5got lustigt vis s\u00e5 lyckas de h\u00e4r typerna ta sig upp\u00e5t, upp\u00e5t, upp\u00e5t till kontrollerande positioner och d\u00e4rmed f\u00e5r de den makt som g\u00f6r att\u2026","rel":"","context":"In &quot;Betraktelser &amp; Ber\u00e4ttelse&quot;","block_context":{"text":"Betraktelser &amp; Ber\u00e4ttelse","link":"https:\/\/www.akehedman.se\/wordpress\/?cat=24"},"img":{"alt_text":"nature summer yellow animal","src":"https:\/\/i0.wp.com\/www.akehedman.se\/wordpress\/wp-content\/uploads\/2022\/02\/leo-animal-savannah-lioness-55814.jpeg?resize=350%2C200&ssl=1","width":350,"height":200,"srcset":"https:\/\/i0.wp.com\/www.akehedman.se\/wordpress\/wp-content\/uploads\/2022\/02\/leo-animal-savannah-lioness-55814.jpeg?resize=350%2C200&ssl=1 1x, https:\/\/i0.wp.com\/www.akehedman.se\/wordpress\/wp-content\/uploads\/2022\/02\/leo-animal-savannah-lioness-55814.jpeg?resize=525%2C300&ssl=1 1.5x, https:\/\/i0.wp.com\/www.akehedman.se\/wordpress\/wp-content\/uploads\/2022\/02\/leo-animal-savannah-lioness-55814.jpeg?resize=700%2C400&ssl=1 2x, https:\/\/i0.wp.com\/www.akehedman.se\/wordpress\/wp-content\/uploads\/2022\/02\/leo-animal-savannah-lioness-55814.jpeg?resize=1050%2C600&ssl=1 3x, https:\/\/i0.wp.com\/www.akehedman.se\/wordpress\/wp-content\/uploads\/2022\/02\/leo-animal-savannah-lioness-55814.jpeg?resize=1400%2C800&ssl=1 4x"},"classes":[]},{"id":18586,"url":"https:\/\/www.akehedman.se\/wordpress\/?p=18586","url_meta":{"origin":19938,"position":4},"title":"Dags f\u00f6r den stora biblioteksflytten","author":"\u00c5ke Hedman","date":"2015-09-11","format":false,"excerpt":"Det finns fortfarande chans att r\u00e4dda b\u00f6cker, som riskerar att kastas. De finns nu placerade i bibliotekets foaj\u00e9, som \u00e4r \u00f6ppen tills man har flyttat in klart p\u00e5 Hingsten. Det \u00e4r bara att f\u00f6rse sig. Source: Dags f\u00f6r den stora biblioteksflytten","rel":"","context":"In &quot;Swedish&quot;","block_context":{"text":"Swedish","link":"https:\/\/www.akehedman.se\/wordpress\/?cat=2"},"img":{"alt_text":"","src":"","width":0,"height":0},"classes":[]},{"id":32774,"url":"https:\/\/www.akehedman.se\/wordpress\/?p=32774","url_meta":{"origin":19938,"position":5},"title":"Nasa: 5g-antenner riskerar att sl\u00e5 ut v\u00e5ra v\u00e4dersatelliter | Ny Teknik","author":"\u00c5ke Hedman","date":"2019-08-15","format":false,"excerpt":"Source: Nasa: 5g-antenner riskerar att sl\u00e5 ut v\u00e5ra v\u00e4dersatelliter | Ny Teknik","rel":"","context":"In &quot;Meterologi&quot;","block_context":{"text":"Meterologi","link":"https:\/\/www.akehedman.se\/wordpress\/?cat=60"},"img":{"alt_text":"","src":"","width":0,"height":0},"classes":[]}],"jetpack_shortlink":"https:\/\/wp.me\/p68PL2-5bA","_links":{"self":[{"href":"https:\/\/www.akehedman.se\/wordpress\/index.php?rest_route=\/wp\/v2\/posts\/19938","targetHints":{"allow":["GET"]}}],"collection":[{"href":"https:\/\/www.akehedman.se\/wordpress\/index.php?rest_route=\/wp\/v2\/posts"}],"about":[{"href":"https:\/\/www.akehedman.se\/wordpress\/index.php?rest_route=\/wp\/v2\/types\/post"}],"author":[{"embeddable":true,"href":"https:\/\/www.akehedman.se\/wordpress\/index.php?rest_route=\/wp\/v2\/users\/24"}],"replies":[{"embeddable":true,"href":"https:\/\/www.akehedman.se\/wordpress\/index.php?rest_route=%2Fwp%2Fv2%2Fcomments&post=19938"}],"version-history":[{"count":1,"href":"https:\/\/www.akehedman.se\/wordpress\/index.php?rest_route=\/wp\/v2\/posts\/19938\/revisions"}],"predecessor-version":[{"id":19939,"href":"https:\/\/www.akehedman.se\/wordpress\/index.php?rest_route=\/wp\/v2\/posts\/19938\/revisions\/19939"}],"wp:attachment":[{"href":"https:\/\/www.akehedman.se\/wordpress\/index.php?rest_route=%2Fwp%2Fv2%2Fmedia&parent=19938"}],"wp:term":[{"taxonomy":"category","embeddable":true,"href":"https:\/\/www.akehedman.se\/wordpress\/index.php?rest_route=%2Fwp%2Fv2%2Fcategories&post=19938"},{"taxonomy":"post_tag","embeddable":true,"href":"https:\/\/www.akehedman.se\/wordpress\/index.php?rest_route=%2Fwp%2Fv2%2Ftags&post=19938"}],"curies":[{"name":"wp","href":"https:\/\/api.w.org\/{rel}","templated":true}]}}