{"id":19915,"date":"2016-03-14T09:43:25","date_gmt":"2016-03-14T08:43:25","guid":{"rendered":"http:\/\/www.akehedman.se\/wordpress\/?p=19915"},"modified":"2016-03-14T09:43:25","modified_gmt":"2016-03-14T08:43:25","slug":"pi-dagen","status":"publish","type":"post","link":"https:\/\/www.akehedman.se\/wordpress\/?p=19915","title":{"rendered":"pi-dagen"},"content":{"rendered":"<p><img data-recalc-dims=\"1\" loading=\"lazy\" decoding=\"async\" class=\"alignnone size-full wp-image-12470\" src=\"https:\/\/i0.wp.com\/www.akehedman.se\/wordpress\/wp-content\/uploads\/2014\/03\/pi.jpg?resize=228%2C221\" alt=\"pi\" width=\"228\" height=\"221\" \/><\/p>\n<p>Det \u00e4r pi-dagen idag. Japp pi. F\u00f6rh\u00e5llandet mellan cirkels omkrets och diametern.\u00a0 Ett tal. Ett av m\u00e5nga andra konstanter. Man skulle kunna skriva <strong>universella konstanter<\/strong>. Men det skriver man inte. Men matematiken \u00e4r guds spr\u00e5k. Det \u00e4r jag s\u00e4ker p\u00e5. Vill du ha svaren finns de inte i biblarna och profeternas ord, nej bara i sin renaste form d\u00e4r i talen och ekvationerna.<\/p>\n<p>Men pi-dagen \u00e4r morsans f\u00f6delsedag ocks\u00e5. Grattis s\u00e4ger man d\u00e4r f\u00f6r sig sj\u00e4lv eftersom det inte l\u00e4ngre finns n\u00e5gon levande mamma att gratulera. Saknar henne. Ja det g\u00f6r jag. Fast de senaste \u00e5ren med henne var mest d\u00e5ligt samvete s\u00e5klart. Men grattis grattis var du nu \u00e4n \u00e4r.<\/p>\n<p>Men det \u00e4r Einsteins f\u00f6delsedag ocks\u00e5. Han b\u00f6r v\u00e4l ocks\u00e5 gratuleras. Han som fascinerat s\u00e5 m\u00e5nga och \u00e4r sinnebilden av den teoretiske vetenskapsmannen. Grattis grattis Albert var du ocks\u00e5 nu \u00e4n \u00e4r.<\/p>\n<p>Ja sen har man en kompis som fyller \u00e5r ocks\u00e5. Grattis d\u00e4r med. Ja och jag vet var han \u00e4r. Inte illa. En bra dag att vara f\u00f6dd p\u00e5. Hursomhelst.<\/p>\n<p>Det s\u00e4gs bli varmt idag. Igen. Sju grader ig\u00e5r. Mulet. Ja j\u00e4vla. Den h\u00e4r tiden p\u00e5 \u00e5ret. Fast jag fryser lik f\u00f6rbannat s\u00e5klart. Fryslort. Ja det \u00e4r man. Ynklig. Jag tar tacksamt emot varje plusgrad. Tro mig.<\/p>\n<p>Ulf Lundell l\u00e4gger ner bloggandet. Svamlar n\u00e5got om att n\u00e4tet inget \u00e4r att ha. Ibland m\u00e4rks hans \u00e5lder. Ja faktiskt. Skitgubbe liksom.<\/p>\n<p>Det finns dom som har honom som husgud ocks\u00e5 s\u00e5klart. Sj\u00e4lv har jag aldrig varit s\u00e5 mycket f\u00f6r idoler. Jag har sv\u00e5rt att st\u00e4lla mig under n\u00e5gon och beundra. K\u00e4nner mig som st\u00e5ende p\u00e5 samma niv\u00e5 vem det \u00e4n \u00e4r. Vad \u00e4r det f\u00f6r skillnad liksom. Vi \u00e4r m\u00e4nniskor. Vi \u00e4r bra p\u00e5 saker. Allihop.\u00a0 N\u00e4r de upph\u00f6jde och jag st\u00e5r d\u00e4r s\u00e5 \u00e4r vi bara sm\u00e5 och ynkliga \u00e4nd\u00e5. Inuti n\u00e5gonstans. Man kan bara vara m\u00e4nniska. Allt det d\u00e4r andra \u00e4r bara chim\u00e4rer. Det vet Ulf Lundell och alla de d\u00e4r andra upph\u00f6jda. Nej, det vet inte alltid de som beundrar. De som f\u00f6rminskar sig sj\u00e4lva.<\/p>\n<p>Hursomhelst kommer jag att sakna hans bloggande. Eller kanske inte. Det blev lika mycket gn\u00e4ll d\u00e4r som i min blogg ibland. Det r\u00e4cker med min. Tycker jag. S\u00e4kert ingen annna.<\/p>\n<p>Kent skall l\u00e4gga av. Det var p\u00e5 tiden. K\u00e4nns det som. Har dom h\u00e5llit p\u00e5? P\u00e5 sistone. Jag omedveten om det hela. Men <a href=\"http:\/\/tvdags.se\/artikel\/verkligen-kent-lagger-ner-se-deras-mystiska-avskedsbudskap\">avslutningsvideon<\/a> \u00e4r kanon. T\u00e4nk att ha dom resurserna. Wow! Stort att g\u00f6ra n\u00e5got bra med dem dessutom.<\/p>\n<p>Promenera. Jobba, Japp.<\/p>\n<p>&nbsp;<\/p>\n","protected":false},"excerpt":{"rendered":"<p>Det \u00e4r pi-dagen idag. Japp pi. F\u00f6rh\u00e5llandet mellan cirkels omkrets och diametern.\u00a0 Ett tal. Ett av m\u00e5nga andra konstanter. Man skulle kunna skriva universella konstanter. Men det skriver man inte. Men matematiken \u00e4r guds spr\u00e5k. Det \u00e4r jag s\u00e4ker p\u00e5. Vill du ha svaren finns de inte i biblarna och profeternas ord, nej bara i [&hellip;]<\/p>\n","protected":false},"author":24,"featured_media":0,"comment_status":"open","ping_status":"open","sticky":false,"template":"","format":"standard","meta":{"_crdt_document":"","jetpack_post_was_ever_published":false,"_jetpack_newsletter_access":"","_jetpack_dont_email_post_to_subs":false,"_jetpack_newsletter_tier_id":0,"_jetpack_memberships_contains_paywalled_content":false,"_jetpack_memberships_contains_paid_content":false,"footnotes":"","jetpack_publicize_message":"","jetpack_publicize_feature_enabled":true,"jetpack_social_post_already_shared":true,"jetpack_social_options":{"image_generator_settings":{"template":"highway","default_image_id":0,"font":"","enabled":false},"version":2}},"categories":[24],"tags":[],"class_list":["post-19915","post","type-post","status-publish","format-standard","hentry","category-betraktelser"],"jetpack_publicize_connections":[],"jetpack_featured_media_url":"","jetpack_sharing_enabled":true,"jetpack_likes_enabled":true,"jetpack-related-posts":[{"id":19860,"url":"https:\/\/www.akehedman.se\/wordpress\/?p=19860","url_meta":{"origin":19915,"position":0},"title":"Dagen","author":"\u00c5ke Hedman","date":"2016-03-08","format":false,"excerpt":"F\u00f6rst och fr\u00e4mst \u00e4r det Niklas, yngste sonens, f\u00f6delsedag idag. Han skall firas vederb\u00f6rligt ikv\u00e4ll. S\u00e5 grattis till honom. Sen \u00e4r det internationella kvinnodagen. En viktig dag. S\u00e5klart. Det \u00e4r galet om vi inte har samma m\u00f6jligheter och samma r\u00e4ttigheter bara f\u00f6r att vi har olika k\u00f6n. D\u00e4rf\u00f6r beh\u00f6vs dagen.\u2026","rel":"","context":"In &quot;Betraktelser &amp; Ber\u00e4ttelse&quot;","block_context":{"text":"Betraktelser &amp; Ber\u00e4ttelse","link":"https:\/\/www.akehedman.se\/wordpress\/?cat=24"},"img":{"alt_text":"IMG_1850","src":"https:\/\/i0.wp.com\/www.akehedman.se\/wordpress\/wp-content\/uploads\/2016\/03\/IMG_1850-1024x768.jpg?resize=350%2C200","width":350,"height":200,"srcset":"https:\/\/i0.wp.com\/www.akehedman.se\/wordpress\/wp-content\/uploads\/2016\/03\/IMG_1850-1024x768.jpg?resize=350%2C200 1x, https:\/\/i0.wp.com\/www.akehedman.se\/wordpress\/wp-content\/uploads\/2016\/03\/IMG_1850-1024x768.jpg?resize=525%2C300 1.5x"},"classes":[]},{"id":4200,"url":"https:\/\/www.akehedman.se\/wordpress\/?p=4200","url_meta":{"origin":19915,"position":1},"title":"Ha en god pi dag.","author":"\u00c5ke Hedman","date":"2013-03-14","format":false,"excerpt":"Ett grattis p\u00e5 pi dagen \u00e4r p\u00e5 sin plats idag. Men det var ocks\u00e5 farbror Einsteins f\u00f6delsedag, var min morsas f\u00f6delsedag och \u00e4r the one and only Johan Bogg's f\u00f6delsedag. Just sj\u00e4lva pi-dagen kan vi v\u00e4l alla gl\u00e4djas \u00e5t och ta \u00e5t oss av alla idag. \u00c5tminstone om vi har\u2026","rel":"","context":"In &quot;Swedish&quot;","block_context":{"text":"Swedish","link":"https:\/\/www.akehedman.se\/wordpress\/?cat=2"},"img":{"alt_text":"pi","src":"https:\/\/i0.wp.com\/www.eurosource.se\/akhe\/wordpress\/wp-content\/uploads\/2013\/03\/pi.jpg?resize=350%2C200","width":350,"height":200},"classes":[]},{"id":41794,"url":"https:\/\/www.akehedman.se\/wordpress\/?p=41794","url_meta":{"origin":19915,"position":2},"title":"Grattis kompis","author":"\u00c5ke Hedman","date":"2022-04-29","format":false,"excerpt":"Photo by Pixabay on Pexels.com Jod\u00e5. Klarat av en tur till Ljusdal idag p\u00e5 morgonen ocks\u00e5. Vem vill inte se Ljusdal en g\u00e5ng till om man har chansen, liksom? Mer \u00e5ka p\u00e5 eftermiddagen. Sen lugnt till m\u00e5ndag, tidsdag, ondsdag... Fast inte p\u00e5 m\u00e5ndag visst... Kanske inte p\u00e5... Det \u00e4r som\u2026","rel":"","context":"In &quot;Betraktelser &amp; Ber\u00e4ttelse&quot;","block_context":{"text":"Betraktelser &amp; Ber\u00e4ttelse","link":"https:\/\/www.akehedman.se\/wordpress\/?cat=24"},"img":{"alt_text":"dangerous crime safety security","src":"https:\/\/i0.wp.com\/www.akehedman.se\/wordpress\/wp-content\/uploads\/2022\/04\/firearm-handgun-revolver-gun-53351.jpeg?resize=350%2C200&ssl=1","width":350,"height":200,"srcset":"https:\/\/i0.wp.com\/www.akehedman.se\/wordpress\/wp-content\/uploads\/2022\/04\/firearm-handgun-revolver-gun-53351.jpeg?resize=350%2C200&ssl=1 1x, https:\/\/i0.wp.com\/www.akehedman.se\/wordpress\/wp-content\/uploads\/2022\/04\/firearm-handgun-revolver-gun-53351.jpeg?resize=525%2C300&ssl=1 1.5x, https:\/\/i0.wp.com\/www.akehedman.se\/wordpress\/wp-content\/uploads\/2022\/04\/firearm-handgun-revolver-gun-53351.jpeg?resize=700%2C400&ssl=1 2x"},"classes":[]},{"id":35951,"url":"https:\/\/www.akehedman.se\/wordpress\/?p=35951","url_meta":{"origin":19915,"position":3},"title":"F\u00f6delsedag","author":"\u00c5ke Hedman","date":"2020-08-28","format":false,"excerpt":"Photo by Yasmine qasem on Pexels.com Idag fyller VSCP 20 \u00e5r. Ton\u00e5rstiden \u00e4r \u00f6ver. Dags att v\u00e4xa upp. Fast s\u00e5 br\u00e5ttom \u00e4r det v\u00e4l inte. Nog borde det v\u00e4l g\u00e5 att festa runt och ha vansinnigt roligt i \u00e5tminstone tio \u00e5r till. Fast fest blir det inte. Noll fest. Som\u2026","rel":"","context":"In &quot;Betraktelser &amp; Ber\u00e4ttelse&quot;","block_context":{"text":"Betraktelser &amp; Ber\u00e4ttelse","link":"https:\/\/www.akehedman.se\/wordpress\/?cat=24"},"img":{"alt_text":"woman standing in front of white wall","src":"https:\/\/i0.wp.com\/www.akehedman.se\/wordpress\/wp-content\/uploads\/2020\/08\/pexels-photo-2034435.jpeg?resize=350%2C200&ssl=1","width":350,"height":200,"srcset":"https:\/\/i0.wp.com\/www.akehedman.se\/wordpress\/wp-content\/uploads\/2020\/08\/pexels-photo-2034435.jpeg?resize=350%2C200&ssl=1 1x, https:\/\/i0.wp.com\/www.akehedman.se\/wordpress\/wp-content\/uploads\/2020\/08\/pexels-photo-2034435.jpeg?resize=525%2C300&ssl=1 1.5x, https:\/\/i0.wp.com\/www.akehedman.se\/wordpress\/wp-content\/uploads\/2020\/08\/pexels-photo-2034435.jpeg?resize=700%2C400&ssl=1 2x, https:\/\/i0.wp.com\/www.akehedman.se\/wordpress\/wp-content\/uploads\/2020\/08\/pexels-photo-2034435.jpeg?resize=1050%2C600&ssl=1 3x"},"classes":[]},{"id":10443,"url":"https:\/\/www.akehedman.se\/wordpress\/?p=10443","url_meta":{"origin":19915,"position":4},"title":"F\u00f6delsedag","author":"\u00c5ke Hedman","date":"2013-10-10","format":false,"excerpt":"Hon fyllde \u00e5r den h\u00e4r dagen. Oktober, den tionde, ett h\u00f6stbarn. Hon t\u00e4nde ett ljus till morgonkaffet. Det fanns ingen som kom med kaffe p\u00e5 s\u00e4ngen och sj\u00f6ng f\u00f6r henne, hon hade bott ensam hela sitt vuxna liv. En bror och en syster och deras familjer var det som fanns\u2026","rel":"","context":"In &quot;Noveller&quot;","block_context":{"text":"Noveller","link":"https:\/\/www.akehedman.se\/wordpress\/?cat=57"},"img":{"alt_text":"788307","src":"https:\/\/i0.wp.com\/www.eurosource.se\/akhe\/wordpress\/wp-content\/uploads\/2013\/10\/788307.jpg?resize=350%2C200","width":350,"height":200},"classes":[]},{"id":28323,"url":"https:\/\/www.akehedman.se\/wordpress\/?p=28323","url_meta":{"origin":19915,"position":5},"title":"Ner","author":"\u00c5ke Hedman","date":"2018-05-09","format":false,"excerpt":"Det \u00e4r persienner ner det f\u00f6rsta som h\u00e4nder n\u00e4r jag kommer ner till kontoret. Det d\u00e4r lidandet. Ingen vill f\u00e4lla ner persiennerna n\u00e4r fl\u00f6dande sk\u00f6n varm sol finns d\u00e4r ute. Den som bara lovar mer och mer och mer och mer. Men ner m\u00e5ste de. Om man nu skall kunna\u2026","rel":"","context":"In &quot;Betraktelser &amp; Ber\u00e4ttelse&quot;","block_context":{"text":"Betraktelser &amp; Ber\u00e4ttelse","link":"https:\/\/www.akehedman.se\/wordpress\/?cat=24"},"img":{"alt_text":"","src":"https:\/\/i0.wp.com\/www.akehedman.se\/wordpress\/wp-content\/uploads\/2018\/05\/IMG_20180508_095932170-1024x576.jpg?resize=350%2C200","width":350,"height":200,"srcset":"https:\/\/i0.wp.com\/www.akehedman.se\/wordpress\/wp-content\/uploads\/2018\/05\/IMG_20180508_095932170-1024x576.jpg?resize=350%2C200 1x, https:\/\/i0.wp.com\/www.akehedman.se\/wordpress\/wp-content\/uploads\/2018\/05\/IMG_20180508_095932170-1024x576.jpg?resize=525%2C300 1.5x"},"classes":[]}],"jetpack_shortlink":"https:\/\/wp.me\/p68PL2-5bd","_links":{"self":[{"href":"https:\/\/www.akehedman.se\/wordpress\/index.php?rest_route=\/wp\/v2\/posts\/19915","targetHints":{"allow":["GET"]}}],"collection":[{"href":"https:\/\/www.akehedman.se\/wordpress\/index.php?rest_route=\/wp\/v2\/posts"}],"about":[{"href":"https:\/\/www.akehedman.se\/wordpress\/index.php?rest_route=\/wp\/v2\/types\/post"}],"author":[{"embeddable":true,"href":"https:\/\/www.akehedman.se\/wordpress\/index.php?rest_route=\/wp\/v2\/users\/24"}],"replies":[{"embeddable":true,"href":"https:\/\/www.akehedman.se\/wordpress\/index.php?rest_route=%2Fwp%2Fv2%2Fcomments&post=19915"}],"version-history":[{"count":1,"href":"https:\/\/www.akehedman.se\/wordpress\/index.php?rest_route=\/wp\/v2\/posts\/19915\/revisions"}],"predecessor-version":[{"id":19916,"href":"https:\/\/www.akehedman.se\/wordpress\/index.php?rest_route=\/wp\/v2\/posts\/19915\/revisions\/19916"}],"wp:attachment":[{"href":"https:\/\/www.akehedman.se\/wordpress\/index.php?rest_route=%2Fwp%2Fv2%2Fmedia&parent=19915"}],"wp:term":[{"taxonomy":"category","embeddable":true,"href":"https:\/\/www.akehedman.se\/wordpress\/index.php?rest_route=%2Fwp%2Fv2%2Fcategories&post=19915"},{"taxonomy":"post_tag","embeddable":true,"href":"https:\/\/www.akehedman.se\/wordpress\/index.php?rest_route=%2Fwp%2Fv2%2Ftags&post=19915"}],"curies":[{"name":"wp","href":"https:\/\/api.w.org\/{rel}","templated":true}]}}