{"id":19909,"date":"2016-03-12T18:33:58","date_gmt":"2016-03-12T17:33:58","guid":{"rendered":"http:\/\/www.akehedman.se\/wordpress\/?p=19909"},"modified":"2016-03-12T18:33:58","modified_gmt":"2016-03-12T17:33:58","slug":"joda-3","status":"publish","type":"post","link":"https:\/\/www.akehedman.se\/wordpress\/?p=19909","title":{"rendered":"Jod\u00e5&#8230;"},"content":{"rendered":"<p><img data-recalc-dims=\"1\" loading=\"lazy\" decoding=\"async\" class=\"alignnone size-full wp-image-19910\" src=\"https:\/\/i0.wp.com\/www.akehedman.se\/wordpress\/wp-content\/uploads\/2016\/03\/Screenshot-from-2016-03-12-180312.png?resize=580%2C409\" alt=\"Screenshot from 2016-03-12 18:03:12\" width=\"580\" height=\"409\" srcset=\"https:\/\/i0.wp.com\/www.akehedman.se\/wordpress\/wp-content\/uploads\/2016\/03\/Screenshot-from-2016-03-12-180312.png?w=992&amp;ssl=1 992w, https:\/\/i0.wp.com\/www.akehedman.se\/wordpress\/wp-content\/uploads\/2016\/03\/Screenshot-from-2016-03-12-180312.png?resize=300%2C212&amp;ssl=1 300w, https:\/\/i0.wp.com\/www.akehedman.se\/wordpress\/wp-content\/uploads\/2016\/03\/Screenshot-from-2016-03-12-180312.png?resize=768%2C542&amp;ssl=1 768w, https:\/\/i0.wp.com\/www.akehedman.se\/wordpress\/wp-content\/uploads\/2016\/03\/Screenshot-from-2016-03-12-180312.png?resize=425%2C300&amp;ssl=1 425w\" sizes=\"auto, (max-width: 580px) 100vw, 580px\" \/><\/p>\n<p>&#8230;jag jobbar idag. S\u00e5klart. Men har promenerat med lilla K. F\u00f6r att d\u00f6va samveten. N\u00e5got. Lite. Solen v\u00e4rmer. Ocks\u00e5 inne. Men \u00e4r s\u00e5klart sk\u00f6nast ute.\u00a0 En sk\u00f6n promenad. V\u00e5rk\u00e4nslor. Tr\u00e4ffar de utflyttade. Smitarna. De visar huset f\u00f6r Uddevallaboende. Vi borde kanske varna dem. Inte f\u00f6r huset. Nej,\u00a0 f\u00f6r boende p\u00e5 skogen. Oj vilken l\u00e4ngtan vi k\u00e4nde hit d\u00e5. N\u00e4r vi satt i l\u00e4genhet i T\u00e4by och hade hittat &#8220;v\u00e5rt&#8221; hus h\u00e4r uppe.\u00a0 Mildare k\u00e4nslor idag. Helt klart. \u00c5nger ibland. Men uppblandad med k\u00e4rlek. Det blir s\u00e5 efter n\u00e5gra \u00e5r. Man hat\u00e4lskar mer.<\/p>\n<p>Jag f\u00e5r en gammal NAT av R. Fast det \u00e4r den f\u00f6rsta NAT jag sett utan &#8220;N&#8221;. Finns n\u00e4mligen ingen n\u00e4tverksanslutning. Firewire och USB. Fast tydligen en NAT \u00e4nd\u00e5. Om man anstr\u00e4nger sig. Ja och det har man gjort p\u00e5 kartong och i manualer. Kunde ju hetat &#8220;extern disk&#8221; ocks\u00e5. Men det \u00e4r kanske inte sexigt nog. Hur som helst kommer den nog till anv\u00e4ndning. Sakerna g\u00f6r det h\u00e4r p\u00e5 den sista anhalten f\u00f6r allehanda dataskrot. Det som l\u00e4mnar mina lokaler g\u00e5r inte att anv\u00e4nda. \u00c4r s\u00f6nder eller s\u00e5 gammalt att det inte \u00e4r n\u00e5got att ha. Ingen kan s\u00e4ga att jag \u00f6verdriver ink\u00f6pen av datakomponenter.<\/p>\n<p>Melodifestivalsfinalkv\u00e4ll. Tittar inte normalt. Men har faktiskt tittat p\u00e5 alla delt\u00e4vlingar ocks\u00e5 i \u00e5r. Anledningen \u00e4r att yngste sonen, den hemmavarande, har tittat med oss. Ja och kommenterat. De kommentarer han f\u00e4ller g\u00f6r det v\u00e4rt att \u00f6vervara spektaklet. Jo jag lovar.<\/p>\n<p>H\u00f6r farsans namn n\u00e4mnas i en\u00a0 tv-intervju idag. En lives\u00e4ndning fr\u00e5n skidbacken i Edsbyn. Kalle (hans bror) byggde liften d\u00e4r. Det \u00e4r vad jag h\u00f6rt.\u00a0 Nu f\u00e5r farsan cred. f\u00f6r den ocks\u00e5. Det har jag inte h\u00f6rt f\u00f6rut. Men kanske var det s\u00e5. Dom hj\u00e4lptes v\u00e4l \u00e5t de d\u00e4r tv\u00e5 tekniska genierna. F\u00f6r det var dom. Det tror jag ingen som minns dem s\u00e4ger n\u00e5got annat om. Ja Kalle lever ju \u00e4nnu f\u00f6rresten. Borde h\u00e4lsas p\u00e5. Det m\u00e5ste vi ta tag i.\u00a0 Lilla K och jag.<\/p>\n<p>Men mest jobbar jag allts\u00e5. Det \u00e4r inget koketterande med det. Man m\u00e5ste. Vissa av oss i alla all.\u00a0 Jag hade hellre varit ledig. Men n\u00e4r jag v\u00e4l sitter h\u00e4r \u00e4r det inga problem. K\u00f6r p\u00e5 men undrar s\u00e5klart varf\u00f6r jag forts\u00e4tter.<\/p>\n<p>P\u00e5 <a href=\"https:\/\/soundcloud.com\/hedman\">SoundCloud<\/a> lyssnas det en del. Varf\u00f6r har jag ingen aning om. Just nu?\u00a0 Men jag l\u00e4ngtar efter en studiosession. En hel dag d\u00e4r i lugn och ro. Kommer jag dit n\u00e5gon g\u00e5ng igen tro?\u00a0 C gr\u00e4vde en grop som han kastade ner mig i, nu m\u00e5ste jag upp ur den och tillbaks till gl\u00e4djen.<\/p>\n<p>Fast det \u00e4r o\u00e4ndligt lite lyssnande egentligen s\u00e5klart. Det \u00e4r ju bara jag som \u00e4r n\u00f6jd med lite. Men varf\u00f6r skall man inte kunna vara det egentligen. Jag bara fr\u00e5gar i all \u00f6dmjukhet.<\/p>\n<p>K\u00e4nner att tr\u00f6ttheten kryper p\u00e5 mig.\u00a0 Borde ha sovit en stund p\u00e5 soffan i morse. Eller i ala fall traditionsenligt ig\u00e5r kv\u00e4ll. Det man tar skall ges igen. Men det f\u00e5r bli en annan g\u00e5ng. Det skall jobbas imorgon ocks\u00e5. K\u00e4nns som det \u00e4r ett berg som ligger p\u00e5 mina axlar just nu. Tynger. Det enda s\u00e4ttet man kan koma ifr\u00e5n det \u00e4r att resa iv\u00e4g. L\u00e5ngt, l\u00e5ngt bort. Eller fegt d\u00f6. Ingen av dem inplanerade. Resa skulle jag allts\u00e5 kunnat t\u00e4nka mig. Nu p\u00e5 en g\u00e5ng.<\/p>\n<p>Men s\u00e5ja. N\u00e5gra ord h\u00e4r i bloggen igen. Ocks\u00e5 de till ingen som helst nytta. Ledmotivet i ett Hedmanskt liv. Konstigt nog g\u00e5r det inte att k\u00e4nna n\u00e5gon sorg \u00f6ver det. Den k\u00e4nslan borde man kanske k\u00e4nna i min \u00e5lder. Ja och den borde vara stark. Jag n\u00f6jer mig med konstaterandet. S\u00e5 det s\u00e5.<\/p>\n","protected":false},"excerpt":{"rendered":"<p>&#8230;jag jobbar idag. S\u00e5klart. Men har promenerat med lilla K. F\u00f6r att d\u00f6va samveten. N\u00e5got. Lite. Solen v\u00e4rmer. Ocks\u00e5 inne. Men \u00e4r s\u00e5klart sk\u00f6nast ute.\u00a0 En sk\u00f6n promenad. V\u00e5rk\u00e4nslor. Tr\u00e4ffar de utflyttade. Smitarna. De visar huset f\u00f6r Uddevallaboende. Vi borde kanske varna dem. Inte f\u00f6r huset. Nej,\u00a0 f\u00f6r boende p\u00e5 skogen. Oj vilken l\u00e4ngtan vi [&hellip;]<\/p>\n","protected":false},"author":24,"featured_media":0,"comment_status":"open","ping_status":"open","sticky":false,"template":"","format":"standard","meta":{"_crdt_document":"","jetpack_post_was_ever_published":false,"_jetpack_newsletter_access":"","_jetpack_dont_email_post_to_subs":false,"_jetpack_newsletter_tier_id":0,"_jetpack_memberships_contains_paywalled_content":false,"_jetpack_memberships_contains_paid_content":false,"footnotes":"","jetpack_publicize_message":"","jetpack_publicize_feature_enabled":true,"jetpack_social_post_already_shared":true,"jetpack_social_options":{"image_generator_settings":{"template":"highway","default_image_id":0,"font":"","enabled":false},"version":2}},"categories":[24],"tags":[],"class_list":["post-19909","post","type-post","status-publish","format-standard","hentry","category-betraktelser"],"jetpack_publicize_connections":[],"jetpack_featured_media_url":"","jetpack_sharing_enabled":true,"jetpack_likes_enabled":true,"jetpack-related-posts":[{"id":23945,"url":"https:\/\/www.akehedman.se\/wordpress\/?p=23945","url_meta":{"origin":19909,"position":0},"title":"Det d\u00e4r i luften","author":"\u00c5ke Hedman","date":"2017-04-02","format":false,"excerpt":"En bussolycka d\u00e4r unga som precis b\u00f6rjar livet d\u00f6r och skadas inte l\u00e5ngt h\u00e4rifr\u00e5n.\u00a0 Det \u00e4r skit. Det k\u00e4nns i luften att det \u00e4r just skit och on\u00f6digt. \u00c4nd\u00e5 \u00e4r vi r\u00e4tt vana att den d\u00e4r v\u00e4gen sk\u00f6rdar liv varje \u00e5r. Under fj\u00e4llens stugbytardagar under vintern v\u00e4ljer jag g\u00e4rna en\u2026","rel":"","context":"In &quot;Betraktelser &amp; Ber\u00e4ttelse&quot;","block_context":{"text":"Betraktelser &amp; Ber\u00e4ttelse","link":"https:\/\/www.akehedman.se\/wordpress\/?cat=24"},"img":{"alt_text":"","src":"https:\/\/i0.wp.com\/www.akehedman.se\/wordpress\/wp-content\/uploads\/2017\/03\/20170330_105301-1024x576.jpg?resize=350%2C200","width":350,"height":200,"srcset":"https:\/\/i0.wp.com\/www.akehedman.se\/wordpress\/wp-content\/uploads\/2017\/03\/20170330_105301-1024x576.jpg?resize=350%2C200 1x, https:\/\/i0.wp.com\/www.akehedman.se\/wordpress\/wp-content\/uploads\/2017\/03\/20170330_105301-1024x576.jpg?resize=525%2C300 1.5x"},"classes":[]},{"id":13556,"url":"https:\/\/www.akehedman.se\/wordpress\/?p=13556","url_meta":{"origin":19909,"position":1},"title":"Semester, men inte jag, fast lite.","author":"\u00c5ke Hedman","date":"2014-06-14","format":false,"excerpt":"L\u00f6rdag och Karin har semester. K\u00e4nns f\u00f6r mig ocks\u00e5, man g\u00e5r ner lite i varv sj\u00e4lv, jag skall ocks\u00e5 \u00a0ta n\u00e5gra lediga dagar men jobba de flesta. Fem or\u00f6rda veckor ligger framf\u00f6r k\u00e4ra frun , trettiofem dagar av ro och lugn och vila. Vi m\u00e5 vara r\u00e4tt fattiga i det\u2026","rel":"","context":"In &quot;Betraktelser &amp; Ber\u00e4ttelse&quot;","block_context":{"text":"Betraktelser &amp; Ber\u00e4ttelse","link":"https:\/\/www.akehedman.se\/wordpress\/?cat=24"},"img":{"alt_text":"semeter-i-h\u00e4ngmattan","src":"https:\/\/i0.wp.com\/www.eurosource.se\/akhe\/wordpress\/wp-content\/uploads\/2014\/06\/semeter-i-h%C3%A4ngmattan.jpg?resize=350%2C200","width":350,"height":200},"classes":[]},{"id":14335,"url":"https:\/\/www.akehedman.se\/wordpress\/?p=14335","url_meta":{"origin":19909,"position":2},"title":"Tv\u00e5 Alvedon sen fest, trevligt och gott.","author":"\u00c5ke Hedman","date":"2014-08-09","format":false,"excerpt":"Ja inte f\u00f6r att jag k\u00e4nner mig b\u00e4ttre idag men skall inte tr\u00f6tta er med min sjukdom. Ig\u00e5r, en dusch och tv\u00e5 Alvedon och sen iv\u00e4g till v\u00e4nner f\u00f6r middag. H\u00f6ll p\u00e5 att inte orka hela v\u00e4gen dit, sackade och stapplade bet\u00e4nkligt. Men v\u00e4l framme hj\u00e4lpte mig trevligt s\u00e4llskap, gott\u2026","rel":"","context":"In &quot;Betraktelser &amp; Ber\u00e4ttelse&quot;","block_context":{"text":"Betraktelser &amp; Ber\u00e4ttelse","link":"https:\/\/www.akehedman.se\/wordpress\/?cat=24"},"img":{"alt_text":"alvedon_500_mg_250x250","src":"https:\/\/i0.wp.com\/www.eurosource.se\/akhe\/wordpress\/wp-content\/uploads\/2014\/08\/alvedon_500_mg_250x250.jpg?resize=350%2C200","width":350,"height":200},"classes":[]},{"id":29647,"url":"https:\/\/www.akehedman.se\/wordpress\/?p=29647","url_meta":{"origin":19909,"position":3},"title":"OK","author":"\u00c5ke Hedman","date":"2018-08-29","format":false,"excerpt":"Det \u00e4r OK. Men... Testar, testar och testar. Nu har allt snurrat som det skall sedan tretiden idag. T\u00f6rs kanske g\u00e5 h\u00e4rifr\u00e5n. Byta l\u00e5tsaskontor mot s\u00e4ng. Ja och bok. De som h\u00f6r ihop. H\u00e4r i huset. Fast d\u00e5 kraschar v\u00e4l saker. Det finns buggar som bara v\u00e5gar sig fram n\u00e4r\u2026","rel":"","context":"In &quot;Betraktelser &amp; Ber\u00e4ttelse&quot;","block_context":{"text":"Betraktelser &amp; Ber\u00e4ttelse","link":"https:\/\/www.akehedman.se\/wordpress\/?cat=24"},"img":{"alt_text":"","src":"https:\/\/i0.wp.com\/www.akehedman.se\/wordpress\/wp-content\/uploads\/2018\/07\/ake_20180727.jpg?resize=350%2C200&ssl=1","width":350,"height":200,"srcset":"https:\/\/i0.wp.com\/www.akehedman.se\/wordpress\/wp-content\/uploads\/2018\/07\/ake_20180727.jpg?resize=350%2C200&ssl=1 1x, https:\/\/i0.wp.com\/www.akehedman.se\/wordpress\/wp-content\/uploads\/2018\/07\/ake_20180727.jpg?resize=525%2C300&ssl=1 1.5x"},"classes":[]},{"id":35103,"url":"https:\/\/www.akehedman.se\/wordpress\/?p=35103","url_meta":{"origin":19909,"position":4},"title":"S\u00f6mndag","author":"\u00c5ke Hedman","date":"2020-05-17","format":false,"excerpt":"S\u00f6ndag. Eftermiddag. Man kan sova eller l\u00e5tsasjobba. Sj\u00e4lv g\u00f6r jag b\u00e5de och. Sover av f\u00f6rmiddagen. L\u00e5tsasjobbar eftermiddagen. Varf\u00f6r inte. liksom. N\u00e4r man kan. Norges nationaldag ocks\u00e5 s\u00e5klart. Lite skulle man v\u00e4l fira det Norska inom sig. Hans'en T\u00f6rn, anfader, som kom \u00f6ver gr\u00e4nsen under ett sista Napolionkrig. Stannade i Sverige.\u2026","rel":"","context":"In &quot;Betraktelser &amp; Ber\u00e4ttelse&quot;","block_context":{"text":"Betraktelser &amp; Ber\u00e4ttelse","link":"https:\/\/www.akehedman.se\/wordpress\/?cat=24"},"img":{"alt_text":"","src":"https:\/\/i0.wp.com\/www.akehedman.se\/wordpress\/wp-content\/uploads\/2020\/05\/IMG_20200517_171447704.jpg?resize=350%2C200&ssl=1","width":350,"height":200},"classes":[]},{"id":9947,"url":"https:\/\/www.akehedman.se\/wordpress\/?p=9947","url_meta":{"origin":19909,"position":5},"title":"F\u00f6retagande och st\u00e4dning","author":"\u00c5ke Hedman","date":"2013-09-20","format":false,"excerpt":"Det \u00e4r bara en grad varmt utanf\u00f6r f\u00f6nstren n\u00e4r jag kliver upp h\u00e4r p\u00e5 morgonen. Man f\u00e5r liksom f\u00f6raningar om vad som ligger framf\u00f6r en. M\u00e5ste v\u00e4l sl\u00e5 p\u00e5 v\u00e4rmen snart. Men vill inte, inte \u00e4n. N\u00e4r den v\u00e4l \u00e4r p\u00e5 s\u00e5 \u00e4r det liksom k\u00f6rt p\u00e5 riktigt. D\u00e5 \u00e4r\u2026","rel":"","context":"In &quot;Betraktelser &amp; Ber\u00e4ttelse&quot;","block_context":{"text":"Betraktelser &amp; Ber\u00e4ttelse","link":"https:\/\/www.akehedman.se\/wordpress\/?cat=24"},"img":{"alt_text":"download","src":"https:\/\/i0.wp.com\/www.eurosource.se\/akhe\/wordpress\/wp-content\/uploads\/2013\/09\/download.jpg?resize=350%2C200","width":350,"height":200},"classes":[]}],"jetpack_shortlink":"https:\/\/wp.me\/p68PL2-5b7","_links":{"self":[{"href":"https:\/\/www.akehedman.se\/wordpress\/index.php?rest_route=\/wp\/v2\/posts\/19909","targetHints":{"allow":["GET"]}}],"collection":[{"href":"https:\/\/www.akehedman.se\/wordpress\/index.php?rest_route=\/wp\/v2\/posts"}],"about":[{"href":"https:\/\/www.akehedman.se\/wordpress\/index.php?rest_route=\/wp\/v2\/types\/post"}],"author":[{"embeddable":true,"href":"https:\/\/www.akehedman.se\/wordpress\/index.php?rest_route=\/wp\/v2\/users\/24"}],"replies":[{"embeddable":true,"href":"https:\/\/www.akehedman.se\/wordpress\/index.php?rest_route=%2Fwp%2Fv2%2Fcomments&post=19909"}],"version-history":[{"count":1,"href":"https:\/\/www.akehedman.se\/wordpress\/index.php?rest_route=\/wp\/v2\/posts\/19909\/revisions"}],"predecessor-version":[{"id":19911,"href":"https:\/\/www.akehedman.se\/wordpress\/index.php?rest_route=\/wp\/v2\/posts\/19909\/revisions\/19911"}],"wp:attachment":[{"href":"https:\/\/www.akehedman.se\/wordpress\/index.php?rest_route=%2Fwp%2Fv2%2Fmedia&parent=19909"}],"wp:term":[{"taxonomy":"category","embeddable":true,"href":"https:\/\/www.akehedman.se\/wordpress\/index.php?rest_route=%2Fwp%2Fv2%2Fcategories&post=19909"},{"taxonomy":"post_tag","embeddable":true,"href":"https:\/\/www.akehedman.se\/wordpress\/index.php?rest_route=%2Fwp%2Fv2%2Ftags&post=19909"}],"curies":[{"name":"wp","href":"https:\/\/api.w.org\/{rel}","templated":true}]}}