{"id":19813,"date":"2016-03-01T13:32:51","date_gmt":"2016-03-01T12:32:51","guid":{"rendered":"http:\/\/www.akehedman.se\/wordpress\/?p=19813"},"modified":"2016-03-01T13:32:51","modified_gmt":"2016-03-01T12:32:51","slug":"solig-dag-men-utan-nas-och-ainbusk-singers-sjunger-inte-mer","status":"publish","type":"post","link":"https:\/\/www.akehedman.se\/wordpress\/?p=19813","title":{"rendered":"Solig dag men utan NAS och Ainbusk singers sjunger inte mer"},"content":{"rendered":"<p><img data-recalc-dims=\"1\" loading=\"lazy\" decoding=\"async\" class=\"alignnone size-full wp-image-19814\" src=\"https:\/\/i0.wp.com\/www.akehedman.se\/wordpress\/wp-content\/uploads\/2016\/03\/freenas-logo.png?resize=500%2C150\" alt=\"freenas-logo\" width=\"500\" height=\"150\" srcset=\"https:\/\/i0.wp.com\/www.akehedman.se\/wordpress\/wp-content\/uploads\/2016\/03\/freenas-logo.png?w=500&amp;ssl=1 500w, https:\/\/i0.wp.com\/www.akehedman.se\/wordpress\/wp-content\/uploads\/2016\/03\/freenas-logo.png?resize=300%2C90&amp;ssl=1 300w\" sizes=\"auto, (max-width: 500px) 100vw, 500px\" \/><\/p>\n<p>Min NAS har best\u00e4mt sig f\u00f6r att helt sonika st\u00e4nga av sig ibland. Hmmmm&#8230; Men vad g\u00f6r det n\u00e4r det \u00e4r soligt som om det var sj\u00e4lvaste sommaren d\u00e4r ute.\u00a0 Utg\u00e5ngen uppt\u00e4cker man dock snart att det inte finns tillstymmelse till sommarv\u00e4der. Bara kalla vindar som kommer s\u00f6derifr\u00e5n n\u00e5gonstans. Hmmmm&#8230; igen. Trodde det var varmare d\u00e4r.<\/p>\n<p>Ja NAS&#8217;en f\u00e5r man v\u00e4l ta sig en titt p\u00e5. S\u00e5d\u00e4r kan man ju inte ha det. Hoppas p\u00e5 den kanske och om inte det hj\u00e4lper h\u00e4mta brandyxan jag fick i trettio\u00e5rspresent. Sl\u00e5 n\u00e5gra v\u00e4lriktade slag mitt i. L\u00f6sa problemet permanent. Fr\u00e5gan \u00e4r om man skall spara diskarna innan&#8230; F\u00e5r fundera p\u00e5 det.<\/p>\n<p>Vore sk\u00f6nt att ha ett supportnummer att ringa. Tala om att det \u00e4r fel p\u00e5 saker och f\u00e5 svaret &#8220;vi kommer&#8221;. Men det \u00e4r v\u00e4l inte f\u00f6r mig det s\u00e5klart. FreeNas k\u00f6rs. Man bygger sj\u00e4lv. S\u00e5klart. Trodde verkligen en enda en n\u00e5got annat.<\/p>\n<p>L\u00e4ngtan s\u00f6derut sitter i kroppen. Sliter i mig. &#8220;\u00c5k till det varma havet&#8221; s\u00e4ger den r\u00f6sten. &#8220;NU&#8221;. Men inte \u00e5ker man ju.\u00a0 Men sen kanske. N\u00e4r man v\u00e4l f\u00e5tt igenom bilen genom besiktningen. Har klara papper. Men borde s\u00e5klart byta den d\u00e4r kuggremmen ocks\u00e5. Tusen tals mil sedan den borde blivit bytt. Man lever farligt. Allts\u00e5. Ja sen f\u00e5r man dra. Efter det bytet. Om man lever. D\u00e5.<\/p>\n<p>Josefin d\u00f6r. P\u00e5 tok f\u00f6r ung. En syster kvar p\u00e5 Gotland. Skriver mail till v\u00e4nnerna. Men man har s\u00e5klart egentligen inte ett ord som kan tr\u00f6sta. Bara kramar. Som f\u00e5r bli elektroniska.\u00a0 Dom \u00e4r s\u00e5 l\u00e5ngt borta. Mitt ute i havet.\u00a0 Ainbusk Sisters finns inte mer. Synd tycker jag.<\/p>\n<p>Ljusare p\u00e5 morgonen \u00e4r det. Solen gick upp sju i morse. Ja j\u00e4vlar. Det h\u00e4nder saker. Talgoxarna h\u00e4r utanf\u00f6r g\u00f6r helt klart att dom ocks\u00e5 har uppt\u00e4ckt att n\u00e5got \u00e4r p\u00e5 g\u00e5ng. Tack gode han, hon, det, gud f\u00f6r f\u00e5glarna.<\/p>\n<p>Jobba kanske? Japp!<\/p>\n<p>&nbsp;<\/p>\n","protected":false},"excerpt":{"rendered":"<p>Min NAS har best\u00e4mt sig f\u00f6r att helt sonika st\u00e4nga av sig ibland. Hmmmm&#8230; Men vad g\u00f6r det n\u00e4r det \u00e4r soligt som om det var sj\u00e4lvaste sommaren d\u00e4r ute.\u00a0 Utg\u00e5ngen uppt\u00e4cker man dock snart att det inte finns tillstymmelse till sommarv\u00e4der. Bara kalla vindar som kommer s\u00f6derifr\u00e5n n\u00e5gonstans. Hmmmm&#8230; igen. Trodde det var varmare [&hellip;]<\/p>\n","protected":false},"author":24,"featured_media":0,"comment_status":"open","ping_status":"open","sticky":false,"template":"","format":"standard","meta":{"_crdt_document":"","jetpack_post_was_ever_published":false,"_jetpack_newsletter_access":"","_jetpack_dont_email_post_to_subs":false,"_jetpack_newsletter_tier_id":0,"_jetpack_memberships_contains_paywalled_content":false,"_jetpack_memberships_contains_paid_content":false,"footnotes":"","jetpack_publicize_message":"","jetpack_publicize_feature_enabled":true,"jetpack_social_post_already_shared":true,"jetpack_social_options":{"image_generator_settings":{"template":"highway","default_image_id":0,"font":"","enabled":false},"version":2}},"categories":[24],"tags":[],"class_list":["post-19813","post","type-post","status-publish","format-standard","hentry","category-betraktelser"],"jetpack_publicize_connections":[],"jetpack_featured_media_url":"","jetpack_sharing_enabled":true,"jetpack_likes_enabled":true,"jetpack-related-posts":[{"id":40746,"url":"https:\/\/www.akehedman.se\/wordpress\/?p=40746","url_meta":{"origin":19813,"position":0},"title":"Snart \u00e4r det vargjakt","author":"\u00c5ke Hedman","date":"2021-12-29","format":false,"excerpt":"Det \u00e4r riktig vinter. Hulken r\u00e5mar. \u00c4r stor och gr\u00f6n innan. Gr\u00f6nare nu. Ilsket gr\u00f6n. Hoppar upp och ner. \u00c4lskar det h\u00e4r. Jag matar p\u00e5 s\u00e4ck efter s\u00e4ck med pellets och ber till gudarna om f\u00f6rbarmande. Eller n\u00e5ja. Hoppas p\u00e5 SMHI. Gudar n\u00e4stan de ocks\u00e5 d\u00e4r i Norrk\u00f6ping. Som f\u00f6rs\u00f6ker\u2026","rel":"","context":"In &quot;Betraktelser &amp; Ber\u00e4ttelse&quot;","block_context":{"text":"Betraktelser &amp; Ber\u00e4ttelse","link":"https:\/\/www.akehedman.se\/wordpress\/?cat=24"},"img":{"alt_text":"","src":"https:\/\/i0.wp.com\/www.akehedman.se\/wordpress\/wp-content\/uploads\/2021\/12\/Screenshot-from-2021-12-29-22-14-21.png?resize=350%2C200&ssl=1","width":350,"height":200,"srcset":"https:\/\/i0.wp.com\/www.akehedman.se\/wordpress\/wp-content\/uploads\/2021\/12\/Screenshot-from-2021-12-29-22-14-21.png?resize=350%2C200&ssl=1 1x, https:\/\/i0.wp.com\/www.akehedman.se\/wordpress\/wp-content\/uploads\/2021\/12\/Screenshot-from-2021-12-29-22-14-21.png?resize=525%2C300&ssl=1 1.5x, https:\/\/i0.wp.com\/www.akehedman.se\/wordpress\/wp-content\/uploads\/2021\/12\/Screenshot-from-2021-12-29-22-14-21.png?resize=700%2C400&ssl=1 2x, https:\/\/i0.wp.com\/www.akehedman.se\/wordpress\/wp-content\/uploads\/2021\/12\/Screenshot-from-2021-12-29-22-14-21.png?resize=1050%2C600&ssl=1 3x"},"classes":[]},{"id":19406,"url":"https:\/\/www.akehedman.se\/wordpress\/?p=19406","url_meta":{"origin":19813,"position":1},"title":"Liv efter jul","author":"\u00c5ke Hedman","date":"2016-01-08","format":false,"excerpt":"Det \u00e4r kallt h\u00e4r i Los. S\u00e5klart. Som \u00f6verallt annars. Det \u00e4r vinter. Men tack och lov bor vi d\u00e4r finnar bosatte sig. Japp allts\u00e5 \u00e4r det fem eller tio grader varmare h\u00e4r \u00e4n d\u00e4r nere d\u00e4r floderna fl\u00f6dar. Japp alltid p\u00e5 toppen av ett berg och p\u00e5 r\u00e4tt sida\u2026","rel":"","context":"In &quot;Betraktelser &amp; Ber\u00e4ttelse&quot;","block_context":{"text":"Betraktelser &amp; Ber\u00e4ttelse","link":"https:\/\/www.akehedman.se\/wordpress\/?cat=24"},"img":{"alt_text":"bondkakor","src":"https:\/\/i0.wp.com\/www.akehedman.se\/wordpress\/wp-content\/uploads\/2015\/12\/bondkakor.jpg?resize=350%2C200","width":350,"height":200},"classes":[]},{"id":33153,"url":"https:\/\/www.akehedman.se\/wordpress\/?p=33153","url_meta":{"origin":19813,"position":2},"title":"Personalfest","author":"\u00c5ke Hedman","date":"2019-09-25","format":false,"excerpt":"Skjutsar K till Ljusdal. Hon skall p\u00e5 personalfest. I dagarna tre. I G\u00f6teborg. Biblioteksm\u00e4ssa. Biblotikariers stora \u00e5rliga fest. Det \u00e4r v\u00e4l med det d\u00e4r som med musikers turneer. \"What happens on tour stays on tour\". Vi som \u00e4r hemma st\u00e4ller inte f\u00f6r detaljerade fr\u00e5gor vid hemkomsten. R\u00e4dda f\u00f6r svaren. Men\u2026","rel":"","context":"In &quot;Betraktelser &amp; Ber\u00e4ttelse&quot;","block_context":{"text":"Betraktelser &amp; Ber\u00e4ttelse","link":"https:\/\/www.akehedman.se\/wordpress\/?cat=24"},"img":{"alt_text":"","src":"https:\/\/i0.wp.com\/www.akehedman.se\/wordpress\/wp-content\/uploads\/2019\/09\/IMG_20190925_164704361_HDR.jpg?resize=350%2C200&ssl=1","width":350,"height":200,"srcset":"https:\/\/i0.wp.com\/www.akehedman.se\/wordpress\/wp-content\/uploads\/2019\/09\/IMG_20190925_164704361_HDR.jpg?resize=350%2C200&ssl=1 1x, https:\/\/i0.wp.com\/www.akehedman.se\/wordpress\/wp-content\/uploads\/2019\/09\/IMG_20190925_164704361_HDR.jpg?resize=525%2C300&ssl=1 1.5x, https:\/\/i0.wp.com\/www.akehedman.se\/wordpress\/wp-content\/uploads\/2019\/09\/IMG_20190925_164704361_HDR.jpg?resize=700%2C400&ssl=1 2x, https:\/\/i0.wp.com\/www.akehedman.se\/wordpress\/wp-content\/uploads\/2019\/09\/IMG_20190925_164704361_HDR.jpg?resize=1050%2C600&ssl=1 3x, https:\/\/i0.wp.com\/www.akehedman.se\/wordpress\/wp-content\/uploads\/2019\/09\/IMG_20190925_164704361_HDR.jpg?resize=1400%2C800&ssl=1 4x"},"classes":[]},{"id":14900,"url":"https:\/\/www.akehedman.se\/wordpress\/?p=14900","url_meta":{"origin":19813,"position":3},"title":"Buggar och pengar, \u00f6vertrasseringar och f\u00e4ngelser","author":"\u00c5ke Hedman","date":"2014-09-18","format":false,"excerpt":"Snart en dag till \u00e4nda igen. Ja en hel vecka om man t\u00e4nker p\u00e5 det s\u00e4ttet. \u00a0Letar bugg hela kv\u00e4llen. Intermittenta grejer, allts\u00e5 sv\u00e5rf\u00e5ngat. Det \u00e4r skittr\u00e5kigt. Man vill att grejer skall fungera. Men det \u00e4r sj\u00e4lva jobbet det d\u00e4r s\u00e5klart. Man kommer inte undan det. M\u00e5ste leta i sitt\u2026","rel":"","context":"In &quot;Betraktelser &amp; Ber\u00e4ttelse&quot;","block_context":{"text":"Betraktelser &amp; Ber\u00e4ttelse","link":"https:\/\/www.akehedman.se\/wordpress\/?cat=24"},"img":{"alt_text":"Assassin_bug_aug08_02","src":"https:\/\/i0.wp.com\/www.eurosource.se\/akhe\/wordpress\/wp-content\/uploads\/2014\/09\/Assassin_bug_aug08_02-1024x682.jpg?resize=350%2C200","width":350,"height":200,"srcset":"https:\/\/i0.wp.com\/www.eurosource.se\/akhe\/wordpress\/wp-content\/uploads\/2014\/09\/Assassin_bug_aug08_02-1024x682.jpg?resize=350%2C200 1x, https:\/\/i0.wp.com\/www.eurosource.se\/akhe\/wordpress\/wp-content\/uploads\/2014\/09\/Assassin_bug_aug08_02-1024x682.jpg?resize=525%2C300 1.5x"},"classes":[]},{"id":20234,"url":"https:\/\/www.akehedman.se\/wordpress\/?p=20234","url_meta":{"origin":19813,"position":4},"title":"Pollen och araber som inte finns.","author":"\u00c5ke Hedman","date":"2016-04-27","format":false,"excerpt":"Det sn\u00f6ar s\u00e5d\u00e4r h\u00f6staktigt ute. Men det \u00e4r s\u00e5klart v\u00e5r. Men det k\u00e4nns som h\u00f6st. Som om skitvintern l\u00e5g framf\u00f6r en. Tunna flingor far genom luften som segrarens konfetti. JAG FRYSER! S\u00e5klart g\u00f6r jag det. Plus tv\u00e5 grader. Kan man d\u00e5 annat g\u00f6ra \u00e4n att frysa. Trots plus tjugotv\u00e5 inne.\u2026","rel":"","context":"In &quot;Betraktelser &amp; Ber\u00e4ttelse&quot;","block_context":{"text":"Betraktelser &amp; Ber\u00e4ttelse","link":"https:\/\/www.akehedman.se\/wordpress\/?cat=24"},"img":{"alt_text":"Misc_pollen_colorized","src":"https:\/\/i0.wp.com\/www.akehedman.se\/wordpress\/wp-content\/uploads\/2016\/04\/Misc_pollen_colorized-1024x780.jpg?resize=350%2C200","width":350,"height":200,"srcset":"https:\/\/i0.wp.com\/www.akehedman.se\/wordpress\/wp-content\/uploads\/2016\/04\/Misc_pollen_colorized-1024x780.jpg?resize=350%2C200 1x, https:\/\/i0.wp.com\/www.akehedman.se\/wordpress\/wp-content\/uploads\/2016\/04\/Misc_pollen_colorized-1024x780.jpg?resize=525%2C300 1.5x"},"classes":[]},{"id":43483,"url":"https:\/\/www.akehedman.se\/wordpress\/?p=43483","url_meta":{"origin":19813,"position":5},"title":"Storherre","author":"\u00c5ke Hedman","date":"2022-12-05","format":false,"excerpt":"H\u00e4r ligger en man som misslyckades med allt(...men hade ganska skoj under tiden..) Jag vaknar vid fem. M\u00e4rker att det inte finns n\u00e5gra utsikter om att somna om. Sl\u00e5r lite motvilligt p\u00e5 det jag pretenti\u00f6st kallar tankar. Det d\u00e4r med att g\u00e5 upp vid fem och \u00e4ta frukost f\u00e5r v\u00e4l\u2026","rel":"","context":"In &quot;Betraktelser &amp; Ber\u00e4ttelse&quot;","block_context":{"text":"Betraktelser &amp; Ber\u00e4ttelse","link":"https:\/\/www.akehedman.se\/wordpress\/?cat=24"},"img":{"alt_text":"","src":"","width":0,"height":0},"classes":[]}],"jetpack_shortlink":"https:\/\/wp.me\/p68PL2-59z","_links":{"self":[{"href":"https:\/\/www.akehedman.se\/wordpress\/index.php?rest_route=\/wp\/v2\/posts\/19813","targetHints":{"allow":["GET"]}}],"collection":[{"href":"https:\/\/www.akehedman.se\/wordpress\/index.php?rest_route=\/wp\/v2\/posts"}],"about":[{"href":"https:\/\/www.akehedman.se\/wordpress\/index.php?rest_route=\/wp\/v2\/types\/post"}],"author":[{"embeddable":true,"href":"https:\/\/www.akehedman.se\/wordpress\/index.php?rest_route=\/wp\/v2\/users\/24"}],"replies":[{"embeddable":true,"href":"https:\/\/www.akehedman.se\/wordpress\/index.php?rest_route=%2Fwp%2Fv2%2Fcomments&post=19813"}],"version-history":[{"count":1,"href":"https:\/\/www.akehedman.se\/wordpress\/index.php?rest_route=\/wp\/v2\/posts\/19813\/revisions"}],"predecessor-version":[{"id":19815,"href":"https:\/\/www.akehedman.se\/wordpress\/index.php?rest_route=\/wp\/v2\/posts\/19813\/revisions\/19815"}],"wp:attachment":[{"href":"https:\/\/www.akehedman.se\/wordpress\/index.php?rest_route=%2Fwp%2Fv2%2Fmedia&parent=19813"}],"wp:term":[{"taxonomy":"category","embeddable":true,"href":"https:\/\/www.akehedman.se\/wordpress\/index.php?rest_route=%2Fwp%2Fv2%2Fcategories&post=19813"},{"taxonomy":"post_tag","embeddable":true,"href":"https:\/\/www.akehedman.se\/wordpress\/index.php?rest_route=%2Fwp%2Fv2%2Ftags&post=19813"}],"curies":[{"name":"wp","href":"https:\/\/api.w.org\/{rel}","templated":true}]}}