{"id":19776,"date":"2016-02-24T21:52:26","date_gmt":"2016-02-24T20:52:26","guid":{"rendered":"http:\/\/www.akehedman.se\/wordpress\/?p=19776"},"modified":"2016-02-24T21:52:26","modified_gmt":"2016-02-24T20:52:26","slug":"heja-los","status":"publish","type":"post","link":"https:\/\/www.akehedman.se\/wordpress\/?p=19776","title":{"rendered":"Heja Los."},"content":{"rendered":"<p><img data-recalc-dims=\"1\" loading=\"lazy\" decoding=\"async\" class=\"alignnone size-full wp-image-19777\" src=\"https:\/\/i0.wp.com\/www.akehedman.se\/wordpress\/wp-content\/uploads\/2016\/02\/sv-flagga.jpg?resize=328%2C292\" alt=\"sv-flagga\" width=\"328\" height=\"292\" \/><\/p>\n<p>Jag pratar med en man som verkligen njuter av sin makt idag. Jag h\u00f6r det p\u00e5 hans r\u00f6st. Lugn. Njutningsfull. Han har den oinskr\u00e4nkta makten i sin hand. Jag har inget. \u00c4r helt i hans v\u00e5ld. Ja det kunde vara i ett koncentrationsl\u00e4ger. Men nu \u00e4r det 2015. De som skulle vara vakter d\u00e5 vandrar omkring bland oss andra idag ocks\u00e5. Inte s\u00e4rskilt sv\u00e5ra \u00e4r de att finna heller. Men jag kommer ren ur det hela. Han g\u00f6r det inte. J\u00e4mvikt vinner alltid. Till slut.<\/p>\n<p>55 best\u00e4llningar p\u00e5 bredband nu. 38% Japp en bit kvar till 75% men det g\u00e5r fram\u00e5t. <strong>Heja Los.<\/strong><\/p>\n<p>Ju mer jag t\u00e4nker p\u00e5 det s\u00e5 blir det nog pension vid 61. Jag har n\u00e4stan inget att f\u00f6rlora p\u00e5 det. Bara marginellt. Fattigpension\u00e4r \u00e4r jag och det f\u00f6rblir jag och jag tror inte att det faktum att jag i s\u00e5 fall blir pension\u00e4r p\u00e5verkar n\u00e5got annat. En dator, jag och v\u00e4rlden. Tills jag d\u00f6r, eller inte kan l\u00e4ngre. Men det \u00e4r klart kunde jag s\u00e5 skulle jag resa halva \u00e5ret. Ta med K och dra. Men nu kan jag inte det.<\/p>\n<p>Ungef\u00e4r den h\u00e4r dagen f\u00f6r 24 \u00e5r sedan l\u00e4mnade jag in konkursans\u00f6kan f\u00f6r D of Scandinavia AB. K bar p\u00e5 Niklas, v\u00e5r yngste. Allt var allts\u00e5 inte helt svart.Inte ens d\u00e5.\u00a0 Men den dagen. En sv\u00e5r dag. Ett sv\u00e5rt beslut. Ett enkelt papper att fylla i, s\u00e4tta porto p\u00e5 och skicka till tingsr\u00e4tten. Under halv\u00e5ret innan hade jag g\u00e5tt upp och spytt det f\u00f6rsta jag gjorde p\u00e5 morgon. Sen iv\u00e4g och f\u00f6rs\u00f6ka r\u00e4dda. Men det gick allts\u00e5 inte. NEJ det fanns och finns inget att skylla p\u00e5. 90-tals kris s\u00e5klart. Sv\u00e5righet att skaffa kapital i glesbygd. Sanningar. Men det \u00e4r \u00e4nd\u00e5 mina beslut som ledde dit. Man kan inte komma ifr\u00e5n det. Man har ansvar f\u00f6r sina beslut. Och man f\u00e5r ta det ansvaret. \u00c4ven om det p\u00e5verkar ett helt liv.<\/p>\n<p>Sv\u00e5rt skuldsatt. Sen den dagen. Miste allt. Men det \u00e4r inte det v\u00e4rsta. Det v\u00e4rsta \u00e4r att man aldrig till\u00e5ts komma tillbaks igen. Man skall h\u00e5llas nere. Medan r\u00e4ntorna p\u00e5 skulderna fr\u00e5n d\u00e5 v\u00e4xer sig till fem eller sex eller tio\u00a0 g\u00e5nger den ursprungliga skulden. Skuldsanering konstruerades f\u00f6r s\u00e5dan som oss. Men f\u00f6r de flesta av oss \u00e4r det bara tomma ord. Det finns alltid en anledning att inte bevilja. Besluten eller resonemangen g\u00e5r aldrig att f\u00f6rutse. Ja inga av de ursprungliga fordrings\u00e4garna finns kvar heller s\u00e5klart. Skulder \u00e4r handelsvara. K\u00f6ps upp p\u00e5 spekulation av skumma bolag. De som har lagen p\u00e5 sin sida. S\u00e5klart. Har det inte alltid varit s\u00e5?\u00a0 Lagen f\u00f6ljer pengarna.<\/p>\n<p>Jag \u00e4r tr\u00f6tt p\u00e5 det d\u00e4r. Tr\u00f6tt p\u00e5 det d\u00e4r och p\u00e5 maktens m\u00e4n. Ja kvinnorna med f\u00f6r den delen. Galenskapen. F\u00f6r det \u00e4r vad det \u00e4r. Men man m\u00e5ste ju uppleva det s\u00e5klart f\u00f6r att f\u00f6rst\u00e5. Det \u00e4r fullst\u00e4ndigt om\u00f6jligt att i ord f\u00f6rs\u00f6ka f\u00f6rklara.<\/p>\n<p>Men som sagt. Ja, jag \u00e4r skyldig. Ett beslut &#8211; ett f\u00f6rst\u00f6rt liv.\u00a0 En mord\u00e5talad \u00e4r ute p\u00e5 och fri efter 8-18 \u00e5r. Att bli skuldsatt efter en konkurs eller vad det nu \u00e4r \u00e4r allts\u00e5 v\u00e4rre. Det finns inget datum d\u00e4r &#8220;brottet&#8221; \u00e4r sonat. D\u00e4r personen ifr\u00e5ga kommer in i samh\u00e4llet igen. Galenskap. Och nej det \u00e4r inte jag som st\u00e5r f\u00f6r den.<\/p>\n<p>Men skyldig s\u00e5klart. Japp jag erk\u00e4nner. Jag tog fel beslut. V\u00e4xte f\u00f6r fort. Trodde p\u00e5 fel m\u00e4nniskor. F\u00f6ruts\u00e5g inte krisen 1990. Skyldig! Sk\u00e4ms allts\u00e5. MEN JAG V\u00c4GRAR ATT SK\u00c4MMAS!\u00a0 Sk\u00e4mmas kan de som INTE g\u00f6r n\u00e5got, de som INTE tar felaktiga beslut just d\u00e4rf\u00f6r, g\u00f6ra. Premieras skall de som INTE g\u00f6r n\u00e5got,\u00a0 i evighet\u00a0 amen och tack och bock..<\/p>\n<p>Men solen g\u00e5r upp idag ocks\u00e5. Jag uppskattar den, Jag uppskattar promenaden. Jag uppskattar f\u00e5glarna. Jag uppskattar att jag f\u00e5r n\u00e5gra tusenlappar f\u00f6r en l\u00e4nk. Jag \u00e4lskar att leva. Sicken paradox. N\u00e4r s\u00e5 m\u00e5nga inte g\u00f6r det som har allt och lte till av det som jag inte har. T\u00e4nka sig j\u00e4mvikt igen. P\u00e5 n\u00e5got s\u00e4tt lurar den sig in i det mesta. Alltid.<\/p>\n<p>Annars l\u00f6der jag idag ocks\u00e5. Kort efter kort efter kort. Just det k\u00e4nns lika bra som solen. Mina tankar \u00c4R mina. Jag har kontroll p\u00e5 dom och dom leder n\u00e5gonstans. OJ vad sk\u00f6nt det \u00e4r. Skickar paket idag ocks\u00e5. Ut i Europa. S\u00e5klart. Tydligen \u00e4r man vaknare d\u00e4r. \u00c4n h\u00e4r. Eller vad det nu beror p\u00e5. Hur skall jag veta.<\/p>\n<p>M-Q-T-T ha man ju sagt. Och t\u00e4nkt. H\u00f6r p\u00e5 ett\u00a0 f\u00f6redrag d\u00e4r man s\u00e4ger M-qtt. Hmm&#8230;\u00a0 V\u00e5ndan av att aldrig h\u00f6ra bara l\u00e4sa. Ensamheten skapar s\u00e5dant d\u00e4r. Jag trodde mySQL\u00a0 hette efter det grekiska my l\u00e4nge. Trodde inte det kunde vara s\u00e5 trivialt som &#8220;my&#8221;. Men det var det. Ja och s\u00e5 var det sequel ocks\u00e5 men det \u00e4r en annan historia.<\/p>\n<p>Ja hur som helst \u00e4r det \u00e4nd\u00e5 &#8220;Heja Los&#8221;. Det kan man inte komma ifr\u00e5n. Inte ens en god dag som denna. N\u00e4pp det kan man inte.<\/p>\n","protected":false},"excerpt":{"rendered":"<p>Jag pratar med en man som verkligen njuter av sin makt idag. Jag h\u00f6r det p\u00e5 hans r\u00f6st. Lugn. Njutningsfull. Han har den oinskr\u00e4nkta makten i sin hand. Jag har inget. \u00c4r helt i hans v\u00e5ld. Ja det kunde vara i ett koncentrationsl\u00e4ger. Men nu \u00e4r det 2015. De som skulle vara vakter d\u00e5 vandrar [&hellip;]<\/p>\n","protected":false},"author":24,"featured_media":0,"comment_status":"open","ping_status":"open","sticky":false,"template":"","format":"standard","meta":{"_crdt_document":"","jetpack_post_was_ever_published":false,"_jetpack_newsletter_access":"","_jetpack_dont_email_post_to_subs":false,"_jetpack_newsletter_tier_id":0,"_jetpack_memberships_contains_paywalled_content":false,"_jetpack_memberships_contains_paid_content":false,"footnotes":"","jetpack_publicize_message":"","jetpack_publicize_feature_enabled":true,"jetpack_social_post_already_shared":true,"jetpack_social_options":{"image_generator_settings":{"template":"highway","default_image_id":0,"font":"","enabled":false},"version":2}},"categories":[24],"tags":[],"class_list":["post-19776","post","type-post","status-publish","format-standard","hentry","category-betraktelser"],"jetpack_publicize_connections":[],"jetpack_featured_media_url":"","jetpack_sharing_enabled":true,"jetpack_likes_enabled":true,"jetpack-related-posts":[{"id":23494,"url":"https:\/\/www.akehedman.se\/wordpress\/?p=23494","url_meta":{"origin":19776,"position":0},"title":"Inte fastna bara&#8230;","author":"\u00c5ke Hedman","date":"2017-02-26","format":false,"excerpt":"En \"j\u00e4vligt bra bok\" f\u00e5r mig att stanna kvar i soffan f\u00f6rmiddag och st\u00f6rre delen av eftermiddagen. Den m\u00e5ste l\u00e4sas klart. Japp det finns annat att g\u00f6ra. Min vecka har egentligen startat. Men jag l\u00e4ser och l\u00e4ser och l\u00e4r mig och njuter och l\u00e4ser klart. Ja det kan inte hj\u00e4lpas\u2026","rel":"","context":"In &quot;Betraktelser &amp; Ber\u00e4ttelse&quot;","block_context":{"text":"Betraktelser &amp; Ber\u00e4ttelse","link":"https:\/\/www.akehedman.se\/wordpress\/?cat=24"},"img":{"alt_text":"","src":"https:\/\/i0.wp.com\/www.akehedman.se\/wordpress\/wp-content\/uploads\/2017\/01\/20170124_084030-1024x576.jpg?resize=350%2C200","width":350,"height":200,"srcset":"https:\/\/i0.wp.com\/www.akehedman.se\/wordpress\/wp-content\/uploads\/2017\/01\/20170124_084030-1024x576.jpg?resize=350%2C200 1x, https:\/\/i0.wp.com\/www.akehedman.se\/wordpress\/wp-content\/uploads\/2017\/01\/20170124_084030-1024x576.jpg?resize=525%2C300 1.5x"},"classes":[]},{"id":20982,"url":"https:\/\/www.akehedman.se\/wordpress\/?p=20982","url_meta":{"origin":19776,"position":1},"title":"Blir man smartare d\u00e5?","author":"\u00c5ke Hedman","date":"2016-07-10","format":false,"excerpt":"\u00a0 Nikola Tesla har sin f\u00f6delsedag idag. Han \u00e4r v\u00e4l v\u00e4rd att fira. Men d\u00f6d s\u00e5klart. Man kan inte fira en d\u00f6d. Men minnas. Eller n\u00e5tt. En man v\u00e4rd respekt hur som helst. Hurra, hurra, hurra. Om man nu kan hurra f\u00f6r en som skulle ha blivit 160 bast idag.\u2026","rel":"","context":"In &quot;Betraktelser &amp; Ber\u00e4ttelse&quot;","block_context":{"text":"Betraktelser &amp; Ber\u00e4ttelse","link":"https:\/\/www.akehedman.se\/wordpress\/?cat=24"},"img":{"alt_text":"Tesla","src":"https:\/\/i0.wp.com\/www.akehedman.se\/wordpress\/wp-content\/uploads\/2016\/07\/Tesla-1024x640.jpg?resize=350%2C200","width":350,"height":200,"srcset":"https:\/\/i0.wp.com\/www.akehedman.se\/wordpress\/wp-content\/uploads\/2016\/07\/Tesla-1024x640.jpg?resize=350%2C200 1x, https:\/\/i0.wp.com\/www.akehedman.se\/wordpress\/wp-content\/uploads\/2016\/07\/Tesla-1024x640.jpg?resize=525%2C300 1.5x"},"classes":[]},{"id":24106,"url":"https:\/\/www.akehedman.se\/wordpress\/?p=24106","url_meta":{"origin":19776,"position":2},"title":"Dymmelonsdagen","author":"\u00c5ke Hedman","date":"2017-04-13","format":false,"excerpt":"Oj! Missade Dymmelonsdagen i \u00e5r. Man skall linda in klockornas kl\u00e4mtar i tyg den dan och jag antar att det g\u00e4ller mina h\u00e5rdrocksuts\u00e4ndande h\u00f6gtalare ocks\u00e5. Men gl\u00f6mde allts\u00e5. Vr\u00e4kte p\u00e5. Full volym. Watt s\u00e5 det r\u00e4cker.\u00a0 Nu hamnar man s\u00e5ledes i helvetet. Lika bra det kanske. Hur som helst\u00a0 \u00e4r\u2026","rel":"","context":"In &quot;Betraktelser &amp; Ber\u00e4ttelse&quot;","block_context":{"text":"Betraktelser &amp; Ber\u00e4ttelse","link":"https:\/\/www.akehedman.se\/wordpress\/?cat=24"},"img":{"alt_text":"","src":"https:\/\/i0.wp.com\/www.akehedman.se\/wordpress\/wp-content\/uploads\/2017\/04\/20170413_090244-1024x576.png?resize=350%2C200","width":350,"height":200,"srcset":"https:\/\/i0.wp.com\/www.akehedman.se\/wordpress\/wp-content\/uploads\/2017\/04\/20170413_090244-1024x576.png?resize=350%2C200 1x, https:\/\/i0.wp.com\/www.akehedman.se\/wordpress\/wp-content\/uploads\/2017\/04\/20170413_090244-1024x576.png?resize=525%2C300 1.5x"},"classes":[]},{"id":30375,"url":"https:\/\/www.akehedman.se\/wordpress\/?p=30375","url_meta":{"origin":19776,"position":3},"title":"Jag och katten","author":"\u00c5ke Hedman","date":"2018-10-22","format":false,"excerpt":"\u00a0 Japp, det \u00e4r jag och lillkatten. L\u00e5tsaskv\u00e4llsskift.\u00a0 Som f\u00f6rr\u00a0 i tiden. P\u00e5 sp\u00e5nplattefabriken. Sjuttiotal. Det som slutande vid tio. N\u00e4r alla polare \u00e5kte hem och la sig s\u00e5 slutade man jobbet f\u00f6r dagen. Just den veckan av fyrskiftet var tristas. Upp fem och iv\u00e4g var inget mot det. Eller\u2026","rel":"","context":"In &quot;Betraktelser &amp; Ber\u00e4ttelse&quot;","block_context":{"text":"Betraktelser &amp; Ber\u00e4ttelse","link":"https:\/\/www.akehedman.se\/wordpress\/?cat=24"},"img":{"alt_text":"","src":"https:\/\/i0.wp.com\/www.akehedman.se\/wordpress\/wp-content\/uploads\/2018\/10\/IMG_20181022_211428802-1024x767.png?resize=350%2C200","width":350,"height":200,"srcset":"https:\/\/i0.wp.com\/www.akehedman.se\/wordpress\/wp-content\/uploads\/2018\/10\/IMG_20181022_211428802-1024x767.png?resize=350%2C200 1x, https:\/\/i0.wp.com\/www.akehedman.se\/wordpress\/wp-content\/uploads\/2018\/10\/IMG_20181022_211428802-1024x767.png?resize=525%2C300 1.5x"},"classes":[]},{"id":23515,"url":"https:\/\/www.akehedman.se\/wordpress\/?p=23515","url_meta":{"origin":19776,"position":4},"title":"Sex och femtio\u00e5tta","author":"\u00c5ke Hedman","date":"2017-03-01","format":false,"excerpt":"H\u00e4r uppe i mellansverige g\u00e5r solen f\u00f6r f\u00f6rsta g\u00e5ngen upp f\u00f6re sju idag. Sex och femtio\u00e5tta. Det \u00e4r fint det. Ja och det m\u00e4rks v\u00e4l n\u00e4r jag ger mig ut p\u00e5 min promenad. Det finns inget kvar av natten d\u00e5, d\u00e4r, h\u00e4r, inte ens en liten skugga som dr\u00f6jt sig\u2026","rel":"","context":"In &quot;Betraktelser &amp; Ber\u00e4ttelse&quot;","block_context":{"text":"Betraktelser &amp; Ber\u00e4ttelse","link":"https:\/\/www.akehedman.se\/wordpress\/?cat=24"},"img":{"alt_text":"","src":"https:\/\/i0.wp.com\/www.akehedman.se\/wordpress\/wp-content\/uploads\/2013\/08\/klocka2-1024x685.jpg?resize=350%2C200","width":350,"height":200,"srcset":"https:\/\/i0.wp.com\/www.akehedman.se\/wordpress\/wp-content\/uploads\/2013\/08\/klocka2-1024x685.jpg?resize=350%2C200 1x, https:\/\/i0.wp.com\/www.akehedman.se\/wordpress\/wp-content\/uploads\/2013\/08\/klocka2-1024x685.jpg?resize=525%2C300 1.5x"},"classes":[]},{"id":20957,"url":"https:\/\/www.akehedman.se\/wordpress\/?p=20957","url_meta":{"origin":19776,"position":5},"title":"Projiceringarna","author":"\u00c5ke Hedman","date":"2016-07-07","format":false,"excerpt":"Jag bokf\u00f6r, den d\u00e4r sista bokf\u00f6ringen innan semester, ja fast det \u00e4r tv\u00e5 veckor till den, men \u00e4nd\u00e5. Det g\u00e5r s\u00e5d\u00e4r. Bokf\u00f6ringen. Jag vaknade vid fyra i morse och kunde inte somna om. Visserligen en f\u00f6rb\u00e4ttring j\u00e4mf\u00f6rt med ig\u00e5r d\u00e5 jag vaknade vid tre och inte heller \u00a0kunde somna om.\u2026","rel":"","context":"In &quot;Betraktelser &amp; Ber\u00e4ttelse&quot;","block_context":{"text":"Betraktelser &amp; Ber\u00e4ttelse","link":"https:\/\/www.akehedman.se\/wordpress\/?cat=24"},"img":{"alt_text":"Gavel","src":"https:\/\/i0.wp.com\/www.akehedman.se\/wordpress\/wp-content\/uploads\/2016\/02\/2603098-1024x682.jpg?resize=350%2C200","width":350,"height":200,"srcset":"https:\/\/i0.wp.com\/www.akehedman.se\/wordpress\/wp-content\/uploads\/2016\/02\/2603098-1024x682.jpg?resize=350%2C200 1x, https:\/\/i0.wp.com\/www.akehedman.se\/wordpress\/wp-content\/uploads\/2016\/02\/2603098-1024x682.jpg?resize=525%2C300 1.5x"},"classes":[]}],"jetpack_shortlink":"https:\/\/wp.me\/p68PL2-58Y","_links":{"self":[{"href":"https:\/\/www.akehedman.se\/wordpress\/index.php?rest_route=\/wp\/v2\/posts\/19776","targetHints":{"allow":["GET"]}}],"collection":[{"href":"https:\/\/www.akehedman.se\/wordpress\/index.php?rest_route=\/wp\/v2\/posts"}],"about":[{"href":"https:\/\/www.akehedman.se\/wordpress\/index.php?rest_route=\/wp\/v2\/types\/post"}],"author":[{"embeddable":true,"href":"https:\/\/www.akehedman.se\/wordpress\/index.php?rest_route=\/wp\/v2\/users\/24"}],"replies":[{"embeddable":true,"href":"https:\/\/www.akehedman.se\/wordpress\/index.php?rest_route=%2Fwp%2Fv2%2Fcomments&post=19776"}],"version-history":[{"count":1,"href":"https:\/\/www.akehedman.se\/wordpress\/index.php?rest_route=\/wp\/v2\/posts\/19776\/revisions"}],"predecessor-version":[{"id":19778,"href":"https:\/\/www.akehedman.se\/wordpress\/index.php?rest_route=\/wp\/v2\/posts\/19776\/revisions\/19778"}],"wp:attachment":[{"href":"https:\/\/www.akehedman.se\/wordpress\/index.php?rest_route=%2Fwp%2Fv2%2Fmedia&parent=19776"}],"wp:term":[{"taxonomy":"category","embeddable":true,"href":"https:\/\/www.akehedman.se\/wordpress\/index.php?rest_route=%2Fwp%2Fv2%2Fcategories&post=19776"},{"taxonomy":"post_tag","embeddable":true,"href":"https:\/\/www.akehedman.se\/wordpress\/index.php?rest_route=%2Fwp%2Fv2%2Ftags&post=19776"}],"curies":[{"name":"wp","href":"https:\/\/api.w.org\/{rel}","templated":true}]}}