{"id":19734,"date":"2016-02-21T23:26:37","date_gmt":"2016-02-21T22:26:37","guid":{"rendered":"http:\/\/www.akehedman.se\/wordpress\/?p=19734"},"modified":"2016-02-21T23:26:37","modified_gmt":"2016-02-21T22:26:37","slug":"helgen-som-kom-gick-och-forsvann","status":"publish","type":"post","link":"https:\/\/www.akehedman.se\/wordpress\/?p=19734","title":{"rendered":"Helgen som kom, gick och f\u00f6rsvann."},"content":{"rendered":"<p><img data-recalc-dims=\"1\" loading=\"lazy\" decoding=\"async\" class=\"alignnone size-full wp-image-19735\" src=\"https:\/\/i0.wp.com\/www.akehedman.se\/wordpress\/wp-content\/uploads\/2016\/02\/1_400x400.jpg?resize=400%2C400\" alt=\"-1_400x400\" width=\"400\" height=\"400\" \/><\/p>\n<p>Jobbat all tid som funnits den h\u00e4r helgen.\u00a0 Byggt upp det det som rivits igen och har kommit till en punkt d\u00e4r det \u00e4nd\u00e5 k\u00e4nns ganska bra. Men massor kvar. Tr\u00f6tt men n\u00f6jd nu allts\u00e5 trots allt. Men vad det nu skall tj\u00e4na till? Ja det fr\u00e5gar du s\u00e4kert. Ja och du har s\u00e4kert r\u00e4tt. Som vanligt. Man skall bo i storstan. Bara d\u00e4r kan man. Av n\u00e5gon underlig anledning. Som Alexander Bard p\u00e5 TV i morse. Han kan sp\u00e5 framtiden han. T\u00e4nka sig&#8230;<\/p>\n<p>Men imorgon en ny vecka. Nya tag. Skall f\u00e5 klart det h\u00e4r d\u00e5 t\u00e4nkte jag. L\u00e4gga in LUA som skriptspr\u00e5k ocks\u00e5. Fixa n\u00e5gra andra s\u00e5dana d\u00e4r tankar som legat och malt ett tag. Det roliga \u00e4r att det k\u00e4nns ganska h\u00e4ftigt att l\u00e4gga in grejerna men sen, eftersom aldrig n\u00e5gon f\u00f6rst\u00e5r vad det skall vara bra till, ALLA beh\u00f6ver tydligen 1-2-3 anvisningar idag, vad \u00e4r det med folk?, allts\u00e5 svalnar den d\u00e4r euforin efter hand. Det \u00e4r som det skall vara s\u00e5klart. V\u00e4rlden tickar p\u00e5 \u00e4nd\u00e5. Jag har aldrig egentligen ticka med. \u00c5 andra sidan inte mot heller. Mest p\u00e5 sidan om.<\/p>\n<p>Fast om sanningen skall fram s\u00e5 t\u00e4nker jag skita i det h\u00e4r nu. Fylla pellets, vandra upp, fatta tag i min bok. Japp livet \u00e4r gott. Man m\u00e5ste best\u00e4mma sig f\u00f6r det. Ocks\u00e5 innan han\/hon\/det\/gud best\u00e4mt sig f\u00f6r att ens hj\u00e4rta \u00e4r redo. Jag v\u00e4ntar t\u00e5ligt p\u00e5 det. Att ekvationen g\u00e5r att l\u00f6sa. Att patiensen g\u00e5r ut. Ja eller n\u00e5tt. Om man nu n\u00e5gonsin blir redo. Att var i \u00f6gonblicket \u00e4r annars ocks\u00e5 en lycka. Man f\u00e5r aldrig gl\u00f6mma det. Heller.Aldrig n\u00e5gonsin.<\/p>\n<p>&nbsp;<\/p>\n","protected":false},"excerpt":{"rendered":"<p>Jobbat all tid som funnits den h\u00e4r helgen.\u00a0 Byggt upp det det som rivits igen och har kommit till en punkt d\u00e4r det \u00e4nd\u00e5 k\u00e4nns ganska bra. Men massor kvar. Tr\u00f6tt men n\u00f6jd nu allts\u00e5 trots allt. Men vad det nu skall tj\u00e4na till? Ja det fr\u00e5gar du s\u00e4kert. Ja och du har s\u00e4kert r\u00e4tt. [&hellip;]<\/p>\n","protected":false},"author":24,"featured_media":0,"comment_status":"open","ping_status":"open","sticky":false,"template":"","format":"standard","meta":{"_crdt_document":"","jetpack_post_was_ever_published":false,"_jetpack_newsletter_access":"","_jetpack_dont_email_post_to_subs":false,"_jetpack_newsletter_tier_id":0,"_jetpack_memberships_contains_paywalled_content":false,"_jetpack_memberships_contains_paid_content":false,"footnotes":"","jetpack_publicize_message":"","jetpack_publicize_feature_enabled":true,"jetpack_social_post_already_shared":true,"jetpack_social_options":{"image_generator_settings":{"template":"highway","default_image_id":0,"font":"","enabled":false},"version":2}},"categories":[24],"tags":[],"class_list":["post-19734","post","type-post","status-publish","format-standard","hentry","category-betraktelser"],"jetpack_publicize_connections":[],"jetpack_featured_media_url":"","jetpack_sharing_enabled":true,"jetpack_likes_enabled":true,"jetpack-related-posts":[{"id":8550,"url":"https:\/\/www.akehedman.se\/wordpress\/?p=8550","url_meta":{"origin":19734,"position":0},"title":"Clown eller m\u00e4nniska det \u00e4r fr\u00e5gan","author":"\u00c5ke Hedman","date":"2013-08-14","format":false,"excerpt":"Jag funderar p\u00e5 att l\u00e4gga mig. Uppl\u00f6sningen i bra bok v\u00e4ntar och jag kan liksom inte riktigt f\u00e5 fram det d\u00e4r kreativa ikv\u00e4ll vad jag nu skall med det till \u00f6ver huvud taget h\u00e4r p\u00e5 l\u00e5tsasjobbet. Fick huvudet fullt av l\u00e4ngtan. Havet n\u00e4mndes i en diskussion p\u00e5 fejjan och det\u2026","rel":"","context":"In &quot;Betraktelser &amp; Ber\u00e4ttelse&quot;","block_context":{"text":"Betraktelser &amp; Ber\u00e4ttelse","link":"https:\/\/www.akehedman.se\/wordpress\/?cat=24"},"img":{"alt_text":"images","src":"https:\/\/i0.wp.com\/www.eurosource.se\/akhe\/wordpress\/wp-content\/uploads\/2013\/08\/images2.jpg?resize=350%2C200","width":350,"height":200},"classes":[]},{"id":50942,"url":"https:\/\/www.akehedman.se\/wordpress\/?p=50942","url_meta":{"origin":19734,"position":1},"title":"Onda \u00f6gat","author":"\u00c5ke Hedman","date":"2026-01-13","format":false,"excerpt":"Det k\u00e4nns som att ha ledigt att sitta och jobba. Tv\u00e4rtom k\u00e4ndes det tidigare n\u00e4r man renoverade. Konstigt. Lagom av b\u00e5da borde det k\u00e4nnas som om man var ledig j\u00e4mt allts\u00e5. Ja och det \u00e4r man ju. Pension\u00e4r liksom. N\u00e5ja, \u00e4lskar \u00e4nd\u00e5 att sitta h\u00e4r och grotta ner mig. K\u00e4nner\u2026","rel":"","context":"In &quot;Betraktelser &amp; Ber\u00e4ttelse&quot;","block_context":{"text":"Betraktelser &amp; Ber\u00e4ttelse","link":"https:\/\/www.akehedman.se\/wordpress\/?cat=24"},"img":{"alt_text":"","src":"https:\/\/i0.wp.com\/www.akehedman.se\/wordpress\/wp-content\/uploads\/2026\/01\/IMG_20260113_101659_025-scaled.jpg?resize=350%2C200&ssl=1","width":350,"height":200,"srcset":"https:\/\/i0.wp.com\/www.akehedman.se\/wordpress\/wp-content\/uploads\/2026\/01\/IMG_20260113_101659_025-scaled.jpg?resize=350%2C200&ssl=1 1x, https:\/\/i0.wp.com\/www.akehedman.se\/wordpress\/wp-content\/uploads\/2026\/01\/IMG_20260113_101659_025-scaled.jpg?resize=525%2C300&ssl=1 1.5x, https:\/\/i0.wp.com\/www.akehedman.se\/wordpress\/wp-content\/uploads\/2026\/01\/IMG_20260113_101659_025-scaled.jpg?resize=700%2C400&ssl=1 2x, https:\/\/i0.wp.com\/www.akehedman.se\/wordpress\/wp-content\/uploads\/2026\/01\/IMG_20260113_101659_025-scaled.jpg?resize=1050%2C600&ssl=1 3x, https:\/\/i0.wp.com\/www.akehedman.se\/wordpress\/wp-content\/uploads\/2026\/01\/IMG_20260113_101659_025-scaled.jpg?resize=1400%2C800&ssl=1 4x"},"classes":[]},{"id":19381,"url":"https:\/\/www.akehedman.se\/wordpress\/?p=19381","url_meta":{"origin":19734,"position":2},"title":"En paus eller ett slut","author":"\u00c5ke Hedman","date":"2015-12-25","format":false,"excerpt":"M\u00e5stenas jul \u00e4r \u00f6ver.\u00a0 De evigt snurrande och som tandv\u00e4rk \u00e5terkommande tv-programmen har betittats. Julmaten har \u00e4tits av och julklappar utdelats. H\u00e4rifr\u00e5n den jul jag gillar allra b\u00e4st. Att bara finnas n\u00e5gra dagar. S\u00e5dana som mig beh\u00f6ver inte mer. Vi som \u00e4r de enkla. Det \u00e4r dags f\u00f6r en paus\u2026","rel":"","context":"In &quot;Betraktelser &amp; Ber\u00e4ttelse&quot;","block_context":{"text":"Betraktelser &amp; Ber\u00e4ttelse","link":"https:\/\/www.akehedman.se\/wordpress\/?cat=24"},"img":{"alt_text":"endoftheroad","src":"https:\/\/i0.wp.com\/www.akehedman.se\/wordpress\/wp-content\/uploads\/2015\/05\/endoftheroad-1024x957.png?resize=350%2C200","width":350,"height":200,"srcset":"https:\/\/i0.wp.com\/www.akehedman.se\/wordpress\/wp-content\/uploads\/2015\/05\/endoftheroad-1024x957.png?resize=350%2C200 1x, https:\/\/i0.wp.com\/www.akehedman.se\/wordpress\/wp-content\/uploads\/2015\/05\/endoftheroad-1024x957.png?resize=525%2C300 1.5x"},"classes":[]},{"id":37272,"url":"https:\/\/www.akehedman.se\/wordpress\/?p=37272","url_meta":{"origin":19734,"position":3},"title":"Julfilmen!","author":"\u00c5ke Hedman","date":"2020-12-21","format":false,"excerpt":"Mina barn och Greider s\u00e4ger \"julfilm\" om den h\u00e4r rullen. Ja j\u00e4vlar. Ur led \u00e4r tiden... Ja eller ocks\u00e5 \u00e4r det m\u00f6jligen jag som \u00e4r det. Troligen det sista. Ja rent av s\u00e4kert det sist n\u00e4mda. Tidigt ins\u00e5g jag att n\u00e4r man inte kunde lyssna p\u00e5 P3 med beh\u00e5llning l\u00e4ngre\u2026","rel":"","context":"In &quot;Swedish&quot;","block_context":{"text":"Swedish","link":"https:\/\/www.akehedman.se\/wordpress\/?cat=2"},"img":{"alt_text":"","src":"https:\/\/i0.wp.com\/www.akehedman.se\/wordpress\/wp-content\/uploads\/2020\/12\/Screenshot-from-2020-12-21-21-38-19.png?resize=350%2C200&ssl=1","width":350,"height":200,"srcset":"https:\/\/i0.wp.com\/www.akehedman.se\/wordpress\/wp-content\/uploads\/2020\/12\/Screenshot-from-2020-12-21-21-38-19.png?resize=350%2C200&ssl=1 1x, https:\/\/i0.wp.com\/www.akehedman.se\/wordpress\/wp-content\/uploads\/2020\/12\/Screenshot-from-2020-12-21-21-38-19.png?resize=525%2C300&ssl=1 1.5x"},"classes":[]},{"id":49408,"url":"https:\/\/www.akehedman.se\/wordpress\/?p=49408","url_meta":{"origin":19734,"position":4},"title":"H\u00e5rdvarusv\u00e5rt","author":"\u00c5ke Hedman","date":"2025-04-07","format":false,"excerpt":"Photo by Yaroslav Shuraev on Pexels.com Det sv\u00e5ra. Det \u00e4r att h\u00e5lla sig. Jag vill s\u00e5 g\u00e4rna s\u00e4lja h\u00e5rdvara. Eller n\u00e5got annat. Det ligger liksom i mina gener. Den d\u00e4r f\u00f6retagargrejen. S\u00e4lj lite dyrare \u00e4n du k\u00f6pt grejer. Tj\u00e4na n\u00e5gon krona. Iterera det d\u00e4r. Det \u00e4r n\u00e5got som \u00e4r stimulerande\u2026","rel":"","context":"In &quot;Betraktelser &amp; Ber\u00e4ttelse&quot;","block_context":{"text":"Betraktelser &amp; Ber\u00e4ttelse","link":"https:\/\/www.akehedman.se\/wordpress\/?cat=24"},"img":{"alt_text":"shallow focus photo of person wearing black jacket and backpack","src":"https:\/\/i0.wp.com\/www.akehedman.se\/wordpress\/wp-content\/uploads\/2025\/04\/pexels-photo-4510854.jpeg?resize=350%2C200&ssl=1","width":350,"height":200,"srcset":"https:\/\/i0.wp.com\/www.akehedman.se\/wordpress\/wp-content\/uploads\/2025\/04\/pexels-photo-4510854.jpeg?resize=350%2C200&ssl=1 1x, https:\/\/i0.wp.com\/www.akehedman.se\/wordpress\/wp-content\/uploads\/2025\/04\/pexels-photo-4510854.jpeg?resize=525%2C300&ssl=1 1.5x, https:\/\/i0.wp.com\/www.akehedman.se\/wordpress\/wp-content\/uploads\/2025\/04\/pexels-photo-4510854.jpeg?resize=700%2C400&ssl=1 2x, https:\/\/i0.wp.com\/www.akehedman.se\/wordpress\/wp-content\/uploads\/2025\/04\/pexels-photo-4510854.jpeg?resize=1050%2C600&ssl=1 3x, https:\/\/i0.wp.com\/www.akehedman.se\/wordpress\/wp-content\/uploads\/2025\/04\/pexels-photo-4510854.jpeg?resize=1400%2C800&ssl=1 4x"},"classes":[]},{"id":26527,"url":"https:\/\/www.akehedman.se\/wordpress\/?p=26527","url_meta":{"origin":19734,"position":5},"title":"Klagol\u00e5t","author":"\u00c5ke Hedman","date":"2018-01-04","format":false,"excerpt":"S\u00e5 det \u00e4r torsdag, fast det k\u00e4nns s\u00e5klart som tisdag. Jag f\u00e5r fundera en stund innan jag s\u00e4kert vet vilken dag det \u00e4r. Ja inte s\u00e5 l\u00e4nge, men \u00e4nd\u00e5. Ledigheter r\u00f6r till det. Man tappar det lite. Men jag skall st\u00e4da idag. Det \u00e4r rutin. F\u00f6r torsdagar. Att b\u00f6rja dagen\u2026","rel":"","context":"In &quot;Betraktelser &amp; Ber\u00e4ttelse&quot;","block_context":{"text":"Betraktelser &amp; Ber\u00e4ttelse","link":"https:\/\/www.akehedman.se\/wordpress\/?cat=24"},"img":{"alt_text":"","src":"https:\/\/i0.wp.com\/www.akehedman.se\/wordpress\/wp-content\/uploads\/2017\/11\/vscp_logo_text_box-1024x724.jpg?resize=350%2C200","width":350,"height":200,"srcset":"https:\/\/i0.wp.com\/www.akehedman.se\/wordpress\/wp-content\/uploads\/2017\/11\/vscp_logo_text_box-1024x724.jpg?resize=350%2C200 1x, https:\/\/i0.wp.com\/www.akehedman.se\/wordpress\/wp-content\/uploads\/2017\/11\/vscp_logo_text_box-1024x724.jpg?resize=525%2C300 1.5x"},"classes":[]}],"jetpack_shortlink":"https:\/\/wp.me\/p68PL2-58i","_links":{"self":[{"href":"https:\/\/www.akehedman.se\/wordpress\/index.php?rest_route=\/wp\/v2\/posts\/19734","targetHints":{"allow":["GET"]}}],"collection":[{"href":"https:\/\/www.akehedman.se\/wordpress\/index.php?rest_route=\/wp\/v2\/posts"}],"about":[{"href":"https:\/\/www.akehedman.se\/wordpress\/index.php?rest_route=\/wp\/v2\/types\/post"}],"author":[{"embeddable":true,"href":"https:\/\/www.akehedman.se\/wordpress\/index.php?rest_route=\/wp\/v2\/users\/24"}],"replies":[{"embeddable":true,"href":"https:\/\/www.akehedman.se\/wordpress\/index.php?rest_route=%2Fwp%2Fv2%2Fcomments&post=19734"}],"version-history":[{"count":1,"href":"https:\/\/www.akehedman.se\/wordpress\/index.php?rest_route=\/wp\/v2\/posts\/19734\/revisions"}],"predecessor-version":[{"id":19736,"href":"https:\/\/www.akehedman.se\/wordpress\/index.php?rest_route=\/wp\/v2\/posts\/19734\/revisions\/19736"}],"wp:attachment":[{"href":"https:\/\/www.akehedman.se\/wordpress\/index.php?rest_route=%2Fwp%2Fv2%2Fmedia&parent=19734"}],"wp:term":[{"taxonomy":"category","embeddable":true,"href":"https:\/\/www.akehedman.se\/wordpress\/index.php?rest_route=%2Fwp%2Fv2%2Fcategories&post=19734"},{"taxonomy":"post_tag","embeddable":true,"href":"https:\/\/www.akehedman.se\/wordpress\/index.php?rest_route=%2Fwp%2Fv2%2Ftags&post=19734"}],"curies":[{"name":"wp","href":"https:\/\/api.w.org\/{rel}","templated":true}]}}