{"id":19723,"date":"2016-02-18T08:29:11","date_gmt":"2016-02-18T07:29:11","guid":{"rendered":"http:\/\/www.akehedman.se\/wordpress\/?p=19723"},"modified":"2016-02-18T08:29:11","modified_gmt":"2016-02-18T07:29:11","slug":"bara-in-och-byta-ut","status":"publish","type":"post","link":"https:\/\/www.akehedman.se\/wordpress\/?p=19723","title":{"rendered":"B\u00e4ra in och byta ut"},"content":{"rendered":"<p><img data-recalc-dims=\"1\" loading=\"lazy\" decoding=\"async\" class=\"alignnone size-full wp-image-19724\" src=\"https:\/\/i0.wp.com\/www.akehedman.se\/wordpress\/wp-content\/uploads\/2016\/02\/images-1.jpeg?resize=284%2C178\" alt=\"images\" width=\"284\" height=\"178\" \/><\/p>\n<p>Tv\u00e5 saker idag. B\u00e4ra in pellets och byta en kommunikationsmotor i VSCP paketet. Det f\u00f6rsta fodrar v\u00e4ldigt lite tankekraft, det andra mycket.\u00a0 J\u00e4mvikt!\u00a0 Bra allts\u00e5.<\/p>\n<p>I min ins\u00e4ndare blir &#8220;Sverigen b\u00e4sta upptider&#8221; till &#8220;gener\u00f6sa \u00f6ppettider&#8221; n\u00e4r kl\u00e5fingriga redakt\u00f6rer \u00e4r i farten. Dom kan ju. Har utbildning p\u00e5 s\u00e5nt d\u00e4r. Men r\u00e4tt blir det ju inte.<\/p>\n<p>Jonas fyller 27 \u00e5r. \u00c4ldste sonen. T\u00e4nkas sig. Hur \u00e4r det m\u00f6jligt? Man hoppas han f\u00e5r en bra dag d\u00e4r borta i l\u00e4rdomsstaden.<\/p>\n<p>K har f\u00f6rkylningen fr\u00e5n helvetet. Hostar sig iv\u00e4g ner f\u00f6r backarna. Kortdag. Alltid n\u00e5got. Hos mig lurar den bakom dumheten. N\u00e5got skall man ha den till ocks\u00e5.<\/p>\n<p>Gr\u00e5v\u00e4der \u00e4r det. Men \u00e5tta grader kallt. Men \u00f6verlevnadsbart. Men bort skulle man allts\u00e5 fara. L\u00e5ngt bort. Och aldrig komma tillbaks. Aldrig.<\/p>\n<p>Gillar korta meningar just nu. Har gjort ett tag. Vill ha det korthuggna i min text. Fel. Kanske. Det skall flyta. Men jag gillar det. Dong, dong, dong, ditt liksom. Om du f\u00f6rst\u00e5r. Men det g\u00f6r du s\u00e5klart inte. Hur skulle du kunna g\u00f6ra det?<\/p>\n<p>Men pelletss\u00e4ckar b\u00e4r inte in sig sj\u00e4lva. Det jobbet f\u00e5r ers\u00e4tta promenaden idag.\u00a0 Kan inte g\u00f6ra b\u00e5da.Men en syssla som jag inte direkt tycker illa om. Det m\u00e4rks att man g\u00f6r n\u00e5got.\u00a0 D\u00e4remot kommunikationsmotorbytet oroar mig.Kom en bra bit ig\u00e5r.\u00a0 Har legat \u00f6ver mig ganska m\u00e5nga m\u00e5nader nu. Stort. Kan bli hur struligt som helst. D\u00e4rf\u00f6r tar jag tag i det. F\u00f6r lugn sen. O det \u00f6verhuvudtaget g\u00e5 att f\u00e5 till. Det \u00e4r mycket \u00e4ndringar. Man halkar tillbaks ibland i utvecklingen f\u00f6r att kunna ta sig fram\u00e5t sen. Det kostar p\u00e5 de d\u00e4r stegen bak\u00e5t. Men man f\u00e5r t\u00e4nka foxtrot. Det g\u00e5r fram\u00e5t och runt runt d\u00e4r med. Ju.<\/p>\n<p>&nbsp;<\/p>\n","protected":false},"excerpt":{"rendered":"<p>Tv\u00e5 saker idag. B\u00e4ra in pellets och byta en kommunikationsmotor i VSCP paketet. Det f\u00f6rsta fodrar v\u00e4ldigt lite tankekraft, det andra mycket.\u00a0 J\u00e4mvikt!\u00a0 Bra allts\u00e5. I min ins\u00e4ndare blir &#8220;Sverigen b\u00e4sta upptider&#8221; till &#8220;gener\u00f6sa \u00f6ppettider&#8221; n\u00e4r kl\u00e5fingriga redakt\u00f6rer \u00e4r i farten. Dom kan ju. Har utbildning p\u00e5 s\u00e5nt d\u00e4r. Men r\u00e4tt blir det ju inte. [&hellip;]<\/p>\n","protected":false},"author":24,"featured_media":0,"comment_status":"open","ping_status":"open","sticky":false,"template":"","format":"standard","meta":{"_crdt_document":"","jetpack_post_was_ever_published":false,"_jetpack_newsletter_access":"","_jetpack_dont_email_post_to_subs":false,"_jetpack_newsletter_tier_id":0,"_jetpack_memberships_contains_paywalled_content":false,"_jetpack_memberships_contains_paid_content":false,"footnotes":"","jetpack_publicize_message":"","jetpack_publicize_feature_enabled":true,"jetpack_social_post_already_shared":true,"jetpack_social_options":{"image_generator_settings":{"template":"highway","default_image_id":0,"font":"","enabled":false},"version":2}},"categories":[24],"tags":[],"class_list":["post-19723","post","type-post","status-publish","format-standard","hentry","category-betraktelser"],"jetpack_publicize_connections":[],"jetpack_featured_media_url":"","jetpack_sharing_enabled":true,"jetpack_likes_enabled":true,"jetpack-related-posts":[{"id":18396,"url":"https:\/\/www.akehedman.se\/wordpress\/?p=18396","url_meta":{"origin":19723,"position":0},"title":"Att f\u00f6r\u00e4ndra v\u00e4rlden","author":"\u00c5ke Hedman","date":"2015-08-11","format":false,"excerpt":"Faxander p\u00e5 Sandvik f\u00e5r sparken. Det \u00e4r allts\u00e5 en bra dag. En st\u00f6rre f\u00f6rst\u00f6rare har Svensk industri aldrig sk\u00e5dat. Tyv\u00e4rr han han plocka ur sj\u00e4len ur Sandvik. De har en tuff resa f\u00f6r att \u00e5terta den, om det ens g\u00e5r. Flaggorna i topp idag allts\u00e5. Vi har blivit av med\u2026","rel":"","context":"In &quot;Betraktelser &amp; Ber\u00e4ttelse&quot;","block_context":{"text":"Betraktelser &amp; Ber\u00e4ttelse","link":"https:\/\/www.akehedman.se\/wordpress\/?cat=24"},"img":{"alt_text":"IMG_1169","src":"https:\/\/i0.wp.com\/www.akehedman.se\/wordpress\/wp-content\/uploads\/2015\/08\/IMG_1169-1024x768.jpg?resize=350%2C200","width":350,"height":200,"srcset":"https:\/\/i0.wp.com\/www.akehedman.se\/wordpress\/wp-content\/uploads\/2015\/08\/IMG_1169-1024x768.jpg?resize=350%2C200 1x, https:\/\/i0.wp.com\/www.akehedman.se\/wordpress\/wp-content\/uploads\/2015\/08\/IMG_1169-1024x768.jpg?resize=525%2C300 1.5x"},"classes":[]},{"id":48713,"url":"https:\/\/www.akehedman.se\/wordpress\/?p=48713","url_meta":{"origin":19723,"position":1},"title":"N&#8230;&#8230;..","author":"\u00c5ke Hedman","date":"2024-11-14","format":false,"excerpt":"Halva dagen har jag dragit runt p\u00e5 en dammsugare. Det f\u00e5r mig alltid att vilja bli en b\u00e4ttre dammsugarbyggare \u00e4n alla idioter som tillverkar de d\u00e4r grejerna idag. Eller IDIOTER... Troligen har de aldrig anv\u00e4nt en av sina egna maskiner. Inte n\u00e5gon annans heller f\u00f6r den skull. Kanske bara okapabla\u2026","rel":"","context":"In &quot;Betraktelser &amp; Ber\u00e4ttelse&quot;","block_context":{"text":"Betraktelser &amp; Ber\u00e4ttelse","link":"https:\/\/www.akehedman.se\/wordpress\/?cat=24"},"img":{"alt_text":"","src":"https:\/\/i0.wp.com\/www.akehedman.se\/wordpress\/wp-content\/uploads\/2024\/11\/noppivagen.jpg?resize=350%2C200&ssl=1","width":350,"height":200,"srcset":"https:\/\/i0.wp.com\/www.akehedman.se\/wordpress\/wp-content\/uploads\/2024\/11\/noppivagen.jpg?resize=350%2C200&ssl=1 1x, https:\/\/i0.wp.com\/www.akehedman.se\/wordpress\/wp-content\/uploads\/2024\/11\/noppivagen.jpg?resize=525%2C300&ssl=1 1.5x, https:\/\/i0.wp.com\/www.akehedman.se\/wordpress\/wp-content\/uploads\/2024\/11\/noppivagen.jpg?resize=700%2C400&ssl=1 2x"},"classes":[]},{"id":40281,"url":"https:\/\/www.akehedman.se\/wordpress\/?p=40281","url_meta":{"origin":19723,"position":2},"title":"Fars dag","author":"\u00c5ke Hedman","date":"2021-11-14","format":false,"excerpt":"Photo by Anna Shvets on Pexels.com Anv\u00e4nder helgen till att byta en str\u00e5lkastare. Tankern \u00e4r att byta d\u00e4ck ocks\u00e5 men \"\u00f6rsker\" inte mer. Det d\u00e4r str\u00e5lkastarbytet inneb\u00e4r front och st\u00f6tf\u00e5ngare bort f\u00f6r att komma \u00e5t en bult som den sitter fast under den. G\u00f6r man s\u00e5dant d\u00e4r f\u00f6r att verkst\u00e4derna\u2026","rel":"","context":"In &quot;Betraktelser &amp; Ber\u00e4ttelse&quot;","block_context":{"text":"Betraktelser &amp; Ber\u00e4ttelse","link":"https:\/\/www.akehedman.se\/wordpress\/?cat=24"},"img":{"alt_text":"crop person touch palms with newborn baby on gray backdrop","src":"https:\/\/i0.wp.com\/www.akehedman.se\/wordpress\/wp-content\/uploads\/2021\/11\/pexels-photo-3845458.jpeg?resize=350%2C200&ssl=1","width":350,"height":200,"srcset":"https:\/\/i0.wp.com\/www.akehedman.se\/wordpress\/wp-content\/uploads\/2021\/11\/pexels-photo-3845458.jpeg?resize=350%2C200&ssl=1 1x, https:\/\/i0.wp.com\/www.akehedman.se\/wordpress\/wp-content\/uploads\/2021\/11\/pexels-photo-3845458.jpeg?resize=525%2C300&ssl=1 1.5x, https:\/\/i0.wp.com\/www.akehedman.se\/wordpress\/wp-content\/uploads\/2021\/11\/pexels-photo-3845458.jpeg?resize=700%2C400&ssl=1 2x"},"classes":[]},{"id":18423,"url":"https:\/\/www.akehedman.se\/wordpress\/?p=18423","url_meta":{"origin":19723,"position":3},"title":"S\u00f6ndagkv\u00e4llens leende","author":"\u00c5ke Hedman","date":"2015-08-16","format":false,"excerpt":"Nog lovas det sol allt. S\u00e5 l\u00e5ngt man kan se \u00e4r det solar p\u00e5 kartorna. Idag med. Men molnigt i verkligheten. S\u00e4kert bara \u00f6ver Lo(o)s. F\u00f6r att vi skall straffas f\u00f6r tillst\u00e5ndet i v\u00e4rlden. Men det ger sig mot eftermiddagen. Jag ut och klipper gr\u00e4smatta. Det tar hela eftermiddagen. Bra\u2026","rel":"","context":"In &quot;Betraktelser &amp; Ber\u00e4ttelse&quot;","block_context":{"text":"Betraktelser &amp; Ber\u00e4ttelse","link":"https:\/\/www.akehedman.se\/wordpress\/?cat=24"},"img":{"alt_text":"Clipboard01","src":"https:\/\/i0.wp.com\/www.akehedman.se\/wordpress\/wp-content\/uploads\/2015\/08\/Clipboard01-1024x812.png?resize=350%2C200","width":350,"height":200,"srcset":"https:\/\/i0.wp.com\/www.akehedman.se\/wordpress\/wp-content\/uploads\/2015\/08\/Clipboard01-1024x812.png?resize=350%2C200 1x, https:\/\/i0.wp.com\/www.akehedman.se\/wordpress\/wp-content\/uploads\/2015\/08\/Clipboard01-1024x812.png?resize=525%2C300 1.5x"},"classes":[]},{"id":50298,"url":"https:\/\/www.akehedman.se\/wordpress\/?p=50298","url_meta":{"origin":19723,"position":4},"title":"Recycle","author":"\u00c5ke Hedman","date":"2025-09-10","format":false,"excerpt":"Photo by Leonid Danilov on Pexels.com Kastar gammal elektronik. Tv\u00e5 stora l\u00e5dor. Som \"bra att ha\" har de levt h\u00e4r i huset r\u00e4tt l\u00e4nge nu. Historia nu. En fullt fungerande och inte alltf\u00f6r gammal laptop g\u00e5r samma v\u00e4g. Plast och papper efter det. En aldrig sinande str\u00f6m g\u00e5r ut fr\u00e5n\u2026","rel":"","context":"In &quot;Betraktelser &amp; Ber\u00e4ttelse&quot;","block_context":{"text":"Betraktelser &amp; Ber\u00e4ttelse","link":"https:\/\/www.akehedman.se\/wordpress\/?cat=24"},"img":{"alt_text":"landfill near trees","src":"https:\/\/i0.wp.com\/www.akehedman.se\/wordpress\/wp-content\/uploads\/2025\/09\/pexels-photo-2768961.jpeg?resize=350%2C200&ssl=1","width":350,"height":200,"srcset":"https:\/\/i0.wp.com\/www.akehedman.se\/wordpress\/wp-content\/uploads\/2025\/09\/pexels-photo-2768961.jpeg?resize=350%2C200&ssl=1 1x, https:\/\/i0.wp.com\/www.akehedman.se\/wordpress\/wp-content\/uploads\/2025\/09\/pexels-photo-2768961.jpeg?resize=525%2C300&ssl=1 1.5x, https:\/\/i0.wp.com\/www.akehedman.se\/wordpress\/wp-content\/uploads\/2025\/09\/pexels-photo-2768961.jpeg?resize=700%2C400&ssl=1 2x"},"classes":[]},{"id":35805,"url":"https:\/\/www.akehedman.se\/wordpress\/?p=35805","url_meta":{"origin":19723,"position":5},"title":"Tisdag","author":"\u00c5ke Hedman","date":"2020-08-18","format":false,"excerpt":"Photo by Pixabay on Pexels.com Morgon. Sommar i luften. Tar en macka med Vegiar p\u00e5. Lyx h\u00e4r en vardag. Hoppfull. Dagen b\u00f6rjar bra. Jag uts\u00f6vd. Trotts Ulf Lundells oro d\u00e4r i \u00d6sterlen - i de ensamma m\u00e4nnens paradis - som tar mig in i natten. Eller kanske just p\u00e5 grund\u2026","rel":"","context":"In &quot;Betraktelser &amp; Ber\u00e4ttelse&quot;","block_context":{"text":"Betraktelser &amp; Ber\u00e4ttelse","link":"https:\/\/www.akehedman.se\/wordpress\/?cat=24"},"img":{"alt_text":"abstract art artistic autumn","src":"https:\/\/i0.wp.com\/www.akehedman.se\/wordpress\/wp-content\/uploads\/2020\/08\/pexels-photo-459301.jpeg?resize=350%2C200&ssl=1","width":350,"height":200,"srcset":"https:\/\/i0.wp.com\/www.akehedman.se\/wordpress\/wp-content\/uploads\/2020\/08\/pexels-photo-459301.jpeg?resize=350%2C200&ssl=1 1x, https:\/\/i0.wp.com\/www.akehedman.se\/wordpress\/wp-content\/uploads\/2020\/08\/pexels-photo-459301.jpeg?resize=525%2C300&ssl=1 1.5x, https:\/\/i0.wp.com\/www.akehedman.se\/wordpress\/wp-content\/uploads\/2020\/08\/pexels-photo-459301.jpeg?resize=700%2C400&ssl=1 2x, https:\/\/i0.wp.com\/www.akehedman.se\/wordpress\/wp-content\/uploads\/2020\/08\/pexels-photo-459301.jpeg?resize=1050%2C600&ssl=1 3x, https:\/\/i0.wp.com\/www.akehedman.se\/wordpress\/wp-content\/uploads\/2020\/08\/pexels-photo-459301.jpeg?resize=1400%2C800&ssl=1 4x"},"classes":[]}],"jetpack_shortlink":"https:\/\/wp.me\/p68PL2-587","_links":{"self":[{"href":"https:\/\/www.akehedman.se\/wordpress\/index.php?rest_route=\/wp\/v2\/posts\/19723","targetHints":{"allow":["GET"]}}],"collection":[{"href":"https:\/\/www.akehedman.se\/wordpress\/index.php?rest_route=\/wp\/v2\/posts"}],"about":[{"href":"https:\/\/www.akehedman.se\/wordpress\/index.php?rest_route=\/wp\/v2\/types\/post"}],"author":[{"embeddable":true,"href":"https:\/\/www.akehedman.se\/wordpress\/index.php?rest_route=\/wp\/v2\/users\/24"}],"replies":[{"embeddable":true,"href":"https:\/\/www.akehedman.se\/wordpress\/index.php?rest_route=%2Fwp%2Fv2%2Fcomments&post=19723"}],"version-history":[{"count":1,"href":"https:\/\/www.akehedman.se\/wordpress\/index.php?rest_route=\/wp\/v2\/posts\/19723\/revisions"}],"predecessor-version":[{"id":19725,"href":"https:\/\/www.akehedman.se\/wordpress\/index.php?rest_route=\/wp\/v2\/posts\/19723\/revisions\/19725"}],"wp:attachment":[{"href":"https:\/\/www.akehedman.se\/wordpress\/index.php?rest_route=%2Fwp%2Fv2%2Fmedia&parent=19723"}],"wp:term":[{"taxonomy":"category","embeddable":true,"href":"https:\/\/www.akehedman.se\/wordpress\/index.php?rest_route=%2Fwp%2Fv2%2Fcategories&post=19723"},{"taxonomy":"post_tag","embeddable":true,"href":"https:\/\/www.akehedman.se\/wordpress\/index.php?rest_route=%2Fwp%2Fv2%2Ftags&post=19723"}],"curies":[{"name":"wp","href":"https:\/\/api.w.org\/{rel}","templated":true}]}}