{"id":19708,"date":"2016-02-17T12:16:56","date_gmt":"2016-02-17T11:16:56","guid":{"rendered":"http:\/\/www.akehedman.se\/wordpress\/?p=19708"},"modified":"2016-02-17T12:17:18","modified_gmt":"2016-02-17T11:17:18","slug":"goran-persson-regelverket-ar-for-omfattande-driva-eget","status":"publish","type":"post","link":"https:\/\/www.akehedman.se\/wordpress\/?p=19708","title":{"rendered":"G\u00f6ran Persson: \u201cRegelverket \u00e4r f\u00f6r omfattande\u201d | Driva Eget"},"content":{"rendered":"<blockquote><p><a href=\"http:\/\/www.driva-eget.se\/nyheter\/affarer\/goran-persson-regelverket-ar-for-omfattande?utm_source=apsis-anp-3&amp;utm_medium=email&amp;utm_content=nyhetsbrev&amp;utm_campaign=drivaeget-nyhetsbrev\"><img data-recalc-dims=\"1\" decoding=\"async\" class=\"alignnone size-full\" src=\"https:\/\/i0.wp.com\/www.akehedman.se\/wordpress\/wp-content\/uploads\/2016\/02\/Politiker_710x400_19957_xpress-image56c1905763339-1.jpg?w=580\" alt=\"\" \/><\/a>Att vara egenf\u00f6retagare \u00e4r mer kr\u00e4vande \u00e4n att vara statsminister, konstaterar G\u00f6ran Persson, n\u00e4r Driva Eget ber honom och flera andra tunga ex-politiker beskriva nya karri\u00e4ren. L\u00c4S OCKS\u00c5: Se upp f\u00f6r oseri\u00f6s hj\u00e4lp med bluffakturor Maud Olofsson, G\u00f6ran Persson, Ulrica Messing och Fredrik Reinfeldt \u00e4r bara n\u00e5gra av de ex-politiker som nu jagar vinst i sina egna bolag. Men har synen p\u00e5 f\u00f6retagarna \u00e4ndrats? Flera av dem vi pratat med vittnar om h\u00e5rda pr\u00f6vningar. Fredrik Reinfeldt konstaterar dock med ett leende\u00a0 att det finns en f\u00f6rdel med att driva ett eget bolag: det totala sj\u00e4lvbest\u00e4mmandet som ensam aktie\u00ad\u00e4gare. \u2013 T\u00e4nk om det varit s\u00e5 enkelt, t\u00e4nker jag, med 30 \u00e5rs erfarenhet av att leda olika styrelser. G\u00f6ran Persson var ett tag Sveriges m\u00e4ktigaste man som statsminister och ordf\u00f6rande i EU. I dag driver han f\u00f6retaget Baven tillsammans med hustrun Anitra Steen p\u00e5 g\u00e5rden \u00d6vre Torp i S\u00f6rmland. \u00c4ven om han anser att f\u00f6retagsklimatet generellt \u00e4r bra i Sverige har han s\u00e5 klart \u00e5sikter om<\/p><\/blockquote>\n<p>Source: <em><a href=\"http:\/\/www.driva-eget.se\/nyheter\/affarer\/goran-persson-regelverket-ar-for-omfattande\">G\u00f6ran Persson: \u201cRegelverket \u00e4r f\u00f6r omfattande\u201d | Driva Eget<\/a><\/em><\/p>\n","protected":false},"excerpt":{"rendered":"<p>Att vara egenf\u00f6retagare \u00e4r mer kr\u00e4vande \u00e4n att vara statsminister, konstaterar G\u00f6ran Persson, n\u00e4r Driva Eget ber honom och flera andra tunga ex-politiker beskriva nya karri\u00e4ren. L\u00c4S OCKS\u00c5: Se upp f\u00f6r oseri\u00f6s hj\u00e4lp med bluffakturor Maud Olofsson, G\u00f6ran Persson, Ulrica Messing och Fredrik Reinfeldt \u00e4r bara n\u00e5gra av de ex-politiker som nu jagar vinst i [&hellip;]<\/p>\n","protected":false},"author":24,"featured_media":0,"comment_status":"open","ping_status":"open","sticky":false,"template":"","format":"standard","meta":{"_crdt_document":"","jetpack_post_was_ever_published":false,"_jetpack_newsletter_access":"","_jetpack_dont_email_post_to_subs":false,"_jetpack_newsletter_tier_id":0,"_jetpack_memberships_contains_paywalled_content":false,"_jetpack_memberships_contains_paid_content":false,"footnotes":"","jetpack_publicize_message":"","jetpack_publicize_feature_enabled":true,"jetpack_social_post_already_shared":true,"jetpack_social_options":{"image_generator_settings":{"template":"highway","default_image_id":0,"font":"","enabled":false},"version":2}},"categories":[2],"tags":[],"class_list":["post-19708","post","type-post","status-publish","format-standard","hentry","category-swedish"],"jetpack_publicize_connections":[],"jetpack_featured_media_url":"","jetpack_sharing_enabled":true,"jetpack_likes_enabled":true,"jetpack-related-posts":[{"id":18748,"url":"https:\/\/www.akehedman.se\/wordpress\/?p=18748","url_meta":{"origin":19708,"position":0},"title":"En ot\u00e4ck p\u00e5minnelse om varf\u00f6r jag \u00e4r f\u00f6retagare | Driva Eget","author":"\u00c5ke Hedman","date":"2015-10-07","format":false,"excerpt":"Jag fick idag en obehaglig p\u00e5minnelse om varf\u00f6r jag \u00e4r f\u00f6retagare och varf\u00f6r jag envist f\u00f6rs\u00f6ker omvandla mitt intresse f\u00f6r trolleri till en int\u00e4ktsbringande del av min n\u00e4ringsverksamhet. P\u00e5minnelsen heter Henning Mankell. Han gick bort idag och blev 67 \u00e5r. Vi m\u00e4n \u00e4r det svagare k\u00f6net och har enligt den\u2026","rel":"","context":"In &quot;Swedish&quot;","block_context":{"text":"Swedish","link":"https:\/\/www.akehedman.se\/wordpress\/?cat=2"},"img":{"alt_text":"","src":"","width":0,"height":0},"classes":[]},{"id":14436,"url":"https:\/\/www.akehedman.se\/wordpress\/?p=14436","url_meta":{"origin":19708,"position":1},"title":"Det blir nog socialdemokraterna&#8230;","author":"\u00c5ke Hedman","date":"2014-08-20","format":false,"excerpt":"Dagarna rusar p\u00e5 som ett gammalt och slitet och skenande expresslok utan f\u00f6rare p\u00e5 nedlagda j\u00e4rnv\u00e4gssp\u00e5r som bara g\u00e5r utf\u00f6r och bara utf\u00f6r i de franska alperna och d\u00e4r man inte vet om sp\u00e5ren l\u00e4ngre fram har blivit upprivna eller inte. Man har liksom inget val annat \u00e4n att \u00e5ka\u2026","rel":"","context":"In &quot;Betraktelser &amp; Ber\u00e4ttelse&quot;","block_context":{"text":"Betraktelser &amp; Ber\u00e4ttelse","link":"https:\/\/www.akehedman.se\/wordpress\/?cat=24"},"img":{"alt_text":"EU flagga copy","src":"https:\/\/i0.wp.com\/www.akehedman.se\/wordpress\/wp-content\/uploads\/2014\/08\/EU-flagga-copy-1024x768.jpg?resize=350%2C200","width":350,"height":200,"srcset":"https:\/\/i0.wp.com\/www.akehedman.se\/wordpress\/wp-content\/uploads\/2014\/08\/EU-flagga-copy-1024x768.jpg?resize=350%2C200 1x, https:\/\/i0.wp.com\/www.akehedman.se\/wordpress\/wp-content\/uploads\/2014\/08\/EU-flagga-copy-1024x768.jpg?resize=525%2C300 1.5x"},"classes":[]},{"id":21014,"url":"https:\/\/www.akehedman.se\/wordpress\/?p=21014","url_meta":{"origin":19708,"position":2},"title":"Ljusdals Bryggeri \u2013 Visionen som blev sann \u2013 BEERTOWER","author":"\u00c5ke Hedman","date":"2016-07-13","format":false,"excerpt":"Ljusdals Bryggeri (l\u00e4nk till hemsida), bel\u00e4get i gamla lokstallar i centrala Ljusdal, \u00e4r ett nytt och fr\u00e4scht mikrobryggeri i Sverige. F\u00f6retaget har f\u00f6ljande motto \u201dVi ska med stolthet producera hantverksm\u00e4ssigt producerad \u00f6l av h\u00f6g kvalitet, tillverkat utifr\u00e5n ett sunt milj\u00f6t\u00e4nk.\u201dVi kontaktade dem f\u00f6r att h\u00f6ra historien om hur allt b\u00f6rjade\u2026","rel":"","context":"In &quot;Swedish&quot;","block_context":{"text":"Swedish","link":"https:\/\/www.akehedman.se\/wordpress\/?cat=2"},"img":{"alt_text":"","src":"","width":0,"height":0},"classes":[]},{"id":18452,"url":"https:\/\/www.akehedman.se\/wordpress\/?p=18452","url_meta":{"origin":19708,"position":3},"title":"S\u00e5 drabbas Ninas konditori av de h\u00f6jda arbetsgivaravgifterna | Driva Eget","author":"\u00c5ke Hedman","date":"2015-08-19","format":false,"excerpt":"Nina Johanssons konditori i M\u00f6rrum f\u00e5r \u00f6kade kostnader med mellan 160 000 och 170 000 kronor om \u00e5ret n\u00e4r regeringen nu h\u00f6jt arbetsgivaravgifterna f\u00f6r unga. H\u00e4r \u00e4r hennes verklighet. Nina, hur m\u00e5nga unga anst\u00e4llda har du? \u2013 I dag arbetar \u00e5tta unga anst\u00e4llda hos mig, vissa arbetar heltid andra halvtid\u2026","rel":"","context":"In &quot;Swedish&quot;","block_context":{"text":"Swedish","link":"https:\/\/www.akehedman.se\/wordpress\/?cat=2"},"img":{"alt_text":"","src":"","width":0,"height":0},"classes":[]},{"id":9061,"url":"https:\/\/www.akehedman.se\/wordpress\/?p=9061","url_meta":{"origin":19708,"position":4},"title":"N\u00e5gra tankar om det det skriks om idag.","author":"\u00c5ke Hedman","date":"2013-08-28","format":false,"excerpt":"Jag \u00e4r avundsjuk p\u00e5 alla som har svaren klara f\u00f6r sig utan att ens beh\u00f6va reflektera. Det har aldrig varit s\u00e5 enkelt f\u00f6r mig. Ett plus ett \u00e4r tv\u00e5! Varf\u00f6r det? Jag har heller aldrig haft en s\u00e5dan d\u00e4r dogmatisk \u00f6vertygelse som gjort att jag bara ot\u00e4nkandes kunnat f\u00f6lja med\u2026","rel":"","context":"In &quot;Betraktelser &amp; Ber\u00e4ttelse&quot;","block_context":{"text":"Betraktelser &amp; Ber\u00e4ttelse","link":"https:\/\/www.akehedman.se\/wordpress\/?cat=24"},"img":{"alt_text":"","src":"https:\/\/i0.wp.com\/www.eurosource.se\/akhe\/wordpress\/wp-content\/uploads\/2013\/08\/ku-bigpic-300x168.png?resize=350%2C200","width":350,"height":200},"classes":[]},{"id":31181,"url":"https:\/\/www.akehedman.se\/wordpress\/?p=31181","url_meta":{"origin":19708,"position":5},"title":"F som i f\u00f6retagare","author":"\u00c5ke Hedman","date":"2018-12-27","format":false,"excerpt":"Jag har alltid haft sj\u00e4len hos en f\u00f6retagare. Och \u00e4ven om jag inte \u00e4r det just idag (fast allt inom mig \u00e4r det) s\u00e5 g\u00e5r jag s\u00e5klart ner till l\u00e5tsaskontoret vid vanlig tid. De flesta f\u00f6retagare i landet g\u00f6r samma sak, jobbar. En majoritet har nog varit till sina f\u00f6retag\u2026","rel":"","context":"In &quot;Betraktelser &amp; Ber\u00e4ttelse&quot;","block_context":{"text":"Betraktelser &amp; Ber\u00e4ttelse","link":"https:\/\/www.akehedman.se\/wordpress\/?cat=24"},"img":{"alt_text":"","src":"https:\/\/i0.wp.com\/www.akehedman.se\/wordpress\/wp-content\/uploads\/2018\/12\/IMG_20181223_134020360_HDR-1.png?resize=350%2C200&ssl=1","width":350,"height":200,"srcset":"https:\/\/i0.wp.com\/www.akehedman.se\/wordpress\/wp-content\/uploads\/2018\/12\/IMG_20181223_134020360_HDR-1.png?resize=350%2C200&ssl=1 1x, https:\/\/i0.wp.com\/www.akehedman.se\/wordpress\/wp-content\/uploads\/2018\/12\/IMG_20181223_134020360_HDR-1.png?resize=525%2C300&ssl=1 1.5x, https:\/\/i0.wp.com\/www.akehedman.se\/wordpress\/wp-content\/uploads\/2018\/12\/IMG_20181223_134020360_HDR-1.png?resize=700%2C400&ssl=1 2x, https:\/\/i0.wp.com\/www.akehedman.se\/wordpress\/wp-content\/uploads\/2018\/12\/IMG_20181223_134020360_HDR-1.png?resize=1050%2C600&ssl=1 3x"},"classes":[]}],"jetpack_shortlink":"https:\/\/wp.me\/p68PL2-57S","_links":{"self":[{"href":"https:\/\/www.akehedman.se\/wordpress\/index.php?rest_route=\/wp\/v2\/posts\/19708","targetHints":{"allow":["GET"]}}],"collection":[{"href":"https:\/\/www.akehedman.se\/wordpress\/index.php?rest_route=\/wp\/v2\/posts"}],"about":[{"href":"https:\/\/www.akehedman.se\/wordpress\/index.php?rest_route=\/wp\/v2\/types\/post"}],"author":[{"embeddable":true,"href":"https:\/\/www.akehedman.se\/wordpress\/index.php?rest_route=\/wp\/v2\/users\/24"}],"replies":[{"embeddable":true,"href":"https:\/\/www.akehedman.se\/wordpress\/index.php?rest_route=%2Fwp%2Fv2%2Fcomments&post=19708"}],"version-history":[{"count":2,"href":"https:\/\/www.akehedman.se\/wordpress\/index.php?rest_route=\/wp\/v2\/posts\/19708\/revisions"}],"predecessor-version":[{"id":19712,"href":"https:\/\/www.akehedman.se\/wordpress\/index.php?rest_route=\/wp\/v2\/posts\/19708\/revisions\/19712"}],"wp:attachment":[{"href":"https:\/\/www.akehedman.se\/wordpress\/index.php?rest_route=%2Fwp%2Fv2%2Fmedia&parent=19708"}],"wp:term":[{"taxonomy":"category","embeddable":true,"href":"https:\/\/www.akehedman.se\/wordpress\/index.php?rest_route=%2Fwp%2Fv2%2Fcategories&post=19708"},{"taxonomy":"post_tag","embeddable":true,"href":"https:\/\/www.akehedman.se\/wordpress\/index.php?rest_route=%2Fwp%2Fv2%2Ftags&post=19708"}],"curies":[{"name":"wp","href":"https:\/\/api.w.org\/{rel}","templated":true}]}}