{"id":19698,"date":"2016-02-16T12:02:57","date_gmt":"2016-02-16T11:02:57","guid":{"rendered":"http:\/\/www.akehedman.se\/wordpress\/?p=19698"},"modified":"2016-02-16T12:02:57","modified_gmt":"2016-02-16T11:02:57","slug":"tomma-tunnor-skramlar-mest","status":"publish","type":"post","link":"https:\/\/www.akehedman.se\/wordpress\/?p=19698","title":{"rendered":"Tomma tunnor skramlar mest"},"content":{"rendered":"<p><img data-recalc-dims=\"1\" loading=\"lazy\" decoding=\"async\" class=\"alignnone size-full wp-image-19699\" src=\"https:\/\/i0.wp.com\/www.akehedman.se\/wordpress\/wp-content\/uploads\/2016\/02\/IMG_1799_liten.jpg?resize=580%2C435\" alt=\"IMG_1799_liten\" width=\"580\" height=\"435\" srcset=\"https:\/\/i0.wp.com\/www.akehedman.se\/wordpress\/wp-content\/uploads\/2016\/02\/IMG_1799_liten.jpg?w=800&amp;ssl=1 800w, https:\/\/i0.wp.com\/www.akehedman.se\/wordpress\/wp-content\/uploads\/2016\/02\/IMG_1799_liten.jpg?resize=300%2C225&amp;ssl=1 300w, https:\/\/i0.wp.com\/www.akehedman.se\/wordpress\/wp-content\/uploads\/2016\/02\/IMG_1799_liten.jpg?resize=768%2C576&amp;ssl=1 768w, https:\/\/i0.wp.com\/www.akehedman.se\/wordpress\/wp-content\/uploads\/2016\/02\/IMG_1799_liten.jpg?resize=400%2C300&amp;ssl=1 400w\" sizes=\"auto, (max-width: 580px) 100vw, 580px\" \/><\/p>\n<p>Jag g\u00e5r rakt in i solen p\u00e5 v\u00e4g hem fr\u00e5n promenaden idag. Som en n\u00e4ra d\u00f6den upplevelse \u00e4r det. Det \u00e4r bara solen och jag. Om det inte vore f\u00f6r den d\u00e4r lilla v\u00e4rmen man k\u00e4nner i ansiktet s\u00e5 fanns det inget annat just d\u00e4r. Solen v\u00e4rmer. HURRA! Ljus \u00e5tta minuter bort hittar mitt ansikte. Tack! Tack. Mitt hj\u00e4rta fylls av hopp. Kanske kommer jag att \u00f6verleva dessa sv\u00e5rm\u00e5nader ocks\u00e5. Ett \u00e5r till. Tack!<\/p>\n<p>Det kommer best\u00e4llning. Det h\u00e4nder inte s\u00e5 ofta.Finns jag? D\u00e4rf\u00f6r stor gl\u00e4dje n\u00e4r det faktiskt kommer best\u00e4llningar. St\u00f6tvisa. Belgien igen. D\u00e4r \u00e4r vi st\u00f6rst. Av n\u00e5gon anledning \u00e4r det s\u00e5. Ja Tyskland ocks\u00e5. Frankrike. Holland.\u00a0 Jag vet att om jag h\u00e5ller ut kommer resten. Som de alltid g\u00f6r. Hemma \u00e4r man s\u00e5klart inte profet. Varesig hemma \u00e4r i Los eller Sverige. Som om det skulle g\u00f6ra n\u00e5got. G\u00f6ra n\u00e5got endaste\u00a0 minsta lilla dugg. De kommer de ocks\u00e5. Ja kanske inte Los s\u00e5klart. Varf\u00f6r skulle det det? H\u00e4r som \u00f6verallt annars skramlar tomma tunnor h\u00f6gst. S\u00e5 varf\u00f6r skall jag l\u00e5ta. Som om man skulle h\u00f6ras liksom.<\/p>\n<p>Kontoret, 29 grader h\u00e4r inne. Japp plus. Alla element av. Ja d\u00e5 solen v\u00e4rmer genom stora skolf\u00f6nster mot s\u00f6der. Man skulle kunna tycka det \u00e4r f\u00f6r varmt. Men det m\u00e5ste vara n\u00e5got Finl\u00e4ndskt i mig som gillar de d\u00e4r temperaturerna. De som tinar upp gammelkroppar. Man borde kanske bygga bastu. Fast jag aldrig gillat det. Kanske g\u00f6r man det nu f\u00f6r tiden. Om man provade. Tro fan.<\/p>\n<p>Skickar in en ins\u00e4ndare till &#8220;tidningen&#8221; idag. Vill tycka. Den editeras h\u00e5rt.Tar bort min r\u00f6st. Spar ord.\u00a0 Av n\u00e5gon som kan skriva. G\u00f6r mig inget. Det \u00e4r OK. Det finns r\u00e4tt s\u00e4tt och det finns fel s\u00e4tt. Jag g\u00f6r g\u00e4rna fel bara jag f\u00e5r g\u00f6ra p\u00e5 mitt s\u00e4tt. Med mina kr\u00f6nikor var det aldrig s\u00e5. Man m\u00f6ttes av respekt f\u00f6r de d\u00e4r 2000 tecknen man levererade. Det var liksom min konst. Fast det kanske var fel. Mitt. Mina ord. Mitt s\u00e4tt. Men inte s\u00e5 i en ins\u00e4ndare allts\u00e5. Den beh\u00f6ver &#8220;f\u00f6rb\u00e4ttras&#8221;. Tycks det. Blir lite st\u00f6tt. Det m\u00e5ste erk\u00e4nnas. Mast bara pyttelite.\u00a0 Det krigas i v\u00e4rlden och folk lider och d\u00f6r. Det finns proportioner p\u00e5 att bli st\u00f6tt..<\/p>\n<p>Ansluter Iphonen till Linuxburken. Tror ju inte det skall vara s\u00e5 enkelt. Men det \u00e4r det s\u00e5klart. Enklare \u00e4n i Windows. Jag finner mig jobba mindre och mindre med Windows burken ocks\u00e5 f\u00f6r de praktiska saker jag g\u00f6r. Egentligen \u00e4r det bara en del Windows utveckling och bokf\u00f6ring\/fakturering kvar d\u00e4r. Men jag funderar p\u00e5 att kanske inte ens st\u00f6dja Windows l\u00e4ngre i VSCP. Eller i alla fall minimera. Det finns ingen anledning att finna d\u00e4r l\u00e4ngre egentligen. N\u00e5got har h\u00e4nt. N\u00e5got stort.<\/p>\n<p>Aprop\u00e5 att finnas till. Vi har en knivmakare h\u00e4r i byn som kanske \u00e4r en av v\u00e4rldens b\u00e4sta. Antagligen \u00e4r det s\u00e5. Det St\u00e5r nog mellan honom och en kille i Edsbyn. Gammal klasskamrat Han i Edsyn. Kaj. Conny heter v\u00e5ran.\u00a0 Nej och det \u00e4r inte jag som g\u00f6r den bed\u00f6mningen. Anra som vet g\u00f6r den.\u00a0 <a href=\"http:\/\/www.connyknives.com\/\">Se sj\u00e4lv<\/a>. Det skramlas inte s\u00e5 mycket d\u00e4r heller. Erk\u00e4nner &#8220;de styrande&#8221; i byn ens att han finns? Knappast. Inavlade tunnor skramlar \u00e4nnu h\u00f6gre \u00e4n tomma tunnor. Navelsk\u00e5dartunnor. Klia-varandra-p\u00e5 -ryggen-tunnor. Korrupta tunnor. Fyfan!<\/p>\n<p>Nej jag skall \u00e5terv\u00e4nda till mitt. Det jag kom till jorden f\u00f6r att g\u00f6ra. Ett kall \u00e4r det. Ja j\u00e4vlar. Som n\u00e5got j\u00e4vla &#8220;korsfareri&#8221;. Det \u00e4r s\u00e5 det \u00e4r. Bara galet. Helt galet. En vem har best\u00e4mt att galet \u00e4r d\u00e5ligt. Nej ingen. Ja just det!<\/p>\n<p>&nbsp;<\/p>\n<p>&nbsp;<\/p>\n","protected":false},"excerpt":{"rendered":"<p>Jag g\u00e5r rakt in i solen p\u00e5 v\u00e4g hem fr\u00e5n promenaden idag. Som en n\u00e4ra d\u00f6den upplevelse \u00e4r det. Det \u00e4r bara solen och jag. Om det inte vore f\u00f6r den d\u00e4r lilla v\u00e4rmen man k\u00e4nner i ansiktet s\u00e5 fanns det inget annat just d\u00e4r. Solen v\u00e4rmer. HURRA! Ljus \u00e5tta minuter bort hittar mitt ansikte. [&hellip;]<\/p>\n","protected":false},"author":24,"featured_media":0,"comment_status":"open","ping_status":"open","sticky":false,"template":"","format":"standard","meta":{"_crdt_document":"","jetpack_post_was_ever_published":false,"_jetpack_newsletter_access":"","_jetpack_dont_email_post_to_subs":false,"_jetpack_newsletter_tier_id":0,"_jetpack_memberships_contains_paywalled_content":false,"_jetpack_memberships_contains_paid_content":false,"footnotes":"","jetpack_publicize_message":"","jetpack_publicize_feature_enabled":true,"jetpack_social_post_already_shared":true,"jetpack_social_options":{"image_generator_settings":{"template":"highway","default_image_id":0,"font":"","enabled":false},"version":2}},"categories":[24],"tags":[],"class_list":["post-19698","post","type-post","status-publish","format-standard","hentry","category-betraktelser"],"jetpack_publicize_connections":[],"jetpack_featured_media_url":"","jetpack_sharing_enabled":true,"jetpack_likes_enabled":true,"jetpack-related-posts":[{"id":10456,"url":"https:\/\/www.akehedman.se\/wordpress\/?p=10456","url_meta":{"origin":19698,"position":0},"title":"Besatthet och gl\u00e4dje","author":"\u00c5ke Hedman","date":"2013-10-11","format":false,"excerpt":"Jag h\u00f6r redan innan jag kliver upp ur en varm sk\u00f6n s\u00e4ng att det \u00e4r en kall morgon. Hundarna i dalen d\u00e4r utanf\u00f6r klagar eller ocks\u00e5 \u00e4r sk\u00e4llandet bara ett s\u00e4tt f\u00f6r dom att h\u00e5lla v\u00e4rmen. Katter st\u00e5r ut, l\u00e5ter inte lika mycket, det \u00e4r d\u00e4rf\u00f6r jag k\u00e4nner mig n\u00e4rmare\u2026","rel":"","context":"In &quot;Betraktelser &amp; Ber\u00e4ttelse&quot;","block_context":{"text":"Betraktelser &amp; Ber\u00e4ttelse","link":"https:\/\/www.akehedman.se\/wordpress\/?cat=24"},"img":{"alt_text":"IMG_20131011_080606","src":"https:\/\/i0.wp.com\/www.eurosource.se\/akhe\/wordpress\/wp-content\/uploads\/2013\/10\/IMG_20131011_080606-768x1024.jpg?resize=350%2C200","width":350,"height":200,"srcset":"https:\/\/i0.wp.com\/www.eurosource.se\/akhe\/wordpress\/wp-content\/uploads\/2013\/10\/IMG_20131011_080606-768x1024.jpg?resize=350%2C200 1x, https:\/\/i0.wp.com\/www.eurosource.se\/akhe\/wordpress\/wp-content\/uploads\/2013\/10\/IMG_20131011_080606-768x1024.jpg?resize=525%2C300 1.5x"},"classes":[]},{"id":19054,"url":"https:\/\/www.akehedman.se\/wordpress\/?p=19054","url_meta":{"origin":19698,"position":1},"title":"Bubblor","author":"\u00c5ke Hedman","date":"2015-11-18","format":false,"excerpt":"Koncentration. En dag. Ibland h\u00e5ller man fast i den. Kommer ut ur det s\u00e5h\u00e4r vid elvatiden. Inser att man gick in i det d\u00e4r vid halv \u00e5tta i morse. Att v\u00e4rlden inte har existerat sedan dess. Bara n\u00e5gra kodrader och ett kort med en processor som ingen av dem knappast\u2026","rel":"","context":"In &quot;Betraktelser &amp; Ber\u00e4ttelse&quot;","block_context":{"text":"Betraktelser &amp; Ber\u00e4ttelse","link":"https:\/\/www.akehedman.se\/wordpress\/?cat=24"},"img":{"alt_text":"spbubblor-004_157605641","src":"https:\/\/i0.wp.com\/www.akehedman.se\/wordpress\/wp-content\/uploads\/2015\/11\/spbubblor-004_157605641.jpg?resize=350%2C200","width":350,"height":200,"srcset":"https:\/\/i0.wp.com\/www.akehedman.se\/wordpress\/wp-content\/uploads\/2015\/11\/spbubblor-004_157605641.jpg?resize=350%2C200 1x, https:\/\/i0.wp.com\/www.akehedman.se\/wordpress\/wp-content\/uploads\/2015\/11\/spbubblor-004_157605641.jpg?resize=525%2C300 1.5x"},"classes":[]},{"id":20370,"url":"https:\/\/www.akehedman.se\/wordpress\/?p=20370","url_meta":{"origin":19698,"position":2},"title":"Poff","author":"\u00c5ke Hedman","date":"2016-05-12","format":false,"excerpt":"Klockan \u00e4r strax efter sju. Lillkatten och jag p\u00e5 kontoret. Hon P\u00c5 sitt skrivbord, jag vid mitt. Ett gammalt gult (n\u00e5ja) skolhus p\u00e5 en kulle i Los h\u00e5ller sakta p\u00e5 att vakna. Det \u00e4r n\u00e5got annat med alla dessa mornar under den ljusa varma tiden \u00e4n under vintern. N\u00e5tt gott.\u2026","rel":"","context":"In &quot;Betraktelser &amp; Ber\u00e4ttelse&quot;","block_context":{"text":"Betraktelser &amp; Ber\u00e4ttelse","link":"https:\/\/www.akehedman.se\/wordpress\/?cat=24"},"img":{"alt_text":"20160512_074905_resized","src":"https:\/\/i0.wp.com\/www.akehedman.se\/wordpress\/wp-content\/uploads\/2016\/05\/20160512_074905_resized-1024x576.jpg?resize=350%2C200","width":350,"height":200,"srcset":"https:\/\/i0.wp.com\/www.akehedman.se\/wordpress\/wp-content\/uploads\/2016\/05\/20160512_074905_resized-1024x576.jpg?resize=350%2C200 1x, https:\/\/i0.wp.com\/www.akehedman.se\/wordpress\/wp-content\/uploads\/2016\/05\/20160512_074905_resized-1024x576.jpg?resize=525%2C300 1.5x"},"classes":[]},{"id":16282,"url":"https:\/\/www.akehedman.se\/wordpress\/?p=16282","url_meta":{"origin":19698,"position":3},"title":"Sportlov","author":"\u00c5ke Hedman","date":"2015-01-27","format":false,"excerpt":"Sn\u00f6slungad och klar. Klockan \u00e4r tio. Uppe vid sex och st\u00e4nger av Hulken eftersom sotaren kommer men v\u00e5r k\u00e4re pelletsbr\u00e4nnare har redan stannat. Bra timing. Jag kan g\u00e5 och l\u00e4gga mig en timme, dra mig, har sovit d\u00e5lig i natt. S\u00e4llan det h\u00e4nder. Sotaren kommer inte nedramlande fr\u00e5n taket, s\u00e5dant\u2026","rel":"","context":"In &quot;Betraktelser &amp; Ber\u00e4ttelse&quot;","block_context":{"text":"Betraktelser &amp; Ber\u00e4ttelse","link":"https:\/\/www.akehedman.se\/wordpress\/?cat=24"},"img":{"alt_text":"snc3b6kristall","src":"https:\/\/i0.wp.com\/www.eurosource.se\/akhe\/wordpress\/wp-content\/uploads\/2015\/01\/snc3b6kristall.jpg?resize=350%2C200","width":350,"height":200,"srcset":"https:\/\/i0.wp.com\/www.eurosource.se\/akhe\/wordpress\/wp-content\/uploads\/2015\/01\/snc3b6kristall.jpg?resize=350%2C200 1x, https:\/\/i0.wp.com\/www.eurosource.se\/akhe\/wordpress\/wp-content\/uploads\/2015\/01\/snc3b6kristall.jpg?resize=525%2C300 1.5x, https:\/\/i0.wp.com\/www.eurosource.se\/akhe\/wordpress\/wp-content\/uploads\/2015\/01\/snc3b6kristall.jpg?resize=700%2C400 2x"},"classes":[]},{"id":33917,"url":"https:\/\/www.akehedman.se\/wordpress\/?p=33917","url_meta":{"origin":19698,"position":4},"title":"Dan f\u00f6re dan","author":"\u00c5ke Hedman","date":"2019-12-23","format":false,"excerpt":"Jag \u00e4r lite sp\u00e4nd s\u00e5h\u00e4r dan f\u00f6r dan. Varje \u00e5r. Men om man var pirrig som liten f\u00f6r att man kanske skulle f\u00e5 de d\u00e4r presenter som man \u00f6nskat sig s\u00e5 \u00e4r orsaken en helt annan nu som vuxen. Det \u00e4r s\u00e5 mycket som skall klaffa. Viktigast \u00e4r bilen. Brakar\u2026","rel":"","context":"In &quot;Betraktelser &amp; Ber\u00e4ttelse&quot;","block_context":{"text":"Betraktelser &amp; Ber\u00e4ttelse","link":"https:\/\/www.akehedman.se\/wordpress\/?cat=24"},"img":{"alt_text":"","src":"https:\/\/i0.wp.com\/www.akehedman.se\/wordpress\/wp-content\/uploads\/2019\/04\/burning_sun.png?resize=350%2C200&ssl=1","width":350,"height":200,"srcset":"https:\/\/i0.wp.com\/www.akehedman.se\/wordpress\/wp-content\/uploads\/2019\/04\/burning_sun.png?resize=350%2C200&ssl=1 1x, https:\/\/i0.wp.com\/www.akehedman.se\/wordpress\/wp-content\/uploads\/2019\/04\/burning_sun.png?resize=525%2C300&ssl=1 1.5x"},"classes":[]},{"id":16860,"url":"https:\/\/www.akehedman.se\/wordpress\/?p=16860","url_meta":{"origin":19698,"position":5},"title":"Projekten och tvivlet","author":"\u00c5ke Hedman","date":"2015-03-06","format":false,"excerpt":"Halva dagen g\u00e5r \u00e5t till st\u00e4dning h\u00e4r idag. Det g\u00f6r inget. T\u00e4nktid det d\u00e4r. F\u00f6rdel det blir liksom fredag och halvhelg sen n\u00e4r man \u00e4r klar. Det \u00e4r mycket som rinner genom huvudet innan jag \u00e4r klar med l\u00e4genheten. T\u00e4nker p\u00e5 en v\u00e4ns projekt. Det \u00e4r s\u00e5 j\u00e4vla bra att\u2026","rel":"","context":"In &quot;Betraktelser &amp; Ber\u00e4ttelse&quot;","block_context":{"text":"Betraktelser &amp; Ber\u00e4ttelse","link":"https:\/\/www.akehedman.se\/wordpress\/?cat=24"},"img":{"alt_text":"1375956708","src":"https:\/\/i0.wp.com\/www.eurosource.se\/akhe\/wordpress\/wp-content\/uploads\/2015\/03\/1375956708.jpg?resize=350%2C200","width":350,"height":200},"classes":[]}],"jetpack_shortlink":"https:\/\/wp.me\/p68PL2-57I","_links":{"self":[{"href":"https:\/\/www.akehedman.se\/wordpress\/index.php?rest_route=\/wp\/v2\/posts\/19698","targetHints":{"allow":["GET"]}}],"collection":[{"href":"https:\/\/www.akehedman.se\/wordpress\/index.php?rest_route=\/wp\/v2\/posts"}],"about":[{"href":"https:\/\/www.akehedman.se\/wordpress\/index.php?rest_route=\/wp\/v2\/types\/post"}],"author":[{"embeddable":true,"href":"https:\/\/www.akehedman.se\/wordpress\/index.php?rest_route=\/wp\/v2\/users\/24"}],"replies":[{"embeddable":true,"href":"https:\/\/www.akehedman.se\/wordpress\/index.php?rest_route=%2Fwp%2Fv2%2Fcomments&post=19698"}],"version-history":[{"count":1,"href":"https:\/\/www.akehedman.se\/wordpress\/index.php?rest_route=\/wp\/v2\/posts\/19698\/revisions"}],"predecessor-version":[{"id":19700,"href":"https:\/\/www.akehedman.se\/wordpress\/index.php?rest_route=\/wp\/v2\/posts\/19698\/revisions\/19700"}],"wp:attachment":[{"href":"https:\/\/www.akehedman.se\/wordpress\/index.php?rest_route=%2Fwp%2Fv2%2Fmedia&parent=19698"}],"wp:term":[{"taxonomy":"category","embeddable":true,"href":"https:\/\/www.akehedman.se\/wordpress\/index.php?rest_route=%2Fwp%2Fv2%2Fcategories&post=19698"},{"taxonomy":"post_tag","embeddable":true,"href":"https:\/\/www.akehedman.se\/wordpress\/index.php?rest_route=%2Fwp%2Fv2%2Ftags&post=19698"}],"curies":[{"name":"wp","href":"https:\/\/api.w.org\/{rel}","templated":true}]}}