{"id":19694,"date":"2016-02-15T23:07:02","date_gmt":"2016-02-15T22:07:02","guid":{"rendered":"http:\/\/www.akehedman.se\/wordpress\/?p=19694"},"modified":"2016-02-16T10:33:05","modified_gmt":"2016-02-16T09:33:05","slug":"oppet-brev-till-alla-losbor","status":"publish","type":"post","link":"https:\/\/www.akehedman.se\/wordpress\/?p=19694","title":{"rendered":"Bredbandsfunderingar"},"content":{"rendered":"<p>N\u00e4r vi flyttade till Los 1986 s\u00e5 fanns det s\u00e5klart datorer i byn. Los har alltid h\u00e5llit sig framme n\u00e4r det g\u00e4ller ny teknik. Sj\u00e4lv hade jag en PC. F\u00f6rsta sommaren \u00e5sknedslag. N\u00e4rmaste reparationsverkstad fanns i Stockholm. F\u00f6retaget stod stilla i tv\u00e5 veckor innan det gick att f\u00e5 tag p\u00e5 reservdelar. Glesbygdsproblematik live f\u00f6rsta sommaren vi bodde h\u00e4r allts\u00e5.<\/p>\n<p>Tom Jennings Fidonet var l\u00e4nken ut i v\u00e4rlden. Ett BBS system d\u00e4r datorer ringde upp varandra med modem och h\u00e4mtade och tankade \u00f6ver meddelanden. Smart eftersom man kunde optimera och dela p\u00e5 telefonkostnaderna f\u00f6r att kommunicera med varandra. Men det var \u00e4nd\u00e5 ett dyrt system. Men email, fildelning och diskussionsforum fanns och fungerade. KOM-systemet vid det d\u00e5varande Stockholms Datamaskincentral, QZ, var Sveriges f\u00f6rsta BBS. Ocks\u00e5 det ett s\u00e4tt att n\u00e5 andra, utbyta id\u00e9er, vara med fast man fysiskt inte kunde var det. N\u00e5gra \u00e5r mot slutet av 90-talet fanns USA baserade Compuserve som gav m\u00f6jlighet att\u00a0 n\u00e5 Internet &#8220;p\u00e5 riktigt&#8221;, allts\u00e5 det vi har idag fast &#8220;lite&#8221; mindre. Mail och news.\u00a0 Minutpriset var 120 kronor mot New York.\u00a0 Man fick kolla en extra g\u00e5ng att modemet hade kopplat ner efter att man hade tankat upp\/ner meddelanden. Senare skapade Compuserve noder i Europa och till slut i Stockholm. Det blev inte lika dyrt, men dyrt nog.<\/p>\n<p>Sen fanns det kompisar i Stockholm som k\u00e4nde Bj\u00f6rn p\u00e5 KTH. Sveriges Internetfader. Han kontrollerade ensam rubbet. Man kunde koppla upp sig mot v\u00e4rlden om man kunde koppla upp sig mot KTH. Det gjorde man s\u00e5klart enkelt i Stockholm. Internet var n\u00e4mligen s\u00e5 finurligt organiserat att alla betalade anslutningen till n\u00e4tet,\u00a0 sen fick man kommunicera fritt n\u00e4r man v\u00e4l fanns d\u00e4r. F\u00f6r m\u00e5nga i Stockholmsomr\u00e5det blev det h\u00e4r ett lyft s\u00e5klart. Jag k\u00e4nde folk p\u00e5 ABC klubben som gav mig access genom deras koppling. Billigare igen. Mer utbud.<\/p>\n<p>Men det var \u00e4nd\u00e5 dyrt att ha n\u00e5got som n\u00e4rmade sig en fast uppkoppling om man satt i Los. Om jag minns r\u00e4tt betalade vi dryga 30000 per \u00e5r f\u00f6r kopplingen till Stockholm n\u00e4r det var som dyrast i b\u00f6rjan av 90-talet.<\/p>\n<p>Sen kom Ljusnet. Helt pl\u00f6tsligt gick det att kommunicera till lokaltaxa. Vilket lyft. Nu blev det m\u00f6jligt f\u00f6r var och en att vara en del av v\u00e4rlden. Ja resten \u00e4r historia. Fr\u00e5n 1995 exploderade allt det d\u00e4r. Vad m\u00e5nga inte vet \u00e4r att Ljusdals Kommun var den andra kommunen efter Helsingborg som hade en websida \u00f6ppet ute p\u00e5 n\u00e4tet. Jag tror Bolln\u00e4s var trea. Det tycker jag var bra gjort och vaket av lilla Ljusdal.<\/p>\n<p>Sen kom fiber till byn. Ocks\u00e5 till Los. Tidigt. Man hoppades. Men alla andra skulle ha f\u00f6re. Kommunen \u00e4r stor. Los kanske inte s\u00e5 intressant om man sitter i centralorten. Fast l\u00e5ngt bort snarare skapar st\u00f6rre behov. Men ADSL fanns. Ett lyft s\u00e5klart. Ljusnets kanonbra service och upptider som m\u00e5ste vara\u00a0 bland de b\u00e4sta m\u00f6jliga f\u00f6renklade allt. Det fungerar. Det var bra. Det ocks\u00e5. Och i alla fall steget efter state of the art. N\u00e4stan med.<\/p>\n<p>Nu sitter jag h\u00e4r och f\u00f6ljer varje dag tecknade ordrar och intresseanm\u00e4lningar p\u00e5 de som har intresse f\u00f6r fiberanslutning i Los. Det beh\u00f6vs 75% deltagande f\u00f6r att vi skall f\u00e5 kopplas upp p\u00e5 den digitala v\u00e4g som redan g\u00e5tt hit i m\u00e5nga \u00e5r.\u00a0 Ja det \u00e4r faktiskt en h\u00e4ndelse i dignitet med n\u00e4r elektriciteten kom till byn. Fiber blir standard. Tj\u00e4nster kr\u00e4ver fiber. Om man vill vara med i v\u00e4rlden. Om man vill finnas som by.\u00a0 Om man vill att folk skall vilja bo h\u00e4r. Kunna bo h\u00e4r. Ja och jag sitter h\u00e4r och hoppas p\u00e5 den d\u00e4r kraften som uppstod h\u00e4r i byn n\u00e4r gruvan b\u00f6rjade pumpas ur. Tillsamman gjordes det. &#8220;Nu j\u00e4vlar&#8221; liksom. Loskraft. Den som finns d\u00e4r. Sen v\u00e4lf\u00f6rtj\u00e4nt stolthet. N\u00e4r det var gjort. N\u00e4r det gick att g\u00f6ra. Stolta f\u00f6r att man gjorde det tillsammans. F\u00f6r byn. F\u00f6r sig sj\u00e4lva. F\u00f6r dom som kommer sen.<\/p>\n<p>Jovisst, ocks\u00e5 jag vet att det var m\u00e5nga som stod bredvid ocks\u00e5 n\u00e4r elektriciteten kom. &#8220;Visst r\u00e4ckte det med fotogenlampan \u00e4nd\u00e5.&#8221; Sa man. Vissa. Men nu vet vi ju att det inte r\u00e4ckte. S\u00e5 \u00e4r det med fiber ocks\u00e5. Vi lever i kommunikationens \u00e5rhundrade. V\u00e4rlden krymper tack vare att kommunikation suddar ut gr\u00e4nser. V\u00e4nskapsband knyts \u00f6ver kontinenter oberoende av politiska \u00e5sikter och tro. Ja sj\u00e4lv tror jag att allt det h\u00e4r i slut\u00e4nden skapar en b\u00e4ttre v\u00e4rld. B\u00e4ttre d\u00e4rf\u00f6r att vi l\u00e4r oss f\u00f6rst\u00e5 att vi egentligen \u00e4r precis lika och samma var vi \u00e4n bor och hur vi \u00e4n ser ut. Har man ett udda intresse delas det lik f\u00f6rbaskat med tusentals andra i v\u00e4rlden eftersom den \u00e4r s\u00e5 stor och m\u00e5ngfacetterad.<\/p>\n<p>Jod\u00e5, jag tror p\u00e5 Los. Tror och hoppas att alla f\u00f6rst\u00e5r att det h\u00e4r \u00e4r en \u00f6desfr\u00e5ga. Att det \u00e4r f\u00f6r sent att utbrista &#8220;varf\u00f6r kan inte vi&#8230;&#8221; sen n\u00e4r det \u00e4r f\u00f6r sent. N\u00e4r telefonstationen \u00e4r nedmonterad och \u00e5tervunnen. N\u00e4r vi tr\u00e4ngs i smala mobilkanaler. N\u00e4r vi inte kan g\u00f6ra det som andra tar f\u00f6r sj\u00e4lvklart.<\/p>\n<p>Ibland har man tack och lov valet om hur framtiden skall bli i sina egna h\u00e4nder. Att st\u00f6dja en fiberanslutning av hush\u00e5ll och f\u00f6retag i Los \u00e4r definitivt en s\u00e5dan fr\u00e5ga. Om nu n\u00e5gon fr\u00e5gar mig s\u00e5 \u00e4r det h\u00e4r kvartsseklets viktigaste fr\u00e5ga faktiskt. Ja ocks\u00e5 f\u00f6r en \u00e4lskad by uppe bland bergen p\u00e5 H\u00e4lsinglands tak som verkligen f\u00f6rtj\u00e4nar att finnas med i v\u00e4rlden ocks\u00e5 imorgon.<\/p>\n<p>Ake Hedman<br \/>\nGrodans Paradis AB<\/p>\n","protected":false},"excerpt":{"rendered":"<p>N\u00e4r vi flyttade till Los 1986 s\u00e5 fanns det s\u00e5klart datorer i byn. Los har alltid h\u00e5llit sig framme n\u00e4r det g\u00e4ller ny teknik. Sj\u00e4lv hade jag en PC. F\u00f6rsta sommaren \u00e5sknedslag. N\u00e4rmaste reparationsverkstad fanns i Stockholm. F\u00f6retaget stod stilla i tv\u00e5 veckor innan det gick att f\u00e5 tag p\u00e5 reservdelar. Glesbygdsproblematik live f\u00f6rsta sommaren [&hellip;]<\/p>\n","protected":false},"author":24,"featured_media":0,"comment_status":"open","ping_status":"open","sticky":false,"template":"","format":"standard","meta":{"_crdt_document":"","jetpack_post_was_ever_published":false,"_jetpack_newsletter_access":"","_jetpack_dont_email_post_to_subs":false,"_jetpack_newsletter_tier_id":0,"_jetpack_memberships_contains_paywalled_content":false,"_jetpack_memberships_contains_paid_content":false,"footnotes":"","jetpack_publicize_message":"","jetpack_publicize_feature_enabled":true,"jetpack_social_post_already_shared":true,"jetpack_social_options":{"image_generator_settings":{"template":"highway","default_image_id":0,"font":"","enabled":false},"version":2}},"categories":[24],"tags":[],"class_list":["post-19694","post","type-post","status-publish","format-standard","hentry","category-betraktelser"],"jetpack_publicize_connections":[],"jetpack_featured_media_url":"","jetpack_sharing_enabled":true,"jetpack_likes_enabled":true,"jetpack-related-posts":[{"id":3902,"url":"https:\/\/www.akehedman.se\/wordpress\/?p=3902","url_meta":{"origin":19694,"position":0},"title":"Facebooksj\u00e4lvmord","author":"\u00c5ke Hedman","date":"2013-03-10","format":false,"excerpt":"Jag har st\u00e4ndigt varit tr\u00f6tt p\u00e5 facebook. \u00c4nda sedan jag f\u00f6rsta g\u00e5ngen loggade in och folk kastade sn\u00f6bollar p\u00e5 varandra. Sen kom sommaren och alla min arbetskamrater fanns p\u00e5 fejjan. Det fanns inget annat s\u00e4tt att h\u00e5lla kontakt med dom p\u00e5 och det var roligt att se vad alla gjorde.\u2026","rel":"","context":"In &quot;Swedish&quot;","block_context":{"text":"Swedish","link":"https:\/\/www.akehedman.se\/wordpress\/?cat=2"},"img":{"alt_text":"","src":"https:\/\/i0.wp.com\/www.eurosource.se\/akhe\/wordpress\/wp-content\/uploads\/2013\/03\/full-body-sweater.jpg?resize=350%2C200","width":350,"height":200},"classes":[]},{"id":48913,"url":"https:\/\/www.akehedman.se\/wordpress\/?p=48913","url_meta":{"origin":19694,"position":1},"title":"Jompa","author":"\u00c5ke Hedman","date":"2025-01-07","format":false,"excerpt":"De flesta hade v\u00e4l dragit \u00e5t olika h\u00e5ll vid det laget men h\u00f6lls kvar av ett h\u00e5rt sp\u00e4nt gummiband som snart skulle brista. Vi h\u00f6ll (motvilligt) p\u00e5 att bli vuxna. Sj\u00e4lv drog jag iv\u00e4g senare samma h\u00f6st f\u00f6r att plugga. Hem kom man den f\u00f6rsta julen. Allt var annorlunda. Fast\u2026","rel":"","context":"In &quot;Betraktelser &amp; Ber\u00e4ttelse&quot;","block_context":{"text":"Betraktelser &amp; Ber\u00e4ttelse","link":"https:\/\/www.akehedman.se\/wordpress\/?cat=24"},"img":{"alt_text":"","src":"https:\/\/i0.wp.com\/www.akehedman.se\/wordpress\/wp-content\/uploads\/2025\/01\/Screenshot-from-2025-01-07-21-19-50.png?resize=350%2C200&ssl=1","width":350,"height":200},"classes":[]},{"id":18218,"url":"https:\/\/www.akehedman.se\/wordpress\/?p=18218","url_meta":{"origin":19694,"position":2},"title":"Vinden och ett f\u00f6rl\u00e5t","author":"\u00c5ke Hedman","date":"2015-07-05","format":false,"excerpt":"Jag har redan jobbat n\u00e5gra timmar nu s\u00e5h\u00e4r p\u00e5 s\u00f6ndagskv\u00e4llen men har varit ledig resten av helgen. Flyttat rosor och buskar, gr\u00e4vt h\u00e5l, fyllt igen h\u00e5l och klippt gr\u00e4smatta och hunnit med n\u00e5gra minuter i h\u00e4ngmattan. Ja grillat ocks\u00e5. Den f\u00f6rsta grillningen f\u00f6r i \u00e5r. Nedsk\u00f6ljt med rose' som sig\u2026","rel":"","context":"In &quot;Betraktelser &amp; Ber\u00e4ttelse&quot;","block_context":{"text":"Betraktelser &amp; Ber\u00e4ttelse","link":"https:\/\/www.akehedman.se\/wordpress\/?cat=24"},"img":{"alt_text":"001","src":"https:\/\/i0.wp.com\/www.akehedman.se\/wordpress\/wp-content\/uploads\/2015\/07\/001-1024x768.jpg?resize=350%2C200","width":350,"height":200,"srcset":"https:\/\/i0.wp.com\/www.akehedman.se\/wordpress\/wp-content\/uploads\/2015\/07\/001-1024x768.jpg?resize=350%2C200 1x, https:\/\/i0.wp.com\/www.akehedman.se\/wordpress\/wp-content\/uploads\/2015\/07\/001-1024x768.jpg?resize=525%2C300 1.5x"},"classes":[]},{"id":13586,"url":"https:\/\/www.akehedman.se\/wordpress\/?p=13586","url_meta":{"origin":19694,"position":3},"title":"Abborrarna anfaller eller vad det nu \u00e4r de g\u00f6r","author":"\u00c5ke Hedman","date":"2014-06-16","format":false,"excerpt":"Egentligen skulle man v\u00e4l kunnat s\u00e4ga att det var den f\u00f6rsta dagen det h\u00e4nde. Det var d\u00e5 n\u00e4r jag skulle g\u00e5 ner till sj\u00f6n och tv\u00e4tta mina f\u00f6tter, de som luktade mer som en \u00f6vergiven m\u00f6glig ost \u00e4n en del av en m\u00e4nniska. Ja, det blir s\u00e5d\u00e4r om man har\u2026","rel":"","context":"In &quot;Betraktelser &amp; Ber\u00e4ttelse&quot;","block_context":{"text":"Betraktelser &amp; Ber\u00e4ttelse","link":"https:\/\/www.akehedman.se\/wordpress\/?cat=24"},"img":{"alt_text":"abborre","src":"https:\/\/i0.wp.com\/www.eurosource.se\/akhe\/wordpress\/wp-content\/uploads\/2014\/06\/abborre.jpg?resize=350%2C200","width":350,"height":200},"classes":[]},{"id":1726,"url":"https:\/\/www.akehedman.se\/wordpress\/?p=1726","url_meta":{"origin":19694,"position":4},"title":"Minnen","author":"\u00c5ke Hedman","date":"2012-10-16","format":false,"excerpt":"En ros. En blodr\u00f6s ros i en bl\u00e5 vas p\u00e5 en bokhylla. Det var det enda som fanns kvar 60-\u00e5r senare. Nu intorkad och spr\u00f6d av \u00e5lder. Dammig av ett helt liv av uppvirvlande partiklar fr\u00e5n en familjs r\u00f6relse genom tiden. Dammig, fast hon f\u00f6rsiktigt, o\u00e4ndligt f\u00f6rsiktigt och t\u00e5lamodigt, f\u00f6r\u2026","rel":"","context":"In &quot;Betraktelser &amp; Ber\u00e4ttelse&quot;","block_context":{"text":"Betraktelser &amp; Ber\u00e4ttelse","link":"https:\/\/www.akehedman.se\/wordpress\/?cat=24"},"img":{"alt_text":"","src":"","width":0,"height":0},"classes":[]},{"id":8749,"url":"https:\/\/www.akehedman.se\/wordpress\/?p=8749","url_meta":{"origin":19694,"position":5},"title":"Tv\u00e5 systrar","author":"\u00c5ke Hedman","date":"2013-08-21","format":false,"excerpt":"De var tv\u00e5 systrar. Den ene stark och den andre svag. Dom sitter d\u00e4r p\u00e5 v\u00e4ggen framf\u00f6r mig p\u00e5 ett coloriserat svart\/vitt foto. Hur mycket har jag inte att tacka dom f\u00f6r? F\u00f6r sagob\u00f6ckerna n\u00e4r jag var liten i ett hem d\u00e4r b\u00f6cker inte fanns. Tron p\u00e5 att det goda\u2026","rel":"","context":"In &quot;Betraktelser &amp; Ber\u00e4ttelse&quot;","block_context":{"text":"Betraktelser &amp; Ber\u00e4ttelse","link":"https:\/\/www.akehedman.se\/wordpress\/?cat=24"},"img":{"alt_text":"IMG_20130821_095856","src":"https:\/\/i0.wp.com\/www.eurosource.se\/akhe\/wordpress\/wp-content\/uploads\/2013\/08\/IMG_20130821_095856-1024x768.jpg?resize=350%2C200","width":350,"height":200,"srcset":"https:\/\/i0.wp.com\/www.eurosource.se\/akhe\/wordpress\/wp-content\/uploads\/2013\/08\/IMG_20130821_095856-1024x768.jpg?resize=350%2C200 1x, https:\/\/i0.wp.com\/www.eurosource.se\/akhe\/wordpress\/wp-content\/uploads\/2013\/08\/IMG_20130821_095856-1024x768.jpg?resize=525%2C300 1.5x"},"classes":[]}],"jetpack_shortlink":"https:\/\/wp.me\/p68PL2-57E","_links":{"self":[{"href":"https:\/\/www.akehedman.se\/wordpress\/index.php?rest_route=\/wp\/v2\/posts\/19694","targetHints":{"allow":["GET"]}}],"collection":[{"href":"https:\/\/www.akehedman.se\/wordpress\/index.php?rest_route=\/wp\/v2\/posts"}],"about":[{"href":"https:\/\/www.akehedman.se\/wordpress\/index.php?rest_route=\/wp\/v2\/types\/post"}],"author":[{"embeddable":true,"href":"https:\/\/www.akehedman.se\/wordpress\/index.php?rest_route=\/wp\/v2\/users\/24"}],"replies":[{"embeddable":true,"href":"https:\/\/www.akehedman.se\/wordpress\/index.php?rest_route=%2Fwp%2Fv2%2Fcomments&post=19694"}],"version-history":[{"count":2,"href":"https:\/\/www.akehedman.se\/wordpress\/index.php?rest_route=\/wp\/v2\/posts\/19694\/revisions"}],"predecessor-version":[{"id":19697,"href":"https:\/\/www.akehedman.se\/wordpress\/index.php?rest_route=\/wp\/v2\/posts\/19694\/revisions\/19697"}],"wp:attachment":[{"href":"https:\/\/www.akehedman.se\/wordpress\/index.php?rest_route=%2Fwp%2Fv2%2Fmedia&parent=19694"}],"wp:term":[{"taxonomy":"category","embeddable":true,"href":"https:\/\/www.akehedman.se\/wordpress\/index.php?rest_route=%2Fwp%2Fv2%2Fcategories&post=19694"},{"taxonomy":"post_tag","embeddable":true,"href":"https:\/\/www.akehedman.se\/wordpress\/index.php?rest_route=%2Fwp%2Fv2%2Ftags&post=19694"}],"curies":[{"name":"wp","href":"https:\/\/api.w.org\/{rel}","templated":true}]}}