{"id":19674,"date":"2016-02-15T10:53:34","date_gmt":"2016-02-15T09:53:34","guid":{"rendered":"http:\/\/www.akehedman.se\/wordpress\/?p=19674"},"modified":"2016-02-15T12:54:52","modified_gmt":"2016-02-15T11:54:52","slug":"idag-3","status":"publish","type":"post","link":"https:\/\/www.akehedman.se\/wordpress\/?p=19674","title":{"rendered":"Idag"},"content":{"rendered":"<p><img data-recalc-dims=\"1\" loading=\"lazy\" decoding=\"async\" class=\"alignnone size-large wp-image-19677\" src=\"https:\/\/i0.wp.com\/www.akehedman.se\/wordpress\/wp-content\/uploads\/2016\/02\/IMG_1787-1-768x1024.png?resize=580%2C774\" alt=\"IMG_1787\" width=\"580\" height=\"774\" srcset=\"https:\/\/i0.wp.com\/www.akehedman.se\/wordpress\/wp-content\/uploads\/2016\/02\/IMG_1787-1.png?resize=768%2C1024&amp;ssl=1 768w, https:\/\/i0.wp.com\/www.akehedman.se\/wordpress\/wp-content\/uploads\/2016\/02\/IMG_1787-1.png?resize=225%2C300&amp;ssl=1 225w, https:\/\/i0.wp.com\/www.akehedman.se\/wordpress\/wp-content\/uploads\/2016\/02\/IMG_1787-1.png?w=800&amp;ssl=1 800w\" sizes=\"auto, (max-width: 580px) 100vw, 580px\" \/><\/p>\n<p>Ja jag kommer faktiskt v\u00e4g och promenerar h\u00e4r tidigt p\u00e5 morgonen. Ja och det \u00e4r lika sk\u00f6nt som det brukar vara. Trotts minus femton. Men man blir snart varm. M\u00e4rker inte av det d\u00e4r. Och p\u00e5 v\u00e4gen hem reser sig solen fr\u00e5n skuggorna upp mot himlen\u00a0 och v\u00e4rlden visar sig vara\u00a0 kl\u00e4dd i silver. Man blir helt enkelt upplyft inf\u00f6r en dags arbete. F\u00f6rhoppningsvis kan jag h\u00e5lla i med promenerandet fram\u00f6ver. F\u00f6r livet. F\u00f6r att m\u00e5 b\u00e4ttre.<\/p>\n<p>Annars tuggar det v\u00e4l p\u00e5. Inte mycket h\u00e4nder, Man \u00e4r ju den man \u00e4r. En som sl\u00e5ss mot v\u00e4derkvarnar. Men kanske man kan vara lycklig av att h\u00e5lla p\u00e5 med det ocks\u00e5. Kanske lyckligare \u00e4n m\u00e5nga andra. Inte alla tror p\u00e5 n\u00e5got. Ger sig h\u00e4n. Men b\u00e5da betalar v\u00e4l s\u00e5klart ett pris f\u00f6r sina livsval. F\u00f6r det val man g\u00f6r har alltid ett pris. Ett pris som inte kan betalas av p\u00e5 kredit.<\/p>\n<p>Ja s\u00e5 solen lyser in genom f\u00f6nstret h\u00e4r. Stark och m\u00e4ktig. Februarim\u00e4ktig. N\u00e4r jag kliver upp vid sju h\u00e4r p\u00e5 morgonen \u00e4r det redan ljust. Jag tror f\u00f6rst att jag f\u00f6rsovit mig. Men det \u00e4r bara tiden som hunnit ifatt m\u00f6rkret. Det blir lite l\u00e4ttare att leva. Tre veckor kvar till Vasaloppet nu. Sen har det v\u00e4nt p\u00e5 riktigt. Jag blir levandes igen.<\/p>\n<p>Det h\u00e4r gnistrande silvervita d\u00e4r utanf\u00f6r f\u00f6nstren just nu. Det \u00e4r sagolikt vackert. D\u00f6dligt. Man blir sugen p\u00e5 att \u00e5ka skidor. Ja, bara det. Men brutet finger, bruten handled och ledband av. Tre \u00e5r efter varandra. En skada varje \u00e5r. Ja det fick mig att sluta att \u00e5ka utf\u00f6r. Man anade ju vad n\u00e4sta skulle bli. B\u00e4st att s\u00e4lja iv\u00e4g pj\u00e4xor och skidor innan det blev v\u00e4rre. Men nog saknar man det d\u00e4r allt. K\u00e4nslan av att i frihet fara utf\u00f6r. Men man kan ju \u00e5ka p\u00e5 planmark ocks\u00e5. S\u00e4krare f\u00f6r s\u00e5dana som mig. Kanske.<\/p>\n<p>\u00c4r man lycklig idag. Ja jag tror tamefan det. ja det h\u00e4nder ganska ofta faktiskt. Att jag st\u00e4ller fr\u00e5gan. Sen svarar ja. Vem skulle vilja ha mitt liv liksom? Men lycka finns n\u00e4stan aldrig d\u00e4r folk tror att den finns. Man m\u00e5ste l\u00e4ra sig det om man \u00e4r ute efter den.<\/p>\n","protected":false},"excerpt":{"rendered":"<p>Ja jag kommer faktiskt v\u00e4g och promenerar h\u00e4r tidigt p\u00e5 morgonen. Ja och det \u00e4r lika sk\u00f6nt som det brukar vara. Trotts minus femton. Men man blir snart varm. M\u00e4rker inte av det d\u00e4r. Och p\u00e5 v\u00e4gen hem reser sig solen fr\u00e5n skuggorna upp mot himlen\u00a0 och v\u00e4rlden visar sig vara\u00a0 kl\u00e4dd i silver. Man [&hellip;]<\/p>\n","protected":false},"author":24,"featured_media":0,"comment_status":"open","ping_status":"open","sticky":false,"template":"","format":"standard","meta":{"_crdt_document":"","jetpack_post_was_ever_published":false,"_jetpack_newsletter_access":"","_jetpack_dont_email_post_to_subs":false,"_jetpack_newsletter_tier_id":0,"_jetpack_memberships_contains_paywalled_content":false,"_jetpack_memberships_contains_paid_content":false,"footnotes":"","jetpack_publicize_message":"","jetpack_publicize_feature_enabled":true,"jetpack_social_post_already_shared":true,"jetpack_social_options":{"image_generator_settings":{"template":"highway","default_image_id":0,"font":"","enabled":false},"version":2}},"categories":[24],"tags":[],"class_list":["post-19674","post","type-post","status-publish","format-standard","hentry","category-betraktelser"],"jetpack_publicize_connections":[],"jetpack_featured_media_url":"","jetpack_sharing_enabled":true,"jetpack_likes_enabled":true,"jetpack-related-posts":[{"id":17265,"url":"https:\/\/www.akehedman.se\/wordpress\/?p=17265","url_meta":{"origin":19674,"position":0},"title":"Ett trubbigt och ov\u00e4ssat sinne","author":"\u00c5ke Hedman","date":"2015-03-31","format":false,"excerpt":"Okoncentrerad idag. Sitter h\u00e4r och v\u00e4ntar p\u00e5 att kaffet skall rinna genom filtret. Kanske kan det hj\u00e4lpa mot ett trubbigt sinne. Om inte f\u00e5r jag v\u00e4l s\u00e4tta mig och l\u00f6da. Det fungera alltid med de d\u00e4r mekaniska sysslorna n\u00e4r inspiration inte vill vara med. Lunchen. Jag skall v\u00e4rma en \u00f6verbliven\u2026","rel":"","context":"In &quot;Betraktelser &amp; Ber\u00e4ttelse&quot;","block_context":{"text":"Betraktelser &amp; Ber\u00e4ttelse","link":"https:\/\/www.akehedman.se\/wordpress\/?cat=24"},"img":{"alt_text":"image001","src":"https:\/\/i0.wp.com\/www.eurosource.se\/akhe\/wordpress\/wp-content\/uploads\/2015\/03\/image001.jpg?resize=350%2C200","width":350,"height":200,"srcset":"https:\/\/i0.wp.com\/www.eurosource.se\/akhe\/wordpress\/wp-content\/uploads\/2015\/03\/image001.jpg?resize=350%2C200 1x, https:\/\/i0.wp.com\/www.eurosource.se\/akhe\/wordpress\/wp-content\/uploads\/2015\/03\/image001.jpg?resize=525%2C300 1.5x"},"classes":[]},{"id":16782,"url":"https:\/\/www.akehedman.se\/wordpress\/?p=16782","url_meta":{"origin":19674,"position":1},"title":"K\u00e4r och K\u00e5t och lite Galen.","author":"\u00c5ke Hedman","date":"2015-03-03","format":false,"excerpt":"Vicks bl\u00e5. Ja jag har slutat med det. Men skall snart \u00e5ka ner och k\u00f6pa en p\u00e5se. Mitt knark. Det kunde kanske vara v\u00e4rre. Eller inte. Kanske blir man dum i huvudet av att \u00e4ta de d\u00e4r bl\u00e5. \"Jag har inte m\u00e4rkt n\u00e5got\" !!!???\u00a0 Ja som det \u00e4r. Inte l\u00e4tt.\u2026","rel":"","context":"In &quot;Betraktelser &amp; Ber\u00e4ttelse&quot;","block_context":{"text":"Betraktelser &amp; Ber\u00e4ttelse","link":"https:\/\/www.akehedman.se\/wordpress\/?cat=24"},"img":{"alt_text":"009","src":"https:\/\/i0.wp.com\/www.akehedman.se\/wordpress\/wp-content\/uploads\/2014\/12\/0091-1024x768.jpg?resize=350%2C200","width":350,"height":200,"srcset":"https:\/\/i0.wp.com\/www.akehedman.se\/wordpress\/wp-content\/uploads\/2014\/12\/0091-1024x768.jpg?resize=350%2C200 1x, https:\/\/i0.wp.com\/www.akehedman.se\/wordpress\/wp-content\/uploads\/2014\/12\/0091-1024x768.jpg?resize=525%2C300 1.5x"},"classes":[]},{"id":16568,"url":"https:\/\/www.akehedman.se\/wordpress\/?p=16568","url_meta":{"origin":19674,"position":2},"title":"En livs levande m\u00e4nniska","author":"\u00c5ke Hedman","date":"2015-02-16","format":false,"excerpt":"Idag har jag tr\u00e4ffat en livs levande m\u00e4nniska. Ja allts\u00e5 en utanf\u00f6r familjen. Ja till och med en utanf\u00f6r de som bor i de hus som ligger n\u00e4ra v\u00e5rt stora gula. Det var inte ens en p\u00e5 aff\u00e4ren. En helt annan m\u00e4nniska allts\u00e5. Fr\u00e5n ett annat landskap dessutom. Utb\u00f6ling. Fr\u00e5n\u2026","rel":"","context":"In &quot;Betraktelser &amp; Ber\u00e4ttelse&quot;","block_context":{"text":"Betraktelser &amp; Ber\u00e4ttelse","link":"https:\/\/www.akehedman.se\/wordpress\/?cat=24"},"img":{"alt_text":"","src":"","width":0,"height":0},"classes":[]},{"id":42345,"url":"https:\/\/www.akehedman.se\/wordpress\/?p=42345","url_meta":{"origin":19674,"position":3},"title":"En vandrare","author":"\u00c5ke Hedman","date":"2022-07-27","format":false,"excerpt":"Jag vandrar runt p\u00e5 \"min\" kulle. Det \u00e4r \u00e4nd\u00e5 r\u00e4tt behagligt i solen trotts sexton grader. \"min\" \u00e4r s\u00e5klart bara ett s\u00e4tt att se p\u00e5 det. Andra kallar kullen \"sin\" dom ocks\u00e5. Ja och ingen av oss kan v\u00e4l \u00e4ga kullen annat \u00e4n som i en text p\u00e5 ett papper.\u2026","rel":"","context":"In &quot;Swedish&quot;","block_context":{"text":"Swedish","link":"https:\/\/www.akehedman.se\/wordpress\/?cat=2"},"img":{"alt_text":"","src":"https:\/\/i0.wp.com\/www.akehedman.se\/wordpress\/wp-content\/uploads\/2022\/07\/IMG_20220717_175108-scaled.jpg?resize=350%2C200&ssl=1","width":350,"height":200,"srcset":"https:\/\/i0.wp.com\/www.akehedman.se\/wordpress\/wp-content\/uploads\/2022\/07\/IMG_20220717_175108-scaled.jpg?resize=350%2C200&ssl=1 1x, https:\/\/i0.wp.com\/www.akehedman.se\/wordpress\/wp-content\/uploads\/2022\/07\/IMG_20220717_175108-scaled.jpg?resize=525%2C300&ssl=1 1.5x, https:\/\/i0.wp.com\/www.akehedman.se\/wordpress\/wp-content\/uploads\/2022\/07\/IMG_20220717_175108-scaled.jpg?resize=700%2C400&ssl=1 2x, https:\/\/i0.wp.com\/www.akehedman.se\/wordpress\/wp-content\/uploads\/2022\/07\/IMG_20220717_175108-scaled.jpg?resize=1050%2C600&ssl=1 3x, https:\/\/i0.wp.com\/www.akehedman.se\/wordpress\/wp-content\/uploads\/2022\/07\/IMG_20220717_175108-scaled.jpg?resize=1400%2C800&ssl=1 4x"},"classes":[]},{"id":16218,"url":"https:\/\/www.akehedman.se\/wordpress\/?p=16218","url_meta":{"origin":19674,"position":4},"title":"Hundarna","author":"\u00c5ke Hedman","date":"2015-01-20","format":false,"excerpt":"En hund sk\u00e4ller p\u00e5 andra sidan dalg\u00e5ngen. Gjorde de inte det, byns hundar, och det var helt tyst en morgon s\u00e5 visste man att alla gett sig av. Att man satt h\u00e4r ensam i Lo(o)s, eller ensam i H\u00e4lsingland eller kanske ensam i hela v\u00e4rlden. Att alla andra hade dragit\u2026","rel":"","context":"In &quot;Betraktelser &amp; Ber\u00e4ttelse&quot;","block_context":{"text":"Betraktelser &amp; Ber\u00e4ttelse","link":"https:\/\/www.akehedman.se\/wordpress\/?cat=24"},"img":{"alt_text":"2014-12-17_22-46-37","src":"https:\/\/i0.wp.com\/www.eurosource.se\/akhe\/wordpress\/wp-content\/uploads\/2015\/01\/2014-12-17_22-46-37.jpg?resize=350%2C200","width":350,"height":200,"srcset":"https:\/\/i0.wp.com\/www.eurosource.se\/akhe\/wordpress\/wp-content\/uploads\/2015\/01\/2014-12-17_22-46-37.jpg?resize=350%2C200 1x, https:\/\/i0.wp.com\/www.eurosource.se\/akhe\/wordpress\/wp-content\/uploads\/2015\/01\/2014-12-17_22-46-37.jpg?resize=525%2C300 1.5x, https:\/\/i0.wp.com\/www.eurosource.se\/akhe\/wordpress\/wp-content\/uploads\/2015\/01\/2014-12-17_22-46-37.jpg?resize=700%2C400 2x"},"classes":[]},{"id":49650,"url":"https:\/\/www.akehedman.se\/wordpress\/?p=49650","url_meta":{"origin":19674,"position":5},"title":"Vinden","author":"\u00c5ke Hedman","date":"2025-05-14","format":false,"excerpt":"Photo by Kat Smith on Pexels.com Den d\u00e4r j\u00e4vla vinden. Upp mot 20 m\/s i byarna. H\u00e5ller p\u00e5 och h\u00e5ller p\u00e5. Men det nya nu f\u00f6r tiden. Varje v\u00e5r. Kall vind. Vill klaga. Men vem klagar man p\u00e5 v\u00e4dret till. Bra h\u00e4r p\u00e5 kullen. Kunde i alla fall vara s\u00e4mre.\u2026","rel":"","context":"In &quot;Betraktelser &amp; Ber\u00e4ttelse&quot;","block_context":{"text":"Betraktelser &amp; Ber\u00e4ttelse","link":"https:\/\/www.akehedman.se\/wordpress\/?cat=24"},"img":{"alt_text":"brown bare tree","src":"https:\/\/i0.wp.com\/www.akehedman.se\/wordpress\/wp-content\/uploads\/2025\/05\/pexels-photo-551615.jpeg?resize=350%2C200&ssl=1","width":350,"height":200,"srcset":"https:\/\/i0.wp.com\/www.akehedman.se\/wordpress\/wp-content\/uploads\/2025\/05\/pexels-photo-551615.jpeg?resize=350%2C200&ssl=1 1x, https:\/\/i0.wp.com\/www.akehedman.se\/wordpress\/wp-content\/uploads\/2025\/05\/pexels-photo-551615.jpeg?resize=525%2C300&ssl=1 1.5x, https:\/\/i0.wp.com\/www.akehedman.se\/wordpress\/wp-content\/uploads\/2025\/05\/pexels-photo-551615.jpeg?resize=700%2C400&ssl=1 2x, https:\/\/i0.wp.com\/www.akehedman.se\/wordpress\/wp-content\/uploads\/2025\/05\/pexels-photo-551615.jpeg?resize=1050%2C600&ssl=1 3x, https:\/\/i0.wp.com\/www.akehedman.se\/wordpress\/wp-content\/uploads\/2025\/05\/pexels-photo-551615.jpeg?resize=1400%2C800&ssl=1 4x"},"classes":[]}],"jetpack_shortlink":"https:\/\/wp.me\/p68PL2-57k","_links":{"self":[{"href":"https:\/\/www.akehedman.se\/wordpress\/index.php?rest_route=\/wp\/v2\/posts\/19674","targetHints":{"allow":["GET"]}}],"collection":[{"href":"https:\/\/www.akehedman.se\/wordpress\/index.php?rest_route=\/wp\/v2\/posts"}],"about":[{"href":"https:\/\/www.akehedman.se\/wordpress\/index.php?rest_route=\/wp\/v2\/types\/post"}],"author":[{"embeddable":true,"href":"https:\/\/www.akehedman.se\/wordpress\/index.php?rest_route=\/wp\/v2\/users\/24"}],"replies":[{"embeddable":true,"href":"https:\/\/www.akehedman.se\/wordpress\/index.php?rest_route=%2Fwp%2Fv2%2Fcomments&post=19674"}],"version-history":[{"count":3,"href":"https:\/\/www.akehedman.se\/wordpress\/index.php?rest_route=\/wp\/v2\/posts\/19674\/revisions"}],"predecessor-version":[{"id":19679,"href":"https:\/\/www.akehedman.se\/wordpress\/index.php?rest_route=\/wp\/v2\/posts\/19674\/revisions\/19679"}],"wp:attachment":[{"href":"https:\/\/www.akehedman.se\/wordpress\/index.php?rest_route=%2Fwp%2Fv2%2Fmedia&parent=19674"}],"wp:term":[{"taxonomy":"category","embeddable":true,"href":"https:\/\/www.akehedman.se\/wordpress\/index.php?rest_route=%2Fwp%2Fv2%2Fcategories&post=19674"},{"taxonomy":"post_tag","embeddable":true,"href":"https:\/\/www.akehedman.se\/wordpress\/index.php?rest_route=%2Fwp%2Fv2%2Ftags&post=19674"}],"curies":[{"name":"wp","href":"https:\/\/api.w.org\/{rel}","templated":true}]}}