{"id":19659,"date":"2016-02-12T12:09:19","date_gmt":"2016-02-12T11:09:19","guid":{"rendered":"http:\/\/www.akehedman.se\/wordpress\/?p=19659"},"modified":"2016-02-12T12:09:19","modified_gmt":"2016-02-12T11:09:19","slug":"fredag-5","status":"publish","type":"post","link":"https:\/\/www.akehedman.se\/wordpress\/?p=19659","title":{"rendered":"Fredag"},"content":{"rendered":"<p><img data-recalc-dims=\"1\" loading=\"lazy\" decoding=\"async\" class=\"alignnone size-full wp-image-19660\" src=\"https:\/\/i0.wp.com\/www.akehedman.se\/wordpress\/wp-content\/uploads\/2016\/02\/bataille_de_verdun_01_zoom.jpg?resize=580%2C387\" alt=\"bataille_de_verdun_01_zoom\" width=\"580\" height=\"387\" \/><\/p>\n<p>Jag p\u00e5minns i Ljusdals posten idag att ett stopp i <a href=\"https:\/\/www.google.se\/url?sa=t&amp;rct=j&amp;q=&amp;esrc=s&amp;source=web&amp;cd=5&amp;cad=rja&amp;uact=8&amp;ved=0ahUKEwi1t7-w4_HKAhXIK5oKHTQKBJsQFggsMAQ&amp;url=https%3A%2F%2Fen.wikipedia.org%2Fwiki%2FVerdun_Memorial&amp;usg=AFQjCNEDYRPO-npbr3iuvPwUqf7wcL7cLw&amp;sig2=qttu5id_N64efIu54euuFA\">Verdune i Frankrike <\/a>sitter d\u00e4r p\u00e5 att-bes\u00f6ka-\u00f6nske-listan och har gjort det ett tag. Ett av stoppen f\u00f6r att f\u00f6rs\u00f6ka f\u00f6rst\u00e5 galenskapen som finns inbyggd hos m\u00e4nskligheten. Nej jag tror inte man kan n\u00e5 f\u00f6rst\u00e5else. Men kanske en insikt om det on\u00f6diga med alla dessa kors som representerar sl\u00e4ckta hela liv som borde fortsatt med vardag och \u00e5lderdom och insikten om att det \u00e4r v\u00e4rt att k\u00e4mpa f\u00f6r att det h\u00e4r inte skall h\u00e4nda igen.<\/p>\n<p>Fast just det h\u00e5ller ju s\u00e5klart inte. Det h\u00e4nder idag med. I Syrien, I Afrika. P\u00e5 en j\u00e4vla massa st\u00e4llen h\u00e5ller idioter p\u00e5 att m\u00f6rda, v\u00e5ldta och sl\u00e5ss. Hur det nu kan vara m\u00f6jligt att vi l\u00e5ter det ske. Fortfarande. De som h\u00e4vdar att l\u00f6sningen \u00e4r st\u00e4ngda gr\u00e4nser. Hur resonerar man d\u00e5? Hur enkelt kan man t\u00e4nka. N\u00e4r skall man \u00f6ver huvud taget t\u00e4nka alls. Ja om man resonerar s\u00e5. \u00c4r det inte just det huvudet-i-sanden-knepet och har n\u00e5gon endaste en n\u00e5gonsin trott att det fungerar.<\/p>\n<p>Jag vet inte. Suckar. F\u00f6rtvivlar.<\/p>\n<p>Sn\u00f6storm h\u00e4r p\u00e5 kullen med det stora gula huset eller storm eller i alla fall kuling. Ja man dras med i superlativen. Vill beskriva som kris eftersom alla andra g\u00f6r det. Men egentligen bl\u00e5ser det bara lite samtidigt som det sn\u00f6ar. Kallt och otrevligt men r\u00e4tt mysigt om man f\u00e5r sitta inne \u00e4nd\u00e5. Det f\u00e5r man nu bara n\u00e4stan. Men f\u00f6rdelen med att inte g\u00f6ra det \u00e4r att det blir sk\u00f6nare att komma in igen. V\u00e5gdalarna beh\u00f6vs till kontrast f\u00f6r topparnas p\u00e5 samma s\u00e4tt som ljus och m\u00f6rker ger insikter vi annars inte skulle ha haft om bara en av dem hade funnits. Man m\u00e5ste f\u00f6rst\u00e5 att det \u00e4r s\u00e5. Ja ser jag efter \u00e4r det 10 m\/s. Bl\u00e5sten. Vad det nu kallas.<\/p>\n<p>Har en fast telefon p\u00e5 firman som aldrig ringer. IP-telefoni. Vad jag nu skall med den till. Men det kostar inte m\u00e5nga kronor att ha den. Tjugonio sp\u00e4nn. Som man kan ringa f\u00f6r. Fr\u00e5gan \u00e4r varf\u00f6r man skall ha den n\u00e4r den aldrig ringer och n\u00e4r jag aldrig sj\u00e4lv ringer. Email \u00e4r det som anv\u00e4nds h\u00e4r. F\u00e5r v\u00e4l fundera p\u00e5 det d\u00e4r. De samtal som kommer p\u00e5 den \u00e4r alla telemarketing folk. Strunt. Som tar tid fast man l\u00e4gger p\u00e5 omedelbart. N\u00e4stan. Har slutat vara h\u00f6vlig. N\u00e4stan.<\/p>\n<p>Men bort vill man ju. S\u00e5klart. Till v\u00e4rmen. Jag tror K skulle f\u00f6ljt med. Det som \u00e4r kvar till n\u00e5gonstans bort\u00e5t mitten av maj. Visst kunde man tillbringat den tiden n\u00e5gon annanstans. Sure. Helt s\u00e4kert. Men sannolikheten f\u00f6r att det blir s\u00e5. Hur stor \u00e4r den?<\/p>\n<p>Helg hur som helst. Gr\u00f6n soffa ikv\u00e4ll. Eventuellt en film eller ocks\u00e5 bara sk\u00f6n s\u00f6mn.\u00a0 Men nu jobba lite. Med det \u00e4r det v\u00e4l egentligen som med telefonen. Man kan ifr\u00e5gas\u00e4tta nyttan. Om man r\u00e4knar int\u00e4kter. P\u00e5 v\u00e4rdet har jag inga tvivel. Dock. Sannolikt har andra det. S\u00e5klart. Som vanligt. Kanske har dom r\u00e4tt. Jag har fel.<\/p>\n","protected":false},"excerpt":{"rendered":"<p>Jag p\u00e5minns i Ljusdals posten idag att ett stopp i Verdune i Frankrike sitter d\u00e4r p\u00e5 att-bes\u00f6ka-\u00f6nske-listan och har gjort det ett tag. Ett av stoppen f\u00f6r att f\u00f6rs\u00f6ka f\u00f6rst\u00e5 galenskapen som finns inbyggd hos m\u00e4nskligheten. Nej jag tror inte man kan n\u00e5 f\u00f6rst\u00e5else. Men kanske en insikt om det on\u00f6diga med alla dessa kors [&hellip;]<\/p>\n","protected":false},"author":24,"featured_media":0,"comment_status":"open","ping_status":"open","sticky":false,"template":"","format":"standard","meta":{"_crdt_document":"","jetpack_post_was_ever_published":false,"_jetpack_newsletter_access":"","_jetpack_dont_email_post_to_subs":false,"_jetpack_newsletter_tier_id":0,"_jetpack_memberships_contains_paywalled_content":false,"_jetpack_memberships_contains_paid_content":false,"footnotes":"","jetpack_publicize_message":"","jetpack_publicize_feature_enabled":true,"jetpack_social_post_already_shared":true,"jetpack_social_options":{"image_generator_settings":{"template":"highway","default_image_id":0,"font":"","enabled":false},"version":2}},"categories":[24],"tags":[],"class_list":["post-19659","post","type-post","status-publish","format-standard","hentry","category-betraktelser"],"jetpack_publicize_connections":[],"jetpack_featured_media_url":"","jetpack_sharing_enabled":true,"jetpack_likes_enabled":true,"jetpack-related-posts":[{"id":48304,"url":"https:\/\/www.akehedman.se\/wordpress\/?p=48304","url_meta":{"origin":19659,"position":0},"title":"Grattis, liksom","author":"\u00c5ke Hedman","date":"2024-08-28","format":false,"excerpt":"Dashrath Manjhi, mannen som med hammare och huggj\u00e4rn skapade en passage genom berget p\u00e5 egen hand \u00e4r ett f\u00f6red\u00f6me f\u00f6r mig. Jag t\u00e4nker ofta p\u00e5 honom. Tror man p\u00e5 n\u00e5got s\u00e5 kan man skapa n\u00e5got, i alla fall om man jobbar p\u00e5 det ocks\u00e5.\u00a0 Och nej, man beh\u00f6ver inte alls\u2026","rel":"","context":"In &quot;programming&quot;","block_context":{"text":"programming","link":"https:\/\/www.akehedman.se\/wordpress\/?cat=5"},"img":{"alt_text":"","src":"https:\/\/i0.wp.com\/www.akehedman.se\/wordpress\/wp-content\/uploads\/2024\/08\/220px-Dashrath_Manjhi_2016_stamp_of_India.jpg?resize=350%2C200&ssl=1","width":350,"height":200},"classes":[]},{"id":2537,"url":"https:\/\/www.akehedman.se\/wordpress\/?p=2537","url_meta":{"origin":19659,"position":1},"title":"F\u00f6rv\u00e4ntningar inf\u00f6r det nya \u00e5ret.","author":"\u00c5ke Hedman","date":"2013-01-02","format":false,"excerpt":"Sitter p\u00e5 kontoret och l\u00e5tsasjobbar igen. K\u00e4nns som vanligt. Det gamla tangentbordet \"resettar\" sig fortfarande var tionde sekund s\u00e5 jag tappar ett ord h\u00e4r och d\u00e4r och skrivbordet \u00e4r belamrat med den vanliga elektroniska br\u00e5ten. Men ett nytt \u00e5r, 2013, \u00e4r det. Man lever. Bara det! Tror p\u00e5 ett bra\u2026","rel":"","context":"In &quot;Betraktelser &amp; Ber\u00e4ttelse&quot;","block_context":{"text":"Betraktelser &amp; Ber\u00e4ttelse","link":"https:\/\/www.akehedman.se\/wordpress\/?cat=24"},"img":{"alt_text":"","src":"","width":0,"height":0},"classes":[]},{"id":16109,"url":"https:\/\/www.akehedman.se\/wordpress\/?p=16109","url_meta":{"origin":19659,"position":2},"title":"&#8220;Det \u00e4r inte vad du kan utan vem du k\u00e4nner&#8221;","author":"\u00c5ke Hedman","date":"2015-01-12","format":false,"excerpt":"\"Det \u00e4r inte vad du kan utan vem du k\u00e4nner\" finns det en s\u00e5ngrad som lyder. Kommer inte ih\u00e5g vem det \u00e4r som sjunger det, men jag kommer att t\u00e4nka p\u00e5 det n\u00e4r jag ser r\u00f6stningen som VSCP projektet \u00e4r med i (R\u00f6sta p\u00e5 VSCP f\u00f6rresten och be din mamma\u2026","rel":"","context":"In &quot;Betraktelser &amp; Ber\u00e4ttelse&quot;","block_context":{"text":"Betraktelser &amp; Ber\u00e4ttelse","link":"https:\/\/www.akehedman.se\/wordpress\/?cat=24"},"img":{"alt_text":"001","src":"https:\/\/i0.wp.com\/www.eurosource.se\/akhe\/wordpress\/wp-content\/uploads\/2015\/01\/0011-1024x768.jpg?resize=350%2C200","width":350,"height":200,"srcset":"https:\/\/i0.wp.com\/www.eurosource.se\/akhe\/wordpress\/wp-content\/uploads\/2015\/01\/0011-1024x768.jpg?resize=350%2C200 1x, https:\/\/i0.wp.com\/www.eurosource.se\/akhe\/wordpress\/wp-content\/uploads\/2015\/01\/0011-1024x768.jpg?resize=525%2C300 1.5x"},"classes":[]},{"id":14655,"url":"https:\/\/www.akehedman.se\/wordpress\/?p=14655","url_meta":{"origin":19659,"position":3},"title":"Kl\u00e4dd som mig och fest i Kina","author":"\u00c5ke Hedman","date":"2014-09-05","format":false,"excerpt":"Jag \u00e4r tr\u00f6tt och slut idag efter en h\u00e5rd vecka. Jag skulle ha hunnit l\u00e4ngre. Mycket l\u00e4ngre. Men som vanligt tar saker mycket mer tid \u00e4n vad man tro att de skall g\u00f6ra. Dygnet r\u00e4cker inte till. Inte ens n\u00e4ra och man beh\u00f6ver \u00e4nd\u00e5 sova, \u00e4ta och umg\u00e5s i alla\u2026","rel":"","context":"In &quot;Betraktelser &amp; Ber\u00e4ttelse&quot;","block_context":{"text":"Betraktelser &amp; Ber\u00e4ttelse","link":"https:\/\/www.akehedman.se\/wordpress\/?cat=24"},"img":{"alt_text":"Happy Mid-autumn(09-05-15-04-37)","src":"https:\/\/i0.wp.com\/www.eurosource.se\/akhe\/wordpress\/wp-content\/uploads\/2014\/09\/Happy-Mid-autumn09-05-15-04-37.jpg?resize=350%2C200","width":350,"height":200,"srcset":"https:\/\/i0.wp.com\/www.eurosource.se\/akhe\/wordpress\/wp-content\/uploads\/2014\/09\/Happy-Mid-autumn09-05-15-04-37.jpg?resize=350%2C200 1x, https:\/\/i0.wp.com\/www.eurosource.se\/akhe\/wordpress\/wp-content\/uploads\/2014\/09\/Happy-Mid-autumn09-05-15-04-37.jpg?resize=525%2C300 1.5x, https:\/\/i0.wp.com\/www.eurosource.se\/akhe\/wordpress\/wp-content\/uploads\/2014\/09\/Happy-Mid-autumn09-05-15-04-37.jpg?resize=700%2C400 2x"},"classes":[]},{"id":47573,"url":"https:\/\/www.akehedman.se\/wordpress\/?p=47573","url_meta":{"origin":19659,"position":4},"title":"En suck fr\u00e5n kullen","author":"\u00c5ke Hedman","date":"2024-04-25","format":false,"excerpt":"N\u00e4r vi flyttade hit fr\u00e5n T\u00e4by 1986 s\u00e5 sn\u00f6ade det s\u00e5h\u00e4r p\u00e5 midsommarafton. Att det var en varning och att man skulle dragit direkt det fattade man ju inte d\u00e5 - men fattar nu. Fast nu har man liksom bott in sig. Fast om man blir kvar och d\u00f6r h\u00e4r\u2026","rel":"","context":"In &quot;Swedish&quot;","block_context":{"text":"Swedish","link":"https:\/\/www.akehedman.se\/wordpress\/?cat=2"},"img":{"alt_text":"","src":"https:\/\/i0.wp.com\/www.akehedman.se\/wordpress\/wp-content\/uploads\/2024\/04\/IMG_20240425_063658-scaled.jpg?resize=350%2C200&ssl=1","width":350,"height":200,"srcset":"https:\/\/i0.wp.com\/www.akehedman.se\/wordpress\/wp-content\/uploads\/2024\/04\/IMG_20240425_063658-scaled.jpg?resize=350%2C200&ssl=1 1x, https:\/\/i0.wp.com\/www.akehedman.se\/wordpress\/wp-content\/uploads\/2024\/04\/IMG_20240425_063658-scaled.jpg?resize=525%2C300&ssl=1 1.5x, https:\/\/i0.wp.com\/www.akehedman.se\/wordpress\/wp-content\/uploads\/2024\/04\/IMG_20240425_063658-scaled.jpg?resize=700%2C400&ssl=1 2x, https:\/\/i0.wp.com\/www.akehedman.se\/wordpress\/wp-content\/uploads\/2024\/04\/IMG_20240425_063658-scaled.jpg?resize=1050%2C600&ssl=1 3x, https:\/\/i0.wp.com\/www.akehedman.se\/wordpress\/wp-content\/uploads\/2024\/04\/IMG_20240425_063658-scaled.jpg?resize=1400%2C800&ssl=1 4x"},"classes":[]},{"id":45864,"url":"https:\/\/www.akehedman.se\/wordpress\/?p=45864","url_meta":{"origin":19659,"position":5},"title":"Prokrastinering","author":"\u00c5ke Hedman","date":"2023-09-04","format":false,"excerpt":"Photo by Quang Nguyen Vinh on Pexels.com Dricker te. F\u00f6r freden. G\u00f6r mig redo genom att kolla igenom sociala medier. Som tr\u00e5kar ut mig. F\u00e5r mig att sucka tungt. Men som jag \u00e4nd\u00e5 alltid kollar igenom med n\u00e5gon slags m\u00e5ste k\u00e4nsla. Dagen vikt \u00e5t kodning. Tamefan! Kommer n\u00e5gon och st\u00f6r\u2026","rel":"","context":"In &quot;Swedish&quot;","block_context":{"text":"Swedish","link":"https:\/\/www.akehedman.se\/wordpress\/?cat=2"},"img":{"alt_text":"cascading water falls in woods","src":"https:\/\/i0.wp.com\/www.akehedman.se\/wordpress\/wp-content\/uploads\/2023\/09\/pexels-photo-2131625.jpeg?resize=350%2C200&ssl=1","width":350,"height":200,"srcset":"https:\/\/i0.wp.com\/www.akehedman.se\/wordpress\/wp-content\/uploads\/2023\/09\/pexels-photo-2131625.jpeg?resize=350%2C200&ssl=1 1x, https:\/\/i0.wp.com\/www.akehedman.se\/wordpress\/wp-content\/uploads\/2023\/09\/pexels-photo-2131625.jpeg?resize=525%2C300&ssl=1 1.5x, https:\/\/i0.wp.com\/www.akehedman.se\/wordpress\/wp-content\/uploads\/2023\/09\/pexels-photo-2131625.jpeg?resize=700%2C400&ssl=1 2x"},"classes":[]}],"jetpack_shortlink":"https:\/\/wp.me\/p68PL2-575","_links":{"self":[{"href":"https:\/\/www.akehedman.se\/wordpress\/index.php?rest_route=\/wp\/v2\/posts\/19659","targetHints":{"allow":["GET"]}}],"collection":[{"href":"https:\/\/www.akehedman.se\/wordpress\/index.php?rest_route=\/wp\/v2\/posts"}],"about":[{"href":"https:\/\/www.akehedman.se\/wordpress\/index.php?rest_route=\/wp\/v2\/types\/post"}],"author":[{"embeddable":true,"href":"https:\/\/www.akehedman.se\/wordpress\/index.php?rest_route=\/wp\/v2\/users\/24"}],"replies":[{"embeddable":true,"href":"https:\/\/www.akehedman.se\/wordpress\/index.php?rest_route=%2Fwp%2Fv2%2Fcomments&post=19659"}],"version-history":[{"count":1,"href":"https:\/\/www.akehedman.se\/wordpress\/index.php?rest_route=\/wp\/v2\/posts\/19659\/revisions"}],"predecessor-version":[{"id":19670,"href":"https:\/\/www.akehedman.se\/wordpress\/index.php?rest_route=\/wp\/v2\/posts\/19659\/revisions\/19670"}],"wp:attachment":[{"href":"https:\/\/www.akehedman.se\/wordpress\/index.php?rest_route=%2Fwp%2Fv2%2Fmedia&parent=19659"}],"wp:term":[{"taxonomy":"category","embeddable":true,"href":"https:\/\/www.akehedman.se\/wordpress\/index.php?rest_route=%2Fwp%2Fv2%2Fcategories&post=19659"},{"taxonomy":"post_tag","embeddable":true,"href":"https:\/\/www.akehedman.se\/wordpress\/index.php?rest_route=%2Fwp%2Fv2%2Ftags&post=19659"}],"curies":[{"name":"wp","href":"https:\/\/api.w.org\/{rel}","templated":true}]}}