{"id":19638,"date":"2016-02-09T14:09:30","date_gmt":"2016-02-09T13:09:30","guid":{"rendered":"http:\/\/www.akehedman.se\/wordpress\/?p=19638"},"modified":"2016-02-09T14:09:30","modified_gmt":"2016-02-09T13:09:30","slug":"semeldagen-det-finns-samre-dagar","status":"publish","type":"post","link":"https:\/\/www.akehedman.se\/wordpress\/?p=19638","title":{"rendered":"Semeldagen &#8211; Det finns s\u00e4mre dagar."},"content":{"rendered":"<p><img data-recalc-dims=\"1\" loading=\"lazy\" decoding=\"async\" class=\"alignnone size-full wp-image-11074\" src=\"https:\/\/i0.wp.com\/www.akehedman.se\/wordpress\/wp-content\/uploads\/2013\/11\/semla2.jpg?resize=580%2C570\" alt=\"semla2\" width=\"580\" height=\"570\" \/><\/p>\n","protected":false},"excerpt":{"rendered":"","protected":false},"author":24,"featured_media":0,"comment_status":"open","ping_status":"open","sticky":false,"template":"","format":"standard","meta":{"_crdt_document":"","jetpack_post_was_ever_published":false,"_jetpack_newsletter_access":"","_jetpack_dont_email_post_to_subs":false,"_jetpack_newsletter_tier_id":0,"_jetpack_memberships_contains_paywalled_content":false,"_jetpack_memberships_contains_paid_content":false,"footnotes":"","jetpack_publicize_message":"","jetpack_publicize_feature_enabled":true,"jetpack_social_post_already_shared":true,"jetpack_social_options":{"image_generator_settings":{"template":"highway","default_image_id":0,"font":"","enabled":false},"version":2}},"categories":[2],"tags":[],"class_list":["post-19638","post","type-post","status-publish","format-standard","hentry","category-swedish"],"jetpack_publicize_connections":[],"jetpack_featured_media_url":"","jetpack_sharing_enabled":true,"jetpack_likes_enabled":true,"jetpack-related-posts":[{"id":37245,"url":"https:\/\/www.akehedman.se\/wordpress\/?p=37245","url_meta":{"origin":19638,"position":0},"title":"En m\u00e5ndag","author":"\u00c5ke Hedman","date":"2020-12-21","format":false,"excerpt":"Slut p\u00e5 te. Det f\u00e5r allts\u00e5 bli kaffe. G\u00e5r v\u00e4l. Bra att bryta det som blivit rutin. Men f\u00f6rst\u00f6r s\u00e5klart det d\u00e4r ljuvliga intaget av det som brukar vara dagens f\u00f6rsta kaffe d\u00e4r vid lunchtid. Mer \u00e4r s\u00e4llan b\u00e4ttre. Det har man ju l\u00e4rt sig. Men nu \u00e4r det som\u2026","rel":"","context":"In &quot;Swedish&quot;","block_context":{"text":"Swedish","link":"https:\/\/www.akehedman.se\/wordpress\/?cat=2"},"img":{"alt_text":"","src":"https:\/\/i0.wp.com\/www.akehedman.se\/wordpress\/wp-content\/uploads\/2020\/12\/IMG_20201218_071321-edited-scaled.jpg?resize=350%2C200&ssl=1","width":350,"height":200,"srcset":"https:\/\/i0.wp.com\/www.akehedman.se\/wordpress\/wp-content\/uploads\/2020\/12\/IMG_20201218_071321-edited-scaled.jpg?resize=350%2C200&ssl=1 1x, https:\/\/i0.wp.com\/www.akehedman.se\/wordpress\/wp-content\/uploads\/2020\/12\/IMG_20201218_071321-edited-scaled.jpg?resize=525%2C300&ssl=1 1.5x, https:\/\/i0.wp.com\/www.akehedman.se\/wordpress\/wp-content\/uploads\/2020\/12\/IMG_20201218_071321-edited-scaled.jpg?resize=700%2C400&ssl=1 2x, https:\/\/i0.wp.com\/www.akehedman.se\/wordpress\/wp-content\/uploads\/2020\/12\/IMG_20201218_071321-edited-scaled.jpg?resize=1050%2C600&ssl=1 3x, https:\/\/i0.wp.com\/www.akehedman.se\/wordpress\/wp-content\/uploads\/2020\/12\/IMG_20201218_071321-edited-scaled.jpg?resize=1400%2C800&ssl=1 4x"},"classes":[]},{"id":36918,"url":"https:\/\/www.akehedman.se\/wordpress\/?p=36918","url_meta":{"origin":19638,"position":1},"title":"Corona: Set, 64, fick corona \u2013 l\u00e5g p\u00e5 sjukhus i sex m\u00e5nader","author":"\u00c5ke Hedman","date":"2020-11-24","format":false,"excerpt":"Set Melander, 64, hade god fysik och tillh\u00f6rde ingen riskgrupp. \u00c4nd\u00e5 drabbades han sv\u00e5rt av covid-19, och har tillbringat de senaste sex m\u00e5naderna p\u00e5 sjukhus. \u2013 Jag har ingen ork kvar, den finns bara inte, s\u00e4ger Set bara dagar efter hemkomsten. Source: Corona: Set, 64, fick corona \u2013 l\u00e5g p\u00e5\u2026","rel":"","context":"In &quot;Swedish&quot;","block_context":{"text":"Swedish","link":"https:\/\/www.akehedman.se\/wordpress\/?cat=2"},"img":{"alt_text":"","src":"","width":0,"height":0},"classes":[]},{"id":49834,"url":"https:\/\/www.akehedman.se\/wordpress\/?p=49834","url_meta":{"origin":19638,"position":2},"title":"H\u00e4lsingetoppen","author":"\u00c5ke Hedman","date":"2025-06-13","format":false,"excerpt":"Photo by Yan Krukau on Pexels.com H\u00e4lsingetoppen. H\u00e4r \u00e4r den igen. Den n\u00e4st sista listan innan det v\u00e4nder och blir m\u00f6rkare igen. Men k\u00e4nn ingen sorg f\u00f6r... det... H\u00e4lsingland. Musiken lever. Alla dagar och i alla \u00e5rstider. \u00c4t musik! Sov musik! Lev musik! St\u00f6d de lokala artisterna. Spellistan finns som\u2026","rel":"","context":"In &quot;Swedish&quot;","block_context":{"text":"Swedish","link":"https:\/\/www.akehedman.se\/wordpress\/?cat=2"},"img":{"alt_text":"a boy playing the flute","src":"https:\/\/i0.wp.com\/www.akehedman.se\/wordpress\/wp-content\/uploads\/2025\/06\/pexels-photo-8192110.jpeg?resize=350%2C200&ssl=1","width":350,"height":200,"srcset":"https:\/\/i0.wp.com\/www.akehedman.se\/wordpress\/wp-content\/uploads\/2025\/06\/pexels-photo-8192110.jpeg?resize=350%2C200&ssl=1 1x, https:\/\/i0.wp.com\/www.akehedman.se\/wordpress\/wp-content\/uploads\/2025\/06\/pexels-photo-8192110.jpeg?resize=525%2C300&ssl=1 1.5x, https:\/\/i0.wp.com\/www.akehedman.se\/wordpress\/wp-content\/uploads\/2025\/06\/pexels-photo-8192110.jpeg?resize=700%2C400&ssl=1 2x, https:\/\/i0.wp.com\/www.akehedman.se\/wordpress\/wp-content\/uploads\/2025\/06\/pexels-photo-8192110.jpeg?resize=1050%2C600&ssl=1 3x, https:\/\/i0.wp.com\/www.akehedman.se\/wordpress\/wp-content\/uploads\/2025\/06\/pexels-photo-8192110.jpeg?resize=1400%2C800&ssl=1 4x"},"classes":[]},{"id":1662,"url":"https:\/\/www.akehedman.se\/wordpress\/?p=1662","url_meta":{"origin":19638,"position":3},"title":"2012-09-14","author":"\u00c5ke Hedman","date":"2012-09-19","format":false,"excerpt":"Jag har n\u00e5got bl\u00e5tt inom mig. N\u00e5got sorgset, uppgivet och ensamt.\u00a0 Det bl\u00e5a fr\u00e5gar ofta \"varf\u00f6r \u00e4r inte jag \u00e4lskad\",\u00a0 kr\u00e4ver \"se mig\", suckar \"varf\u00f6r just jag\".\u00a0 D\u00e4r finns sorgen, minnen av svek, det lilla, lilla, lilla ensamma barnet. Men det \u00e4r ocks\u00e5 h\u00e4r som skatterna finns. Inspirationen, id\u00e9erna, kreativiteten.\u2026","rel":"","context":"In &quot;Betraktelser &amp; Ber\u00e4ttelse&quot;","block_context":{"text":"Betraktelser &amp; Ber\u00e4ttelse","link":"https:\/\/www.akehedman.se\/wordpress\/?cat=24"},"img":{"alt_text":"","src":"","width":0,"height":0},"classes":[]},{"id":23862,"url":"https:\/\/www.akehedman.se\/wordpress\/?p=23862","url_meta":{"origin":19638,"position":4},"title":"HEJA BYN!","author":"\u00c5ke Hedman","date":"2017-03-25","format":false,"excerpt":"Det finns v\u00e4l en liten Edsbybo d\u00e4r i hj\u00e4rtat andra dagar ocks\u00e5 men idag lite extra s\u00e5klart. Enda g\u00e5ngen dessutom som K och jag sitter i soffan och kollar in idrott.","rel":"","context":"In &quot;Swedish&quot;","block_context":{"text":"Swedish","link":"https:\/\/www.akehedman.se\/wordpress\/?cat=2"},"img":{"alt_text":"","src":"https:\/\/i0.wp.com\/www.akehedman.se\/wordpress\/wp-content\/uploads\/2017\/03\/Screenshot-from-2017-03-25-182915-1024x696.png?resize=350%2C200","width":350,"height":200,"srcset":"https:\/\/i0.wp.com\/www.akehedman.se\/wordpress\/wp-content\/uploads\/2017\/03\/Screenshot-from-2017-03-25-182915-1024x696.png?resize=350%2C200 1x, https:\/\/i0.wp.com\/www.akehedman.se\/wordpress\/wp-content\/uploads\/2017\/03\/Screenshot-from-2017-03-25-182915-1024x696.png?resize=525%2C300 1.5x"},"classes":[]},{"id":44138,"url":"https:\/\/www.akehedman.se\/wordpress\/?p=44138","url_meta":{"origin":19638,"position":5},"title":"F\u00f6r bes\u00f6kare &#8211; Ostfestivalen","author":"\u00c5ke Hedman","date":"2023-01-26","format":false,"excerpt":"V\u00e4lkommen till Ostfestivalen!F\u00f6r nionde g\u00e5ngen arrangerar vi nu den popul\u00e4ra Ostfestivalen mitt i centrala Stockholm p\u00e5 anrika Mu?nchenbryggeriet. Vi bjuder in\u00a0 till tre dagar fyllda av kunskap, inspiration och smakupplevelser. Som bes\u00f6kare f\u00e5r du ta del av ett unikt utbud av svensk ost fr\u00e5n producenter i hela v\u00e5rt avl\u00e5nga land.\u2026","rel":"","context":"In &quot;Swedish&quot;","block_context":{"text":"Swedish","link":"https:\/\/www.akehedman.se\/wordpress\/?cat=2"},"img":{"alt_text":"","src":"","width":0,"height":0},"classes":[]}],"jetpack_shortlink":"https:\/\/wp.me\/p68PL2-56K","_links":{"self":[{"href":"https:\/\/www.akehedman.se\/wordpress\/index.php?rest_route=\/wp\/v2\/posts\/19638","targetHints":{"allow":["GET"]}}],"collection":[{"href":"https:\/\/www.akehedman.se\/wordpress\/index.php?rest_route=\/wp\/v2\/posts"}],"about":[{"href":"https:\/\/www.akehedman.se\/wordpress\/index.php?rest_route=\/wp\/v2\/types\/post"}],"author":[{"embeddable":true,"href":"https:\/\/www.akehedman.se\/wordpress\/index.php?rest_route=\/wp\/v2\/users\/24"}],"replies":[{"embeddable":true,"href":"https:\/\/www.akehedman.se\/wordpress\/index.php?rest_route=%2Fwp%2Fv2%2Fcomments&post=19638"}],"version-history":[{"count":1,"href":"https:\/\/www.akehedman.se\/wordpress\/index.php?rest_route=\/wp\/v2\/posts\/19638\/revisions"}],"predecessor-version":[{"id":19639,"href":"https:\/\/www.akehedman.se\/wordpress\/index.php?rest_route=\/wp\/v2\/posts\/19638\/revisions\/19639"}],"wp:attachment":[{"href":"https:\/\/www.akehedman.se\/wordpress\/index.php?rest_route=%2Fwp%2Fv2%2Fmedia&parent=19638"}],"wp:term":[{"taxonomy":"category","embeddable":true,"href":"https:\/\/www.akehedman.se\/wordpress\/index.php?rest_route=%2Fwp%2Fv2%2Fcategories&post=19638"},{"taxonomy":"post_tag","embeddable":true,"href":"https:\/\/www.akehedman.se\/wordpress\/index.php?rest_route=%2Fwp%2Fv2%2Ftags&post=19638"}],"curies":[{"name":"wp","href":"https:\/\/api.w.org\/{rel}","templated":true}]}}