{"id":19601,"date":"2016-02-04T10:40:00","date_gmt":"2016-02-04T09:40:00","guid":{"rendered":"http:\/\/www.akehedman.se\/wordpress\/?p=19601"},"modified":"2016-02-04T10:40:00","modified_gmt":"2016-02-04T09:40:00","slug":"vasalopp","status":"publish","type":"post","link":"https:\/\/www.akehedman.se\/wordpress\/?p=19601","title":{"rendered":"Vasalopp"},"content":{"rendered":"<p><img data-recalc-dims=\"1\" loading=\"lazy\" decoding=\"async\" class=\"alignnone wp-image-19602 size-large\" src=\"https:\/\/i0.wp.com\/www.akehedman.se\/wordpress\/wp-content\/uploads\/2016\/02\/vasaloppet1.jpg?resize=580%2C2753\" alt=\"\" width=\"580\" height=\"2753\" \/><\/p>\n<p>Februari. Det knallar p\u00e5 \u00e4nd\u00e5. Vasaloppss\u00f6ndagen \u00e4r inte s\u00e5 l\u00e5ngt borta. D\u00e5 v\u00e4nder det allts\u00e5. Svart m\u00f6rker och depression blir till hopp. N\u00e5ja, skillnaderna \u00e4r kanske inte s\u00e5 stora. Men det blir b\u00e4ttre. Min botten \u00e4r alltid h\u00f6gre upp \u00e4n depressionerna. Har vart hittills \u00e4r det b\u00e4st att s\u00e4ga. Vem vet vad man har framf\u00f6r sig. Resan ner \u00e4r s\u00e5 enkel. Kl\u00e4ttringen upp\u00e5t s\u00e5 sv\u00e5r.<\/p>\n<p>Fast mars och april \u00e4r l\u00e5ngm\u00e5nader. De tar liksom aldrig slut. Det riktiga hoppet, v\u00e4ndningen, finns d\u00e4r i maj. Ja bra \u00e5r. Inte kall\u00e5r. D\u00e5 infinner den sig inte f\u00f6rr\u00e4n en bra bit efter midsommar. Suck\u00e5r.<\/p>\n<p>Men Vasaloppss\u00f6ndag inneb\u00e4r att man borde ha g\u00e5tt ner en tjugo\/trettio kilo. Som man lovade f\u00f6rra \u00e5ret. Inte f\u00f6r att \u00e5ka. Nej, bara f\u00f6r att f\u00e5 finnas. Man f\u00e5r v\u00e4l ta nya tag med det d\u00e4r. Att leva s\u00e5h\u00e4r \u00e4r f\u00f6r sp\u00e4nnande och riskabelt. Jag \u00e4r nu hur som helst ingen modig man. Bara en fegis. Det modigaste jag gjort \u00e4r nog att leva m\u00e5nga \u00e5r som \u00f6verviktig.<\/p>\n<p>Vill skriva veckodagar och m\u00e5nader med stor bokstav. Som man fick l\u00e4ra sig en g\u00e5ng. Japp &#8220;Du&#8221; med. Men insatt och kunnig har l\u00e4rt mig att det \u00e4r fel. S\u00e5 jag anpassar mig. Precis som jag en g\u00e5ng blev h\u00f6gerh\u00e4nt fast jag var v\u00e4nsterh\u00e4nt. Bli lika som de andra var riktorden. Men jag har \u00e4nd\u00e5 aldrig blivit det. Ingen annan heller f\u00f6r den delen.<\/p>\n<p>Gitarren ligger or\u00f6rd. Synd. Tycker jag. Kanske ingen annan. Men det \u00e4r s\u00e5 mycket annat som vill ut just nu. Ja jag skulle vilja skriva ord ocks\u00e5. Massor av ord. Men det \u00e4r med dom som med gitarren. De pockar p\u00e5 men det finns inte tid att f\u00e5 ut dom. Allt har sin tid. Olika tid. Men jag &#8220;jobbar&#8221;. Eller &#8220;sitter hemma&#8221;. Ord som beskriver samma sak. Jag hittar aldrig det d\u00e4r &#8220;klar&#8221; som s\u00e4ger att jag nu kan ta tag i musiken eller i orden. Det d\u00e4r &#8220;klar&#8221; som en arbetsdag i ett riktigt jobb kan f\u00e5 en att k\u00e4nna. Ett v\u00e4lf\u00f6rtj\u00e4nt &#8220;klar&#8221;. Jag har s\u00e4llan s\u00e5dana h\u00e4r. Alldeles f\u00f6r f\u00e5 i mitt liv om man t\u00e4nker efter. \u00c4nd\u00e5 har jag v\u00e4l \u00e5stadkommit en del \u00e4nd\u00e5. Eller kanske inte.\u00a0 Antagligen inte.<\/p>\n<p>Temperaturen \u00e4r sn\u00e4lla -2 ute.\u00a0 -4.1 under sn\u00f6n. <a href=\"https:\/\/thingspeak.com\/channels\/79008\">Inne upp\u00e5tg\u00e5ende.<\/a> I frysen -21. Lufttryck 995 millibar. Man skulle kunna dansa gl\u00e4djedanser \u00f6ver s\u00e5dana siffror. Ljuvliga siffror.L\u00e4gg en matt sol till det. Tvekande f\u00e5gels\u00e5ng.\u00a0 Ja och en prognos som ligger ungef\u00e4r i det d\u00e4r omr\u00e5det de n\u00e4rmaste tio dagarna. Bra helt enkelt. Enklare liv. Hoppfullhet.<\/p>\n<p>Har inget h\u00f6rt om resultat fr\u00e5n de blodprover jag gav. Om det betyder att den de fr\u00e5n b\u00f6rjan var avsedda f\u00f6r har presenterats mina siffror eller om v\u00e4rdena var OK har jag allts\u00e5 ingen aning om. Att bli kallad till provtagning av en ok\u00e4nd l\u00e4kare f\u00f6r ok\u00e4nda anledningar f\u00e5r en att fundera \u00e4nd\u00e5. Jag \u00e4r hur som helst inte r\u00e4dd f\u00f6r n\u00e5lar. Eller n\u00e5lstick. Tur \u00e4r i alla fall det.<\/p>\n<p>Fredag imorgon. Soffan skriker p\u00e5 mig. Men n\u00e5n mil att vandra innan jag \u00e4r d\u00e4r.<\/p>\n<p>Fem \u00e5r kvar till pension. En del l\u00e4ngtar dit. Jag \u00e4r inte en av dom. Det \u00e4r fem \u00e5r n\u00e4rmare d\u00f6den och jag vill leva. G\u00f6ra det jag g\u00f6r. K\u00f6ra. S\u00e5 s\u00e5 f\u00e5r det v\u00e4l bli. Sen f\u00e5r man hoppas p\u00e5 ett snabbt avslut ut i gl\u00f6mskan.<\/p>\n<p>MEN kod skall knackas in nu. Kod till ingen nytta. Det \u00e4r \u00e4nd\u00e5 den som \u00e4r den b\u00e4sta. Man f\u00e5r minnas det. Alltid. Lite musik i \u00f6ronen under v\u00e4gen mot &#8220;klar&#8221; hj\u00e4lper ocks\u00e5 s\u00e5klart. En hel del. Ja det f\u00e5r bli s\u00e5. In i &#8220;\u00c5kes v\u00e4rld&#8221;. F\u00f6r lite s\u00e5 \u00e4r det v\u00e4l \u00e4nd\u00e5.<\/p>\n","protected":false},"excerpt":{"rendered":"<p>Februari. Det knallar p\u00e5 \u00e4nd\u00e5. Vasaloppss\u00f6ndagen \u00e4r inte s\u00e5 l\u00e5ngt borta. D\u00e5 v\u00e4nder det allts\u00e5. Svart m\u00f6rker och depression blir till hopp. N\u00e5ja, skillnaderna \u00e4r kanske inte s\u00e5 stora. Men det blir b\u00e4ttre. Min botten \u00e4r alltid h\u00f6gre upp \u00e4n depressionerna. Har vart hittills \u00e4r det b\u00e4st att s\u00e4ga. Vem vet vad man har framf\u00f6r [&hellip;]<\/p>\n","protected":false},"author":24,"featured_media":0,"comment_status":"open","ping_status":"open","sticky":false,"template":"","format":"standard","meta":{"_crdt_document":"","jetpack_post_was_ever_published":false,"_jetpack_newsletter_access":"","_jetpack_dont_email_post_to_subs":false,"_jetpack_newsletter_tier_id":0,"_jetpack_memberships_contains_paywalled_content":false,"_jetpack_memberships_contains_paid_content":false,"footnotes":"","jetpack_publicize_message":"","jetpack_publicize_feature_enabled":true,"jetpack_social_post_already_shared":true,"jetpack_social_options":{"image_generator_settings":{"template":"highway","default_image_id":0,"font":"","enabled":false},"version":2}},"categories":[24],"tags":[],"class_list":["post-19601","post","type-post","status-publish","format-standard","hentry","category-betraktelser"],"jetpack_publicize_connections":[],"jetpack_featured_media_url":"","jetpack_sharing_enabled":true,"jetpack_likes_enabled":true,"jetpack-related-posts":[{"id":20995,"url":"https:\/\/www.akehedman.se\/wordpress\/?p=20995","url_meta":{"origin":19601,"position":0},"title":"JA! s\u00e4ger jag","author":"\u00c5ke Hedman","date":"2016-07-11","format":false,"excerpt":"Regnv\u00e4dersdag. Jobbdag allts\u00e5. Och jag jobbar. Men det \u00e4r inte med den vanliga koncentrationen. Men det \u00e4r som det \u00e4r. Fram\u00e5t g\u00e5r det i alla fall \u00e4ven om det tycks r\u00f6ra sig d\u00e4r\u00e5t med snigelfart. Jag beh\u00f6ver komma loss. En bekant r\u00f6r sig genom Sverige med l\u00e4tthet nu i dagarna.\u2026","rel":"","context":"In &quot;Betraktelser &amp; Ber\u00e4ttelse&quot;","block_context":{"text":"Betraktelser &amp; Ber\u00e4ttelse","link":"https:\/\/www.akehedman.se\/wordpress\/?cat=24"},"img":{"alt_text":"3303064_1200_675","src":"https:\/\/i0.wp.com\/www.akehedman.se\/wordpress\/wp-content\/uploads\/2016\/07\/3303064_1200_675.jpg?resize=350%2C200","width":350,"height":200,"srcset":"https:\/\/i0.wp.com\/www.akehedman.se\/wordpress\/wp-content\/uploads\/2016\/07\/3303064_1200_675.jpg?resize=350%2C200 1x, https:\/\/i0.wp.com\/www.akehedman.se\/wordpress\/wp-content\/uploads\/2016\/07\/3303064_1200_675.jpg?resize=525%2C300 1.5x"},"classes":[]},{"id":27253,"url":"https:\/\/www.akehedman.se\/wordpress\/?p=27253","url_meta":{"origin":19601,"position":1},"title":"Dagar","author":"\u00c5ke Hedman","date":"2018-02-20","format":false,"excerpt":"Det finns dagar i livet som man bara kan r\u00e4kna bort. Det h\u00e4r \u00e4r en s\u00e5dan dag. Jag \u00e4r h\u00e5gl\u00f6s. osugen, okoncentrerad, ja inte ens en p\u00e5se godis hj\u00e4lper upp alltsammans. Det blir liksom inget av. T\u00e4nk om det hade varit en riktig arbetsdag. Kostnaderna. Nu \u00e4r det h\u00e4r \u00e4nd\u00e5\u2026","rel":"","context":"In &quot;Betraktelser &amp; Ber\u00e4ttelse&quot;","block_context":{"text":"Betraktelser &amp; Ber\u00e4ttelse","link":"https:\/\/www.akehedman.se\/wordpress\/?cat=24"},"img":{"alt_text":"","src":"https:\/\/i0.wp.com\/www.akehedman.se\/wordpress\/wp-content\/uploads\/2018\/02\/IMG_20180219_141528353-1024x576.jpg?resize=350%2C200","width":350,"height":200,"srcset":"https:\/\/i0.wp.com\/www.akehedman.se\/wordpress\/wp-content\/uploads\/2018\/02\/IMG_20180219_141528353-1024x576.jpg?resize=350%2C200 1x, https:\/\/i0.wp.com\/www.akehedman.se\/wordpress\/wp-content\/uploads\/2018\/02\/IMG_20180219_141528353-1024x576.jpg?resize=525%2C300 1.5x"},"classes":[]},{"id":20781,"url":"https:\/\/www.akehedman.se\/wordpress\/?p=20781","url_meta":{"origin":19601,"position":2},"title":"Ohhhhh&#8230;ja&#8230;. och suck! p\u00e5 utandning.","author":"\u00c5ke Hedman","date":"2016-06-22","format":false,"excerpt":"I London regnar det. Inte h\u00e4r. Men p\u00e5 midsommarafton skall det visst g\u00f6ra det. Den som lever f\u00e5r se. Som det heter. Vad spelar det f\u00f6r roll? Egentligen. Jordgubbst\u00e5rta g\u00e5r det att \u00e4ta \u00e4nd\u00e5. \u00a0 Jag drar ner persienner det f\u00f6rsta jag g\u00f6r n\u00e4r jag kommer ner p\u00e5 kontoret, det\u2026","rel":"","context":"In &quot;Betraktelser &amp; Ber\u00e4ttelse&quot;","block_context":{"text":"Betraktelser &amp; Ber\u00e4ttelse","link":"https:\/\/www.akehedman.se\/wordpress\/?cat=24"},"img":{"alt_text":"gammal_schafer_webb","src":"https:\/\/i0.wp.com\/www.akehedman.se\/wordpress\/wp-content\/uploads\/2016\/06\/gammal_schafer_webb.jpg?resize=350%2C200","width":350,"height":200,"srcset":"https:\/\/i0.wp.com\/www.akehedman.se\/wordpress\/wp-content\/uploads\/2016\/06\/gammal_schafer_webb.jpg?resize=350%2C200 1x, https:\/\/i0.wp.com\/www.akehedman.se\/wordpress\/wp-content\/uploads\/2016\/06\/gammal_schafer_webb.jpg?resize=525%2C300 1.5x, https:\/\/i0.wp.com\/www.akehedman.se\/wordpress\/wp-content\/uploads\/2016\/06\/gammal_schafer_webb.jpg?resize=700%2C400 2x"},"classes":[]},{"id":13098,"url":"https:\/\/www.akehedman.se\/wordpress\/?p=13098","url_meta":{"origin":19601,"position":3},"title":"&#8220;Maskinerna \u00e4r v\u00e5ra v\u00e4nner&#8221; och nobelprislitteraturpristagarhj\u00e4rnor","author":"\u00c5ke Hedman","date":"2014-05-11","format":false,"excerpt":"Har haft en god v\u00e4n, tillika kollega, fr\u00e5n Sk\u00e5ne p\u00e5 bes\u00f6k i helgen. Redan efter f\u00f6rsta dan var jag hes av allt pratande, men vi lindrade det hela med mild och len whisky som min v\u00e4n hade med hela v\u00e4gen fr\u00e5n Sk\u00e5ne och sen gick det alldeles utm\u00e4rkt att prata\u2026","rel":"","context":"In &quot;Betraktelser &amp; Ber\u00e4ttelse&quot;","block_context":{"text":"Betraktelser &amp; Ber\u00e4ttelse","link":"https:\/\/www.akehedman.se\/wordpress\/?cat=24"},"img":{"alt_text":"2014-05-11_23-56-04","src":"https:\/\/i0.wp.com\/www.eurosource.se\/akhe\/wordpress\/wp-content\/uploads\/2014\/05\/2014-05-11_23-56-04.png?resize=350%2C200","width":350,"height":200,"srcset":"https:\/\/i0.wp.com\/www.eurosource.se\/akhe\/wordpress\/wp-content\/uploads\/2014\/05\/2014-05-11_23-56-04.png?resize=350%2C200 1x, https:\/\/i0.wp.com\/www.eurosource.se\/akhe\/wordpress\/wp-content\/uploads\/2014\/05\/2014-05-11_23-56-04.png?resize=525%2C300 1.5x, https:\/\/i0.wp.com\/www.eurosource.se\/akhe\/wordpress\/wp-content\/uploads\/2014\/05\/2014-05-11_23-56-04.png?resize=700%2C400 2x"},"classes":[]},{"id":10456,"url":"https:\/\/www.akehedman.se\/wordpress\/?p=10456","url_meta":{"origin":19601,"position":4},"title":"Besatthet och gl\u00e4dje","author":"\u00c5ke Hedman","date":"2013-10-11","format":false,"excerpt":"Jag h\u00f6r redan innan jag kliver upp ur en varm sk\u00f6n s\u00e4ng att det \u00e4r en kall morgon. Hundarna i dalen d\u00e4r utanf\u00f6r klagar eller ocks\u00e5 \u00e4r sk\u00e4llandet bara ett s\u00e4tt f\u00f6r dom att h\u00e5lla v\u00e4rmen. Katter st\u00e5r ut, l\u00e5ter inte lika mycket, det \u00e4r d\u00e4rf\u00f6r jag k\u00e4nner mig n\u00e4rmare\u2026","rel":"","context":"In &quot;Betraktelser &amp; Ber\u00e4ttelse&quot;","block_context":{"text":"Betraktelser &amp; Ber\u00e4ttelse","link":"https:\/\/www.akehedman.se\/wordpress\/?cat=24"},"img":{"alt_text":"IMG_20131011_080606","src":"https:\/\/i0.wp.com\/www.eurosource.se\/akhe\/wordpress\/wp-content\/uploads\/2013\/10\/IMG_20131011_080606-768x1024.jpg?resize=350%2C200","width":350,"height":200,"srcset":"https:\/\/i0.wp.com\/www.eurosource.se\/akhe\/wordpress\/wp-content\/uploads\/2013\/10\/IMG_20131011_080606-768x1024.jpg?resize=350%2C200 1x, https:\/\/i0.wp.com\/www.eurosource.se\/akhe\/wordpress\/wp-content\/uploads\/2013\/10\/IMG_20131011_080606-768x1024.jpg?resize=525%2C300 1.5x"},"classes":[]},{"id":14461,"url":"https:\/\/www.akehedman.se\/wordpress\/?p=14461","url_meta":{"origin":19601,"position":5},"title":"Fredag &#8211; den tr\u00f6ttes f\u00f6rsvarstal","author":"\u00c5ke Hedman","date":"2014-08-22","format":false,"excerpt":"Man kan inte hj\u00e4lpa det. Man \u00e4r den man \u00e4r och man f\u00e5r st\u00e5 ut med det. Ett helt liv oftast. Liv som kan tyckas alldeles f\u00f6r korta vissa dagar och alldeles f\u00f6r l\u00e5nga andra dagar. Man f\u00e5r ta det d\u00e4r med mod - om man har n\u00e5got. Jag skriver\u2026","rel":"","context":"In &quot;Betraktelser &amp; Ber\u00e4ttelse&quot;","block_context":{"text":"Betraktelser &amp; Ber\u00e4ttelse","link":"https:\/\/www.akehedman.se\/wordpress\/?cat=24"},"img":{"alt_text":"regn","src":"https:\/\/i0.wp.com\/www.eurosource.se\/akhe\/wordpress\/wp-content\/uploads\/2014\/07\/regn.jpg?resize=350%2C200","width":350,"height":200},"classes":[]}],"jetpack_shortlink":"https:\/\/wp.me\/s68PL2-vasalopp","_links":{"self":[{"href":"https:\/\/www.akehedman.se\/wordpress\/index.php?rest_route=\/wp\/v2\/posts\/19601","targetHints":{"allow":["GET"]}}],"collection":[{"href":"https:\/\/www.akehedman.se\/wordpress\/index.php?rest_route=\/wp\/v2\/posts"}],"about":[{"href":"https:\/\/www.akehedman.se\/wordpress\/index.php?rest_route=\/wp\/v2\/types\/post"}],"author":[{"embeddable":true,"href":"https:\/\/www.akehedman.se\/wordpress\/index.php?rest_route=\/wp\/v2\/users\/24"}],"replies":[{"embeddable":true,"href":"https:\/\/www.akehedman.se\/wordpress\/index.php?rest_route=%2Fwp%2Fv2%2Fcomments&post=19601"}],"version-history":[{"count":1,"href":"https:\/\/www.akehedman.se\/wordpress\/index.php?rest_route=\/wp\/v2\/posts\/19601\/revisions"}],"predecessor-version":[{"id":19603,"href":"https:\/\/www.akehedman.se\/wordpress\/index.php?rest_route=\/wp\/v2\/posts\/19601\/revisions\/19603"}],"wp:attachment":[{"href":"https:\/\/www.akehedman.se\/wordpress\/index.php?rest_route=%2Fwp%2Fv2%2Fmedia&parent=19601"}],"wp:term":[{"taxonomy":"category","embeddable":true,"href":"https:\/\/www.akehedman.se\/wordpress\/index.php?rest_route=%2Fwp%2Fv2%2Fcategories&post=19601"},{"taxonomy":"post_tag","embeddable":true,"href":"https:\/\/www.akehedman.se\/wordpress\/index.php?rest_route=%2Fwp%2Fv2%2Ftags&post=19601"}],"curies":[{"name":"wp","href":"https:\/\/api.w.org\/{rel}","templated":true}]}}