{"id":19591,"date":"2016-02-02T11:01:26","date_gmt":"2016-02-02T10:01:26","guid":{"rendered":"http:\/\/www.akehedman.se\/wordpress\/?p=19591"},"modified":"2016-02-02T11:01:26","modified_gmt":"2016-02-02T10:01:26","slug":"fryser-2","status":"publish","type":"post","link":"https:\/\/www.akehedman.se\/wordpress\/?p=19591","title":{"rendered":"Fryser"},"content":{"rendered":"<p><img data-recalc-dims=\"1\" loading=\"lazy\" decoding=\"async\" class=\"alignnone size-full wp-image-19592\" src=\"https:\/\/i0.wp.com\/www.akehedman.se\/wordpress\/wp-content\/uploads\/2016\/02\/Screenshot-from-2016-02-02-104432.png?resize=580%2C473\" alt=\"Screenshot from 2016-02-02 10:44:32\" width=\"580\" height=\"473\" srcset=\"https:\/\/i0.wp.com\/www.akehedman.se\/wordpress\/wp-content\/uploads\/2016\/02\/Screenshot-from-2016-02-02-104432.png?w=615&amp;ssl=1 615w, https:\/\/i0.wp.com\/www.akehedman.se\/wordpress\/wp-content\/uploads\/2016\/02\/Screenshot-from-2016-02-02-104432.png?resize=300%2C245&amp;ssl=1 300w, https:\/\/i0.wp.com\/www.akehedman.se\/wordpress\/wp-content\/uploads\/2016\/02\/Screenshot-from-2016-02-02-104432.png?resize=368%2C300&amp;ssl=1 368w\" sizes=\"auto, (max-width: 580px) 100vw, 580px\" \/><\/p>\n<p>Jag sitter h\u00e4r och fryser. Ja jag borde v\u00e4l ha stannat uppe p\u00e5 soffan. Under ett t\u00e4cke. Som ig\u00e5r kv\u00e4ll. En av de f\u00e5 kv\u00e4llar jag inte traskade ner till kontoret igen efter nyheterna. Satt d\u00e4r och tittade p\u00e5 tv som s\u00e5 m\u00e5nga andra i Sverige. Ovanligt h\u00e4r. Jag har kvar l\u00e4ngtan att g\u00f6ra n\u00e5got. Den som \u00e4r starkare \u00e4n tr\u00f6ttheten. Den som n\u00e4stan alltid f\u00e5r mig att g\u00e5 ner och jobba n\u00e5gra timmar igen f\u00f6r dagens andra pass. Under b\u00e4sta TV s\u00e4ndningstid allts\u00e5. Men inte ig\u00e5r allts\u00e5.<\/p>\n<p>Det \u00e4r influensan som tagit mig. Satt sig i lungor. Gjort det sv\u00e5randat. R\u00e4tt \u00e5t mig s\u00e5klart. Jag f\u00f6rtj\u00e4nar inte annat. Borde ha feber ocks\u00e5. Kanske har det. Om inte borde jag ha allts\u00e5. S\u00e5dana som jag skall klara s\u00e5nt. Helst utan att klaga. S\u00e5 jag l\u00e4mnar v\u00e4l \u00e4mnet. Det \u00e4r \u00e4nd\u00e5 22 grader h\u00e4r p\u00e5 kontoret. Ingen borde frysa. Allts\u00e5. Borde inte. Jag fryser \u00e4nd\u00e5. S\u00e5dan \u00e4r jag. Svag. D\u00e5lig. En fryslort med ont i lungorna.<\/p>\n<p>Solen lyser ute. Strax under -2. -3.7 under sn\u00f6n. 975 millibar. Sympatiskt v\u00e4der. Vinden g\u00f6r inte mycket v\u00e4sen av sig. Men har ingen angivelse d\u00e4r. V\u00e4derstationen ligger inne, omonterad, fortfarande.<\/p>\n<p>L\u00e4ngtan bort sitter d\u00e4r inom en s\u00e5klart. Till st\u00e4der. Stora st\u00e4der. Eller till varma trakter med v\u00e5gor, hav, obruten horisont, enklare liv. Inget av det d\u00e4r finns i sikte. S\u00e5klart.\u00a0 Noll. Nada. Zip. L\u00e4ngtan \u00e4r dock inte ett dugg mindre f\u00f6r den delen. Icke.<\/p>\n<p>F\u00e5glarna h\u00e5ller mig s\u00e4llskap utanf\u00f6r f\u00f6nstret. Fast kommer jag ut flyr dom s\u00e5klart. F\u00e5glarna vill ha mat. Dom beh\u00f6ver inte tycka om den som ger dom mat. Man kan bli bedr\u00f6vad om man t\u00e4nker f\u00f6r mycket p\u00e5 s\u00e5nt. Jag l\u00e5ter bli. M\u00f6rkar fakta f\u00f6r mig sj\u00e4lv. Inbillar mig att jag g\u00f6r gott.<\/p>\n<p>Pratar med en myndighetsperson h\u00e4r p\u00e5 morgonen. De h\u00e4nvisar alltid till regler och lagar. Det \u00e4r dom som g\u00e4ller. Punkt. Myndighetspersoner \u00e4r satta att efterleva dem. Punkt igen.\u00a0 Ja och regler och lagar speglar ju samh\u00e4llets moral. S\u00e5 st\u00e5r det n\u00e5gonstans. S\u00e5 om SD skulle f\u00e5 majoritet i Sverige.. D\u00e5 \u00e4r det deras v\u00e4rderingar som skall synas i lagar och regler. Det \u00e4r ungef\u00e4r som Nazister i makten\u00a0 i Tyskland f\u00f6r inte allt f\u00f6r l\u00e4nge sedan. Myndighetspersonerna f\u00f6ljer regler och lagar. D\u00e5 ocks\u00e5 s\u00e5klart. Skickar folkgrupper till gaskammare. G\u00f6r man det \u00e4r man utan ansvar. Som en soldat som lyder order. Sj\u00e4lv k\u00e4nner jag ansvar f\u00f6r allt jag g\u00f6r. St\u00e5r f\u00f6r det. \u00c4r reglerna fel s\u00e5 bryter jag dom. Som en t\u00e4nkt korsning med r\u00f6dljus klockan fyra en morgon. Jag v\u00e4ntar inte d\u00e5 om det inte kommer n\u00e5gra bilar. Jag har b\u00e4ttre koll p\u00e5 situationen \u00e4n ett rel\u00e4 har som sitter i ett sk\u00e5p. Vi m\u00e5ste t\u00e4nka ocks\u00e5. Bevara v\u00e5r integritet. Annars \u00e4r vi f\u00f6rlorade.<\/p>\n<p>\u00c4h&#8230; Jag fryser vidare. Eventuellt tillsammans med en Alvedon.<\/p>\n<p>&nbsp;<\/p>\n","protected":false},"excerpt":{"rendered":"<p>Jag sitter h\u00e4r och fryser. Ja jag borde v\u00e4l ha stannat uppe p\u00e5 soffan. Under ett t\u00e4cke. Som ig\u00e5r kv\u00e4ll. En av de f\u00e5 kv\u00e4llar jag inte traskade ner till kontoret igen efter nyheterna. Satt d\u00e4r och tittade p\u00e5 tv som s\u00e5 m\u00e5nga andra i Sverige. Ovanligt h\u00e4r. Jag har kvar l\u00e4ngtan att g\u00f6ra n\u00e5got. [&hellip;]<\/p>\n","protected":false},"author":24,"featured_media":0,"comment_status":"open","ping_status":"open","sticky":false,"template":"","format":"standard","meta":{"_crdt_document":"","jetpack_post_was_ever_published":false,"_jetpack_newsletter_access":"","_jetpack_dont_email_post_to_subs":false,"_jetpack_newsletter_tier_id":0,"_jetpack_memberships_contains_paywalled_content":false,"_jetpack_memberships_contains_paid_content":false,"footnotes":"","jetpack_publicize_message":"","jetpack_publicize_feature_enabled":true,"jetpack_social_post_already_shared":true,"jetpack_social_options":{"image_generator_settings":{"template":"highway","default_image_id":0,"font":"","enabled":false},"version":2}},"categories":[24],"tags":[],"class_list":["post-19591","post","type-post","status-publish","format-standard","hentry","category-betraktelser"],"jetpack_publicize_connections":[],"jetpack_featured_media_url":"","jetpack_sharing_enabled":true,"jetpack_likes_enabled":true,"jetpack-related-posts":[{"id":38961,"url":"https:\/\/www.akehedman.se\/wordpress\/?p=38961","url_meta":{"origin":19591,"position":0},"title":"Fryser","author":"\u00c5ke Hedman","date":"2021-06-01","format":false,"excerpt":"Ute sol. Rent av perfekt. Om det inte var f\u00f6r en \"kall vind\". Eller ljummen. Men fryslortar som mig tycker s\u00e5klart den \u00e4r kall. Men inne bl\u00e5ser det inte. D\u00e4r sitter jag. Japp. Fryser. S\u00e5klart. Stillasittandet. Det blir liksom ingen fart p\u00e5 kroppen. T\u00e4nker s\u00e5. R\u00f6r mig runt lite planl\u00f6st\u2026","rel":"","context":"In &quot;Betraktelser &amp; Ber\u00e4ttelse&quot;","block_context":{"text":"Betraktelser &amp; Ber\u00e4ttelse","link":"https:\/\/www.akehedman.se\/wordpress\/?cat=24"},"img":{"alt_text":"","src":"https:\/\/i0.wp.com\/www.akehedman.se\/wordpress\/wp-content\/uploads\/2021\/06\/Screenshot-from-2021-06-01-13-44-47.png?resize=350%2C200&ssl=1","width":350,"height":200,"srcset":"https:\/\/i0.wp.com\/www.akehedman.se\/wordpress\/wp-content\/uploads\/2021\/06\/Screenshot-from-2021-06-01-13-44-47.png?resize=350%2C200&ssl=1 1x, https:\/\/i0.wp.com\/www.akehedman.se\/wordpress\/wp-content\/uploads\/2021\/06\/Screenshot-from-2021-06-01-13-44-47.png?resize=525%2C300&ssl=1 1.5x, https:\/\/i0.wp.com\/www.akehedman.se\/wordpress\/wp-content\/uploads\/2021\/06\/Screenshot-from-2021-06-01-13-44-47.png?resize=700%2C400&ssl=1 2x, https:\/\/i0.wp.com\/www.akehedman.se\/wordpress\/wp-content\/uploads\/2021\/06\/Screenshot-from-2021-06-01-13-44-47.png?resize=1050%2C600&ssl=1 3x"},"classes":[]},{"id":43746,"url":"https:\/\/www.akehedman.se\/wordpress\/?p=43746","url_meta":{"origin":19591,"position":1},"title":"Mellan","author":"\u00c5ke Hedman","date":"2022-12-27","format":false,"excerpt":"Ig\u00e5r n\u00e4r vi skjutsar ner sonen till det som nu \u00e4r hemma f\u00f6r honom s\u00e5 m\u00f6ter vi alla fj\u00e4llturisterna. Uppriktigt s\u00e5 trodde jag att str\u00f6mmen skulle g\u00e5 fr\u00e5n fj\u00e4llen d\u00e4r p\u00e5 Annandagseftermiddagen men s\u00e5 \u00e4r det inte. Den g\u00e5r upp\u00e5t och mot fj\u00e4llv\u00e4rlden. Men kanske har str\u00f6mmen \u00e5t andra h\u00e5llet\u2026","rel":"","context":"In &quot;Swedish&quot;","block_context":{"text":"Swedish","link":"https:\/\/www.akehedman.se\/wordpress\/?cat=2"},"img":{"alt_text":"","src":"https:\/\/i0.wp.com\/www.akehedman.se\/wordpress\/wp-content\/uploads\/2022\/12\/IMG_20221227_0858343-scaled.jpg?resize=350%2C200&ssl=1","width":350,"height":200,"srcset":"https:\/\/i0.wp.com\/www.akehedman.se\/wordpress\/wp-content\/uploads\/2022\/12\/IMG_20221227_0858343-scaled.jpg?resize=350%2C200&ssl=1 1x, https:\/\/i0.wp.com\/www.akehedman.se\/wordpress\/wp-content\/uploads\/2022\/12\/IMG_20221227_0858343-scaled.jpg?resize=525%2C300&ssl=1 1.5x, https:\/\/i0.wp.com\/www.akehedman.se\/wordpress\/wp-content\/uploads\/2022\/12\/IMG_20221227_0858343-scaled.jpg?resize=700%2C400&ssl=1 2x, https:\/\/i0.wp.com\/www.akehedman.se\/wordpress\/wp-content\/uploads\/2022\/12\/IMG_20221227_0858343-scaled.jpg?resize=1050%2C600&ssl=1 3x, https:\/\/i0.wp.com\/www.akehedman.se\/wordpress\/wp-content\/uploads\/2022\/12\/IMG_20221227_0858343-scaled.jpg?resize=1400%2C800&ssl=1 4x"},"classes":[]},{"id":19406,"url":"https:\/\/www.akehedman.se\/wordpress\/?p=19406","url_meta":{"origin":19591,"position":2},"title":"Liv efter jul","author":"\u00c5ke Hedman","date":"2016-01-08","format":false,"excerpt":"Det \u00e4r kallt h\u00e4r i Los. S\u00e5klart. Som \u00f6verallt annars. Det \u00e4r vinter. Men tack och lov bor vi d\u00e4r finnar bosatte sig. Japp allts\u00e5 \u00e4r det fem eller tio grader varmare h\u00e4r \u00e4n d\u00e4r nere d\u00e4r floderna fl\u00f6dar. Japp alltid p\u00e5 toppen av ett berg och p\u00e5 r\u00e4tt sida\u2026","rel":"","context":"In &quot;Betraktelser &amp; Ber\u00e4ttelse&quot;","block_context":{"text":"Betraktelser &amp; Ber\u00e4ttelse","link":"https:\/\/www.akehedman.se\/wordpress\/?cat=24"},"img":{"alt_text":"bondkakor","src":"https:\/\/i0.wp.com\/www.akehedman.se\/wordpress\/wp-content\/uploads\/2015\/12\/bondkakor.jpg?resize=350%2C200","width":350,"height":200},"classes":[]},{"id":23918,"url":"https:\/\/www.akehedman.se\/wordpress\/?p=23918","url_meta":{"origin":19591,"position":3},"title":"Att klippa sig och skaffa ett jobb","author":"\u00c5ke Hedman","date":"2017-03-30","format":false,"excerpt":"S\u00e5 d\u00e5 s\u00e5. Jag sitter och jobbar h\u00e4r ute. Inte \"ute\" allts\u00e5, bara ute i f\u00f6rh\u00e5llande till det lilla rummet jag satt i tidigare. Gillar det hur som helst. H\u00e4r ser jag sm\u00e5f\u00e5glarna. Det k\u00e4nns allts\u00e5 som jag har v\u00e4nner. Ja och s\u00e5 k\u00e4nns det som om v\u00e4rlden \u00e4r st\u00f6rre\u2026","rel":"","context":"In &quot;Betraktelser &amp; Ber\u00e4ttelse&quot;","block_context":{"text":"Betraktelser &amp; Ber\u00e4ttelse","link":"https:\/\/www.akehedman.se\/wordpress\/?cat=24"},"img":{"alt_text":"","src":"https:\/\/i0.wp.com\/www.akehedman.se\/wordpress\/wp-content\/uploads\/2017\/03\/20170330_100832-1024x576.jpg?resize=350%2C200","width":350,"height":200,"srcset":"https:\/\/i0.wp.com\/www.akehedman.se\/wordpress\/wp-content\/uploads\/2017\/03\/20170330_100832-1024x576.jpg?resize=350%2C200 1x, https:\/\/i0.wp.com\/www.akehedman.se\/wordpress\/wp-content\/uploads\/2017\/03\/20170330_100832-1024x576.jpg?resize=525%2C300 1.5x"},"classes":[]},{"id":29427,"url":"https:\/\/www.akehedman.se\/wordpress\/?p=29427","url_meta":{"origin":19591,"position":4},"title":"Ot\u00e4nkandes","author":"\u00c5ke Hedman","date":"2018-07-29","format":false,"excerpt":"Bortkopplad. Totalt bortkopplad. Ja, semesterurkopplad. Nollad. Ot\u00e4nkandes. S\u00e5 vandrar jag i v\u00e4rlden i dessa tider. Jag bryr mig inte ens om att raka mig. Va fan liksom. Varf\u00f6r det!? Det \u00e4r sommar. Det \u00e4r vila. Det \u00e4r det stora lugnet som p\u00e5g\u00e5r och verkar. \u00c4nd\u00e5 f\u00f6reg\u00e5r en del av de\u2026","rel":"","context":"In &quot;Betraktelser &amp; Ber\u00e4ttelse&quot;","block_context":{"text":"Betraktelser &amp; Ber\u00e4ttelse","link":"https:\/\/www.akehedman.se\/wordpress\/?cat=24"},"img":{"alt_text":"","src":"https:\/\/i0.wp.com\/www.akehedman.se\/wordpress\/wp-content\/uploads\/2018\/07\/ake_20180727-577x1024.jpg?resize=350%2C200","width":350,"height":200,"srcset":"https:\/\/i0.wp.com\/www.akehedman.se\/wordpress\/wp-content\/uploads\/2018\/07\/ake_20180727-577x1024.jpg?resize=350%2C200 1x, https:\/\/i0.wp.com\/www.akehedman.se\/wordpress\/wp-content\/uploads\/2018\/07\/ake_20180727-577x1024.jpg?resize=525%2C300 1.5x"},"classes":[]},{"id":51408,"url":"https:\/\/www.akehedman.se\/wordpress\/?p=51408","url_meta":{"origin":19591,"position":5},"title":"Saint Patrick\u2019s Day","author":"\u00c5ke Hedman","date":"2026-03-17","format":false,"excerpt":"Photo by Pressmaster on Pexels.com Kl\u00e4dd i gr\u00f6nt fr\u00e5n topp till t\u00e5? Nej, inte jag. Men man borde vara. Tydligen. F\u00f6r det \u00e4r Saint Patrick\u2019s Day. Varf\u00f6r associerar jag till potatis? Hyr som helst kan man bli nypt h\u00f6r jag om man inte \u00e4r gr\u00f6n denna dag. Fr\u00e5gan \u00e4r bara\u2026","rel":"","context":"In &quot;Betraktelser &amp; Ber\u00e4ttelse&quot;","block_context":{"text":"Betraktelser &amp; Ber\u00e4ttelse","link":"https:\/\/www.akehedman.se\/wordpress\/?cat=24"},"img":{"alt_text":"man in green shirt drinking green beer","src":"https:\/\/i0.wp.com\/www.akehedman.se\/wordpress\/wp-content\/uploads\/2026\/03\/pexels-photo-3851765.jpeg?resize=350%2C200&ssl=1","width":350,"height":200,"srcset":"https:\/\/i0.wp.com\/www.akehedman.se\/wordpress\/wp-content\/uploads\/2026\/03\/pexels-photo-3851765.jpeg?resize=350%2C200&ssl=1 1x, https:\/\/i0.wp.com\/www.akehedman.se\/wordpress\/wp-content\/uploads\/2026\/03\/pexels-photo-3851765.jpeg?resize=525%2C300&ssl=1 1.5x, https:\/\/i0.wp.com\/www.akehedman.se\/wordpress\/wp-content\/uploads\/2026\/03\/pexels-photo-3851765.jpeg?resize=700%2C400&ssl=1 2x, https:\/\/i0.wp.com\/www.akehedman.se\/wordpress\/wp-content\/uploads\/2026\/03\/pexels-photo-3851765.jpeg?resize=1050%2C600&ssl=1 3x, https:\/\/i0.wp.com\/www.akehedman.se\/wordpress\/wp-content\/uploads\/2026\/03\/pexels-photo-3851765.jpeg?resize=1400%2C800&ssl=1 4x"},"classes":[]}],"jetpack_shortlink":"https:\/\/wp.me\/p68PL2-55Z","_links":{"self":[{"href":"https:\/\/www.akehedman.se\/wordpress\/index.php?rest_route=\/wp\/v2\/posts\/19591","targetHints":{"allow":["GET"]}}],"collection":[{"href":"https:\/\/www.akehedman.se\/wordpress\/index.php?rest_route=\/wp\/v2\/posts"}],"about":[{"href":"https:\/\/www.akehedman.se\/wordpress\/index.php?rest_route=\/wp\/v2\/types\/post"}],"author":[{"embeddable":true,"href":"https:\/\/www.akehedman.se\/wordpress\/index.php?rest_route=\/wp\/v2\/users\/24"}],"replies":[{"embeddable":true,"href":"https:\/\/www.akehedman.se\/wordpress\/index.php?rest_route=%2Fwp%2Fv2%2Fcomments&post=19591"}],"version-history":[{"count":1,"href":"https:\/\/www.akehedman.se\/wordpress\/index.php?rest_route=\/wp\/v2\/posts\/19591\/revisions"}],"predecessor-version":[{"id":19593,"href":"https:\/\/www.akehedman.se\/wordpress\/index.php?rest_route=\/wp\/v2\/posts\/19591\/revisions\/19593"}],"wp:attachment":[{"href":"https:\/\/www.akehedman.se\/wordpress\/index.php?rest_route=%2Fwp%2Fv2%2Fmedia&parent=19591"}],"wp:term":[{"taxonomy":"category","embeddable":true,"href":"https:\/\/www.akehedman.se\/wordpress\/index.php?rest_route=%2Fwp%2Fv2%2Fcategories&post=19591"},{"taxonomy":"post_tag","embeddable":true,"href":"https:\/\/www.akehedman.se\/wordpress\/index.php?rest_route=%2Fwp%2Fv2%2Ftags&post=19591"}],"curies":[{"name":"wp","href":"https:\/\/api.w.org\/{rel}","templated":true}]}}