{"id":1950,"date":"2012-11-14T14:29:53","date_gmt":"2012-11-14T13:29:53","guid":{"rendered":"http:\/\/www.eurosource.se\/akhe\/wordpress\/?p=1950"},"modified":"2013-03-15T09:23:50","modified_gmt":"2013-03-15T08:23:50","slug":"svenkalarare","status":"publish","type":"post","link":"https:\/\/www.akehedman.se\/wordpress\/?p=1950","title":{"rendered":"Svenskl\u00e4rare"},"content":{"rendered":"<p>Anna \u00e4r en s\u00e5n d\u00e4r sn\u00e4ll m\u00e4nniska. Alltid med n\u00e5gon positiv kommentar p\u00e5 lut. En som elever och arbetskamraterna gillar. En s\u00e5n l\u00e4rare som man hoppas att ens barn skall f\u00e5. <\/p>\n<p>Ibland sviktar omd\u00f6met \u00e4ven hos en person som henne. Som idag n\u00e4r hon kommenterade.<\/p>\n<p>&#8220;VARF\u00d6R blev du inte spr\u00e5kl\u00e4rare?&#8221;<\/p>\n<p>En allvarig missbed\u00f6mmning! Men \u00e4ven solen har ju fl\u00e4ckar som bekant.<\/p>\n<p>Det h\u00e4r \u00e4r varf\u00f6r:<\/p>\n<p>Mina inl\u00e4mnde uppsatser i skolan skulle kunna kallas en &#8220;studie i r\u00f6tt&#8221; och h\u00e4ngts p\u00e5 Moderna. Att jag idag fyrtio \u00e5r senare skriver historier och faktiskt fortfarande gillar att skriva beror enbart p\u00e5 att jag \u00e4r en s\u00e5n person som inte kan leva ett fullv\u00e4rdigt liv utan fantasin och d\u00e4rf\u00f6r inte l\u00e5ter n\u00e5gon ta viljan att uttrycka den i ord eller p\u00e5 annat s\u00e4tt fr\u00e5n mig.<\/p>\n<p>Det f\u00f6rsta problemet \u00e4r stavningen. Som varande en person med f\u00f6r stor logisk hj\u00e4rnhalva s\u00e5 skrev jag Svenska som Finnar stavar. Inte omtyckt av spr\u00e5kl\u00e4rare. Ja, jag skrev inte cykkel d\u00e5 som en Finne skulle skriva utan cyckel. Att det sedan skulle skrivas cykel f\u00f6r att det fanns n\u00e5gon l\u00e5ngs\u00f6kt koppling till cyklisk \u00e4r fortfarande sv\u00e5rt f\u00f6r mig att ta in. Och jag \u00e4r ingen h\u00e4ngiven supporter av det icke deterministiska.<\/p>\n<p>Sen att jag kanske inte heller s\u00e5g det viktiga i att skriva cykel ist\u00e4llet f\u00f6r cyckel eftersom var och en med en n\u00e5gots\u00e5n\u00e4r utvecklad hj\u00e4rna \u00e4nd\u00e5 skulle f\u00f6rst\u00e5  vad som avs\u00e5gs f\u00f6rb\u00e4ttrar nog inte heller mina spr\u00e5kl\u00e4rartalanger.<\/p>\n<p>Sen har vi kommateringen. Jag har aldrig fattat teorin bakom riktigt s\u00e5 jag plockar dit ett komma lite h\u00e4r och d\u00e4r. F\u00f6r textmelodins skull liksom. Lite som musikaliska markeringar. Att mina l\u00e4rare p\u00e5 omr\u00e5det aldrig varit \u00f6verens med mig om deras placering ja det diskvalificerar mig v\u00e4l \u00e4ven fr\u00e5n yrkesvalet i det avseendet.<\/p>\n<p>Grammatiska regler. Jag vet inte ens vad ett verb \u00e4r och det \u00e4r nog bra kunskap att ha om man skall bli spr\u00e5kl\u00e4rare. I alla fall ha viljan att vilja veta det vilket jag tyv\u00e4rr ocks\u00e5 saknar.<\/p>\n<p>Slutligen \u00e4r en med \u00e5ren tilltagande felskrivningsfrekvens p\u00e5 tangentbordet och ett sinne som oftast fuzzylogiskt l\u00e4ser inneh\u00e5ll snarare \u00e4n enstaka ord klart diskvalificerande f\u00f6r yrkesvalet fr\u00e5ga. Detta \u00e4r t\u00e4mligen intressant eftersom jag anar att andra har b\u00e5da moderna p\u00e5 samtigt medan jag m\u00e5ste koppla om mellan dem. Ordens meodi i ena l\u00e4get. Stavning och se enstaka ord i det andra. S\u00e4kert n\u00e5gon skada i grunden. Vi borde v\u00e4l egentligen utrotas vi som \u00e4r s\u00e5dana.<\/p>\n<p>Som om allt detta inte vore nog s\u00e5 \u00e4r s\u00e4rskrivningar inte heller n\u00e5got jag uppr\u00f6rs \u00f6ver. N\u00e4stan j\u00e4mt s\u00e5 fattar jag av sammanhanget vad man menar och ett syftningsfel h\u00e4r och d\u00e4r bara f\u00f6rgyller den dan. <\/p>\n<p>S\u00e5 spr\u00e5kl\u00e4rare Anna nej det tror jag inte. Jag kommer att forts\u00e4tta skriva lik f\u00f6rbaskat. Antagligen inte en bok, antagligen inget annat pretanti\u00f6st, bara sammansatta ord. Ibland kombinerade f\u00f6r att sm\u00f6rja min sj\u00e4l. Ibland f\u00f6r att f\u00e5 ut det d\u00e4r som ligger d\u00e4r och trycker och vill ut. Ibland bara fria fantasier just f\u00f6r att det \u00e4r h\u00e4rligt att sitta en stund och fantisera i en helt egenskapad v\u00e4rld.  <\/p>\n","protected":false},"excerpt":{"rendered":"<p>Anna \u00e4r en s\u00e5n d\u00e4r sn\u00e4ll m\u00e4nniska. Alltid med n\u00e5gon positiv kommentar p\u00e5 lut. En som elever och arbetskamraterna gillar. En s\u00e5n l\u00e4rare som man hoppas att ens barn skall f\u00e5. Ibland sviktar omd\u00f6met \u00e4ven hos en person som henne. Som idag n\u00e4r hon kommenterade. &#8220;VARF\u00d6R blev du inte spr\u00e5kl\u00e4rare?&#8221; En allvarig missbed\u00f6mmning! Men \u00e4ven [&hellip;]<\/p>\n","protected":false},"author":24,"featured_media":0,"comment_status":"open","ping_status":"open","sticky":false,"template":"","format":"standard","meta":{"_crdt_document":"","jetpack_post_was_ever_published":false,"_jetpack_newsletter_access":"","_jetpack_dont_email_post_to_subs":false,"_jetpack_newsletter_tier_id":0,"_jetpack_memberships_contains_paywalled_content":false,"_jetpack_memberships_contains_paid_content":false,"footnotes":"","jetpack_publicize_message":"","jetpack_publicize_feature_enabled":true,"jetpack_social_post_already_shared":false,"jetpack_social_options":{"image_generator_settings":{"template":"highway","default_image_id":0,"font":"","enabled":false},"version":2}},"categories":[2],"tags":[],"class_list":["post-1950","post","type-post","status-publish","format-standard","hentry","category-swedish"],"jetpack_publicize_connections":[],"jetpack_featured_media_url":"","jetpack_sharing_enabled":true,"jetpack_likes_enabled":true,"jetpack-related-posts":[{"id":15947,"url":"https:\/\/www.akehedman.se\/wordpress\/?p=15947","url_meta":{"origin":1950,"position":0},"title":"Mig kvittar det&#8230; kanske&#8230;","author":"\u00c5ke Hedman","date":"2015-01-01","format":false,"excerpt":"Noop, jag beh\u00f6ver varken Kalle Anka eller Grevinnan och Betj\u00e4nten som s\u00e4kerhets\u00f6glor att sp\u00e4nna fast mig vid i livet. Det \u00e4r nog d\u00e4rf\u00f6r jag gillar \u00f6ppna hav och stora skogar ocks\u00e5. Jag gillar det fria, det ov\u00e4ntade, d\u00f6r och k\u00e4nner mig inl\u00e5st av upprepningarna. Jag l\u00e4ser Badgers Drift och g\u00f6r\u2026","rel":"","context":"In &quot;Betraktelser &amp; Ber\u00e4ttelse&quot;","block_context":{"text":"Betraktelser &amp; Ber\u00e4ttelse","link":"https:\/\/www.akehedman.se\/wordpress\/?cat=24"},"img":{"alt_text":"kockums-kanna-455252_th534x389_umb","src":"https:\/\/i0.wp.com\/www.eurosource.se\/akhe\/wordpress\/wp-content\/uploads\/2013\/11\/kockums-kanna-455252_th534x389_umb.jpg?resize=350%2C200","width":350,"height":200,"srcset":"https:\/\/i0.wp.com\/www.eurosource.se\/akhe\/wordpress\/wp-content\/uploads\/2013\/11\/kockums-kanna-455252_th534x389_umb.jpg?resize=350%2C200 1x, https:\/\/i0.wp.com\/www.eurosource.se\/akhe\/wordpress\/wp-content\/uploads\/2013\/11\/kockums-kanna-455252_th534x389_umb.jpg?resize=525%2C300 1.5x"},"classes":[]},{"id":19191,"url":"https:\/\/www.akehedman.se\/wordpress\/?p=19191","url_meta":{"origin":1950,"position":1},"title":"Upprepningens makt","author":"\u00c5ke Hedman","date":"2015-12-09","format":false,"excerpt":"Letar strumpor i omakal\u00e5dan eftersom mitt sista par \u00e4r mer h\u00e5l \u00e4n strumpa och kommer p\u00e5 en (bra) plot till en novell. Skall bara f\u00e5 tid att skriva den ocks\u00e5. Just d\u00e4r skulle jag velat ha mer tid. Men har inte och det \u00e4r s\u00e5klart som det \u00e4r med det.\u2026","rel":"","context":"In &quot;Betraktelser &amp; Ber\u00e4ttelse&quot;","block_context":{"text":"Betraktelser &amp; Ber\u00e4ttelse","link":"https:\/\/www.akehedman.se\/wordpress\/?cat=24"},"img":{"alt_text":"2015-12-09_09-22-05","src":"https:\/\/i0.wp.com\/www.akehedman.se\/wordpress\/wp-content\/uploads\/2015\/12\/2015-12-09_09-22-05.png?resize=350%2C200","width":350,"height":200,"srcset":"https:\/\/i0.wp.com\/www.akehedman.se\/wordpress\/wp-content\/uploads\/2015\/12\/2015-12-09_09-22-05.png?resize=350%2C200 1x, https:\/\/i0.wp.com\/www.akehedman.se\/wordpress\/wp-content\/uploads\/2015\/12\/2015-12-09_09-22-05.png?resize=525%2C300 1.5x, https:\/\/i0.wp.com\/www.akehedman.se\/wordpress\/wp-content\/uploads\/2015\/12\/2015-12-09_09-22-05.png?resize=700%2C400 2x"},"classes":[]},{"id":21866,"url":"https:\/\/www.akehedman.se\/wordpress\/?p=21866","url_meta":{"origin":1950,"position":2},"title":"Hampa","author":"\u00c5ke Hedman","date":"2016-10-16","format":false,"excerpt":"Jag fotograferar och editerar bilder p\u00e5 en ny produkt idag. En ganska l\u00f6jlig produkt egentligen. S\u00e5klart. Men \u00e4ven l\u00f6jliga produkter beh\u00f6ver bilder och beskrivningar av hur de anv\u00e4nds och monteras. Men vad \u00e4r fem timmer. En grisblink. Allt tar en j\u00e4vla massa tid, och det utan att livet st\u00e5r still\u2026","rel":"","context":"In &quot;Betraktelser &amp; Ber\u00e4ttelse&quot;","block_context":{"text":"Betraktelser &amp; Ber\u00e4ttelse","link":"https:\/\/www.akehedman.se\/wordpress\/?cat=24"},"img":{"alt_text":"humle","src":"https:\/\/i0.wp.com\/www.akehedman.se\/wordpress\/wp-content\/uploads\/2016\/10\/humle.jpg?resize=350%2C200","width":350,"height":200},"classes":[]},{"id":31181,"url":"https:\/\/www.akehedman.se\/wordpress\/?p=31181","url_meta":{"origin":1950,"position":3},"title":"F som i f\u00f6retagare","author":"\u00c5ke Hedman","date":"2018-12-27","format":false,"excerpt":"Jag har alltid haft sj\u00e4len hos en f\u00f6retagare. Och \u00e4ven om jag inte \u00e4r det just idag (fast allt inom mig \u00e4r det) s\u00e5 g\u00e5r jag s\u00e5klart ner till l\u00e5tsaskontoret vid vanlig tid. De flesta f\u00f6retagare i landet g\u00f6r samma sak, jobbar. En majoritet har nog varit till sina f\u00f6retag\u2026","rel":"","context":"In &quot;Betraktelser &amp; Ber\u00e4ttelse&quot;","block_context":{"text":"Betraktelser &amp; Ber\u00e4ttelse","link":"https:\/\/www.akehedman.se\/wordpress\/?cat=24"},"img":{"alt_text":"","src":"https:\/\/i0.wp.com\/www.akehedman.se\/wordpress\/wp-content\/uploads\/2018\/12\/IMG_20181223_134020360_HDR-1.png?resize=350%2C200&ssl=1","width":350,"height":200,"srcset":"https:\/\/i0.wp.com\/www.akehedman.se\/wordpress\/wp-content\/uploads\/2018\/12\/IMG_20181223_134020360_HDR-1.png?resize=350%2C200&ssl=1 1x, https:\/\/i0.wp.com\/www.akehedman.se\/wordpress\/wp-content\/uploads\/2018\/12\/IMG_20181223_134020360_HDR-1.png?resize=525%2C300&ssl=1 1.5x, https:\/\/i0.wp.com\/www.akehedman.se\/wordpress\/wp-content\/uploads\/2018\/12\/IMG_20181223_134020360_HDR-1.png?resize=700%2C400&ssl=1 2x, https:\/\/i0.wp.com\/www.akehedman.se\/wordpress\/wp-content\/uploads\/2018\/12\/IMG_20181223_134020360_HDR-1.png?resize=1050%2C600&ssl=1 3x"},"classes":[]},{"id":18023,"url":"https:\/\/www.akehedman.se\/wordpress\/?p=18023","url_meta":{"origin":1950,"position":4},"title":"LOOSBAR Wien &#8211; Das Original","author":"\u00c5ke Hedman","date":"2015-06-02","format":false,"excerpt":"Det \u00e4r en morgon med den d\u00e4r sommark\u00e4nslan. Den f\u00f6rsta morgon med\u00a0 den som infinner sig i \u00e5r. Har ingen aning om varf\u00f6r det k\u00e4nns \"sommarmorgon\" just idag men det g\u00f6r det. Examensf\u00f6rv\u00e4ntan, lata-dagar-f\u00f6rv\u00e4ntan, rose', grillr\u00f6k och myggor. Lunch ute... Men det kommer s\u00e5klart aldrig att g\u00e5. F\u00f6r kallt. Ja\u2026","rel":"","context":"In &quot;Betraktelser &amp; Ber\u00e4ttelse&quot;","block_context":{"text":"Betraktelser &amp; Ber\u00e4ttelse","link":"https:\/\/www.akehedman.se\/wordpress\/?cat=24"},"img":{"alt_text":"694.804","src":"https:\/\/i0.wp.com\/www.akehedman.se\/wordpress\/wp-content\/uploads\/2015\/06\/694.804-1024x576.jpg?resize=350%2C200","width":350,"height":200,"srcset":"https:\/\/i0.wp.com\/www.akehedman.se\/wordpress\/wp-content\/uploads\/2015\/06\/694.804-1024x576.jpg?resize=350%2C200 1x, https:\/\/i0.wp.com\/www.akehedman.se\/wordpress\/wp-content\/uploads\/2015\/06\/694.804-1024x576.jpg?resize=525%2C300 1.5x"},"classes":[]},{"id":43487,"url":"https:\/\/www.akehedman.se\/wordpress\/?p=43487","url_meta":{"origin":1950,"position":5},"title":"A day at the races","author":"\u00c5ke Hedman","date":"2022-12-05","format":false,"excerpt":"Photo by Jean van der Meulen on Pexels.com S\u00e5 har en dag g\u00e5tt fast den inte ens \u00e4r klar, f\u00e4rdig och avskriven. Det blev annat idag. Skitg\u00f6ra men m\u00e5ste-g\u00f6ra. Som det \u00e4r. Hoppet st\u00e5r allts\u00e5 till morgondagen. Storverken f\u00e5r v\u00e4nta tills dess. Arne, vandraren g\u00e5r f\u00f6rbi. Vi har vinterhatandet gemensamt\u2026","rel":"","context":"In &quot;Swedish&quot;","block_context":{"text":"Swedish","link":"https:\/\/www.akehedman.se\/wordpress\/?cat=2"},"img":{"alt_text":"","src":"https:\/\/i0.wp.com\/www.akehedman.se\/wordpress\/wp-content\/uploads\/2022\/12\/Screenshot-from-2022-12-05-22-01-53.png?resize=350%2C200&ssl=1","width":350,"height":200,"srcset":"https:\/\/i0.wp.com\/www.akehedman.se\/wordpress\/wp-content\/uploads\/2022\/12\/Screenshot-from-2022-12-05-22-01-53.png?resize=350%2C200&ssl=1 1x, https:\/\/i0.wp.com\/www.akehedman.se\/wordpress\/wp-content\/uploads\/2022\/12\/Screenshot-from-2022-12-05-22-01-53.png?resize=525%2C300&ssl=1 1.5x, https:\/\/i0.wp.com\/www.akehedman.se\/wordpress\/wp-content\/uploads\/2022\/12\/Screenshot-from-2022-12-05-22-01-53.png?resize=700%2C400&ssl=1 2x"},"classes":[]}],"jetpack_shortlink":"https:\/\/wp.me\/p68PL2-vs","_links":{"self":[{"href":"https:\/\/www.akehedman.se\/wordpress\/index.php?rest_route=\/wp\/v2\/posts\/1950","targetHints":{"allow":["GET"]}}],"collection":[{"href":"https:\/\/www.akehedman.se\/wordpress\/index.php?rest_route=\/wp\/v2\/posts"}],"about":[{"href":"https:\/\/www.akehedman.se\/wordpress\/index.php?rest_route=\/wp\/v2\/types\/post"}],"author":[{"embeddable":true,"href":"https:\/\/www.akehedman.se\/wordpress\/index.php?rest_route=\/wp\/v2\/users\/24"}],"replies":[{"embeddable":true,"href":"https:\/\/www.akehedman.se\/wordpress\/index.php?rest_route=%2Fwp%2Fv2%2Fcomments&post=1950"}],"version-history":[{"count":6,"href":"https:\/\/www.akehedman.se\/wordpress\/index.php?rest_route=\/wp\/v2\/posts\/1950\/revisions"}],"predecessor-version":[{"id":4480,"href":"https:\/\/www.akehedman.se\/wordpress\/index.php?rest_route=\/wp\/v2\/posts\/1950\/revisions\/4480"}],"wp:attachment":[{"href":"https:\/\/www.akehedman.se\/wordpress\/index.php?rest_route=%2Fwp%2Fv2%2Fmedia&parent=1950"}],"wp:term":[{"taxonomy":"category","embeddable":true,"href":"https:\/\/www.akehedman.se\/wordpress\/index.php?rest_route=%2Fwp%2Fv2%2Fcategories&post=1950"},{"taxonomy":"post_tag","embeddable":true,"href":"https:\/\/www.akehedman.se\/wordpress\/index.php?rest_route=%2Fwp%2Fv2%2Ftags&post=1950"}],"curies":[{"name":"wp","href":"https:\/\/api.w.org\/{rel}","templated":true}]}}