{"id":19406,"date":"2016-01-08T18:32:50","date_gmt":"2016-01-08T17:32:50","guid":{"rendered":"http:\/\/www.akehedman.se\/wordpress\/?p=19406"},"modified":"2016-01-08T18:32:50","modified_gmt":"2016-01-08T17:32:50","slug":"liv-efter-jul","status":"publish","type":"post","link":"https:\/\/www.akehedman.se\/wordpress\/?p=19406","title":{"rendered":"Liv efter jul"},"content":{"rendered":"<p><img data-recalc-dims=\"1\" loading=\"lazy\" decoding=\"async\" class=\"alignnone size-full wp-image-19265\" src=\"https:\/\/i0.wp.com\/www.akehedman.se\/wordpress\/wp-content\/uploads\/2015\/12\/bondkakor.jpg?resize=300%2C199\" alt=\"bondkakor\" width=\"300\" height=\"199\" \/><\/p>\n<p>Det \u00e4r kallt h\u00e4r i Los. S\u00e5klart. Som \u00f6verallt annars. Det \u00e4r vinter. Men tack och lov bor vi d\u00e4r finnar bosatte sig. Japp allts\u00e5 \u00e4r det fem eller tio grader varmare h\u00e4r \u00e4n d\u00e4r nere d\u00e4r floderna fl\u00f6dar. Japp alltid p\u00e5 toppen av ett berg och p\u00e5 r\u00e4tt sida om berget. Smartare var dom \u00e4n vad bos\u00e4ttare \u00e4r idag. De flesta. En och annan t\u00e4nker f\u00f6re. En och annan vill bo s\u00e5 n\u00e4ra vatten som det g\u00e5r. Tills f\u00f6rsta \u00f6versv\u00e4mningen. D\u00e5 \u00e4r det n\u00e5gon annans fel. Alltid \u00e4r det n\u00e5gon annans fel.<\/p>\n<p>Jag fryser s\u00e5klart \u00e4nd\u00e5. Det spelar ingen roll att alla element skruvas upp p\u00e5 max. Att temperaturerna h\u00e4r p\u00e5 kontoret m\u00e4ts p\u00e5 niv\u00e5er s\u00e5 att man sk\u00e4ms. Eller borde g\u00f6ra det.\u00a0 Ja man inser hur varmt man har det n\u00e4r man \u00e4r ut en sv\u00e4ng och kommer tillbaks in. Men jag fryser i alla fall. FRYSER och hatar vinterhelvetet som nu trotts allt \u00e4r ganska vackert. Vackert liksom f\u00f6r att j\u00e4vlas. Jag l\u00e4ngtar till sommar. En talgoxe h\u00e4r utanf\u00f6r g\u00f6r tydligen ocks\u00e5 det f\u00f6r den st\u00e4mde upp i v\u00e5rs\u00e5ng redan idag. Optimist. Men tack f\u00f6r det. Hj\u00e4lper. Lite.<\/p>\n<p>Hulken suger s\u00e5klart i sig m\u00e4ngder. S\u00e5klart. Ett \u00f6ppet gap liksom, som man h\u00e4ller s\u00e4ck efter s\u00e4ck med pellets i. Men v\u00e4rmer allts\u00e5. B\u00e5de kontor och l\u00e4genhet. Kraschar dock n\u00e4r det \u00e4r som kallast. Fungerar inte. Det blixtrat till, poff, och allt blir svart n\u00e4r jag f\u00f6rs\u00f6ker \u00e5terstarta f\u00f6r att s\u00e4kringen g\u00e5r. Hmmmm&#8230;. Sp\u00e4nnande. Alltid. Loss med kretskort. Det \u00e4r inte f\u00f6rsta g\u00e5ngen. Jag kan det d\u00e4r i princip helt och h\u00e5llet nu. F\u00e5r jag en natt kan jag fixa det mesta eller bygga ett nytt.\u00a0 Hittar sp\u00e5n som blivit bl\u00f6tt p\u00e5 undersidan. En isbit antagligen som ramlat dit efter att jag h\u00e4mtat in pelletss\u00e4ckare tidigare. Ja och efter torkning under Rapport s\u00e5 f\u00e5r jag det att fungera igen. Som sig brukar. Vad hade man gjort om man inte h\u00f6ll p\u00e5 med det man g\u00f6r. Hur g\u00f6r andra? inger en hantverkare p\u00e5 trettondagsafton?<\/p>\n<p>Oooooops f\u00f6rresten, bloggar jag igen? Ja det \u00e5terst\u00e5r att se. Kanske. Kanske inte. Just nu k\u00e4ndes det som om jag beh\u00f6vde skriva ner n\u00e5gra ord. Det g\u00f6r det kanske inte imorgon. Eller ocks\u00e5 g\u00f6r det det.<\/p>\n<p>Under julklappsutdelningen p\u00e5 julafton ser jag allt ihop liksom utifr\u00e5n. Hmmm&#8230; men&#8230; jag sitter inte d\u00e4r sj\u00e4lv i den d\u00e4r gr\u00f6na IKEA soffan och dom andra klarar sig alldeles utm\u00e4rkt utan mig. Varf\u00f6r ser man s\u00e5nt? Och en s\u00e5dan g\u00e5ng. Men nyttigt \u00e4r det. Man l\u00e4r sig att livet g\u00e5r vidare utan att man sj\u00e4lv \u00e4r med. Man blir \u00f6dmjuk. Eftersom det m\u00e5ste det s\u00e5 med liv s\u00e5 g\u00f6r det det. G\u00e5r vidare. Och n\u00e5gonstans g\u00f6r den mig v\u00e4l glad den d\u00e4r glimten av efterlivet \u00e4nd\u00e5. \u00c4r det ett omen? I s\u00e5 fall usch.\u00a0 Men det \u00e4r s\u00e5klart som det \u00e4r ocks\u00e5 med det. Den d\u00e4r hj\u00e4rtklappningen kanske inte bara \u00e4r kolsyra fr\u00e5n f\u00f6r m\u00e5nga urdruckna julmust. Den som lever f\u00e5r se.<\/p>\n<p>Men julen sitter kvar i kroppen fortfarande. K har visserligen b\u00f6rjat jobba ocks\u00e5. Ja med, men jag &#8220;sitter allts\u00e5 bara hemma&#8221;. Har kletat fast i julkn\u00e4cken. Kommer inte riktigt ig\u00e5ng. Inte hundra procent. Men det kommer. Jag k\u00e4nner ju det. Snart s\u00e5&#8230;<\/p>\n<p>Flyttar \u00f6ver till Linux som huvudsystem. Debian. Det \u00e4r dags f\u00f6r ett f\u00f6rs\u00f6k igen. Irfanview och Snagit \u00e4r det jag saknat hittills. Hittar n\u00e5got som liknar Snagit men inte n\u00e5r fram. F\u00e5r v\u00e4l klara mig med det. Men allt annat fungerar s\u00e5klart b\u00e4ttre. Det blir mer responsivt. Och HALLELUJA vad jag \u00e4lskar att ha flera skrivbordsytor. Det \u00e4r underbart. Helt magiskt underbart. Sen kan man ju bli tokig p\u00e5 att vissa saker, som borde vara enkla, inte \u00e4r det. Efter s\u00e5 m\u00e5nga \u00e5r. Men det g\u00e5r. Det fungerar. Det \u00e4r.<\/p>\n<p>Nu fredagskv\u00e4ll. Mat. Soffa. Tr\u00f6tt efter en dag i &#8220;st\u00e4da och sortera&#8221; fast jag vilat s\u00e5 l\u00e4nge under ledighet. Inte f\u00f6r att diskarna blev v\u00e4ldigt mycket mer sorterade idag. Men men&#8230; Kanske lyckades man g\u00f6mma n\u00e5gra fler saker som man lyckades hitta f\u00f6rut. Hur som helt hoppas jag p\u00e5 en film, en som det g\u00e5r att se. G\u00e5r det inte att hitta en s\u00e5dan f\u00e5r man v\u00e4l somna in. Som vanligt.<\/p>\n","protected":false},"excerpt":{"rendered":"<p>Det \u00e4r kallt h\u00e4r i Los. S\u00e5klart. Som \u00f6verallt annars. Det \u00e4r vinter. Men tack och lov bor vi d\u00e4r finnar bosatte sig. Japp allts\u00e5 \u00e4r det fem eller tio grader varmare h\u00e4r \u00e4n d\u00e4r nere d\u00e4r floderna fl\u00f6dar. Japp alltid p\u00e5 toppen av ett berg och p\u00e5 r\u00e4tt sida om berget. Smartare var dom [&hellip;]<\/p>\n","protected":false},"author":24,"featured_media":0,"comment_status":"open","ping_status":"open","sticky":false,"template":"","format":"standard","meta":{"_crdt_document":"","jetpack_post_was_ever_published":false,"_jetpack_newsletter_access":"","_jetpack_dont_email_post_to_subs":false,"_jetpack_newsletter_tier_id":0,"_jetpack_memberships_contains_paywalled_content":false,"_jetpack_memberships_contains_paid_content":false,"footnotes":"","jetpack_publicize_message":"","jetpack_publicize_feature_enabled":true,"jetpack_social_post_already_shared":true,"jetpack_social_options":{"image_generator_settings":{"template":"highway","default_image_id":0,"font":"","enabled":false},"version":2}},"categories":[24],"tags":[],"class_list":["post-19406","post","type-post","status-publish","format-standard","hentry","category-betraktelser"],"jetpack_publicize_connections":[],"jetpack_featured_media_url":"","jetpack_sharing_enabled":true,"jetpack_likes_enabled":true,"jetpack-related-posts":[{"id":23046,"url":"https:\/\/www.akehedman.se\/wordpress\/?p=23046","url_meta":{"origin":19406,"position":0},"title":"V\u00e5rk\u00e4nslor","author":"\u00c5ke Hedman","date":"2017-01-26","format":false,"excerpt":"Grannarna f\u00e5r s\u00e5lt. Tjoff s\u00e4ger det bara. Husen brukar ligga ute os\u00e5lda n\u00e5gra \u00e5r h\u00e4r ytan att det sker s\u00e5 man h\u00f6jer lite p\u00e5 \u00f6gonbrynen. Men man f\u00e5r gratulera s\u00e5klart. Tv\u00e5 personer r\u00e4ddade fr\u00e5n ett fortsatt liv i den suraste byn i hela v\u00e4rlden. Ja eller den verkar vara det\u2026","rel":"","context":"In &quot;Betraktelser &amp; Ber\u00e4ttelse&quot;","block_context":{"text":"Betraktelser &amp; Ber\u00e4ttelse","link":"https:\/\/www.akehedman.se\/wordpress\/?cat=24"},"img":{"alt_text":"","src":"https:\/\/i0.wp.com\/www.akehedman.se\/wordpress\/wp-content\/uploads\/2016\/11\/emptybox.jpg?resize=350%2C200","width":350,"height":200,"srcset":"https:\/\/i0.wp.com\/www.akehedman.se\/wordpress\/wp-content\/uploads\/2016\/11\/emptybox.jpg?resize=350%2C200 1x, https:\/\/i0.wp.com\/www.akehedman.se\/wordpress\/wp-content\/uploads\/2016\/11\/emptybox.jpg?resize=525%2C300 1.5x, https:\/\/i0.wp.com\/www.akehedman.se\/wordpress\/wp-content\/uploads\/2016\/11\/emptybox.jpg?resize=700%2C400 2x"},"classes":[]},{"id":8010,"url":"https:\/\/www.akehedman.se\/wordpress\/?p=8010","url_meta":{"origin":19406,"position":1},"title":"Det drar.","author":"\u00c5ke Hedman","date":"2013-07-19","format":false,"excerpt":"Han som v\u00e4xte upp hos Pavarotti n\u00e4r det begav sig, Koltrasten, \u00e4r tyst p\u00e5 morgon n\u00e4r jag h\u00e4mtar tidningen. Inte syns n\u00e5got av min v\u00e4n dragspelaren heller. Det avv naturliga sk\u00e4l. Saknar honom. M\u00e5ste \u00e5ka och h\u00e4lsa p\u00e5 min postl\u00e5dekamrat d\u00e4r p\u00e5 sjukhemmet. Karin sover fortfarande och ute \u00e4r det\u2026","rel":"","context":"In &quot;Betraktelser &amp; Ber\u00e4ttelse&quot;","block_context":{"text":"Betraktelser &amp; Ber\u00e4ttelse","link":"https:\/\/www.akehedman.se\/wordpress\/?cat=24"},"img":{"alt_text":"hav6296","src":"https:\/\/i0.wp.com\/www.eurosource.se\/akhe\/wordpress\/wp-content\/uploads\/2013\/07\/hav6296.jpg?resize=350%2C200","width":350,"height":200},"classes":[]},{"id":19490,"url":"https:\/\/www.akehedman.se\/wordpress\/?p=19490","url_meta":{"origin":19406,"position":2},"title":"Sn\u00e5lskjuts med livet","author":"\u00c5ke Hedman","date":"2016-01-19","format":false,"excerpt":"Jag drar mig en extra timme p\u00e5 morgonen. Hulken har j\u00e4vlats tv\u00e5 n\u00e4tter i rad nu och i natt gick det inte s\u00e5 l\u00e4tt att somna efter fixandet. Jo man m\u00e5ste ta tag i en avstannad v\u00e4rmeanl\u00e4ggning n\u00e4r det \u00e4n intr\u00e4ffar. G\u00f6r man inte det letar sig kylan in i\u2026","rel":"","context":"In &quot;Betraktelser &amp; Ber\u00e4ttelse&quot;","block_context":{"text":"Betraktelser &amp; Ber\u00e4ttelse","link":"https:\/\/www.akehedman.se\/wordpress\/?cat=24"},"img":{"alt_text":"camels_in_tunisia","src":"https:\/\/i0.wp.com\/www.akehedman.se\/wordpress\/wp-content\/uploads\/2016\/01\/camels_in_tunisia.jpeg?resize=350%2C200","width":350,"height":200},"classes":[]},{"id":18543,"url":"https:\/\/www.akehedman.se\/wordpress\/?p=18543","url_meta":{"origin":19406,"position":3},"title":"Mot himlen f\u00f6r helvete","author":"\u00c5ke Hedman","date":"2015-09-06","format":false,"excerpt":"Nog fasiken n\u00e5r den toppen i \u00e5r humlen. Kanske m\u00f6ter den han\/hon\/det\/gud d\u00e4r uppe. Som den \u00f6nskade och hade som m\u00e5l i april n\u00e4r den precis sm\u00e4lte fram d\u00e4r h\u00f6ger om de gr\u00f6na d\u00f6rrarna borta vid garaget.\u00a0 Vad vet jag om det, jag som st\u00e5r h\u00e4r fast f\u00f6rankrad p\u00e5 jorden\u2026","rel":"","context":"In &quot;Betraktelser &amp; Ber\u00e4ttelse&quot;","block_context":{"text":"Betraktelser &amp; Ber\u00e4ttelse","link":"https:\/\/www.akehedman.se\/wordpress\/?cat=24"},"img":{"alt_text":"humle","src":"https:\/\/i0.wp.com\/www.akehedman.se\/wordpress\/wp-content\/uploads\/2015\/09\/humle-768x1024.png?resize=350%2C200","width":350,"height":200,"srcset":"https:\/\/i0.wp.com\/www.akehedman.se\/wordpress\/wp-content\/uploads\/2015\/09\/humle-768x1024.png?resize=350%2C200 1x, https:\/\/i0.wp.com\/www.akehedman.se\/wordpress\/wp-content\/uploads\/2015\/09\/humle-768x1024.png?resize=525%2C300 1.5x"},"classes":[]},{"id":22941,"url":"https:\/\/www.akehedman.se\/wordpress\/?p=22941","url_meta":{"origin":19406,"position":4},"title":"\u00c4kthet","author":"\u00c5ke Hedman","date":"2017-01-18","format":false,"excerpt":"Den 18\/1. K\u00e4nns som ett bra datum. Jag tror p\u00e5 den h\u00e4r dan. Jod\u00e5, fast det inte finns n\u00e5gra speciella planer eller speciella saker att f\u00f6rv\u00e4nta sig av en s\u00e5dan h\u00e4r dag. S\u00e5klart f\u00e5r det g\u00e4rna h\u00e4nda n\u00e5got skojigt i alla fall om det vill, helst inget tr\u00e5kigt, men jag\u2026","rel":"","context":"In &quot;Betraktelser &amp; Ber\u00e4ttelse&quot;","block_context":{"text":"Betraktelser &amp; Ber\u00e4ttelse","link":"https:\/\/www.akehedman.se\/wordpress\/?cat=24"},"img":{"alt_text":"","src":"https:\/\/i0.wp.com\/www.akehedman.se\/wordpress\/wp-content\/uploads\/2017\/01\/ZB9Jy-wOwawSMTvDMCMC1GEy9L8-1024x656.jpeg?resize=350%2C200","width":350,"height":200,"srcset":"https:\/\/i0.wp.com\/www.akehedman.se\/wordpress\/wp-content\/uploads\/2017\/01\/ZB9Jy-wOwawSMTvDMCMC1GEy9L8-1024x656.jpeg?resize=350%2C200 1x, https:\/\/i0.wp.com\/www.akehedman.se\/wordpress\/wp-content\/uploads\/2017\/01\/ZB9Jy-wOwawSMTvDMCMC1GEy9L8-1024x656.jpeg?resize=525%2C300 1.5x"},"classes":[]},{"id":18386,"url":"https:\/\/www.akehedman.se\/wordpress\/?p=18386","url_meta":{"origin":19406,"position":5},"title":"Psykbrytsvinter","author":"\u00c5ke Hedman","date":"2015-08-09","format":false,"excerpt":"Javisst \u00e4r jag ledig. Hela helgen. G\u00f6r inte s\u00e5 mycket. Jo s\u00e4tter upp lite tavlor. Tar upp spikar ur ett golv. En miljon var det nog. B\u00e4r lite saker hit och dit ocks\u00e5 s\u00e5klart. Upp p\u00e5 vinden och ner fr\u00e5n vinden.\u00a0 Men jobbar inte. Vilar. \u00c4r tr\u00f6tt. Fast det inte\u2026","rel":"","context":"In &quot;Betraktelser &amp; Ber\u00e4ttelse&quot;","block_context":{"text":"Betraktelser &amp; Ber\u00e4ttelse","link":"https:\/\/www.akehedman.se\/wordpress\/?cat=24"},"img":{"alt_text":"pion","src":"https:\/\/i0.wp.com\/www.akehedman.se\/wordpress\/wp-content\/uploads\/2015\/08\/pion-1024x937.png?resize=350%2C200","width":350,"height":200,"srcset":"https:\/\/i0.wp.com\/www.akehedman.se\/wordpress\/wp-content\/uploads\/2015\/08\/pion-1024x937.png?resize=350%2C200 1x, https:\/\/i0.wp.com\/www.akehedman.se\/wordpress\/wp-content\/uploads\/2015\/08\/pion-1024x937.png?resize=525%2C300 1.5x"},"classes":[]}],"jetpack_shortlink":"https:\/\/wp.me\/p68PL2-530","_links":{"self":[{"href":"https:\/\/www.akehedman.se\/wordpress\/index.php?rest_route=\/wp\/v2\/posts\/19406","targetHints":{"allow":["GET"]}}],"collection":[{"href":"https:\/\/www.akehedman.se\/wordpress\/index.php?rest_route=\/wp\/v2\/posts"}],"about":[{"href":"https:\/\/www.akehedman.se\/wordpress\/index.php?rest_route=\/wp\/v2\/types\/post"}],"author":[{"embeddable":true,"href":"https:\/\/www.akehedman.se\/wordpress\/index.php?rest_route=\/wp\/v2\/users\/24"}],"replies":[{"embeddable":true,"href":"https:\/\/www.akehedman.se\/wordpress\/index.php?rest_route=%2Fwp%2Fv2%2Fcomments&post=19406"}],"version-history":[{"count":1,"href":"https:\/\/www.akehedman.se\/wordpress\/index.php?rest_route=\/wp\/v2\/posts\/19406\/revisions"}],"predecessor-version":[{"id":19407,"href":"https:\/\/www.akehedman.se\/wordpress\/index.php?rest_route=\/wp\/v2\/posts\/19406\/revisions\/19407"}],"wp:attachment":[{"href":"https:\/\/www.akehedman.se\/wordpress\/index.php?rest_route=%2Fwp%2Fv2%2Fmedia&parent=19406"}],"wp:term":[{"taxonomy":"category","embeddable":true,"href":"https:\/\/www.akehedman.se\/wordpress\/index.php?rest_route=%2Fwp%2Fv2%2Fcategories&post=19406"},{"taxonomy":"post_tag","embeddable":true,"href":"https:\/\/www.akehedman.se\/wordpress\/index.php?rest_route=%2Fwp%2Fv2%2Ftags&post=19406"}],"curies":[{"name":"wp","href":"https:\/\/api.w.org\/{rel}","templated":true}]}}