{"id":19381,"date":"2015-12-25T00:03:14","date_gmt":"2015-12-24T23:03:14","guid":{"rendered":"http:\/\/www.akehedman.se\/wordpress\/?p=19381"},"modified":"2015-12-29T18:21:13","modified_gmt":"2015-12-29T17:21:13","slug":"en-paus-eller-ett-slut","status":"publish","type":"post","link":"https:\/\/www.akehedman.se\/wordpress\/?p=19381","title":{"rendered":"En paus eller ett slut"},"content":{"rendered":"<p><img data-recalc-dims=\"1\" loading=\"lazy\" decoding=\"async\" class=\"alignnone size-large wp-image-17743\" src=\"https:\/\/i0.wp.com\/www.akehedman.se\/wordpress\/wp-content\/uploads\/2015\/05\/endoftheroad-1024x957.png?resize=580%2C542\" alt=\"endoftheroad\" width=\"580\" height=\"542\" \/><\/p>\n<p>M\u00e5stenas jul \u00e4r \u00f6ver.\u00a0 De evigt snurrande och som tandv\u00e4rk \u00e5terkommande tv-programmen har betittats. Julmaten har \u00e4tits av och julklappar utdelats. H\u00e4rifr\u00e5n den jul jag gillar allra b\u00e4st. Att bara finnas n\u00e5gra dagar. S\u00e5dana som mig beh\u00f6ver inte mer. Vi som \u00e4r de enkla.<\/p>\n<p>Det \u00e4r dags f\u00f6r en paus i bloggandet. M\u00f6jligen har den n\u00e5tt v\u00e4gs \u00e4nde den h\u00e4r bloggen. Jag inser det n\u00e4r en kamrat fr\u00e5n l\u00e4ngesedan upprepar orden &#8220;du skriver s\u00e5 j\u00e4vla bra, du borde skriva en bok&#8221;, de jag h\u00f6rt, femtio, kanske hundra g\u00e5nger i \u00e5r, ja h\u00f6rt f\u00f6rra \u00e5ret ocks\u00e5 och \u00e5ret f\u00f6re det. Sagt i all v\u00e4lmening. Men ord som aldrig f\u00e4ster i mitt sinne. Ord som varje g\u00e5ng bara passerar obem\u00e4rkta genom mitt huvud som blodet. Varf\u00f6r det? Borde jag \u00e5tminstone inte bli glad? Stolt? Vad \u00e4r det f\u00f6r fel p\u00e5 mig som inte kan blir det det? Som inte k\u00e4nner n\u00e4r samme forne v\u00e4n s\u00e4ger att han gr\u00e5ter n\u00e4r han l\u00e4ser det jag skrivit. Det g\u00e5r naturligtvis inte att svara p\u00e5 det. En om\u00f6jlighet. F\u00f6r jag vet inte.<\/p>\n<p>Jo visst fan ville jag skriva den d\u00e4r boken. Jag skulle glatt l\u00e4gga ner hela VSCP projektet om jag visste att jag hade den tiden. Men det \u00e4r inte som att skriva en blogg. Det \u00e4r ett j\u00e4vla jobb. Om jag skall bli n\u00f6jd med det jag g\u00f6r. Annars \u00e4r de ju ingen ide&#8217;! Jag har inte den tiden. Inte m\u00e5nga har det. S\u00e5 allts\u00e5 \u00e4r det ingen ide&#8217;.\u00a0 Den stora boken om k\u00e4rleken f\u00e5r bli oskriven. I alla fall den av \u00c5ke Hedman. Jag kan leva med det. Tror jag.<\/p>\n<p>Jag skickar en julh\u00e4lsning till Notch p\u00e5 en ingivelse. Vi \u00e4r \u00e4nd\u00e5 programmerare och gamla Edsbybor b\u00e5da tv\u00e5. Men skilda \u00e5t av pengar och \u00e5lder. Innan de regnade \u00f6ver honom hade vi kunnat prata, s\u00e4kert f\u00f6rst\u00e5tt varandra. Men hur skulle vi kunna g\u00f6ra det idag? Han \u00e4r d\u00e4r uppe och han l\u00e4ser s\u00e4kert inte ens ett flugskit till not som en som jag kan \u00e5stadkomma. Synd \u00e4r det. Men som det \u00e4r. F\u00f6lj alltid dina ingivelser \u00e4r \u00e4nd\u00e5 r\u00e5det till alla om jag nu fick ge ett r\u00e5d. Om nu n\u00e5gon lyssnade p\u00e5 en s\u00e5dan som mig.\u00a0 N\u00e5gra tycker kanske du \u00e4r en idiot f\u00f6r att du handlar efter det som k\u00e4nns r\u00e4tt. Men de skulle tycka att du var det \u00e4nd\u00e5, ja n\u00e5gon anledning skulle de s\u00e4kert komma p\u00e5, s\u00e5 k\u00f6r \u00e4nd\u00e5. Men du lyssnar inte s\u00e5klart. Varf\u00f6r skulle du det? S\u00e4ker v\u00e4g \u00e4r s\u00e4ker v\u00e4g.<\/p>\n<p>N\u00e4r jag pratar med min v\u00e4n s\u00e5 fr\u00e5gar han om jag har kontakt med n\u00e5gra fr\u00e5n Edsbyn. Ja de \u00e4r ju inte m\u00e5nga. Ja och han som bor i Stockholm nu r\u00e4knar upp ett tiotal. Alla \u00e4r de ded\u00e4r m\u00e4nniskorna som aldrig n\u00e5gonsin har varit riktiga m\u00e4nniskor. Ytlighetens m\u00e4stare. Jag kan inte hj\u00e4lpa att jag t\u00e4nker &#8220;synd om&#8221; honom om det bara \u00e4r dom som \u00e4r kvar.\u00a0 Men kanske har de \u00e4ndrat p\u00e5 sig alla de d\u00e4r som var fjantar f\u00f6rr. N\u00e5gra har jag tr\u00e4ffat och enligt min bed\u00f6mning s\u00e5 \u00e4r de samma ytliga nollor nu som d\u00e5. I\u00a0 alla fall dom jag tr\u00e4ffat. Ruvande h\u00f6gst upp p\u00e5 samh\u00e4llsstegen utan att ha gjort n\u00e5got endaste dugg av v\u00e4rde f\u00f6r att komma dit annat \u00e4n att ha varit popul\u00e4ra under h\u00f6gstadiet och som d\u00e4rf\u00f6r beh\u00f6ver stora gravstenar f\u00f6r att \u00f6ver huvud taget bli ih\u00e5gkomna efter sin d\u00f6d. Sorgligt. Vattenm\u00e4nniskor.<\/p>\n<p>Men det \u00e4r jul. Man pratar med n\u00e5gon gammal v\u00e4n. Minns andra. Jag sitter i biblioteket idag och f\u00f6rs\u00f6ker minnas ansiktena p\u00e5 alla som inte \u00e4r med oss l\u00e4ngre. Det g\u00e5r s\u00e5d\u00e4r. Men lustigt nog k\u00e4nns alla de d\u00e4r personerna inom mig. I br\u00f6stet. De som betydde n\u00e5tt liksom v\u00e4rmer upp en inuti, kring hj\u00e4rttrakten, de som inte g\u00f6r det l\u00e4mnar antingen tomrum eller sprider kyla. Man kan bara hoppas att man, n\u00e4r man \u00e4r borta, f\u00f6r i alla fall n\u00e5gon sprider den d\u00e4r v\u00e4rmen i br\u00f6stet n\u00e4r de t\u00e4nker p\u00e5 vem man var och vad man gjorde. Gravstenen skiter jag i. Begravningen med. R\u00e4cker inte det jag gjort f\u00f6r att jag skall bli ih\u00e5gkommen av en endaste en s\u00e5 \u00e4r det som det \u00e4r. Som d\u00f6d kan man &#8220;leva med det&#8221;.<\/p>\n<p>En snurra \u00e4r p\u00e5 v\u00e4g in mot oss. Det skall bli bl\u00e5sigt imorgon. Det har n\u00e4stan blivit en tradition i jultid.. F\u00f6ljer med det milda v\u00e4dret s\u00e5klart. Man f\u00e5r h\u00e5lla i hatten och binda fast allt som \u00e4r l\u00f6st.Hoppas att taket ligger kvar d\u00e4r tak skall ligga. Mer kan man knappast g\u00f6ra.<\/p>\n<p>Ja tack alla som h\u00f6rt av er till min blogg med kommentarer och uppmuntran. Tack Janne och Pill f\u00f6r presenter och all annan uppmuntran. Det \u00e4r gott att ha v\u00e4nner. Ja till och med f\u00f6r en s\u00e5dan som mig som bara jobbar. Men nu skall liv levas. Jag beh\u00f6ver den kraft jag l\u00e4gger ner h\u00e4r f\u00f6r att klara det just nu. S\u00e5 \u00e4r det bara. Ingen kan v\u00e4l kr\u00e4va att man skall blogga sig till d\u00f6ds. Om man nu kan det. Det tror jag nu inte. Men det finns v\u00e4derkvarnar kvar i v\u00e4rlden f\u00f6r mig att ta mig ann. S\u00e5 \u00e4r det bara.<\/p>\n<p>Med det s\u00e5 tar bloggpausen sin b\u00f6rjan. Lev v\u00e4l alla och f\u00f6lj ert hj\u00e4rta i allt.<\/p>\n","protected":false},"excerpt":{"rendered":"<p>M\u00e5stenas jul \u00e4r \u00f6ver.\u00a0 De evigt snurrande och som tandv\u00e4rk \u00e5terkommande tv-programmen har betittats. Julmaten har \u00e4tits av och julklappar utdelats. H\u00e4rifr\u00e5n den jul jag gillar allra b\u00e4st. Att bara finnas n\u00e5gra dagar. S\u00e5dana som mig beh\u00f6ver inte mer. Vi som \u00e4r de enkla. Det \u00e4r dags f\u00f6r en paus i bloggandet. M\u00f6jligen har den [&hellip;]<\/p>\n","protected":false},"author":24,"featured_media":0,"comment_status":"open","ping_status":"open","sticky":false,"template":"","format":"standard","meta":{"_crdt_document":"","jetpack_post_was_ever_published":false,"_jetpack_newsletter_access":"","_jetpack_dont_email_post_to_subs":false,"_jetpack_newsletter_tier_id":0,"_jetpack_memberships_contains_paywalled_content":false,"_jetpack_memberships_contains_paid_content":false,"footnotes":"","jetpack_publicize_message":"","jetpack_publicize_feature_enabled":true,"jetpack_social_post_already_shared":true,"jetpack_social_options":{"image_generator_settings":{"template":"highway","default_image_id":0,"font":"","enabled":false},"version":2}},"categories":[24],"tags":[],"class_list":["post-19381","post","type-post","status-publish","format-standard","hentry","category-betraktelser"],"jetpack_publicize_connections":[],"jetpack_featured_media_url":"","jetpack_sharing_enabled":true,"jetpack_likes_enabled":true,"jetpack-related-posts":[{"id":33917,"url":"https:\/\/www.akehedman.se\/wordpress\/?p=33917","url_meta":{"origin":19381,"position":0},"title":"Dan f\u00f6re dan","author":"\u00c5ke Hedman","date":"2019-12-23","format":false,"excerpt":"Jag \u00e4r lite sp\u00e4nd s\u00e5h\u00e4r dan f\u00f6r dan. Varje \u00e5r. Men om man var pirrig som liten f\u00f6r att man kanske skulle f\u00e5 de d\u00e4r presenter som man \u00f6nskat sig s\u00e5 \u00e4r orsaken en helt annan nu som vuxen. Det \u00e4r s\u00e5 mycket som skall klaffa. Viktigast \u00e4r bilen. Brakar\u2026","rel":"","context":"In &quot;Betraktelser &amp; Ber\u00e4ttelse&quot;","block_context":{"text":"Betraktelser &amp; Ber\u00e4ttelse","link":"https:\/\/www.akehedman.se\/wordpress\/?cat=24"},"img":{"alt_text":"","src":"https:\/\/i0.wp.com\/www.akehedman.se\/wordpress\/wp-content\/uploads\/2019\/04\/burning_sun.png?resize=350%2C200&ssl=1","width":350,"height":200,"srcset":"https:\/\/i0.wp.com\/www.akehedman.se\/wordpress\/wp-content\/uploads\/2019\/04\/burning_sun.png?resize=350%2C200&ssl=1 1x, https:\/\/i0.wp.com\/www.akehedman.se\/wordpress\/wp-content\/uploads\/2019\/04\/burning_sun.png?resize=525%2C300&ssl=1 1.5x"},"classes":[]},{"id":22628,"url":"https:\/\/www.akehedman.se\/wordpress\/?p=22628","url_meta":{"origin":19381,"position":1},"title":"En god jul och ett gott nytt \u00e5r","author":"\u00c5ke Hedman","date":"2016-12-22","format":false,"excerpt":"Dags att ta tag i den stora st\u00e4dningen. Julst\u00e4dningen. Fast egentligen inte den stora. Vi gjord den f\u00f6r en dryg vecka sedan. Mer underh\u00e5llsjulst\u00e4dning blir det. Men sen. Ja d\u00e5 \u00e5terst\u00e5r bara en mathandling. Sen den stora vilan. Tre dagar borta fr\u00e5n datorer och l\u00f6dkolvar. Film, b\u00f6cker, godis, god mat,\u2026","rel":"","context":"In &quot;Betraktelser &amp; Ber\u00e4ttelse&quot;","block_context":{"text":"Betraktelser &amp; Ber\u00e4ttelse","link":"https:\/\/www.akehedman.se\/wordpress\/?cat=24"},"img":{"alt_text":"","src":"https:\/\/i0.wp.com\/www.akehedman.se\/wordpress\/wp-content\/uploads\/2016\/12\/152-1024x683.jpg?resize=350%2C200","width":350,"height":200,"srcset":"https:\/\/i0.wp.com\/www.akehedman.se\/wordpress\/wp-content\/uploads\/2016\/12\/152-1024x683.jpg?resize=350%2C200 1x, https:\/\/i0.wp.com\/www.akehedman.se\/wordpress\/wp-content\/uploads\/2016\/12\/152-1024x683.jpg?resize=525%2C300 1.5x"},"classes":[]},{"id":11549,"url":"https:\/\/www.akehedman.se\/wordpress\/?p=11549","url_meta":{"origin":19381,"position":2},"title":"Gott Nytt \u00c5r","author":"\u00c5ke Hedman","date":"2013-12-31","format":false,"excerpt":"Ny\u00e5r kan k\u00e4nnas speciellt. En dag att se fram\u00e5t p\u00e5 och summera det \u00e5r som varit. I mitt fall se tillbaks p\u00e5 ett \u00e5r som varit mycket bra, eller som varit som vanligt kanske. Jag har varken blivit ber\u00f6md eller rik eller ens en b\u00e4ttre m\u00e4nniska. Men man kan vara\u2026","rel":"","context":"In &quot;Betraktelser &amp; Ber\u00e4ttelse&quot;","block_context":{"text":"Betraktelser &amp; Ber\u00e4ttelse","link":"https:\/\/www.akehedman.se\/wordpress\/?cat=24"},"img":{"alt_text":"sh-lo","src":"https:\/\/i0.wp.com\/www.eurosource.se\/akhe\/wordpress\/wp-content\/uploads\/2013\/12\/sh-lo.jpg?resize=350%2C200","width":350,"height":200},"classes":[]},{"id":32678,"url":"https:\/\/www.akehedman.se\/wordpress\/?p=32678","url_meta":{"origin":19381,"position":3},"title":"Han fr\u00e5n sj\u00f6n","author":"\u00c5ke Hedman","date":"2019-08-06","format":false,"excerpt":"Han s\u00e4ger \"Du vet v\u00e4l att i H\u00e4lsingland s\u00e5 g\u00e5r v\u00e4garna rakt \u00f6ver bergen ist\u00e4llet f\u00f6r runt dem som p\u00e5 andra st\u00e4llen i landet\", sen muttrade han \"... det \u00e4r den d\u00e4r j\u00e4vla vr\u00e5ngheten som finns i m\u00e4nniskorna h\u00e4r, att aldrig n\u00e5gonsin ge sig...\" Sen drog han iv\u00e4g p\u00e5 sin\u2026","rel":"","context":"In &quot;Noveller&quot;","block_context":{"text":"Noveller","link":"https:\/\/www.akehedman.se\/wordpress\/?cat=57"},"img":{"alt_text":"","src":"","width":0,"height":0},"classes":[]},{"id":2569,"url":"https:\/\/www.akehedman.se\/wordpress\/?p=2569","url_meta":{"origin":19381,"position":4},"title":"Jag t\u00e4nker &#8220;negerboll&#8221;","author":"\u00c5ke Hedman","date":"2013-01-04","format":false,"excerpt":"N\u00e4r Astrid Lindgren blir rasist med sin \"negerkung\" s\u00e5 \u00e4r jag det ocks\u00e5. Tyv\u00e4rr \u00e4r det bara s\u00e5. Samma med TinTin. Belgien har sin historia i Kongo (Kung Leopold) som \u00e4r hemskare \u00e4n hemsk men den \u00e4r och b\u00f6r vara en del av Belgien. Den skall aldrig gl\u00f6mmas. Jo, man\u2026","rel":"","context":"In &quot;Betraktelser &amp; Ber\u00e4ttelse&quot;","block_context":{"text":"Betraktelser &amp; Ber\u00e4ttelse","link":"https:\/\/www.akehedman.se\/wordpress\/?cat=24"},"img":{"alt_text":"Chokladbollar","src":"https:\/\/i0.wp.com\/www.eurosource.se\/akhe\/wordpress\/wp-content\/uploads\/2013\/01\/Chokladbollar.jpg?resize=350%2C200","width":350,"height":200,"srcset":"https:\/\/i0.wp.com\/www.eurosource.se\/akhe\/wordpress\/wp-content\/uploads\/2013\/01\/Chokladbollar.jpg?resize=350%2C200 1x, https:\/\/i0.wp.com\/www.eurosource.se\/akhe\/wordpress\/wp-content\/uploads\/2013\/01\/Chokladbollar.jpg?resize=525%2C300 1.5x, https:\/\/i0.wp.com\/www.eurosource.se\/akhe\/wordpress\/wp-content\/uploads\/2013\/01\/Chokladbollar.jpg?resize=700%2C400 2x"},"classes":[]},{"id":21434,"url":"https:\/\/www.akehedman.se\/wordpress\/?p=21434","url_meta":{"origin":19381,"position":5},"title":"Som en dumj\u00e4vel liksom","author":"\u00c5ke Hedman","date":"2016-09-05","format":false,"excerpt":"V\u00e4rme p\u00e5 g\u00e5ng. Men kanske frost inatt. Men sen. September \u00e4r det nya Juli. Man f\u00e5r senarel\u00e4gga semestrar. Jag som fortfarande inte tagit p\u00e5 mig strumporna tackar hur som helst och tar emot ett infl\u00f6de av v\u00e4rme med ett positivt sinne, rentutav smilandes. Kanske borde man ta in citrontr\u00e4det... eller\u2026","rel":"","context":"In &quot;Betraktelser &amp; Ber\u00e4ttelse&quot;","block_context":{"text":"Betraktelser &amp; Ber\u00e4ttelse","link":"https:\/\/www.akehedman.se\/wordpress\/?cat=24"},"img":{"alt_text":"Screenshot from 2016-09-05 20:39:19","src":"https:\/\/i0.wp.com\/www.akehedman.se\/wordpress\/wp-content\/uploads\/2016\/09\/Screenshot-from-2016-09-05-203919-1024x643.png?resize=350%2C200","width":350,"height":200,"srcset":"https:\/\/i0.wp.com\/www.akehedman.se\/wordpress\/wp-content\/uploads\/2016\/09\/Screenshot-from-2016-09-05-203919-1024x643.png?resize=350%2C200 1x, https:\/\/i0.wp.com\/www.akehedman.se\/wordpress\/wp-content\/uploads\/2016\/09\/Screenshot-from-2016-09-05-203919-1024x643.png?resize=525%2C300 1.5x"},"classes":[]}],"jetpack_shortlink":"https:\/\/wp.me\/p68PL2-52B","_links":{"self":[{"href":"https:\/\/www.akehedman.se\/wordpress\/index.php?rest_route=\/wp\/v2\/posts\/19381","targetHints":{"allow":["GET"]}}],"collection":[{"href":"https:\/\/www.akehedman.se\/wordpress\/index.php?rest_route=\/wp\/v2\/posts"}],"about":[{"href":"https:\/\/www.akehedman.se\/wordpress\/index.php?rest_route=\/wp\/v2\/types\/post"}],"author":[{"embeddable":true,"href":"https:\/\/www.akehedman.se\/wordpress\/index.php?rest_route=\/wp\/v2\/users\/24"}],"replies":[{"embeddable":true,"href":"https:\/\/www.akehedman.se\/wordpress\/index.php?rest_route=%2Fwp%2Fv2%2Fcomments&post=19381"}],"version-history":[{"count":2,"href":"https:\/\/www.akehedman.se\/wordpress\/index.php?rest_route=\/wp\/v2\/posts\/19381\/revisions"}],"predecessor-version":[{"id":19388,"href":"https:\/\/www.akehedman.se\/wordpress\/index.php?rest_route=\/wp\/v2\/posts\/19381\/revisions\/19388"}],"wp:attachment":[{"href":"https:\/\/www.akehedman.se\/wordpress\/index.php?rest_route=%2Fwp%2Fv2%2Fmedia&parent=19381"}],"wp:term":[{"taxonomy":"category","embeddable":true,"href":"https:\/\/www.akehedman.se\/wordpress\/index.php?rest_route=%2Fwp%2Fv2%2Fcategories&post=19381"},{"taxonomy":"post_tag","embeddable":true,"href":"https:\/\/www.akehedman.se\/wordpress\/index.php?rest_route=%2Fwp%2Fv2%2Ftags&post=19381"}],"curies":[{"name":"wp","href":"https:\/\/api.w.org\/{rel}","templated":true}]}}