{"id":19300,"date":"2015-12-18T08:51:54","date_gmt":"2015-12-18T07:51:54","guid":{"rendered":"http:\/\/www.akehedman.se\/wordpress\/?p=19300"},"modified":"2018-12-17T20:21:29","modified_gmt":"2018-12-17T19:21:29","slug":"19300","status":"publish","type":"post","link":"https:\/\/www.akehedman.se\/wordpress\/?p=19300","title":{"rendered":"Arne Weise"},"content":{"rendered":"<p><img data-recalc-dims=\"1\" loading=\"lazy\" decoding=\"async\" class=\"alignnone size-full wp-image-19301\" src=\"https:\/\/i0.wp.com\/www.akehedman.se\/wordpress\/wp-content\/uploads\/2015\/12\/arnew-julvard992-jpg.jpg?resize=580%2C326\" alt=\"arnew-julvard992-jpg\" width=\"580\" height=\"326\" \/><\/p>\n<p>Jag k\u00e4nner mig som Arne Weise varje morgon n\u00e4r jag t\u00e4nder mitt ljus. Samma r\u00f6relse, samma utbl\u00e5sning av t\u00e4ndstickans eld. Dagarna h\u00e4r b\u00f6rjar precis som Arnes och Svenska folkets\u00a0 jul b\u00f6rjar. Det \u00e4r bra. Jag har f\u00f6rv\u00e4ntningar p\u00e5 mina dagar. T\u00e4nka sig. Kanske borde man inte ha det. Men jag \u00e4lskar livet, ja och kampen. S\u00e5 halv sju brinner det d\u00e4r ljuset h\u00e4r p\u00e5 skrivbordet i kontoret i ett stort gult hus p\u00e5 en kulle i Lo(o)s.<\/p>\n<p>Ja nu \u00e4r det ingen som se mig t\u00e4nda det d\u00e4r ljuset, eller bryr sig f\u00f6r den delen. Men det spelar ingen som helst roll. Faktiskt. Solit\u00e4rens liv. En man in en grotta skild fr\u00e5n v\u00e4rlden. Man t\u00e4nker bra d\u00e5. Om nu just det skulle spela n\u00e5gon roll.<\/p>\n<p>L\u00e4gger mig elva ig\u00e5r. Ja dan f\u00f6re ocks\u00e5. Tidigt. Beh\u00f6ver det. Men ovanligt. F\u00f6rkylning igen s\u00e5klart. Eller den \u00e4r ju alltid d\u00e4r. Bara graden av den som varierar.<\/p>\n<p>Bondkakorna \u00e4r slut. Hmmm&#8230;. Tog en bunt p\u00e5 morgonen ig\u00e5r med mig till kontoret. T\u00e4nkte ta en till bunt efter lunchen. Ja och gjorde det. Men det var ju ingen ide att ta sin bunt och sedan l\u00e4mna en, eller tv\u00e5 kakor kvar, nej, det fick bli alla. Konstigt nog verkade det som det totala antalet hade minskat sedan morgonen. Men det \u00e4r kanske till att gripa efter halmstr\u00e5n i ett f\u00f6rs\u00f6k att skylla \u00e5tg\u00e5ngen p\u00e5 n\u00e5gon annan eftersom jag var ensam hemma. Ja det \u00e4r som det \u00e4r. Man \u00e4r ett kakmonster. V\u00e4rsta sorten. Fast man kan s\u00e5klart v\u00e4lja att betrakta det som <strong>b\u00e4sta<\/strong> sorten ocks\u00e5. Det finns n\u00e4stan alltid val. Man blir rund och god av det d\u00e4r.<\/p>\n<p>F\u00f6rs\u00f6ker mig p\u00e5 att g\u00f6ra ett Debian paket av VSCP grejerna. Men hur i helvete kan n\u00e5got vara s\u00e5 kr\u00e5ngligt. F\u00f6rst 315 olika s\u00e4tt att g\u00f6ra det p\u00e5. Ja snart har jag provat alla. Sen felmeddelanden fr\u00e5n lintian som man s\u00f6ker p\u00e5 som s\u00e4ger n\u00e5got som man inte f\u00f6rst\u00e5r, som man s\u00f6ker p\u00e5, och hittar ett svar som man inte f\u00f6rst\u00e5r och s\u00e5d\u00e4r forts\u00e4tter det tills man inte har fler flikar man kan \u00f6ppna i browsern. Lite som att g\u00f6ra ett config script.<\/p>\n<p><strong> DET SUGER.<\/strong><\/p>\n<p><strong>MAN BLIR GALEN.<\/strong><\/p>\n<p><strong>DET BORDE VARA ENKELT.<\/strong><\/p>\n<p>Fyfan liksom. Tid g\u00e5r som man inte har. Tid l\u00e4ggs p\u00e5 en sak som man <strong>INTE<\/strong> vill l\u00e4gga tid p\u00e5.<\/p>\n<p>Men skall g\u00f6ra ett ytterligare f\u00f6rs\u00f6k idag. Suck. M\u00e5ste.<\/p>\n<p>Men snart julefrid allts\u00e5. B\u00f6cker \u00e4r best\u00e4llda. En bunt varje jul och sommar inleder respektive period. N\u00e5got att se fram emot. Julklappar till oss sj\u00e4lva.\u00a0 Att halvligga d\u00e4r i soffan med en bra bok. Flera dagar.\u00a0 K har f\u00e5tt en rej\u00e4l ledighet beviljad i jul dessutom. De \u00e4r hon v\u00e4rd och det beh\u00f6ver hon. Sj\u00e4lv jobbar jag s\u00e5klart de d\u00e4r mellandagarna. Men det sprider sig ett slags lugn h\u00e4r i huset n\u00e4r jag vet att hon \u00e4r hemma. Jag jobbar b\u00e4ttre d\u00e5.<\/p>\n<p>Har Paris prat att f\u00f6rbereda ocks\u00e5 s\u00e5klart. Januari kommer n\u00e4rmare. Men f\u00e5r ta det efter jul. T\u00e4nker inte p\u00e5 det nu. F\u00f6r b\u00f6rjar man g\u00f6ra det s\u00e5 kommer alltid den d\u00e4r<\/p>\n<p>&#8220;Vad sa jag ja till att g\u00f6ra det d\u00e4r f\u00f6r?&#8221;<\/p>\n<p>upp. Alltid. Men det brukar bli bra till slut i alla fall. Man tar tag i tjurens horn och sen rider man iv\u00e4g. Inte v\u00e4rre \u00e4n att stiga in i ett klassrum med tjugo ton\u00e5riga elever f\u00f6r f\u00f6rsta g\u00e5ngen. Man v\u00e4xer n\u00e4r det \u00e4r gjort. Det \u00e4r v\u00e4xa som livet g\u00e5r ut p\u00e5.<\/p>\n<p>Om man v\u00e4xer av att bygga Debian installationspaket \u00e4r tveksamt. D\u00e4remot och\u00a0 definitivt. De leder snarare till en f\u00f6r tidigt utsliten hj\u00e4rna. Tr\u00f6tthet.<\/p>\n<p>Men nu allts\u00e5 dags att jobba. Det dagas lite sm\u00e5tt d\u00e4r ute. Ja om man tittar lite noggrannare. Lysr\u00f6ren h\u00e4r inne \u00e4r kontrasten s\u00e5 man m\u00e4rker det inte s\u00e5 bra. S\u00e5klart. Men det blir nog en dag idag ocks\u00e5. Verkar bli en gr\u00f6n jul i \u00e5r. Den f\u00f6rsta sedan vi flyttade hit.\u00a0 M\u00f6jligen finns ansatts till sn\u00f6ande p\u00e5 onsdag. Men det anges som regnblandat. Men h\u00f6jden h\u00e4r brukar g\u00f6ra det d\u00e4r till sn\u00f6. Lo(o)s \u00e4r normalt ett sn\u00f6s\u00e4kert omr\u00e5de. Underligt att inga backar finns h\u00e4r. Eller fin fina l\u00e4ngdsp\u00e5r med stj\u00e4rnkocksmat efter \u00e5kturen. Jo det finns men oorganiserat.\u00a0 Det kr\u00e4vs entrepren\u00f6rer till det. En dag kanske. Med v\u00e4dret \u00e4r det som det \u00e4r. Jag k\u00e4nner dock min j\u00e4mvikt. Milt och lite sn\u00f6 nu\u00a0 f\u00e5r vi igen efter ny\u00e5r. Men man f\u00e5r v\u00e4l stanna inne. Har inte ens provat sn\u00f6slungan \u00e4nnu. Det kanske blir ett handskottar \u00e5r i \u00e5r. Ja det gjorde v\u00e4l ingen skada p\u00e5 annat s\u00e4tt \u00e4n att det tog mer tid. Den som lever f\u00e5r se. Man f\u00e5r ta allt som det kommer. Gott det.<\/p>\n<p>Nu skall jag f\u00f6rs\u00f6ka f\u00f6rst\u00e5 de h\u00e4r<\/p>\n<p><em><strong>E: vscp changes: bad-distribution-in-changes-file unstable <\/strong><\/em><br \/>\n<em><strong>W: vscp: new-package-should-close-itp-bug <\/strong><\/em><br \/>\n<em><strong>E: vscp: copyright-contains-dh_make-todo-boilerplate <\/strong><\/em><br \/>\n<em><strong>E: vscp: possible-gpl-code-linked-with-openssl <\/strong><\/em><br \/>\n<em><strong>W: vscp: readme-debian-contains-debmake-template <\/strong><\/em><br \/>\n<em><strong>E: vscp: description-starts-with-package-name <\/strong><\/em><br \/>\n<em><strong>Finished running lintian. <\/strong><\/em><\/p>\n<p>Ett eget litet helvete&#8230;<\/p>\n","protected":false},"excerpt":{"rendered":"<p>Jag k\u00e4nner mig som Arne Weise varje morgon n\u00e4r jag t\u00e4nder mitt ljus. Samma r\u00f6relse, samma utbl\u00e5sning av t\u00e4ndstickans eld. Dagarna h\u00e4r b\u00f6rjar precis som Arnes och Svenska folkets\u00a0 jul b\u00f6rjar. Det \u00e4r bra. Jag har f\u00f6rv\u00e4ntningar p\u00e5 mina dagar. T\u00e4nka sig. Kanske borde man inte ha det. Men jag \u00e4lskar livet, ja och kampen. [&hellip;]<\/p>\n","protected":false},"author":24,"featured_media":0,"comment_status":"open","ping_status":"open","sticky":false,"template":"","format":"standard","meta":{"_crdt_document":"","jetpack_post_was_ever_published":false,"_jetpack_newsletter_access":"","_jetpack_dont_email_post_to_subs":false,"_jetpack_newsletter_tier_id":0,"_jetpack_memberships_contains_paywalled_content":false,"_jetpack_memberships_contains_paid_content":false,"footnotes":"","jetpack_publicize_message":"","jetpack_publicize_feature_enabled":true,"jetpack_social_post_already_shared":true,"jetpack_social_options":{"image_generator_settings":{"template":"highway","default_image_id":0,"font":"","enabled":false},"version":2}},"categories":[24],"tags":[],"class_list":["post-19300","post","type-post","status-publish","format-standard","hentry","category-betraktelser"],"jetpack_publicize_connections":[],"jetpack_featured_media_url":"","jetpack_sharing_enabled":true,"jetpack_likes_enabled":true,"jetpack-related-posts":[{"id":16738,"url":"https:\/\/www.akehedman.se\/wordpress\/?p=16738","url_meta":{"origin":19300,"position":0},"title":"Hemkommen","author":"\u00c5ke Hedman","date":"2015-02-27","format":false,"excerpt":"Han\/hon\/det\/gud eller om det \u00e4r Tor och Oden och hela bunten st\u00e5r p\u00e5 min sida idag. En lampa. Sug p\u00e5 den. \"En lampa\". En sketen liten lampa som jag missade n\u00e4r jag kollade. Ett poitionsljus som inte lyser p\u00e5 h\u00f6ger sida. Den skall visas upp i lagad form men det\u2026","rel":"","context":"In &quot;Betraktelser &amp; Ber\u00e4ttelse&quot;","block_context":{"text":"Betraktelser &amp; Ber\u00e4ttelse","link":"https:\/\/www.akehedman.se\/wordpress\/?cat=24"},"img":{"alt_text":"besiktning","src":"https:\/\/i0.wp.com\/www.eurosource.se\/akhe\/wordpress\/wp-content\/uploads\/2015\/02\/besiktning-1024x683.jpg?resize=350%2C200","width":350,"height":200,"srcset":"https:\/\/i0.wp.com\/www.eurosource.se\/akhe\/wordpress\/wp-content\/uploads\/2015\/02\/besiktning-1024x683.jpg?resize=350%2C200 1x, https:\/\/i0.wp.com\/www.eurosource.se\/akhe\/wordpress\/wp-content\/uploads\/2015\/02\/besiktning-1024x683.jpg?resize=525%2C300 1.5x"},"classes":[]},{"id":18131,"url":"https:\/\/www.akehedman.se\/wordpress\/?p=18131","url_meta":{"origin":19300,"position":1},"title":"&#8220;Skriv en timme&#8221; &#8211; n\u00e4stan som Arne Tammers kvart","author":"\u00c5ke Hedman","date":"2015-06-17","format":false,"excerpt":"Det \u00e4r midsommarafton i \u00f6vermorgon. Jag fattar inte. Hur skall man kunna det. Jag har fortfarande elelementet p\u00e5 h\u00e4r p\u00e5 kontoret. Ist\u00e4llet borde det vara \u00f6ppna f\u00f6nster som sl\u00e4pper in ljumma sommarvindar och f\u00e5gels\u00e5ng. Men icke. Jag sitter h\u00e4r och fryser. Men midsommar p\u00e5 g\u00e5ng allts\u00e5. Man fattar inte. Det\u2026","rel":"","context":"In &quot;Betraktelser &amp; Ber\u00e4ttelse&quot;","block_context":{"text":"Betraktelser &amp; Ber\u00e4ttelse","link":"https:\/\/www.akehedman.se\/wordpress\/?cat=24"},"img":{"alt_text":"001","src":"https:\/\/i0.wp.com\/www.akehedman.se\/wordpress\/wp-content\/uploads\/2015\/06\/001-1024x768.jpg?resize=350%2C200","width":350,"height":200,"srcset":"https:\/\/i0.wp.com\/www.akehedman.se\/wordpress\/wp-content\/uploads\/2015\/06\/001-1024x768.jpg?resize=350%2C200 1x, https:\/\/i0.wp.com\/www.akehedman.se\/wordpress\/wp-content\/uploads\/2015\/06\/001-1024x768.jpg?resize=525%2C300 1.5x"},"classes":[]},{"id":16218,"url":"https:\/\/www.akehedman.se\/wordpress\/?p=16218","url_meta":{"origin":19300,"position":2},"title":"Hundarna","author":"\u00c5ke Hedman","date":"2015-01-20","format":false,"excerpt":"En hund sk\u00e4ller p\u00e5 andra sidan dalg\u00e5ngen. Gjorde de inte det, byns hundar, och det var helt tyst en morgon s\u00e5 visste man att alla gett sig av. Att man satt h\u00e4r ensam i Lo(o)s, eller ensam i H\u00e4lsingland eller kanske ensam i hela v\u00e4rlden. Att alla andra hade dragit\u2026","rel":"","context":"In &quot;Betraktelser &amp; Ber\u00e4ttelse&quot;","block_context":{"text":"Betraktelser &amp; Ber\u00e4ttelse","link":"https:\/\/www.akehedman.se\/wordpress\/?cat=24"},"img":{"alt_text":"2014-12-17_22-46-37","src":"https:\/\/i0.wp.com\/www.eurosource.se\/akhe\/wordpress\/wp-content\/uploads\/2015\/01\/2014-12-17_22-46-37.jpg?resize=350%2C200","width":350,"height":200,"srcset":"https:\/\/i0.wp.com\/www.eurosource.se\/akhe\/wordpress\/wp-content\/uploads\/2015\/01\/2014-12-17_22-46-37.jpg?resize=350%2C200 1x, https:\/\/i0.wp.com\/www.eurosource.se\/akhe\/wordpress\/wp-content\/uploads\/2015\/01\/2014-12-17_22-46-37.jpg?resize=525%2C300 1.5x, https:\/\/i0.wp.com\/www.eurosource.se\/akhe\/wordpress\/wp-content\/uploads\/2015\/01\/2014-12-17_22-46-37.jpg?resize=700%2C400 2x"},"classes":[]},{"id":3885,"url":"https:\/\/www.akehedman.se\/wordpress\/?p=3885","url_meta":{"origin":19300,"position":3},"title":"Jag \u00e4r programmerare!","author":"\u00c5ke Hedman","date":"2013-03-08","format":false,"excerpt":"Gamla o-coola gubbar fr\u00e5n Los \u00e4r uppe den h\u00e4r tiden. Vaken. Japp. Har dessutom fyllt pellets. Det blir kallt i natt. Har faktiskt inte ens somnat p\u00e5 soffan ikv\u00e4ll. Vad s\u00e4gs om det!? Men tr\u00f6tt nu s\u00e5klart. Det \u00e4r den tid n\u00e4r unga b\u00f6rjar komma ig\u00e5ng. Man minns fortfarande hur\u2026","rel":"","context":"In &quot;Status fr\u00e5n just idag&quot;","block_context":{"text":"Status fr\u00e5n just idag","link":"https:\/\/www.akehedman.se\/wordpress\/?cat=25"},"img":{"alt_text":"","src":"","width":0,"height":0},"classes":[]},{"id":13154,"url":"https:\/\/www.akehedman.se\/wordpress\/?p=13154","url_meta":{"origin":19300,"position":4},"title":"Om ingen \u00e4lskar en s\u00e5 har man i alla fall en Iphone.","author":"\u00c5ke Hedman","date":"2014-05-16","format":false,"excerpt":"Att titta till pannan \u00e4r min uppgift. Det har v\u00e4l inte samma dignitet som att laga mat, men det skall g\u00f6ras f\u00f6r att vi inte skall brinna inne och f\u00f6r att det skall vara varmt i huset. Det \u00e4r s\u00e4llan n\u00e5gon uppskattar s\u00e5dant d\u00e4r f\u00f6rr\u00e4n man verkligen brinner inne eller\u2026","rel":"","context":"In &quot;Betraktelser &amp; Ber\u00e4ttelse&quot;","block_context":{"text":"Betraktelser &amp; Ber\u00e4ttelse","link":"https:\/\/www.akehedman.se\/wordpress\/?cat=24"},"img":{"alt_text":"iphone5_ios7_large_verge_medium_landscape","src":"https:\/\/i0.wp.com\/www.eurosource.se\/akhe\/wordpress\/wp-content\/uploads\/2014\/05\/iphone5_ios7_large_verge_medium_landscape.jpg?resize=350%2C200","width":350,"height":200,"srcset":"https:\/\/i0.wp.com\/www.eurosource.se\/akhe\/wordpress\/wp-content\/uploads\/2014\/05\/iphone5_ios7_large_verge_medium_landscape.jpg?resize=350%2C200 1x, https:\/\/i0.wp.com\/www.eurosource.se\/akhe\/wordpress\/wp-content\/uploads\/2014\/05\/iphone5_ios7_large_verge_medium_landscape.jpg?resize=525%2C300 1.5x"},"classes":[]},{"id":16994,"url":"https:\/\/www.akehedman.se\/wordpress\/?p=16994","url_meta":{"origin":19300,"position":5},"title":"&#8220;\u00c4r du bra p\u00e5 det d\u00e4r?&#8221;","author":"\u00c5ke Hedman","date":"2015-03-12","format":false,"excerpt":"Jod\u00e5 de blinkar fortfarande de d\u00e4r lysr\u00f6ren. Jag med dem. Epileptiskt. Bokf\u00f6ring idag allts\u00e5. Nu k\u00e4nns det som m\u00e4nsklighetens straff. Men\u00a0 n\u00e4r man \u00e4r klar \u00e4r det s\u00e5klart bara sk\u00f6nt. Jag har alltid varit sv\u00e5rstartad. Ja sv\u00e5rstannad ocks\u00e5. \u00c4nnu mer det. Inuti den d\u00e4r bokf\u00f6ringen s\u00e5 g\u00e5r det s\u00e5klart hur\u2026","rel":"","context":"In &quot;Betraktelser &amp; Ber\u00e4ttelse&quot;","block_context":{"text":"Betraktelser &amp; Ber\u00e4ttelse","link":"https:\/\/www.akehedman.se\/wordpress\/?cat=24"},"img":{"alt_text":"herr-dra-aat-helvete-voltaire_design","src":"https:\/\/i0.wp.com\/www.eurosource.se\/akhe\/wordpress\/wp-content\/uploads\/2015\/01\/herr-dra-aat-helvete-voltaire_design1.png?resize=350%2C200","width":350,"height":200},"classes":[]}],"jetpack_shortlink":"https:\/\/wp.me\/s68PL2-19300","_links":{"self":[{"href":"https:\/\/www.akehedman.se\/wordpress\/index.php?rest_route=\/wp\/v2\/posts\/19300","targetHints":{"allow":["GET"]}}],"collection":[{"href":"https:\/\/www.akehedman.se\/wordpress\/index.php?rest_route=\/wp\/v2\/posts"}],"about":[{"href":"https:\/\/www.akehedman.se\/wordpress\/index.php?rest_route=\/wp\/v2\/types\/post"}],"author":[{"embeddable":true,"href":"https:\/\/www.akehedman.se\/wordpress\/index.php?rest_route=\/wp\/v2\/users\/24"}],"replies":[{"embeddable":true,"href":"https:\/\/www.akehedman.se\/wordpress\/index.php?rest_route=%2Fwp%2Fv2%2Fcomments&post=19300"}],"version-history":[{"count":2,"href":"https:\/\/www.akehedman.se\/wordpress\/index.php?rest_route=\/wp\/v2\/posts\/19300\/revisions"}],"predecessor-version":[{"id":31091,"href":"https:\/\/www.akehedman.se\/wordpress\/index.php?rest_route=\/wp\/v2\/posts\/19300\/revisions\/31091"}],"wp:attachment":[{"href":"https:\/\/www.akehedman.se\/wordpress\/index.php?rest_route=%2Fwp%2Fv2%2Fmedia&parent=19300"}],"wp:term":[{"taxonomy":"category","embeddable":true,"href":"https:\/\/www.akehedman.se\/wordpress\/index.php?rest_route=%2Fwp%2Fv2%2Fcategories&post=19300"},{"taxonomy":"post_tag","embeddable":true,"href":"https:\/\/www.akehedman.se\/wordpress\/index.php?rest_route=%2Fwp%2Fv2%2Ftags&post=19300"}],"curies":[{"name":"wp","href":"https:\/\/api.w.org\/{rel}","templated":true}]}}